{"id":11821,"date":"2023-12-06T21:38:00","date_gmt":"2023-12-07T00:38:00","guid":{"rendered":"https:\/\/ismaelcolosi.com.br\/index.php\/2023\/12\/06\/estado-de-sp-segue-sob-alerta-amarelo-do-inmet-veja-a-previsao-para-os-proximos-10-dias\/"},"modified":"2023-12-06T21:38:00","modified_gmt":"2023-12-07T00:38:00","slug":"estado-de-sp-segue-sob-alerta-amarelo-do-inmet-veja-a-previsao-para-os-proximos-10-dias","status":"publish","type":"post","link":"https:\/\/ismaelcolosi.com.br\/index.php\/2023\/12\/06\/estado-de-sp-segue-sob-alerta-amarelo-do-inmet-veja-a-previsao-para-os-proximos-10-dias\/","title":{"rendered":"Estado de SP segue sob alerta amarelo do Inmet; Veja a previs\u00e3o para os pr\u00f3ximos 10 dias"},"content":{"rendered":"<p> <br \/>\n<\/p>\n<div data-td-block-uid=\"tdi_104\">\n<div class=\"tdb-block-inner td-fix-index\">\n<p>O <strong>Estado de S\u00e3o Paulo<\/strong> est\u00e1 sob <strong>alerta amarelo<\/strong> de <strong>chuvas intensas<\/strong> do <strong>Inmet <\/strong>(Instituto Nacional de Meteorologia), at\u00e9 \u00e0s 10h desta quinta-feira (7).<\/p>\n<p>De acordo com a plataforma <strong>Climatempo<\/strong>, um sistema pr\u00e9-frontal, que atua antes da chegada de uma <strong>frente fria<\/strong>, deve manter as temperaturas elevadas em parte do estado, at\u00e9 a sexta-feira (8).<\/p>\n<p>Com a chegada da frente na fria, as instabilidades persistem e<strong><mark style=\"background-color:#fcb900\" class=\"has-inline-color\"> deve chover altos volumes acumulados.<\/mark><\/strong><\/p>\n<h4 class=\"wp-block-heading\"><strong>Como fica em Ribeir\u00e3o Preto?<\/strong><\/h4>\n<p>Em <strong>Ribeir\u00e3o Preto<\/strong>, no interior do estado, a meteorologia aponta que os pr\u00f3ximos dias ser\u00e3o <strong>de sol com algumas nuvens e pancadas de chuva \u00e0 tarde e \u00e0 noite.<\/strong><\/p>\n<p>As manh\u00e3s devem come\u00e7ar mais amenas, com a temperatura <strong>em torno de 20\u00baC e 21\u00baC<\/strong> at\u00e9 o final de semana. Os term\u00f4metros sobem durante a tarde e podem registrar <strong>m\u00e1ximas de 34\u00baC<\/strong>.<\/p>\n<p><mark style=\"background-color:#fcb900\" class=\"has-inline-color\">Para a semana que vem, a <strong>Climatempo <\/strong>prev\u00ea uma leve <strong>queda na temperatura<\/strong>, com <strong>per\u00edodos nublados e chuva a qualquer momento<\/strong>.<\/mark><\/p>\n<h4 class=\"wp-block-heading\"><strong>Veja a previs\u00e3o para os pr\u00f3ximos 10 dias:<\/strong><\/h4>\n<ul>\n<li><strong><mark style=\"background-color:rgba(0, 0, 0, 0)\" class=\"has-inline-color has-luminous-vivid-orange-color\">Quinta-feira (7)<\/mark><\/strong>: temperaturas entre 21\u00b0C e 34\u00b0C. Sol e aumento de nuvens de manh\u00e3. Pancadas de chuva \u00e0 tarde e \u00e0 noite;<\/li>\n<\/ul>\n<ul>\n<li><strong><mark style=\"background-color:rgba(0, 0, 0, 0)\" class=\"has-inline-color has-luminous-vivid-orange-color\">Sexta-feira (8)<\/mark><\/strong>: temperaturas entre 21\u00b0C e 34\u00b0C. Sol com algumas nuvens. Chove r\u00e1pido durante o dia e \u00e0 noite;<\/li>\n<\/ul>\n<ul>\n<li><strong><mark style=\"background-color:rgba(0, 0, 0, 0)\" class=\"has-inline-color has-luminous-vivid-orange-color\">S\u00e1bado (9)<\/mark><\/strong>: temperaturas entre 21\u00b0C e 32\u00b0C. Sol e aumento de nuvens de manh\u00e3. Pancadas de chuva \u00e0 tarde e \u00e0 noite;<\/li>\n<\/ul>\n<ul>\n<li><strong><mark style=\"background-color:rgba(0, 0, 0, 0)\" class=\"has-inline-color has-luminous-vivid-orange-color\">Domingo (10)<\/mark><\/strong>: temperaturas entre 20\u00b0C e 32\u00b0C. Sol com aumento de nuvens de manh\u00e3. Pancadas de chuva \u00e0 tarde e \u00e0 noite;<\/li>\n<\/ul>\n<ul>\n<li><strong><mark style=\"background-color:rgba(0, 0, 0, 0)\" class=\"has-inline-color has-luminous-vivid-orange-color\">Segunda-feira (11)<\/mark><\/strong>: temperaturas entre 21\u00b0C e 29\u00b0C. Sol com algumas nuvens. Chove r\u00e1pido durante o dia e \u00e0 noite;<\/li>\n<\/ul>\n<ul>\n<li><strong><mark style=\"background-color:rgba(0, 0, 0, 0)\" class=\"has-inline-color has-luminous-vivid-orange-color\">Ter\u00e7a-feira (12)<\/mark><\/strong>: temperaturas entre 20\u00b0C e 31\u00b0C. Sol com muitas nuvens durante o dia. Per\u00edodos nublados com chuva a qualquer hora;<\/li>\n<\/ul>\n<ul>\n<li><strong><mark style=\"background-color:rgba(0, 0, 0, 0)\" class=\"has-inline-color has-luminous-vivid-orange-color\">Quarta-feira (13)<\/mark><\/strong>: temperaturas entre 20\u00b0C e 31\u00b0C. Sol com muitas nuvens durante o dia. Per\u00edodos nublados com chuva a qualquer hora;<\/li>\n<\/ul>\n<ul>\n<li><strong><mark style=\"background-color:rgba(0, 0, 0, 0)\" class=\"has-inline-color has-luminous-vivid-orange-color\">Quinta-feira (14)<\/mark><\/strong>: temperaturas entre 22\u00b0C e 29\u00b0C. Sol com muitas nuvens durante o dia. Per\u00edodos nublados com chuva a qualquer hora;<\/li>\n<\/ul>\n<ul>\n<li><strong><mark style=\"background-color:rgba(0, 0, 0, 0)\" class=\"has-inline-color has-luminous-vivid-orange-color\">Sexta-feira (15)<\/mark><\/strong>: temperaturas entre 20\u00b0C e 30\u00b0C. Sol com muitas nuvens durante o dia. Per\u00edodos nublados com chuva a qualquer hora;<\/li>\n<\/ul>\n<p>VEJA TAMB\u00c9M<\/p>\n<p>Rede de supermercados realiza Feir\u00e3o do Emprego em Ribeir\u00e3o Preto; Veja quando<\/p>\n<h4 class=\"wp-block-heading\"><strong><mark style=\"background-color:#fcb900\" class=\"has-inline-color\">FIQUE ON\u00a0<\/mark><\/strong><\/h4>\n<p>Fique ligado em tudo que acontece em Ribeir\u00e3o Preto e regi\u00e3o. Siga os perfis do\u00a0<strong>acidade on<\/strong>\u00a0no\u00a0<a href=\"https:\/\/www.instagram.com\/acidadeonribeirao\" target=\"_blank\" rel=\"noreferrer noopener\">Instagram\u00a0<\/a>e no<a href=\"https:\/\/www.facebook.com\/acidadeonribeirao\" target=\"_blank\" rel=\"noreferrer noopener\">\u00a0Facebook.<\/a><\/p>\n<p>Receba not\u00edcias do\u00a0<strong>acidade on\u00a0<\/strong>no WhatsApp.\u00a0<a href=\"https:\/\/chat.whatsapp.com\/Bnv2w66ZT4VDyZW3oiZ69n\" target=\"_blank\" rel=\"noreferrer noopener\">Para entrar no grupo, basta clicar aqui.<\/a><\/p>\n<p>Fa\u00e7a uma den\u00fancia ou sugira uma reportagem sobre Ribeir\u00e3o Preto e regi\u00e3o pelo WhatsApp:\u00a0<strong>(16) 99117 7802.<\/strong><\/p>\n<p>LEIA MAIS<\/p>\n<p><a href=\"https:\/\/www.tudoep.com\/tudo-saude\/NOT,0,0,1868573,excesso-de-telas-na-infancia-pode-prejudicar-saude-na-vida-adulta.aspx\" target=\"_blank\" rel=\"noreferrer noopener\">Excesso de telas na inf\u00e2ncia pode prejudicar sa\u00fade na vida adulta<\/a><\/p>\n<p><!-- AI CONTENT END 1 -->\n<\/div>\n<\/div>\n<p><script async src=\"\/\/www.instagram.com\/embed.js\"><\/script><br \/>\n<br \/><br \/>\n<br \/><a href=\"https:\/\/www.acidadeon.com\/ribeiraopreto\/cotidiano\/estado-de-sp-segue-sob-alerta-amarelo-do-inmet-veja-a-previsao-para-os-proximos-10-dias\/\">Source link <\/a><\/p>\n<div class='code-block code-block-4' style='margin: 8px auto 8px 0; text-align: left; display: block; clear: both;'>\n\ud83d\udce2 Aviso Legal\n\nO site ismaelcolosi.com.br atua apenas como um canal de divulga\u00e7\u00e3o de oportunidades de emprego e n\u00e3o se responsabiliza pelo processo seletivo, contrata\u00e7\u00e3o ou qualquer outra etapa relacionada \u00e0s vagas publicadas. Todas as informa\u00e7\u00f5es s\u00e3o de responsabilidade dos anunciantes.\n\n\u26a0\ufe0f Aten\u00e7\u00e3o! Nunca pague por promessas de emprego nem compre cursos que garantam contrata\u00e7\u00e3o. Desconfie de qualquer cobran\u00e7a para participar de sele\u00e7\u00f5es.\n\n\n\n<\/div>\n<!-- CONTENT END 1 -->\n","protected":false},"excerpt":{"rendered":"<p>O Estado de S\u00e3o Paulo est\u00e1 sob alerta amarelo de chuvas intensas do Inmet (Instituto Nacional de Meteorologia), at\u00e9 \u00e0s 10h desta quinta-feira (7). De&#8230;<\/p>\n","protected":false},"author":1,"featured_media":11822,"comment_status":"open","ping_status":"open","sticky":false,"template":"","format":"standard","meta":{"_uag_custom_page_level_css":"","advanced_seo_description":"","jetpack_seo_html_title":"","jetpack_seo_noindex":false,"jetpack_post_was_ever_published":false,"_jetpack_newsletter_access":"","_jetpack_dont_email_post_to_subs":false,"_jetpack_newsletter_tier_id":0,"_jetpack_memberships_contains_paywalled_content":false,"_jetpack_memberships_contains_paid_content":false,"footnotes":"","jetpack_publicize_message":"","jetpack_publicize_feature_enabled":true,"jetpack_social_post_already_shared":true,"jetpack_social_options":{"image_generator_settings":{"template":"highway","default_image_id":0,"font":"","enabled":false},"version":2}},"categories":[11],"tags":[163,1659,493,160,1578,71,350,835,621,1658,48],"class_list":["post-11821","post","type-post","status-publish","format-standard","has-post-thumbnail","hentry","category-noticias-de-ribeirao-preto-sp-e-regiao-ismael-colosi","tag-alerta","tag-amarelo","tag-dias","tag-estado","tag-inmet","tag-para","tag-previsao","tag-proximos","tag-segue","tag-sob","tag-veja"],"jetpack_publicize_connections":[],"jetpack_featured_media_url":"https:\/\/i0.wp.com\/ismaelcolosi.com.br\/wp-content\/uploads\/2023\/12\/chuva-no-interior.jpeg?fit=1600%2C1204&ssl=1","uagb_featured_image_src":{"full":["https:\/\/i0.wp.com\/ismaelcolosi.com.br\/wp-content\/uploads\/2023\/12\/chuva-no-interior.jpeg?fit=1600%2C1204&ssl=1",1600,1204,false],"thumbnail":["https:\/\/i0.wp.com\/ismaelcolosi.com.br\/wp-content\/uploads\/2023\/12\/chuva-no-interior.jpeg?resize=150%2C150&ssl=1",150,150,true],"medium":["https:\/\/i0.wp.com\/ismaelcolosi.com.br\/wp-content\/uploads\/2023\/12\/chuva-no-interior.jpeg?fit=300%2C226&ssl=1",300,226,true],"medium_large":["https:\/\/i0.wp.com\/ismaelcolosi.com.br\/wp-content\/uploads\/2023\/12\/chuva-no-interior.jpeg?fit=768%2C578&ssl=1",768,578,true],"large":["https:\/\/i0.wp.com\/ismaelcolosi.com.br\/wp-content\/uploads\/2023\/12\/chuva-no-interior.jpeg?fit=1024%2C771&ssl=1",1024,771,true],"1536x1536":["https:\/\/i0.wp.com\/ismaelcolosi.com.br\/wp-content\/uploads\/2023\/12\/chuva-no-interior.jpeg?fit=1536%2C1156&ssl=1",1536,1156,true],"2048x2048":["https:\/\/i0.wp.com\/ismaelcolosi.com.br\/wp-content\/uploads\/2023\/12\/chuva-no-interior.jpeg?fit=1600%2C1204&ssl=1",1600,1204,true],"really-simple-thumb":["https:\/\/i0.wp.com\/ismaelcolosi.com.br\/wp-content\/uploads\/2023\/12\/chuva-no-interior.jpeg?resize=370%2C247&ssl=1",370,247,true]},"uagb_author_info":{"display_name":"ismaelcolosi.com.br","author_link":"https:\/\/ismaelcolosi.com.br\/index.php\/author\/vidareal-online\/"},"uagb_comment_info":0,"uagb_excerpt":"O Estado de S\u00e3o Paulo est\u00e1 sob alerta amarelo de chuvas intensas do Inmet (Instituto Nacional de Meteorologia), at\u00e9 \u00e0s 10h desta quinta-feira (7). De...","jetpack-related-posts":[{"id":43004,"url":"https:\/\/ismaelcolosi.com.br\/index.php\/2024\/03\/18\/frente-fria-vai-trazer-chuva-para-o-interior-de-sp-veja-as-regioes-afetadas\/","url_meta":{"origin":11821,"position":0},"title":"Frente fria vai trazer chuva para o interior de SP; Veja as regi\u00f5es afetadas","author":"ismaelcolosi.com.br","date":"18 de March de 2024","format":false,"excerpt":"O interior do Estado de S\u00e3o Paulo recebeu um novo alerta de perigo potencial para chuvas intensas, nesta segunda-feira (18). O alerta foi emitido poucos dias antes da primeira frente fria do outono, que tem previs\u00e3o de mudar o tempo e encerrar a onda de calor, no estado, com previs\u00e3o\u2026","rel":"","context":"In &quot;Not\u00edcias de Ribeir\u00e3o Preto-SP e Regi\u00e3o&quot;","block_context":{"text":"Not\u00edcias de Ribeir\u00e3o Preto-SP e Regi\u00e3o","link":"https:\/\/ismaelcolosi.com.br\/index.php\/category\/noticias-de-ribeirao-preto-sp-e-regiao-ismael-colosi\/"},"img":{"alt_text":"","src":"https:\/\/i0.wp.com\/ismaelcolosi.com.br\/wp-content\/uploads\/2024\/03\/1710791582_Capturar-3.jpg?fit=739%2C452&ssl=1&resize=350%2C200","width":350,"height":200,"srcset":"https:\/\/i0.wp.com\/ismaelcolosi.com.br\/wp-content\/uploads\/2024\/03\/1710791582_Capturar-3.jpg?fit=739%2C452&ssl=1&resize=350%2C200 1x, https:\/\/i0.wp.com\/ismaelcolosi.com.br\/wp-content\/uploads\/2024\/03\/1710791582_Capturar-3.jpg?fit=739%2C452&ssl=1&resize=525%2C300 1.5x, https:\/\/i0.wp.com\/ismaelcolosi.com.br\/wp-content\/uploads\/2024\/03\/1710791582_Capturar-3.jpg?fit=739%2C452&ssl=1&resize=700%2C400 2x"},"classes":[]},{"id":52067,"url":"https:\/\/ismaelcolosi.com.br\/index.php\/2024\/06\/03\/interior-de-sp-recebe-alerta-para-queda-de-temperatura-devido-a-nova-frente-fria-veja-regioes\/","url_meta":{"origin":11821,"position":1},"title":"Interior de SP recebe alerta para queda de temperatura devido a nova frente fria; veja regi\u00f5es","author":"ismaelcolosi.com.br","date":"3 de June de 2024","format":false,"excerpt":"Uma nova frente fria deve provocar uma \u2018virada no tempo\u2019 em diversos munic\u00edpios do estado de S\u00e3o Paulo, a partir desta ter\u00e7a-feira (04), de acordo com a meteorologia. Segundo a Climatempo, h\u00e1 condi\u00e7\u00f5es para pancadas de chuva isoladas no litoral paulista, enquanto no interior de S\u00e3o Paulo, as temperaturas devem\u2026","rel":"","context":"In &quot;Not\u00edcias de Ribeir\u00e3o Preto-SP e Regi\u00e3o&quot;","block_context":{"text":"Not\u00edcias de Ribeir\u00e3o Preto-SP e Regi\u00e3o","link":"https:\/\/ismaelcolosi.com.br\/index.php\/category\/noticias-de-ribeirao-preto-sp-e-regiao-ismael-colosi\/"},"img":{"alt_text":"","src":"https:\/\/i0.wp.com\/ismaelcolosi.com.br\/wp-content\/uploads\/2024\/06\/frio_deve_1024x576_26072021125814.jpg?fit=1024%2C576&ssl=1&resize=350%2C200","width":350,"height":200,"srcset":"https:\/\/i0.wp.com\/ismaelcolosi.com.br\/wp-content\/uploads\/2024\/06\/frio_deve_1024x576_26072021125814.jpg?fit=1024%2C576&ssl=1&resize=350%2C200 1x, https:\/\/i0.wp.com\/ismaelcolosi.com.br\/wp-content\/uploads\/2024\/06\/frio_deve_1024x576_26072021125814.jpg?fit=1024%2C576&ssl=1&resize=525%2C300 1.5x, https:\/\/i0.wp.com\/ismaelcolosi.com.br\/wp-content\/uploads\/2024\/06\/frio_deve_1024x576_26072021125814.jpg?fit=1024%2C576&ssl=1&resize=700%2C400 2x"},"classes":[]},{"id":58237,"url":"https:\/\/ismaelcolosi.com.br\/index.php\/2024\/07\/29\/frente-fria-deixa-cidades-em-alerta-para-chuva-intensa-no-estado-de-sp-confira\/","url_meta":{"origin":11821,"position":2},"title":"Frente fria deixa cidades em alerta para chuva intensa no estado de SP; Confira","author":"ismaelcolosi.com.br","date":"29 de July de 2024","format":false,"excerpt":"A passagem de uma frente fria pode trazer chuva forte a parte do estado de S\u00e3o Paulo entre esta segunda-feira (29) e ter\u00e7a-feira (30). Enquanto a regi\u00e3o Norte do estado tem alerta de baixa umidade do ar, a regi\u00e3o Sul e parte do litoral paulista est\u00e3o sob aviso do Inmet\u2026","rel":"","context":"In &quot;Not\u00edcias de Ribeir\u00e3o Preto-SP e Regi\u00e3o&quot;","block_context":{"text":"Not\u00edcias de Ribeir\u00e3o Preto-SP e Regi\u00e3o","link":"https:\/\/ismaelcolosi.com.br\/index.php\/category\/noticias-de-ribeirao-preto-sp-e-regiao-ismael-colosi\/"},"img":{"alt_text":"","src":"https:\/\/i0.wp.com\/ismaelcolosi.com.br\/wp-content\/uploads\/2024\/07\/RIBEIRAO-PRETO_2024-07-29_16-25-16_jpg_2024-07-29_16-25-17.webp.webp?fit=1200%2C679&ssl=1&resize=350%2C200","width":350,"height":200,"srcset":"https:\/\/i0.wp.com\/ismaelcolosi.com.br\/wp-content\/uploads\/2024\/07\/RIBEIRAO-PRETO_2024-07-29_16-25-16_jpg_2024-07-29_16-25-17.webp.webp?fit=1200%2C679&ssl=1&resize=350%2C200 1x, https:\/\/i0.wp.com\/ismaelcolosi.com.br\/wp-content\/uploads\/2024\/07\/RIBEIRAO-PRETO_2024-07-29_16-25-16_jpg_2024-07-29_16-25-17.webp.webp?fit=1200%2C679&ssl=1&resize=525%2C300 1.5x, https:\/\/i0.wp.com\/ismaelcolosi.com.br\/wp-content\/uploads\/2024\/07\/RIBEIRAO-PRETO_2024-07-29_16-25-16_jpg_2024-07-29_16-25-17.webp.webp?fit=1200%2C679&ssl=1&resize=700%2C400 2x, https:\/\/i0.wp.com\/ismaelcolosi.com.br\/wp-content\/uploads\/2024\/07\/RIBEIRAO-PRETO_2024-07-29_16-25-16_jpg_2024-07-29_16-25-17.webp.webp?fit=1200%2C679&ssl=1&resize=1050%2C600 3x"},"classes":[]},{"id":40787,"url":"https:\/\/ismaelcolosi.com.br\/index.php\/2024\/03\/05\/frente-fria-traz-chuva-para-o-interior-de-sp-veja-cidades-que-estao-em-alerta\/","url_meta":{"origin":11821,"position":3},"title":"Frente fria traz chuva para o interior de SP? Veja cidades que est\u00e3o em alerta","author":"ismaelcolosi.com.br","date":"5 de March de 2024","format":false,"excerpt":"Devido \u00e0 chegada de uma nova frente fria no estado de S\u00e3o Paulo, na noite desta ter\u00e7a-feira (5), as condi\u00e7\u00f5es de temporais aumentam nos pr\u00f3ximos dias, de acordo com a plataforma Climatempo. A expectativa \u00e9 de que essa frente fria traga mais umidade, o que provocar\u00e1 nuvens mais carregadas nas\u2026","rel":"","context":"In &quot;Not\u00edcias de Ribeir\u00e3o Preto-SP e Regi\u00e3o&quot;","block_context":{"text":"Not\u00edcias de Ribeir\u00e3o Preto-SP e Regi\u00e3o","link":"https:\/\/ismaelcolosi.com.br\/index.php\/category\/noticias-de-ribeirao-preto-sp-e-regiao-ismael-colosi\/"},"img":{"alt_text":"","src":"https:\/\/i0.wp.com\/ismaelcolosi.com.br\/wp-content\/uploads\/2024\/03\/WhatsApp-Image-2024-02-28-at-08.48.57.jpeg?fit=1200%2C900&ssl=1&resize=350%2C200","width":350,"height":200,"srcset":"https:\/\/i0.wp.com\/ismaelcolosi.com.br\/wp-content\/uploads\/2024\/03\/WhatsApp-Image-2024-02-28-at-08.48.57.jpeg?fit=1200%2C900&ssl=1&resize=350%2C200 1x, https:\/\/i0.wp.com\/ismaelcolosi.com.br\/wp-content\/uploads\/2024\/03\/WhatsApp-Image-2024-02-28-at-08.48.57.jpeg?fit=1200%2C900&ssl=1&resize=525%2C300 1.5x, https:\/\/i0.wp.com\/ismaelcolosi.com.br\/wp-content\/uploads\/2024\/03\/WhatsApp-Image-2024-02-28-at-08.48.57.jpeg?fit=1200%2C900&ssl=1&resize=700%2C400 2x, https:\/\/i0.wp.com\/ismaelcolosi.com.br\/wp-content\/uploads\/2024\/03\/WhatsApp-Image-2024-02-28-at-08.48.57.jpeg?fit=1200%2C900&ssl=1&resize=1050%2C600 3x"},"classes":[]},{"id":57847,"url":"https:\/\/ismaelcolosi.com.br\/index.php\/2024\/07\/25\/veranico-acaba-e-forte-frente-fria-avanca-veja-quando-tem-previsao-de-chuva-no-estado-de-sp\/","url_meta":{"origin":11821,"position":4},"title":"Veranico acaba e forte frente fria avan\u00e7a; Veja quando tem previs\u00e3o de chuva no estado de SP","author":"ismaelcolosi.com.br","date":"25 de July de 2024","format":false,"excerpt":"O veranico \u2013 per\u00edodo com temperaturas acima da m\u00e9dia no inverno \u2013 chega ao fim nesta quinta-feira (25). No entanto, a sensa\u00e7\u00e3o de calor ainda dever\u00e1 continuar at\u00e9 que uma forte frente fria rompa o bloqueio atmosf\u00e9rico que impede a chegada de instabilidades ao estado de S\u00e3o Paulo. Segundo a\u2026","rel":"","context":"In &quot;Not\u00edcias de Ribeir\u00e3o Preto-SP e Regi\u00e3o&quot;","block_context":{"text":"Not\u00edcias de Ribeir\u00e3o Preto-SP e Regi\u00e3o","link":"https:\/\/ismaelcolosi.com.br\/index.php\/category\/noticias-de-ribeirao-preto-sp-e-regiao-ismael-colosi\/"},"img":{"alt_text":"","src":"https:\/\/i0.wp.com\/ismaelcolosi.com.br\/wp-content\/uploads\/2024\/07\/1721904532_RIBEIRAO-PRETO.jpg?fit=1200%2C708&ssl=1&resize=350%2C200","width":350,"height":200,"srcset":"https:\/\/i0.wp.com\/ismaelcolosi.com.br\/wp-content\/uploads\/2024\/07\/1721904532_RIBEIRAO-PRETO.jpg?fit=1200%2C708&ssl=1&resize=350%2C200 1x, https:\/\/i0.wp.com\/ismaelcolosi.com.br\/wp-content\/uploads\/2024\/07\/1721904532_RIBEIRAO-PRETO.jpg?fit=1200%2C708&ssl=1&resize=525%2C300 1.5x, https:\/\/i0.wp.com\/ismaelcolosi.com.br\/wp-content\/uploads\/2024\/07\/1721904532_RIBEIRAO-PRETO.jpg?fit=1200%2C708&ssl=1&resize=700%2C400 2x, https:\/\/i0.wp.com\/ismaelcolosi.com.br\/wp-content\/uploads\/2024\/07\/1721904532_RIBEIRAO-PRETO.jpg?fit=1200%2C708&ssl=1&resize=1050%2C600 3x"},"classes":[]},{"id":66098,"url":"https:\/\/ismaelcolosi.com.br\/index.php\/2024\/09\/16\/inmet-emite-novo-alerta-de-tempestade-para-o-estado-de-sp-veja-regioes\/","url_meta":{"origin":11821,"position":5},"title":"Inmet emite novo alerta de tempestade para o estado de SP; Veja regi\u00f5es","author":"ismaelcolosi.com.br","date":"16 de September de 2024","format":false,"excerpt":"O Inmet (Instituto Nacional de Meteorologia) emitou novo alerta de tempestade no estado de S\u00e3o Paulo. O aviso, que inclui a regi\u00e3o de Ribeir\u00e3o Preto, teve in\u00edcio \u00e0 0h01 e segue at\u00e9 as 10h desta segunda-feira (16). Grande parte do estado est\u00e1 em alerta amarelo de \u201cperigo pontencial\u201d \u2013 o\u2026","rel":"","context":"In &quot;Not\u00edcias de Ribeir\u00e3o Preto-SP e Regi\u00e3o&quot;","block_context":{"text":"Not\u00edcias de Ribeir\u00e3o Preto-SP e Regi\u00e3o","link":"https:\/\/ismaelcolosi.com.br\/index.php\/category\/noticias-de-ribeirao-preto-sp-e-regiao-ismael-colosi\/"},"img":{"alt_text":"","src":"https:\/\/i0.wp.com\/ismaelcolosi.com.br\/wp-content\/uploads\/2024\/07\/WhatsApp-Image-2024-07-13-at-19.42.17_2024-07-13_22-42-51_jpeg_2024-07-13_22-42-51.webp.webp?fit=1200%2C553&ssl=1&resize=350%2C200","width":350,"height":200,"srcset":"https:\/\/i0.wp.com\/ismaelcolosi.com.br\/wp-content\/uploads\/2024\/07\/WhatsApp-Image-2024-07-13-at-19.42.17_2024-07-13_22-42-51_jpeg_2024-07-13_22-42-51.webp.webp?fit=1200%2C553&ssl=1&resize=350%2C200 1x, https:\/\/i0.wp.com\/ismaelcolosi.com.br\/wp-content\/uploads\/2024\/07\/WhatsApp-Image-2024-07-13-at-19.42.17_2024-07-13_22-42-51_jpeg_2024-07-13_22-42-51.webp.webp?fit=1200%2C553&ssl=1&resize=525%2C300 1.5x, https:\/\/i0.wp.com\/ismaelcolosi.com.br\/wp-content\/uploads\/2024\/07\/WhatsApp-Image-2024-07-13-at-19.42.17_2024-07-13_22-42-51_jpeg_2024-07-13_22-42-51.webp.webp?fit=1200%2C553&ssl=1&resize=700%2C400 2x, https:\/\/i0.wp.com\/ismaelcolosi.com.br\/wp-content\/uploads\/2024\/07\/WhatsApp-Image-2024-07-13-at-19.42.17_2024-07-13_22-42-51_jpeg_2024-07-13_22-42-51.webp.webp?fit=1200%2C553&ssl=1&resize=1050%2C600 3x"},"classes":[]}],"jetpack_sharing_enabled":true,"jetpack_shortlink":"https:\/\/wp.me\/pfMlyK-34F","_links":{"self":[{"href":"https:\/\/ismaelcolosi.com.br\/index.php\/wp-json\/wp\/v2\/posts\/11821","targetHints":{"allow":["GET"]}}],"collection":[{"href":"https:\/\/ismaelcolosi.com.br\/index.php\/wp-json\/wp\/v2\/posts"}],"about":[{"href":"https:\/\/ismaelcolosi.com.br\/index.php\/wp-json\/wp\/v2\/types\/post"}],"author":[{"embeddable":true,"href":"https:\/\/ismaelcolosi.com.br\/index.php\/wp-json\/wp\/v2\/users\/1"}],"replies":[{"embeddable":true,"href":"https:\/\/ismaelcolosi.com.br\/index.php\/wp-json\/wp\/v2\/comments?post=11821"}],"version-history":[{"count":0,"href":"https:\/\/ismaelcolosi.com.br\/index.php\/wp-json\/wp\/v2\/posts\/11821\/revisions"}],"wp:featuredmedia":[{"embeddable":true,"href":"https:\/\/ismaelcolosi.com.br\/index.php\/wp-json\/wp\/v2\/media\/11822"}],"wp:attachment":[{"href":"https:\/\/ismaelcolosi.com.br\/index.php\/wp-json\/wp\/v2\/media?parent=11821"}],"wp:term":[{"taxonomy":"category","embeddable":true,"href":"https:\/\/ismaelcolosi.com.br\/index.php\/wp-json\/wp\/v2\/categories?post=11821"},{"taxonomy":"post_tag","embeddable":true,"href":"https:\/\/ismaelcolosi.com.br\/index.php\/wp-json\/wp\/v2\/tags?post=11821"}],"curies":[{"name":"wp","href":"https:\/\/api.w.org\/{rel}","templated":true}]}}