{"id":11663,"date":"2023-12-06T16:18:44","date_gmt":"2023-12-06T19:18:44","guid":{"rendered":"https:\/\/ismaelcolosi.com.br\/index.php\/2023\/12\/06\/argentina-de-31-anos-e-encontrada-morta-em-buzios-e-cachorro-da-vitima-foi-essencial-para-apontar-suspeito\/"},"modified":"2023-12-06T16:18:44","modified_gmt":"2023-12-06T19:18:44","slug":"argentina-de-31-anos-e-encontrada-morta-em-buzios-e-cachorro-da-vitima-foi-essencial-para-apontar-suspeito","status":"publish","type":"post","link":"https:\/\/ismaelcolosi.com.br\/index.php\/2023\/12\/06\/argentina-de-31-anos-e-encontrada-morta-em-buzios-e-cachorro-da-vitima-foi-essencial-para-apontar-suspeito\/","title":{"rendered":"Argentina de 31 anos \u00e9 encontrada morta em B\u00fazios e cachorro da v\u00edtima foi essencial para apontar suspeito"},"content":{"rendered":"<p> [ad_1]<br \/>\n<\/p>\n<div itemprop=\"text\">\n<p>Um crime brutal chocou a tranquila praia de Jos\u00e9 Gon\u00e7alves, em Arma\u00e7\u00e3o dos B\u00fazios, deixando uma comunidade local at\u00f4nita e consternada. Florencia Aranguren, uma argentina de 31 anos, foi encontrada morta a facadas.<\/p>\n<p>O corpo foi encontroado junto com seu cachorro, em uma trilha pr\u00f3xima \u00e0 praia.\u00a0 O corpo foi descoberto por um morador da regi\u00e3o por volta das 8 horas desta quarta, dia 6 de dezembro.<\/p>\n<p>A Guarda Municipal confirmou que o corpo da v\u00edtima tinha sinais evidentes de danos causados \u200b\u200bpor faca. O choque e a consterna\u00e7\u00e3o se ampliaram quando um suspeito do crime foi localizado e preso pela Pol\u00edcia Militar.<\/p>\n<p>De acordo com relatos policiais, o suspeito foi visto pulando dentro de um condom\u00ednio pr\u00f3ximo ao local do homic\u00eddio e foi encontrado lavando-se.<\/p>\n<p>Ele tinha marcas de sangue em sua camisa e marcas aparentes de luta corporal. Al\u00e9m disso, o cachorro da v\u00edtima reagiu de forma agressiva ao suspeito quando foi levado de volta ao local do crime.<\/p>\n<p>O indiv\u00edduo detido j\u00e1 possui registros criminais por furto e les\u00f5es corporais, adicionando uma camada de intriga a esse terr\u00edvel acontecimento.<\/p>\n<p>A Pol\u00edcia Civil j\u00e1 realizou uma per\u00edcia no local do crime, e o corpo de Florencia foi encaminhado ao Instituto M\u00e9dico Legal em Cabo Frio, cidade vizinha, para os procedimentos necess\u00e1rios.<\/p>\n<p>A trag\u00e9dia que tirou a vida de Florencia Aranguren abalou a tranquilidade de Jos\u00e9 Gon\u00e7alves, deixando a comunidade local em choque. A jovem estaria no local h\u00e1 apenas 3 dias.<\/p>\n<\/div>\n<p>[ad_2]<br \/>\n<br \/><a href=\"https:\/\/fnmais.com\/argentina-31-anos-encontrada-morta-em-buzios-cachorro-vitima-foi-essencial-para-apontar-suspeito\/\" target=\"_blank\" rel=\"noopener\">Source link <\/a><\/p>\n<div class='code-block code-block-4' style='margin: 8px auto 8px 0; text-align: left; display: block; clear: both;'>\n\ud83d\udce2 Aviso Legal\n\nO site ismaelcolosi.com.br atua apenas como um canal de divulga\u00e7\u00e3o de oportunidades de emprego e n\u00e3o se responsabiliza pelo processo seletivo, contrata\u00e7\u00e3o ou qualquer outra etapa relacionada \u00e0s vagas publicadas. Todas as informa\u00e7\u00f5es s\u00e3o de responsabilidade dos anunciantes.\n\n\u26a0\ufe0f Aten\u00e7\u00e3o! Nunca pague por promessas de emprego nem compre cursos que garantam contrata\u00e7\u00e3o. Desconfie de qualquer cobran\u00e7a para participar de sele\u00e7\u00f5es.\n\n\n\n<\/div>\n<!-- CONTENT END 1 -->\n","protected":false},"excerpt":{"rendered":"<p>[ad_1] Um crime brutal chocou a tranquila praia de Jos\u00e9 Gon\u00e7alves, em Arma\u00e7\u00e3o dos B\u00fazios, deixando uma comunidade local at\u00f4nita e consternada. Florencia Aranguren, uma argentina de 31 anos, foi encontrada morta a facadas. O corpo foi encontroado junto com seu cachorro, em uma trilha pr\u00f3xima \u00e0 praia.\u00a0 O corpo foi descoberto por um morador&hellip;&nbsp;<\/p>\n","protected":false},"author":1,"featured_media":11664,"comment_status":"open","ping_status":"open","sticky":false,"template":"","format":"standard","meta":{"_uag_custom_page_level_css":"","neve_meta_sidebar":"","neve_meta_container":"","neve_meta_enable_content_width":"","neve_meta_content_width":0,"neve_meta_title_alignment":"","neve_meta_author_avatar":"","neve_post_elements_order":"","neve_meta_disable_header":"","neve_meta_disable_footer":"","neve_meta_disable_title":"","_jetpack_newsletter_access":"","_jetpack_dont_email_post_to_subs":false,"_jetpack_newsletter_tier_id":0,"_jetpack_memberships_contains_paywalled_content":false,"_jetpack_memberships_contains_paid_content":false,"footnotes":""},"categories":[1],"tags":[],"class_list":["post-11663","post","type-post","status-publish","format-standard","has-post-thumbnail","hentry","category-blog"],"uagb_featured_image_src":{"full":["https:\/\/i0.wp.com\/ismaelcolosi.com.br\/wp-content\/uploads\/2023\/12\/postimg-6570c77545d964076.jpg?fit=1200%2C628&ssl=1",1200,628,false],"thumbnail":["https:\/\/i0.wp.com\/ismaelcolosi.com.br\/wp-content\/uploads\/2023\/12\/postimg-6570c77545d964076.jpg?resize=150%2C150&ssl=1",150,150,true],"medium":["https:\/\/i0.wp.com\/ismaelcolosi.com.br\/wp-content\/uploads\/2023\/12\/postimg-6570c77545d964076.jpg?fit=300%2C157&ssl=1",300,157,true],"medium_large":["https:\/\/i0.wp.com\/ismaelcolosi.com.br\/wp-content\/uploads\/2023\/12\/postimg-6570c77545d964076.jpg?fit=768%2C402&ssl=1",768,402,true],"large":["https:\/\/i0.wp.com\/ismaelcolosi.com.br\/wp-content\/uploads\/2023\/12\/postimg-6570c77545d964076.jpg?fit=1024%2C536&ssl=1",1024,536,true],"1536x1536":["https:\/\/i0.wp.com\/ismaelcolosi.com.br\/wp-content\/uploads\/2023\/12\/postimg-6570c77545d964076.jpg?fit=1200%2C628&ssl=1",1200,628,true],"2048x2048":["https:\/\/i0.wp.com\/ismaelcolosi.com.br\/wp-content\/uploads\/2023\/12\/postimg-6570c77545d964076.jpg?fit=1200%2C628&ssl=1",1200,628,true],"neve-blog":["https:\/\/i0.wp.com\/ismaelcolosi.com.br\/wp-content\/uploads\/2023\/12\/postimg-6570c77545d964076.jpg?resize=930%2C620&ssl=1",930,620,true]},"uagb_author_info":{"display_name":"ismaelcolosi.com.br","author_link":"https:\/\/ismaelcolosi.com.br\/author\/vidareal-online\/"},"uagb_comment_info":0,"uagb_excerpt":"[ad_1] Um crime brutal chocou a tranquila praia de Jos\u00e9 Gon\u00e7alves, em Arma\u00e7\u00e3o dos B\u00fazios, deixando uma comunidade local at\u00f4nita e consternada. Florencia Aranguren, uma argentina de 31 anos, foi encontrada morta a facadas. O corpo foi encontroado junto com seu cachorro, em uma trilha pr\u00f3xima \u00e0 praia.\u00a0 O corpo foi descoberto por um morador&hellip;&nbsp;","jetpack-related-posts":[{"id":7177,"url":"https:\/\/ismaelcolosi.com.br\/index.php\/2023\/11\/27\/policia-prende-suspeito-pela-morte-de-mae-e-tres-filhas-militar-falou-sobre-cena-de-terror-encontrada-no-local-do-crime\/","url_meta":{"origin":11663,"position":0},"title":"Pol\u00edcia prende suspeito pela morte de m\u00e3e e tr\u00eas filhas; militar falou sobre cena de terror encontrada no local do crime","author":"ismaelcolosi.com.br","date":"27 de Novembro de 2023","format":false,"excerpt":"[ad_1] A pol\u00edcia do Mato Grosso investiga a morte de quatro membros de uma mesma fam\u00edlia. Segundo as informa\u00e7\u00f5es, as v\u00edtimas s\u00e3o uma m\u00e3e e tr\u00eas filhas, duas sendo menores de idade.O crime aconteceu em Sorriso (a 420 km de Cuiab\u00e1) e um homem foi preso, suspeito de envolvimento nos\u2026","rel":"","context":"In &quot;Blog&quot;","block_context":{"text":"Blog","link":"https:\/\/ismaelcolosi.com.br\/index.php\/category\/blog\/"},"img":{"alt_text":"","src":"https:\/\/i0.wp.com\/ismaelcolosi.com.br\/wp-content\/uploads\/2023\/11\/postimg-6564fc97817b22039.jpg?fit=1200%2C628&ssl=1&resize=350%2C200","width":350,"height":200,"srcset":"https:\/\/i0.wp.com\/ismaelcolosi.com.br\/wp-content\/uploads\/2023\/11\/postimg-6564fc97817b22039.jpg?fit=1200%2C628&ssl=1&resize=350%2C200 1x, https:\/\/i0.wp.com\/ismaelcolosi.com.br\/wp-content\/uploads\/2023\/11\/postimg-6564fc97817b22039.jpg?fit=1200%2C628&ssl=1&resize=525%2C300 1.5x, https:\/\/i0.wp.com\/ismaelcolosi.com.br\/wp-content\/uploads\/2023\/11\/postimg-6564fc97817b22039.jpg?fit=1200%2C628&ssl=1&resize=700%2C400 2x, https:\/\/i0.wp.com\/ismaelcolosi.com.br\/wp-content\/uploads\/2023\/11\/postimg-6564fc97817b22039.jpg?fit=1200%2C628&ssl=1&resize=1050%2C600 3x"},"classes":[]},{"id":26858,"url":"https:\/\/ismaelcolosi.com.br\/index.php\/2024\/01\/10\/quem-e-o-homem-que-perdeu-a-vida-de-forma-cruel-pelas-maos-de-uma-amigo-motivacao-do-crime-e-exposta-pela-policia\/","url_meta":{"origin":11663,"position":1},"title":"Quem \u00e9 o homem que perdeu a vida de forma cruel pelas m\u00e3os de uma amigo, motiva\u00e7\u00e3o do crime \u00e9 exposta pela pol\u00edcia","author":"ismaelcolosi.com.br","date":"10 de Janeiro de 2024","format":false,"excerpt":"[ad_1] A pol\u00edcia identificou o homem que perdeu a vida pelas m\u00e3os de um amigo. O algoz da v\u00edtima usou extrema viol\u00eancia para matar uma pessoa que ele conhecia h\u00e1 tempos.Ilson Patr\u00edcio, de 56 anos, foi reconhecido como a v\u00edtima do homic\u00eddio cometido por um amigo motivado por ci\u00fames na\u2026","rel":"","context":"In &quot;Blog&quot;","block_context":{"text":"Blog","link":"https:\/\/ismaelcolosi.com.br\/index.php\/category\/blog\/"},"img":{"alt_text":"","src":"https:\/\/i0.wp.com\/ismaelcolosi.com.br\/wp-content\/uploads\/2024\/01\/postimg-659f561acf6c42070.jpg?fit=1200%2C628&ssl=1&resize=350%2C200","width":350,"height":200,"srcset":"https:\/\/i0.wp.com\/ismaelcolosi.com.br\/wp-content\/uploads\/2024\/01\/postimg-659f561acf6c42070.jpg?fit=1200%2C628&ssl=1&resize=350%2C200 1x, https:\/\/i0.wp.com\/ismaelcolosi.com.br\/wp-content\/uploads\/2024\/01\/postimg-659f561acf6c42070.jpg?fit=1200%2C628&ssl=1&resize=525%2C300 1.5x, https:\/\/i0.wp.com\/ismaelcolosi.com.br\/wp-content\/uploads\/2024\/01\/postimg-659f561acf6c42070.jpg?fit=1200%2C628&ssl=1&resize=700%2C400 2x, https:\/\/i0.wp.com\/ismaelcolosi.com.br\/wp-content\/uploads\/2024\/01\/postimg-659f561acf6c42070.jpg?fit=1200%2C628&ssl=1&resize=1050%2C600 3x"},"classes":[]},{"id":24675,"url":"https:\/\/ismaelcolosi.com.br\/index.php\/2024\/01\/04\/quem-era-o-homem-que-foi-encontrado-boiando-em-praia-de-litoral-catarinense\/","url_meta":{"origin":11663,"position":2},"title":"Quem era o homem que foi encontrado boiando em praia de litoral catarinense","author":"ismaelcolosi.com.br","date":"4 de Janeiro de 2024","format":false,"excerpt":"[ad_1] Na tarde desta quinta-feira, 4 de janeiro, uma revela\u00e7\u00e3o surpreendente aconteceu na Ilha da Paz, localizada em S\u00e3o Francisco do Sul. O cad\u00e1ver descoberto flutuando nas \u00e1guas do mar foi confirmado como sendo o de Robert Rojas, gerando consterna\u00e7\u00e3o entre os presentes, incluindo os turistas que estavam na regi\u00e3o.Com\u2026","rel":"","context":"In &quot;Blog&quot;","block_context":{"text":"Blog","link":"https:\/\/ismaelcolosi.com.br\/index.php\/category\/blog\/"},"img":{"alt_text":"","src":"https:\/\/i0.wp.com\/ismaelcolosi.com.br\/wp-content\/uploads\/2024\/01\/postimg-659729cdd4bb43207.jpg?fit=1200%2C628&ssl=1&resize=350%2C200","width":350,"height":200,"srcset":"https:\/\/i0.wp.com\/ismaelcolosi.com.br\/wp-content\/uploads\/2024\/01\/postimg-659729cdd4bb43207.jpg?fit=1200%2C628&ssl=1&resize=350%2C200 1x, https:\/\/i0.wp.com\/ismaelcolosi.com.br\/wp-content\/uploads\/2024\/01\/postimg-659729cdd4bb43207.jpg?fit=1200%2C628&ssl=1&resize=525%2C300 1.5x, https:\/\/i0.wp.com\/ismaelcolosi.com.br\/wp-content\/uploads\/2024\/01\/postimg-659729cdd4bb43207.jpg?fit=1200%2C628&ssl=1&resize=700%2C400 2x, https:\/\/i0.wp.com\/ismaelcolosi.com.br\/wp-content\/uploads\/2024\/01\/postimg-659729cdd4bb43207.jpg?fit=1200%2C628&ssl=1&resize=1050%2C600 3x"},"classes":[]},{"id":38893,"url":"https:\/\/ismaelcolosi.com.br\/index.php\/2024\/02\/22\/mulher-e-morta-com-requintes-de-crueldade-na-regiao\/","url_meta":{"origin":11663,"position":3},"title":"Mulher \u00e9 morta com requintes de crueldade na regi\u00e3o","author":"ismaelcolosi.com.br","date":"22 de Fevereiro de 2024","format":false,"excerpt":"[ad_1] Companheiro que foi solto da cadeia h\u00e1 quatro meses \u00e9 o principal suspeito de ter ateado fogo no corpo da v\u00edtima; homem fez v\u00eddeochamada para outra mulher ap\u00f3s feminic\u00eddio 22 de fevereiro de 2024 | 10:10 0Por: Adalberto LuqueUma mulher de 24 anos foi morta, na madrugada desta quarta-feira\u2026","rel":"","context":"In &quot;Not\u00edcias de Ribeir\u00e3o Preto-SP e Regi\u00e3o&quot;","block_context":{"text":"Not\u00edcias de Ribeir\u00e3o Preto-SP e Regi\u00e3o","link":"https:\/\/ismaelcolosi.com.br\/index.php\/category\/noticias-de-ribeirao-preto-sp-e-regiao-ismael-colosi\/"},"img":{"alt_text":"","src":"https:\/\/i0.wp.com\/ismaelcolosi.com.br\/wp-content\/uploads\/2024\/02\/00-22-fev-2024-feminicidio-franca-foto-redes-sociais.jpg?fit=554%2C551&ssl=1&resize=350%2C200","width":350,"height":200,"srcset":"https:\/\/i0.wp.com\/ismaelcolosi.com.br\/wp-content\/uploads\/2024\/02\/00-22-fev-2024-feminicidio-franca-foto-redes-sociais.jpg?fit=554%2C551&ssl=1&resize=350%2C200 1x, https:\/\/i0.wp.com\/ismaelcolosi.com.br\/wp-content\/uploads\/2024\/02\/00-22-fev-2024-feminicidio-franca-foto-redes-sociais.jpg?fit=554%2C551&ssl=1&resize=525%2C300 1.5x"},"classes":[]},{"id":13681,"url":"https:\/\/ismaelcolosi.com.br\/index.php\/2023\/12\/10\/corpo-da-menina-e-encontrado-e-policia-pega-o-suspeito-um-primo-da-vitima\/","url_meta":{"origin":11663,"position":4},"title":"corpo da menina \u00e9 encontrado e pol\u00edcia pega o suspeito, um primo da v\u00edtima","author":"ismaelcolosi.com.br","date":"10 de Dezembro de 2023","format":false,"excerpt":"[ad_1] Neste domingo (10\/12), um homem foi detido pelas autoridades sob acusa\u00e7\u00e3o de ter cometido crime contra a menina Kemilly Hadassa Silva. A menina havia sido dada como desaparecida pela fam\u00edlia recentemente, mas seu corpo foi encontrado sem vida ap\u00f3s a pol\u00edcia receber informa\u00e7\u00f5es sobre a localiza\u00e7\u00e3o.O suspeito foi preso\u2026","rel":"","context":"In &quot;Blog&quot;","block_context":{"text":"Blog","link":"https:\/\/ismaelcolosi.com.br\/index.php\/category\/blog\/"},"img":{"alt_text":"","src":"https:\/\/i0.wp.com\/ismaelcolosi.com.br\/wp-content\/uploads\/2023\/12\/postimg-6576740dd56ce2114.jpg?fit=1200%2C638&ssl=1&resize=350%2C200","width":350,"height":200,"srcset":"https:\/\/i0.wp.com\/ismaelcolosi.com.br\/wp-content\/uploads\/2023\/12\/postimg-6576740dd56ce2114.jpg?fit=1200%2C638&ssl=1&resize=350%2C200 1x, https:\/\/i0.wp.com\/ismaelcolosi.com.br\/wp-content\/uploads\/2023\/12\/postimg-6576740dd56ce2114.jpg?fit=1200%2C638&ssl=1&resize=525%2C300 1.5x, https:\/\/i0.wp.com\/ismaelcolosi.com.br\/wp-content\/uploads\/2023\/12\/postimg-6576740dd56ce2114.jpg?fit=1200%2C638&ssl=1&resize=700%2C400 2x, https:\/\/i0.wp.com\/ismaelcolosi.com.br\/wp-content\/uploads\/2023\/12\/postimg-6576740dd56ce2114.jpg?fit=1200%2C638&ssl=1&resize=1050%2C600 3x"},"classes":[]},{"id":26591,"url":"https:\/\/ismaelcolosi.com.br\/index.php\/2024\/01\/10\/quem-sao-mae-e-filho-autista-que-foram-encontrados-mortos-em-apartamento-de-brasilia\/","url_meta":{"origin":11663,"position":5},"title":"Quem s\u00e3o m\u00e3e e filho autista que foram encontrados mortos em apartamento de Bras\u00edlia","author":"ismaelcolosi.com.br","date":"10 de Janeiro de 2024","format":false,"excerpt":"[ad_1] Uma comovente e tr\u00e1gica descoberta abalou a tranquilidade do condom\u00ednio em \u00c1guas Claras, no Distrito Federal.Uma mulher, identificada como Milce Maria Alonso Soares, de 63 anos, e seu filho, Cleber Baralde, de 27 anos, foram encontrados sem vida em seu apartamento na noite de ter\u00e7a, dia 9 de janeiro,\u2026","rel":"","context":"In &quot;Blog&quot;","block_context":{"text":"Blog","link":"https:\/\/ismaelcolosi.com.br\/index.php\/category\/blog\/"},"img":{"alt_text":"","src":"https:\/\/i0.wp.com\/ismaelcolosi.com.br\/wp-content\/uploads\/2024\/01\/postimg-659e9e403e54c1708.jpg?fit=1200%2C628&ssl=1&resize=350%2C200","width":350,"height":200,"srcset":"https:\/\/i0.wp.com\/ismaelcolosi.com.br\/wp-content\/uploads\/2024\/01\/postimg-659e9e403e54c1708.jpg?fit=1200%2C628&ssl=1&resize=350%2C200 1x, https:\/\/i0.wp.com\/ismaelcolosi.com.br\/wp-content\/uploads\/2024\/01\/postimg-659e9e403e54c1708.jpg?fit=1200%2C628&ssl=1&resize=525%2C300 1.5x, https:\/\/i0.wp.com\/ismaelcolosi.com.br\/wp-content\/uploads\/2024\/01\/postimg-659e9e403e54c1708.jpg?fit=1200%2C628&ssl=1&resize=700%2C400 2x, https:\/\/i0.wp.com\/ismaelcolosi.com.br\/wp-content\/uploads\/2024\/01\/postimg-659e9e403e54c1708.jpg?fit=1200%2C628&ssl=1&resize=1050%2C600 3x"},"classes":[]}],"jetpack_sharing_enabled":true,"jetpack_shortlink":"https:\/\/wp.me\/pfMlyK-327","jetpack_featured_media_url":"https:\/\/i0.wp.com\/ismaelcolosi.com.br\/wp-content\/uploads\/2023\/12\/postimg-6570c77545d964076.jpg?fit=1200%2C628&ssl=1","_links":{"self":[{"href":"https:\/\/ismaelcolosi.com.br\/index.php\/wp-json\/wp\/v2\/posts\/11663","targetHints":{"allow":["GET"]}}],"collection":[{"href":"https:\/\/ismaelcolosi.com.br\/index.php\/wp-json\/wp\/v2\/posts"}],"about":[{"href":"https:\/\/ismaelcolosi.com.br\/index.php\/wp-json\/wp\/v2\/types\/post"}],"author":[{"embeddable":true,"href":"https:\/\/ismaelcolosi.com.br\/index.php\/wp-json\/wp\/v2\/users\/1"}],"replies":[{"embeddable":true,"href":"https:\/\/ismaelcolosi.com.br\/index.php\/wp-json\/wp\/v2\/comments?post=11663"}],"version-history":[{"count":0,"href":"https:\/\/ismaelcolosi.com.br\/index.php\/wp-json\/wp\/v2\/posts\/11663\/revisions"}],"wp:featuredmedia":[{"embeddable":true,"href":"https:\/\/ismaelcolosi.com.br\/index.php\/wp-json\/wp\/v2\/media\/11664"}],"wp:attachment":[{"href":"https:\/\/ismaelcolosi.com.br\/index.php\/wp-json\/wp\/v2\/media?parent=11663"}],"wp:term":[{"taxonomy":"category","embeddable":true,"href":"https:\/\/ismaelcolosi.com.br\/index.php\/wp-json\/wp\/v2\/categories?post=11663"},{"taxonomy":"post_tag","embeddable":true,"href":"https:\/\/ismaelcolosi.com.br\/index.php\/wp-json\/wp\/v2\/tags?post=11663"}],"curies":[{"name":"wp","href":"https:\/\/api.w.org\/{rel}","templated":true}]}}