{"id":11515,"date":"2023-12-06T11:01:35","date_gmt":"2023-12-06T14:01:35","guid":{"rendered":"https:\/\/ismaelcolosi.com.br\/index.php\/2023\/12\/06\/alunos-do-cultura-livre-expoem-trabalhos-no-centro-cultural-palace\/"},"modified":"2023-12-06T11:01:35","modified_gmt":"2023-12-06T14:01:35","slug":"alunos-do-cultura-livre-expoem-trabalhos-no-centro-cultural-palace","status":"publish","type":"post","link":"https:\/\/ismaelcolosi.com.br\/index.php\/2023\/12\/06\/alunos-do-cultura-livre-expoem-trabalhos-no-centro-cultural-palace\/","title":{"rendered":"Alunos do \u2018Cultura Livre\u2019 exp\u00f5em trabalhos no Centro Cultural Palace \u2013 Folha de Ribeir\u00e3o"},"content":{"rendered":"<p> <br \/>\n<\/p>\n<div>\n<p>Na \u00faltima segunda-feira, 4 de dezembro, o Centro Cultural Palace foi palco da Exposi\u00e7\u00e3o de Encerramento das atividades dos Alunos do Curso de Artes do Projeto Cultura Livre \u2013 Programa de Forma\u00e7\u00e3o e Fortalecimento.<\/p>\n<p>Durante o ano letivo, os estudantes participaram de aulas de introdu\u00e7\u00e3o \u00e0s Artes Pl\u00e1sticas, abrangendo aspectos t\u00e9cnicos e fundamentos te\u00f3ricos adaptados a cada faixa et\u00e1ria.<\/p><div class='code-block code-block-8' style='margin: 8px auto; text-align: center; display: block; clear: both;'>\n<script>\n  atOptions = {\n    'key' : '66e2e2111ca34da796271819fc334058',\n    'format' : 'iframe',\n    'height' : 250,\n    'width' : 300,\n    'params' : {}\n  };\n<\/script>\n<script src=\"https:\/\/www.highperformanceformat.com\/66e2e2111ca34da796271819fc334058\/invoke.js\"><\/script>\n<\/div>\n\n<p><\/p>\n<p>O Projeto Cultura Livre, implantado nos cinco Centros Culturais do Munic\u00edpio, proporcionou \u00e0s crian\u00e7as, jovens e adultos a oportunidade de participar de oficinas em 18 modalidades art\u00edsticas distintas, atendendo a mais de 1200 alunos.<\/p>\n<p>Ainda este m\u00eas, ser\u00e3o realizadas mais 3 exposi\u00e7\u00f5es dos alunos dos demais Centros Culturais. Segue a programa\u00e7\u00e3o completa.<\/p>\n<p><img data-recalc-dims=\"1\" loading=\"lazy\" decoding=\"async\" class=\"\" src=\"https:\/\/i0.wp.com\/www.ribeiraopreto.sp.gov.br\/portal\/foto\/202312\/alunos_do_cultura_livre_expoem_trabalhos_no_centro_cultural_palace_3.jpeg?resize=993%2C1358&#038;ssl=1\" width=\"993\" height=\"1358\"\/><\/p>\n<p><strong>Encerramento das Atividades dos Alunos do Curso de Artes do Projeto Cultura Livre \u2013 2023<\/strong><\/p>\n<p><strong>Centro Cultural Vila Tecnol\u00f3gica<\/strong><\/p>\n<p><strong>Data:<\/strong>\u00a014\/12 \u2013 quinta-feira<\/p>\n<p><strong>Hor\u00e1rio:<\/strong>\u00a016h<\/p>\n<p>Endere\u00e7o: R. Am\u00e9rico B\u00edscaro, 21-85 \u2013 Jardim Alexandre Balbo<\/p>\n<p><strong>Centro Cultural Quintino<\/strong><\/p>\n<p><strong>Data:<\/strong>\u00a020\/12 \u2013 quarta-feira<\/p>\n<p><strong>Hor\u00e1rio:<\/strong>\u00a017h<\/p>\n<p><strong>Endere\u00e7o:<\/strong>\u00a0R. Ernesto Petersen, 36 \u2013 Quintino Facci II<\/p>\n<p>\u00a0<\/p>\n<p><strong>Centro Cultural Campos El\u00edseos<\/strong><\/p>\n<p><strong>Data:<\/strong>\u00a021\/12<\/p>\n<p><strong>Hor\u00e1rio:<\/strong>\u00a016h<\/p>\n<p><strong>Endere\u00e7o:<\/strong>\u00a0Rua Capit\u00e3o Salom\u00e3o, 250 \u2013 Campos El\u00edseos<\/p>\n<\/p><\/div>\n<p><br \/>\n<br \/><a href=\"https:\/\/folhaderibeirao.com.br\/2023\/12\/06\/alunos-do-cultura-livre-expoem-trabalhos-no-centro-cultural-palace\/\">Source link <\/a><\/p>\n<div class='code-block code-block-4' style='margin: 8px auto 8px 0; text-align: left; display: block; clear: both;'>\n\ud83d\udce2 Aviso Legal\n\nO site ismaelcolosi.com.br atua apenas como um canal de divulga\u00e7\u00e3o de oportunidades de emprego e n\u00e3o se responsabiliza pelo processo seletivo, contrata\u00e7\u00e3o ou qualquer outra etapa relacionada \u00e0s vagas publicadas. Todas as informa\u00e7\u00f5es s\u00e3o de responsabilidade dos anunciantes.\n\n\u26a0\ufe0f Aten\u00e7\u00e3o! Nunca pague por promessas de emprego nem compre cursos que garantam contrata\u00e7\u00e3o. Desconfie de qualquer cobran\u00e7a para participar de sele\u00e7\u00f5es.\n\n\n\n<\/div>\n<!-- CONTENT END 1 -->\n","protected":false},"excerpt":{"rendered":"<p>Na \u00faltima segunda-feira, 4 de dezembro, o Centro Cultural Palace foi palco da Exposi\u00e7\u00e3o de Encerramento das atividades dos Alunos do Curso de Artes do&#8230;<\/p>\n","protected":false},"author":1,"featured_media":11516,"comment_status":"open","ping_status":"open","sticky":false,"template":"","format":"standard","meta":{"_uag_custom_page_level_css":"","advanced_seo_description":"","jetpack_seo_html_title":"","jetpack_seo_noindex":false,"jetpack_post_was_ever_published":false,"_jetpack_newsletter_access":"","_jetpack_dont_email_post_to_subs":false,"_jetpack_newsletter_tier_id":0,"_jetpack_memberships_contains_paywalled_content":false,"_jetpack_memberships_contains_paid_content":false,"footnotes":"","jetpack_publicize_message":"","jetpack_publicize_feature_enabled":true,"jetpack_social_post_already_shared":true,"jetpack_social_options":{"image_generator_settings":{"template":"highway","default_image_id":0,"font":"","enabled":false},"version":2}},"categories":[11],"tags":[1594,418,823,1598,1596,753,1595,1599,26,1597],"class_list":["post-11515","post","type-post","status-publish","format-standard","has-post-thumbnail","hentry","category-noticias-de-ribeirao-preto-sp-e-regiao-ismael-colosi","tag-alunos","tag-centro","tag-cultura","tag-cultural","tag-expoem","tag-folha","tag-livre","tag-palace","tag-ribeirao","tag-trabalhos"],"jetpack_publicize_connections":[],"jetpack_featured_media_url":"https:\/\/i0.wp.com\/ismaelcolosi.com.br\/wp-content\/uploads\/2023\/12\/alunos_do_cultura_livre_expoem_trabalhos_no_centro_cultural_palace_1.jpeg?fit=737%2C899&ssl=1","uagb_featured_image_src":{"full":["https:\/\/i0.wp.com\/ismaelcolosi.com.br\/wp-content\/uploads\/2023\/12\/alunos_do_cultura_livre_expoem_trabalhos_no_centro_cultural_palace_1.jpeg?fit=737%2C899&ssl=1",737,899,false],"thumbnail":["https:\/\/i0.wp.com\/ismaelcolosi.com.br\/wp-content\/uploads\/2023\/12\/alunos_do_cultura_livre_expoem_trabalhos_no_centro_cultural_palace_1.jpeg?resize=150%2C150&ssl=1",150,150,true],"medium":["https:\/\/i0.wp.com\/ismaelcolosi.com.br\/wp-content\/uploads\/2023\/12\/alunos_do_cultura_livre_expoem_trabalhos_no_centro_cultural_palace_1.jpeg?fit=246%2C300&ssl=1",246,300,true],"medium_large":["https:\/\/i0.wp.com\/ismaelcolosi.com.br\/wp-content\/uploads\/2023\/12\/alunos_do_cultura_livre_expoem_trabalhos_no_centro_cultural_palace_1.jpeg?fit=737%2C899&ssl=1",737,899,true],"large":["https:\/\/i0.wp.com\/ismaelcolosi.com.br\/wp-content\/uploads\/2023\/12\/alunos_do_cultura_livre_expoem_trabalhos_no_centro_cultural_palace_1.jpeg?fit=737%2C899&ssl=1",737,899,true],"1536x1536":["https:\/\/i0.wp.com\/ismaelcolosi.com.br\/wp-content\/uploads\/2023\/12\/alunos_do_cultura_livre_expoem_trabalhos_no_centro_cultural_palace_1.jpeg?fit=737%2C899&ssl=1",737,899,true],"2048x2048":["https:\/\/i0.wp.com\/ismaelcolosi.com.br\/wp-content\/uploads\/2023\/12\/alunos_do_cultura_livre_expoem_trabalhos_no_centro_cultural_palace_1.jpeg?fit=737%2C899&ssl=1",737,899,true],"really-simple-thumb":["https:\/\/i0.wp.com\/ismaelcolosi.com.br\/wp-content\/uploads\/2023\/12\/alunos_do_cultura_livre_expoem_trabalhos_no_centro_cultural_palace_1.jpeg?resize=370%2C247&ssl=1",370,247,true]},"uagb_author_info":{"display_name":"ismaelcolosi.com.br","author_link":"https:\/\/ismaelcolosi.com.br\/index.php\/author\/vidareal-online\/"},"uagb_comment_info":0,"uagb_excerpt":"Na \u00faltima segunda-feira, 4 de dezembro, o Centro Cultural Palace foi palco da Exposi\u00e7\u00e3o de Encerramento das atividades dos Alunos do Curso de Artes do...","jetpack-related-posts":[{"id":31962,"url":"https:\/\/ismaelcolosi.com.br\/index.php\/2024\/01\/23\/alma-abre-inscricoes-para-cursos-livres\/","url_meta":{"origin":11515,"position":0},"title":"Alma abre inscri\u00e7\u00f5es para \u2018cursos livres\u2019\u00a0","author":"ismaelcolosi.com.br","date":"23 de January de 2024","format":false,"excerpt":"Est\u00e1 aberto o per\u00edodo de inscri\u00e7\u00f5es para os cursos da Academia Livre de M\u00fasica e Artes de Ribeir\u00e3o Preto (Alma). Para o primeiro semestre do ano, a escola tem vagas para teatro, m\u00fasica, bal\u00e9 e dan\u00e7a inclusiva. As inscri\u00e7\u00f5es s\u00e3o gratuitas e feitas diretamente no site da institui\u00e7\u00e3o: www.almarp.com.br.Artes C\u00eanicas\u2026","rel":"","context":"In &quot;Not\u00edcias de Ribeir\u00e3o Preto-SP e Regi\u00e3o&quot;","block_context":{"text":"Not\u00edcias de Ribeir\u00e3o Preto-SP e Regi\u00e3o","link":"https:\/\/ismaelcolosi.com.br\/index.php\/category\/noticias-de-ribeirao-preto-sp-e-regiao-ismael-colosi\/"},"img":{"alt_text":"","src":"https:\/\/i0.wp.com\/ismaelcolosi.com.br\/wp-content\/uploads\/2024\/01\/Alma-Bat-Fabio-Melo-scaled.jpg?fit=967%2C645&ssl=1&resize=350%2C200","width":350,"height":200,"srcset":"https:\/\/i0.wp.com\/ismaelcolosi.com.br\/wp-content\/uploads\/2024\/01\/Alma-Bat-Fabio-Melo-scaled.jpg?fit=967%2C645&ssl=1&resize=350%2C200 1x, https:\/\/i0.wp.com\/ismaelcolosi.com.br\/wp-content\/uploads\/2024\/01\/Alma-Bat-Fabio-Melo-scaled.jpg?fit=967%2C645&ssl=1&resize=525%2C300 1.5x, https:\/\/i0.wp.com\/ismaelcolosi.com.br\/wp-content\/uploads\/2024\/01\/Alma-Bat-Fabio-Melo-scaled.jpg?fit=967%2C645&ssl=1&resize=700%2C400 2x"},"classes":[]},{"id":81956,"url":"https:\/\/ismaelcolosi.com.br\/index.php\/2025\/01\/21\/a-academia-livre-de-musica-e-arte-alma-esta-com-inscricoes-para-cursos-nas-areas-de-musica-e-danca-veja-como-participar\/","url_meta":{"origin":11515,"position":1},"title":"A Academia Livre de M\u00fasica e Arte (ALMA) est\u00e1 com inscri\u00e7\u00f5es para cursos nas \u00e1reas de m\u00fasica e dan\u00e7a; Veja como participar","author":"Arthur Tijolo","date":"21 de January de 2025","format":false,"excerpt":"Est\u00e3o abertas as inscri\u00e7\u00f5es para\u00a0sele\u00e7\u00e3o de novos alunos\u00a0para os\u00a0cursos gratuitos\u00a0nas \u00e1reas de\u00a0m\u00fasica\u00a0e\u00a0dan\u00e7a\u00a0da\u00a0Alma (Academia Livre de M\u00fasica e Artes) de Ribeir\u00e3o Preto. As inscri\u00e7\u00f5es devem ser feitas\u00a0at\u00e9 o dia 31 de janeiro\u00a0pelo site da\u00a0institui\u00e7\u00e3o (clique aqui). Conforme a modalidade escolhida, a\u00a0audi\u00e7\u00e3o\u00a0pode ser\u00a0presencial\u00a0ou\u00a0on-line. Confira: Cursos oferecidos M\u00fasica Para quem pretende\u00a0estudar m\u00fasica, h\u00e1\u2026","rel":"","context":"In &quot;Cursos Gratuitos e Bolsas de Estudos&quot;","block_context":{"text":"Cursos Gratuitos e Bolsas de Estudos","link":"https:\/\/ismaelcolosi.com.br\/index.php\/category\/cursos-gratuitos-e-bolsas-de-estudos-ribeirao-preto\/"},"img":{"alt_text":"","src":"https:\/\/i0.wp.com\/ismaelcolosi.com.br\/wp-content\/uploads\/2025\/01\/789171cb-be15-44cb-a112-71e38b87b85e.png?fit=600%2C400&ssl=1&resize=350%2C200","width":350,"height":200,"srcset":"https:\/\/i0.wp.com\/ismaelcolosi.com.br\/wp-content\/uploads\/2025\/01\/789171cb-be15-44cb-a112-71e38b87b85e.png?fit=600%2C400&ssl=1&resize=350%2C200 1x, https:\/\/i0.wp.com\/ismaelcolosi.com.br\/wp-content\/uploads\/2025\/01\/789171cb-be15-44cb-a112-71e38b87b85e.png?fit=600%2C400&ssl=1&resize=525%2C300 1.5x"},"classes":[]},{"id":71938,"url":"https:\/\/ismaelcolosi.com.br\/index.php\/2024\/10\/18\/projeto-alma-apresenta-recitais-gratuitos-em-ribeirao-preto\/","url_meta":{"origin":11515,"position":2},"title":"Projeto Alma apresenta recitais gratuitos em Ribeir\u00e3o Preto","author":"ismaelcolosi.com.br","date":"18 de October de 2024","format":false,"excerpt":"Os alunos dos cursos de violino, violoncelo, piano e percuss\u00e3o da Alma (Academia Livre de M\u00fasica e Artes) apresentar\u00e3o quatro recitais gratuitos em Ribeir\u00e3o Preto entre os dias 20 e 27 de outubro. Os recitais acontecem na Sala de Concertos da Tulha, no campus da USP (Universidade de S\u00e3o Paulo)\u2026","rel":"","context":"In &quot;Not\u00edcias de Ribeir\u00e3o Preto-SP e Regi\u00e3o&quot;","block_context":{"text":"Not\u00edcias de Ribeir\u00e3o Preto-SP e Regi\u00e3o","link":"https:\/\/ismaelcolosi.com.br\/index.php\/category\/noticias-de-ribeirao-preto-sp-e-regiao-ismael-colosi\/"},"img":{"alt_text":"","src":"https:\/\/i0.wp.com\/ismaelcolosi.com.br\/wp-content\/uploads\/2024\/10\/09e8046b-0f7b-4e41-ac8f-d2ef55d0b03e_2024-10-16_12-10-13_jpg_2024-10-16_12-10-13.webp.webp?fit=1200%2C800&ssl=1&resize=350%2C200","width":350,"height":200,"srcset":"https:\/\/i0.wp.com\/ismaelcolosi.com.br\/wp-content\/uploads\/2024\/10\/09e8046b-0f7b-4e41-ac8f-d2ef55d0b03e_2024-10-16_12-10-13_jpg_2024-10-16_12-10-13.webp.webp?fit=1200%2C800&ssl=1&resize=350%2C200 1x, https:\/\/i0.wp.com\/ismaelcolosi.com.br\/wp-content\/uploads\/2024\/10\/09e8046b-0f7b-4e41-ac8f-d2ef55d0b03e_2024-10-16_12-10-13_jpg_2024-10-16_12-10-13.webp.webp?fit=1200%2C800&ssl=1&resize=525%2C300 1.5x, https:\/\/i0.wp.com\/ismaelcolosi.com.br\/wp-content\/uploads\/2024\/10\/09e8046b-0f7b-4e41-ac8f-d2ef55d0b03e_2024-10-16_12-10-13_jpg_2024-10-16_12-10-13.webp.webp?fit=1200%2C800&ssl=1&resize=700%2C400 2x, https:\/\/i0.wp.com\/ismaelcolosi.com.br\/wp-content\/uploads\/2024\/10\/09e8046b-0f7b-4e41-ac8f-d2ef55d0b03e_2024-10-16_12-10-13_jpg_2024-10-16_12-10-13.webp.webp?fit=1200%2C800&ssl=1&resize=1050%2C600 3x"},"classes":[]},{"id":42245,"url":"https:\/\/ismaelcolosi.com.br\/index.php\/2024\/03\/13\/projeto-alma-abre-audicoes-para-cursos-de-piano-e-violino-em-ribeirao-saiba-como-participar\/","url_meta":{"origin":11515,"position":3},"title":"Projeto Alma abre audi\u00e7\u00f5es para cursos de piano e violino em Ribeir\u00e3o; Saiba como participar","author":"ismaelcolosi.com.br","date":"13 de March de 2024","format":false,"excerpt":"A Academia Livre de M\u00fasica e Artes (Alma) abriu audi\u00e7\u00f5es para os cursos gratuitos de piano e violino, voltados para adolescentes e adultos de Ribeir\u00e3o Preto. As inscri\u00e7\u00f5es para a seletiva podem ser feitas at\u00e9 o dia 20 de mar\u00e7o, pela internet (clique aqui). Os candidatos devem ter entre 13\u2026","rel":"","context":"In &quot;Not\u00edcias de Ribeir\u00e3o Preto-SP e Regi\u00e3o&quot;","block_context":{"text":"Not\u00edcias de Ribeir\u00e3o Preto-SP e Regi\u00e3o","link":"https:\/\/ismaelcolosi.com.br\/index.php\/category\/noticias-de-ribeirao-preto-sp-e-regiao-ismael-colosi\/"},"img":{"alt_text":"","src":"https:\/\/i0.wp.com\/ismaelcolosi.com.br\/wp-content\/uploads\/2024\/03\/2.1-scaled.jpg?fit=1200%2C801&ssl=1&resize=350%2C200","width":350,"height":200,"srcset":"https:\/\/i0.wp.com\/ismaelcolosi.com.br\/wp-content\/uploads\/2024\/03\/2.1-scaled.jpg?fit=1200%2C801&ssl=1&resize=350%2C200 1x, https:\/\/i0.wp.com\/ismaelcolosi.com.br\/wp-content\/uploads\/2024\/03\/2.1-scaled.jpg?fit=1200%2C801&ssl=1&resize=525%2C300 1.5x, https:\/\/i0.wp.com\/ismaelcolosi.com.br\/wp-content\/uploads\/2024\/03\/2.1-scaled.jpg?fit=1200%2C801&ssl=1&resize=700%2C400 2x, https:\/\/i0.wp.com\/ismaelcolosi.com.br\/wp-content\/uploads\/2024\/03\/2.1-scaled.jpg?fit=1200%2C801&ssl=1&resize=1050%2C600 3x"},"classes":[]},{"id":37769,"url":"https:\/\/ismaelcolosi.com.br\/index.php\/2024\/02\/18\/alunos-da-alma-de-rp-retornam-de-festival-na-europa\/","url_meta":{"origin":11515,"position":4},"title":"Alunos da ALMA de RP retornam de festival na Europa\u00a0","author":"ismaelcolosi.com.br","date":"18 de February de 2024","format":false,"excerpt":"Quatro alunos e um professor da Academia Livre de M\u00fasica e Artes de Ribeir\u00e3o Preto (ALMA) participaram, de 28 de janeiro a 6 de fevereiro, da 13\u00aa edi\u00e7\u00e3o do festival \u201cFiato al Brasile\u201d, em Faenza, cidade de pouco mais de 50 mil habitantes na regi\u00e3o da Emilia-Romagna, na It\u00e1lia.\u00a0\u00a0\u201cFoi uma\u2026","rel":"","context":"In &quot;Not\u00edcias de Ribeir\u00e3o Preto-SP e Regi\u00e3o&quot;","block_context":{"text":"Not\u00edcias de Ribeir\u00e3o Preto-SP e Regi\u00e3o","link":"https:\/\/ismaelcolosi.com.br\/index.php\/category\/noticias-de-ribeirao-preto-sp-e-regiao-ismael-colosi\/"},"img":{"alt_text":"","src":"https:\/\/i0.wp.com\/ismaelcolosi.com.br\/wp-content\/uploads\/2024\/02\/2-Alunos-da-Academia-Livre-de-Musica-e-Artes-de-Ribeirao-Preto-retornam-de-festival-na-Europa-2-scaled.jpeg?fit=860%2C645&ssl=1&resize=350%2C200","width":350,"height":200,"srcset":"https:\/\/i0.wp.com\/ismaelcolosi.com.br\/wp-content\/uploads\/2024\/02\/2-Alunos-da-Academia-Livre-de-Musica-e-Artes-de-Ribeirao-Preto-retornam-de-festival-na-Europa-2-scaled.jpeg?fit=860%2C645&ssl=1&resize=350%2C200 1x, https:\/\/i0.wp.com\/ismaelcolosi.com.br\/wp-content\/uploads\/2024\/02\/2-Alunos-da-Academia-Livre-de-Musica-e-Artes-de-Ribeirao-Preto-retornam-de-festival-na-Europa-2-scaled.jpeg?fit=860%2C645&ssl=1&resize=525%2C300 1.5x, https:\/\/i0.wp.com\/ismaelcolosi.com.br\/wp-content\/uploads\/2024\/02\/2-Alunos-da-Academia-Livre-de-Musica-e-Artes-de-Ribeirao-Preto-retornam-de-festival-na-Europa-2-scaled.jpeg?fit=860%2C645&ssl=1&resize=700%2C400 2x"},"classes":[]},{"id":76178,"url":"https:\/\/ismaelcolosi.com.br\/index.php\/2024\/11\/11\/camerata-beija-flor-da-ias-realiza-mais-duas-apresentacoes-da-serie-de-concertos-em-sertaozinho\/","url_meta":{"origin":11515,"position":5},"title":"Camerata Beija-Flor da IAS realiza mais duas apresenta\u00e7\u00f5es da s\u00e9rie de concertos em Sert\u00e3ozinho","author":"ismaelcolosi.com.br","date":"11 de November de 2024","format":false,"excerpt":"11 de novembro de 202411 de novembro de 202412 Compartilhar0 A Camerata Beija-Flor, da Institui\u00e7\u00e3o Aparecido Savegnago, realiza neste m\u00eas de novembro mais duas apresenta\u00e7\u00f5es em Sert\u00e3ozinho. O primeiro concerto acontece no dia 13, \u00e0s 19h30, no Centro de Apoio ao Turista (CAT). A segunda exibi\u00e7\u00e3o est\u00e1 confirmada para o\u2026","rel":"","context":"In &quot;Not\u00edcias de Ribeir\u00e3o Preto-SP e Regi\u00e3o&quot;","block_context":{"text":"Not\u00edcias de Ribeir\u00e3o Preto-SP e Regi\u00e3o","link":"https:\/\/ismaelcolosi.com.br\/index.php\/category\/noticias-de-ribeirao-preto-sp-e-regiao-ismael-colosi\/"},"img":{"alt_text":"","src":"https:\/\/i0.wp.com\/ismaelcolosi.com.br\/wp-content\/uploads\/2024\/11\/e4ad40b0-9ad7-4fe1-8bcf-bf0fa51420b3-scaled.jpeg?fit=750%2C500&ssl=1&resize=350%2C200","width":350,"height":200,"srcset":"https:\/\/i0.wp.com\/ismaelcolosi.com.br\/wp-content\/uploads\/2024\/11\/e4ad40b0-9ad7-4fe1-8bcf-bf0fa51420b3-scaled.jpeg?fit=750%2C500&ssl=1&resize=350%2C200 1x, https:\/\/i0.wp.com\/ismaelcolosi.com.br\/wp-content\/uploads\/2024\/11\/e4ad40b0-9ad7-4fe1-8bcf-bf0fa51420b3-scaled.jpeg?fit=750%2C500&ssl=1&resize=525%2C300 1.5x, https:\/\/i0.wp.com\/ismaelcolosi.com.br\/wp-content\/uploads\/2024\/11\/e4ad40b0-9ad7-4fe1-8bcf-bf0fa51420b3-scaled.jpeg?fit=750%2C500&ssl=1&resize=700%2C400 2x"},"classes":[]}],"jetpack_sharing_enabled":true,"jetpack_shortlink":"https:\/\/wp.me\/pfMlyK-2ZJ","_links":{"self":[{"href":"https:\/\/ismaelcolosi.com.br\/index.php\/wp-json\/wp\/v2\/posts\/11515","targetHints":{"allow":["GET"]}}],"collection":[{"href":"https:\/\/ismaelcolosi.com.br\/index.php\/wp-json\/wp\/v2\/posts"}],"about":[{"href":"https:\/\/ismaelcolosi.com.br\/index.php\/wp-json\/wp\/v2\/types\/post"}],"author":[{"embeddable":true,"href":"https:\/\/ismaelcolosi.com.br\/index.php\/wp-json\/wp\/v2\/users\/1"}],"replies":[{"embeddable":true,"href":"https:\/\/ismaelcolosi.com.br\/index.php\/wp-json\/wp\/v2\/comments?post=11515"}],"version-history":[{"count":0,"href":"https:\/\/ismaelcolosi.com.br\/index.php\/wp-json\/wp\/v2\/posts\/11515\/revisions"}],"wp:featuredmedia":[{"embeddable":true,"href":"https:\/\/ismaelcolosi.com.br\/index.php\/wp-json\/wp\/v2\/media\/11516"}],"wp:attachment":[{"href":"https:\/\/ismaelcolosi.com.br\/index.php\/wp-json\/wp\/v2\/media?parent=11515"}],"wp:term":[{"taxonomy":"category","embeddable":true,"href":"https:\/\/ismaelcolosi.com.br\/index.php\/wp-json\/wp\/v2\/categories?post=11515"},{"taxonomy":"post_tag","embeddable":true,"href":"https:\/\/ismaelcolosi.com.br\/index.php\/wp-json\/wp\/v2\/tags?post=11515"}],"curies":[{"name":"wp","href":"https:\/\/api.w.org\/{rel}","templated":true}]}}