{"id":11423,"date":"2023-12-06T07:28:38","date_gmt":"2023-12-06T10:28:38","guid":{"rendered":"https:\/\/ismaelcolosi.com.br\/index.php\/2023\/12\/06\/universidade-dos-eua-oferece-bolsas-a-alunos-brasileiros\/"},"modified":"2023-12-06T07:28:38","modified_gmt":"2023-12-06T10:28:38","slug":"universidade-dos-eua-oferece-bolsas-a-alunos-brasileiros","status":"publish","type":"post","link":"https:\/\/ismaelcolosi.com.br\/index.php\/2023\/12\/06\/universidade-dos-eua-oferece-bolsas-a-alunos-brasileiros\/","title":{"rendered":"Universidade dos EUA oferece bolsas a alunos brasileiros"},"content":{"rendered":"<p> [ad_1]<br \/>\n<\/p>\n<div>\n<p>A Jala University, institui\u00e7\u00e3o latino-americana, com sede na Calif\u00f3rnia (EUA), est\u00e1 com inscri\u00e7\u00f5es abertas para os estudantes concorrerem a 80 bolsas 100% integrais para o curso na <a href=\"https:\/\/catracalivre.com.br\/educacao\/fundacao-carlos-slim-oferece-cursos-gratuitos-de-ingles-online\/\" target=\"_blank\" rel=\"noopener\">\u00e1rea de tecnologia<\/a>.<\/p>\n<p>Quem se interessar pela oportunidade poder\u00e1 se candidatar por meio do site <a href=\"https:\/\/jala-u.info\/Admissao2024-pr\" target=\"_blank\" rel=\"noopener\">https:\/\/jala-u.info\/Admissao2024-pr<\/a>.<\/p>\n<div id=\"attachment_2316294\" class=\"wp-caption aligncenter\">\n<div class=\"d-flex justify-content-center\" data-attachment-id=\"2316294\">\n<div class=\"position-relative d-inline-block\"><img data-recalc-dims=\"1\" data-portal-copyright=\"Divulga\u00e7\u00e3o\" fetchpriority=\"high\" decoding=\"async\" class=\"wp-image-2316294 size-large\" src=\"https:\/\/i0.wp.com\/catracalivre.com.br\/wp-content\/uploads\/2023\/12\/jala-university-910x607.jpeg?resize=910%2C607&#038;ssl=1\" alt=\"Universidade dos EUA oferece bolsas a alunos brasileiros\" width=\"910\" height=\"607\" srcset=\"https:\/\/catracalivre.com.br\/wp-content\/uploads\/2023\/12\/jala-university-910x607.jpeg 910w, https:\/\/catracalivre.com.br\/wp-content\/uploads\/2023\/12\/jala-university-450x300.jpeg 450w, https:\/\/catracalivre.com.br\/wp-content\/uploads\/2023\/12\/jala-university-768x512.jpeg 768w\" sizes=\"(max-width: 910px) 100vw, 910px\"\/><\/p>\n<p>Cr\u00e9ditos: Divulga\u00e7\u00e3o<\/p>\n<\/div>\n<\/div>\n<p><span class=\"post-imagem__legenda\">Universidade dos EUA oferece bolsas a alunos brasileiros<\/span><\/p>\n<\/div>\n<p>No formato h\u00edbrido, o curso de gradua\u00e7\u00e3o Engenharia de Software conta com professores acad\u00eamicos e da ind\u00fastria, inseridos no processo de ensino desde a primeira disciplina at\u00e9 a gradua\u00e7\u00e3o.<\/p>\n<p>Para melhor preparar os alunos para a \u00e1rea, os estudantes tamb\u00e9m t\u00eam aulas de ingl\u00eas e passar\u00e3o por est\u00e1gio.<\/p>\n<p>A carga hor\u00e1ria do curso \u00e9 de 7.260 horas. O n\u00famero \u00e9 cerca do dobro da m\u00e9dia de carga hor\u00e1ria no Brasil.<\/p>\n<h2>Quem pode se inscrever no programa de bolsa?<\/h2>\n<p>Na sele\u00e7\u00e3o da Jala University, s\u00e3o avaliadas quest\u00f5es como conhecimento, perfil psicol\u00f3gico e atitudes. O processo seletivo atual \u00e9 para o curso que se inicia no segundo semestre de 2024. O curso do\u00a0primeiro semestre do ano que vem j\u00e1 teve as inscri\u00e7\u00f5es encerradas.<\/p>\n<p>A gradua\u00e7\u00e3o \u00e9 feita pensando no mercado de trabalho, para profissionais das \u00e1reas de Desenvolvimento de Software, Automa\u00e7\u00e3o, Manual Testing e Devops. Por isso, todo o conte\u00fado \u00e9 atualizado e feito pensando em problemas reais do mundo corporativo.<\/p>\n<p>A Jala University \u00e9 uma universidade online focada na forma\u00e7\u00e3o em Engenharia de Software Comercial, com objetivo de auxiliar no desenvolvimento da \u00e1rea na Am\u00e9rica Latina. A institui\u00e7\u00e3o \u00e9 credenciada pela Accreditation Service for International Schools, Colleges and Universities (ASIC).<\/p>\n<\/div>\n<p><script>\n\t\t! function(f, b, e, v, n, t, s) {\n\t\t\tif (f.fbq) return;\n\t\t\tn = f.fbq = function() {\n\t\t\t\tn.callMethod ?\n\t\t\t\t\tn.callMethod.apply(n, arguments) : n.queue.push(arguments)\n\t\t\t};\n\t\t\tif (!f._fbq) f._fbq = n;\n\t\t\tn.push = n;\n\t\t\tn.loaded = !0;\n\t\t\tn.version = '2.0';\n\t\t\tn.queue = [];\n\t\t\tt = b.createElement(e);\n\t\t\tt.async = !0;\n\t\t\tt.src = v;\n\t\t\ts = b.getElementsByTagName(e)[0];\n\t\t\ts.parentNode.insertBefore(t, s)\n\t\t}(window, document, 'script',\n\t\t\t'https:\/\/connect.facebook.net\/en_US\/fbevents.js');\n\t\tfbq('init', '338315473262380');\n\t\tfbq('track', 'PageView');\n\t<\/script><br \/>\n<br \/>[ad_2]<br \/>\n<br \/><a href=\"https:\/\/catracalivre.com.br\/educacao\/universidade-dos-eua-oferece-bolsas-a-alunos-brasileiros\/\" target=\"_blank\" rel=\"noopener\">Source link <\/a><\/p>\n<div class='code-block code-block-4' style='margin: 8px auto 8px 0; text-align: left; display: block; clear: both;'>\n\ud83d\udce2 Aviso Legal\n\nO site ismaelcolosi.com.br atua apenas como um canal de divulga\u00e7\u00e3o de oportunidades de emprego e n\u00e3o se responsabiliza pelo processo seletivo, contrata\u00e7\u00e3o ou qualquer outra etapa relacionada \u00e0s vagas publicadas. Todas as informa\u00e7\u00f5es s\u00e3o de responsabilidade dos anunciantes.\n\n\u26a0\ufe0f Aten\u00e7\u00e3o! Nunca pague por promessas de emprego nem compre cursos que garantam contrata\u00e7\u00e3o. Desconfie de qualquer cobran\u00e7a para participar de sele\u00e7\u00f5es.\n\n\n\n<\/div>\n<!-- CONTENT END 1 -->\n","protected":false},"excerpt":{"rendered":"<p>[ad_1] A Jala University, institui\u00e7\u00e3o latino-americana, com sede na Calif\u00f3rnia (EUA), est\u00e1 com inscri\u00e7\u00f5es abertas para os estudantes concorrerem a 80 bolsas 100% integrais para o curso na \u00e1rea de tecnologia. Quem se interessar pela oportunidade poder\u00e1 se candidatar por meio do site https:\/\/jala-u.info\/Admissao2024-pr. Cr\u00e9ditos: Divulga\u00e7\u00e3o Universidade dos EUA oferece bolsas a alunos brasileiros No&hellip;&nbsp;<\/p>\n","protected":false},"author":1,"featured_media":11424,"comment_status":"open","ping_status":"open","sticky":false,"template":"","format":"standard","meta":{"_uag_custom_page_level_css":"","neve_meta_sidebar":"","neve_meta_container":"","neve_meta_enable_content_width":"","neve_meta_content_width":0,"neve_meta_title_alignment":"","neve_meta_author_avatar":"","neve_post_elements_order":"","neve_meta_disable_header":"","neve_meta_disable_footer":"","neve_meta_disable_title":"","_jetpack_newsletter_access":"","_jetpack_dont_email_post_to_subs":false,"_jetpack_newsletter_tier_id":0,"_jetpack_memberships_contains_paywalled_content":false,"_jetpack_memberships_contains_paid_content":false,"footnotes":""},"categories":[19],"tags":[],"class_list":["post-11423","post","type-post","status-publish","format-standard","has-post-thumbnail","hentry","category-variedades"],"uagb_featured_image_src":{"full":["https:\/\/i0.wp.com\/ismaelcolosi.com.br\/wp-content\/uploads\/2023\/12\/jala-university.jpeg?fit=1200%2C638&ssl=1",1200,638,false],"thumbnail":["https:\/\/i0.wp.com\/ismaelcolosi.com.br\/wp-content\/uploads\/2023\/12\/jala-university.jpeg?resize=150%2C150&ssl=1",150,150,true],"medium":["https:\/\/i0.wp.com\/ismaelcolosi.com.br\/wp-content\/uploads\/2023\/12\/jala-university.jpeg?fit=300%2C160&ssl=1",300,160,true],"medium_large":["https:\/\/i0.wp.com\/ismaelcolosi.com.br\/wp-content\/uploads\/2023\/12\/jala-university.jpeg?fit=768%2C408&ssl=1",768,408,true],"large":["https:\/\/i0.wp.com\/ismaelcolosi.com.br\/wp-content\/uploads\/2023\/12\/jala-university.jpeg?fit=1024%2C544&ssl=1",1024,544,true],"1536x1536":["https:\/\/i0.wp.com\/ismaelcolosi.com.br\/wp-content\/uploads\/2023\/12\/jala-university.jpeg?fit=1200%2C638&ssl=1",1200,638,true],"2048x2048":["https:\/\/i0.wp.com\/ismaelcolosi.com.br\/wp-content\/uploads\/2023\/12\/jala-university.jpeg?fit=1200%2C638&ssl=1",1200,638,true],"neve-blog":["https:\/\/i0.wp.com\/ismaelcolosi.com.br\/wp-content\/uploads\/2023\/12\/jala-university.jpeg?resize=930%2C620&ssl=1",930,620,true]},"uagb_author_info":{"display_name":"ismaelcolosi.com.br","author_link":"https:\/\/ismaelcolosi.com.br\/author\/vidareal-online\/"},"uagb_comment_info":0,"uagb_excerpt":"[ad_1] A Jala University, institui\u00e7\u00e3o latino-americana, com sede na Calif\u00f3rnia (EUA), est\u00e1 com inscri\u00e7\u00f5es abertas para os estudantes concorrerem a 80 bolsas 100% integrais para o curso na \u00e1rea de tecnologia. Quem se interessar pela oportunidade poder\u00e1 se candidatar por meio do site https:\/\/jala-u.info\/Admissao2024-pr. Cr\u00e9ditos: Divulga\u00e7\u00e3o Universidade dos EUA oferece bolsas a alunos brasileiros No&hellip;&nbsp;","jetpack-related-posts":[{"id":63828,"url":"https:\/\/ismaelcolosi.com.br\/index.php\/2024\/09\/04\/apostadores-do-interior-de-sp-sao-premiados-na-mega-sena-veja-numeros-2\/","url_meta":{"origin":11423,"position":0},"title":"Apostadores do interior de SP s\u00e3o premiados na Mega-Sena; Veja n\u00fameros","author":"ismaelcolosi.com.br","date":"4 de Setembro de 2024","format":false,"excerpt":"[ad_1] Apostadores do interior de S\u00e3o Paulo acertaram cinco dezenas no concurso 2770 da Mega-Sena e ganharam R$ 73,3 mil cada um no sorteio desta ter\u00e7a-feira (3), realizado pela Caixa Econ\u00f4mica Federal. O pr\u00eamio principal, por\u00e9m, n\u00e3o teve ganhador e est\u00e1 estimado em R$ 33 milh\u00f5es. Os n\u00fameros sorteados s\u00e3o\u2026","rel":"","context":"In &quot;Not\u00edcias de Ribeir\u00e3o Preto-SP e Regi\u00e3o&quot;","block_context":{"text":"Not\u00edcias de Ribeir\u00e3o Preto-SP e Regi\u00e3o","link":"https:\/\/ismaelcolosi.com.br\/index.php\/category\/noticias-de-ribeirao-preto-sp-e-regiao-ismael-colosi\/"},"img":{"alt_text":"","src":"https:\/\/i0.wp.com\/ismaelcolosi.com.br\/wp-content\/uploads\/2023\/11\/20230622_182751.webp.webp?fit=1170%2C700&ssl=1&resize=350%2C200","width":350,"height":200,"srcset":"https:\/\/i0.wp.com\/ismaelcolosi.com.br\/wp-content\/uploads\/2023\/11\/20230622_182751.webp.webp?fit=1170%2C700&ssl=1&resize=350%2C200 1x, https:\/\/i0.wp.com\/ismaelcolosi.com.br\/wp-content\/uploads\/2023\/11\/20230622_182751.webp.webp?fit=1170%2C700&ssl=1&resize=525%2C300 1.5x, https:\/\/i0.wp.com\/ismaelcolosi.com.br\/wp-content\/uploads\/2023\/11\/20230622_182751.webp.webp?fit=1170%2C700&ssl=1&resize=700%2C400 2x, https:\/\/i0.wp.com\/ismaelcolosi.com.br\/wp-content\/uploads\/2023\/11\/20230622_182751.webp.webp?fit=1170%2C700&ssl=1&resize=1050%2C600 3x"},"classes":[]},{"id":72183,"url":"https:\/\/ismaelcolosi.com.br\/index.php\/2024\/10\/20\/defesa-civil-atualiza-informacoes-sobre-as-chuvas-no-estado-de-sp\/","url_meta":{"origin":11423,"position":1},"title":"Defesa Civil atualiza informa\u00e7\u00f5es sobre as chuvas no estado de SP","author":"ismaelcolosi.com.br","date":"20 de Outubro de 2024","format":false,"excerpt":"[ad_1] A Defesa Civil de S\u00e3o Paulo publicou neste domingo (20) novas informa\u00e7\u00f5es sobre as chuvas no estado. Segundo o \u00f3rg\u00e3o, mesmo com a frente fria j\u00e1 afastada, o tempo segue inst\u00e1vel. Por\u00e9m, n\u00e3o h\u00e1 risco para temporais em nenhuma das \u00e1reas monitoradas, com possibilidade para pancadas de chuva isoladas.\u2026","rel":"","context":"In &quot;Not\u00edcias de Ribeir\u00e3o Preto-SP e Regi\u00e3o&quot;","block_context":{"text":"Not\u00edcias de Ribeir\u00e3o Preto-SP e Regi\u00e3o","link":"https:\/\/ismaelcolosi.com.br\/index.php\/category\/noticias-de-ribeirao-preto-sp-e-regiao-ismael-colosi\/"},"img":{"alt_text":"","src":"https:\/\/i0.wp.com\/ismaelcolosi.com.br\/wp-content\/uploads\/2024\/10\/WhatsApp-Image-2024-02-15-at-08.13.35-1.jpeg?fit=1200%2C540&ssl=1&resize=350%2C200","width":350,"height":200,"srcset":"https:\/\/i0.wp.com\/ismaelcolosi.com.br\/wp-content\/uploads\/2024\/10\/WhatsApp-Image-2024-02-15-at-08.13.35-1.jpeg?fit=1200%2C540&ssl=1&resize=350%2C200 1x, https:\/\/i0.wp.com\/ismaelcolosi.com.br\/wp-content\/uploads\/2024\/10\/WhatsApp-Image-2024-02-15-at-08.13.35-1.jpeg?fit=1200%2C540&ssl=1&resize=525%2C300 1.5x, https:\/\/i0.wp.com\/ismaelcolosi.com.br\/wp-content\/uploads\/2024\/10\/WhatsApp-Image-2024-02-15-at-08.13.35-1.jpeg?fit=1200%2C540&ssl=1&resize=700%2C400 2x, https:\/\/i0.wp.com\/ismaelcolosi.com.br\/wp-content\/uploads\/2024\/10\/WhatsApp-Image-2024-02-15-at-08.13.35-1.jpeg?fit=1200%2C540&ssl=1&resize=1050%2C600 3x"},"classes":[]},{"id":20955,"url":"https:\/\/ismaelcolosi.com.br\/index.php\/2023\/12\/26\/fulbright-oferece-bolsas-para-professores-brasileiros-nos-eua\/","url_meta":{"origin":11423,"position":2},"title":"Fulbright oferece bolsas para professores brasileiros nos EUA","author":"ismaelcolosi.com.br","date":"26 de Dezembro de 2023","format":false,"excerpt":"[ad_1] A Comiss\u00e3o Fulbright e a Coordena\u00e7\u00e3o de Aperfei\u00e7oamento de Pessoal de N\u00edvel Superior (CAPES) est\u00e3o com inscri\u00e7\u00f5es abertas para um programa que vai selecionar 270 professores de ingl\u00eas de todo o Brasil para interc\u00e2mbio de seis semanas nos Estados Unidos com tudo pago. O Programa oferece curso intensivo em\u2026","rel":"","context":"In &quot;Variedades&quot;","block_context":{"text":"Variedades","link":"https:\/\/ismaelcolosi.com.br\/index.php\/category\/variedades\/"},"img":{"alt_text":"","src":"https:\/\/i0.wp.com\/ismaelcolosi.com.br\/wp-content\/uploads\/2023\/12\/aprender-ingles-gramatica.jpg?fit=1200%2C638&ssl=1&resize=350%2C200","width":350,"height":200,"srcset":"https:\/\/i0.wp.com\/ismaelcolosi.com.br\/wp-content\/uploads\/2023\/12\/aprender-ingles-gramatica.jpg?fit=1200%2C638&ssl=1&resize=350%2C200 1x, https:\/\/i0.wp.com\/ismaelcolosi.com.br\/wp-content\/uploads\/2023\/12\/aprender-ingles-gramatica.jpg?fit=1200%2C638&ssl=1&resize=525%2C300 1.5x, https:\/\/i0.wp.com\/ismaelcolosi.com.br\/wp-content\/uploads\/2023\/12\/aprender-ingles-gramatica.jpg?fit=1200%2C638&ssl=1&resize=700%2C400 2x, https:\/\/i0.wp.com\/ismaelcolosi.com.br\/wp-content\/uploads\/2023\/12\/aprender-ingles-gramatica.jpg?fit=1200%2C638&ssl=1&resize=1050%2C600 3x"},"classes":[]},{"id":87433,"url":"https:\/\/ismaelcolosi.com.br\/index.php\/2025\/09\/10\/quais-sao-as-profissoes-com-o-maior-e-menor-salario-de-contratacao-no-brasil\/","url_meta":{"origin":11423,"position":3},"title":"Quais s\u00e3o as profiss\u00f5es com o maior e menor sal\u00e1rio de contrata\u00e7\u00e3o no Brasil?","author":"ismaelcolosi.com.br","date":"10 de Setembro de 2025","format":false,"excerpt":"[ad_1] Ismael Jalesi Ismael Jales 10\/09\/2025 - 6:30 O sal\u00e1rio m\u00e9dio no pa\u00eds em julho foi de R$ 2.277,51, de acordo com dados do Cadastro Geral de Empregados e Desempregados (Caged), registro feito pelo Minist\u00e9rio do Trabalho e Emprego (MTE).+ Quem ganha acima de 5 sal\u00e1rios m\u00ednimos paga mais IR\u2026","rel":"","context":"In &quot;Empregos - Classificados&quot;","block_context":{"text":"Empregos - Classificados","link":"https:\/\/ismaelcolosi.com.br\/index.php\/category\/empregos-classificados-vagas-trabalho\/"},"img":{"alt_text":"","src":"https:\/\/i0.wp.com\/ismaelcolosi.com.br\/wp-content\/uploads\/2025\/09\/equipe-multietnica-colaborando-no-projeto.jpg?fit=820%2C547&ssl=1&resize=350%2C200","width":350,"height":200,"srcset":"https:\/\/i0.wp.com\/ismaelcolosi.com.br\/wp-content\/uploads\/2025\/09\/equipe-multietnica-colaborando-no-projeto.jpg?fit=820%2C547&ssl=1&resize=350%2C200 1x, https:\/\/i0.wp.com\/ismaelcolosi.com.br\/wp-content\/uploads\/2025\/09\/equipe-multietnica-colaborando-no-projeto.jpg?fit=820%2C547&ssl=1&resize=525%2C300 1.5x, https:\/\/i0.wp.com\/ismaelcolosi.com.br\/wp-content\/uploads\/2025\/09\/equipe-multietnica-colaborando-no-projeto.jpg?fit=820%2C547&ssl=1&resize=700%2C400 2x"},"classes":[]},{"id":62791,"url":"https:\/\/ismaelcolosi.com.br\/index.php\/2024\/08\/29\/defesa-civil-emite-alerta-para-risco-de-incendios-no-estado-de-sp\/","url_meta":{"origin":11423,"position":4},"title":"Defesa Civil emite alerta para risco de inc\u00eandios no estado de SP","author":"ismaelcolosi.com.br","date":"29 de Agosto de 2024","format":false,"excerpt":"[ad_1] A Defesa Civil\u00a0publicou um alerta para o risco elevado de inc\u00eandios em quase todo o estado de S\u00e3o Paulo nos pr\u00f3ximos dias. Segundo o \u00f3rg\u00e3o, por meio do Centro de Gerenciamento de Emerg\u00eancias (CGE), entre esta sexta-feira (30) e domingo (1\u00ba), as temperaturas devem voltar a subir e a\u2026","rel":"","context":"In &quot;Not\u00edcias de Ribeir\u00e3o Preto-SP e Regi\u00e3o&quot;","block_context":{"text":"Not\u00edcias de Ribeir\u00e3o Preto-SP e Regi\u00e3o","link":"https:\/\/ismaelcolosi.com.br\/index.php\/category\/noticias-de-ribeirao-preto-sp-e-regiao-ismael-colosi\/"},"img":{"alt_text":"","src":"https:\/\/i0.wp.com\/ismaelcolosi.com.br\/wp-content\/uploads\/2024\/08\/FOGO_2024-08-23_15-53-56_jpg_2024-08-23_15-53-56.webp.webp?fit=1200%2C664&ssl=1&resize=350%2C200","width":350,"height":200,"srcset":"https:\/\/i0.wp.com\/ismaelcolosi.com.br\/wp-content\/uploads\/2024\/08\/FOGO_2024-08-23_15-53-56_jpg_2024-08-23_15-53-56.webp.webp?fit=1200%2C664&ssl=1&resize=350%2C200 1x, https:\/\/i0.wp.com\/ismaelcolosi.com.br\/wp-content\/uploads\/2024\/08\/FOGO_2024-08-23_15-53-56_jpg_2024-08-23_15-53-56.webp.webp?fit=1200%2C664&ssl=1&resize=525%2C300 1.5x, https:\/\/i0.wp.com\/ismaelcolosi.com.br\/wp-content\/uploads\/2024\/08\/FOGO_2024-08-23_15-53-56_jpg_2024-08-23_15-53-56.webp.webp?fit=1200%2C664&ssl=1&resize=700%2C400 2x, https:\/\/i0.wp.com\/ismaelcolosi.com.br\/wp-content\/uploads\/2024\/08\/FOGO_2024-08-23_15-53-56_jpg_2024-08-23_15-53-56.webp.webp?fit=1200%2C664&ssl=1&resize=1050%2C600 3x"},"classes":[]},{"id":59453,"url":"https:\/\/ismaelcolosi.com.br\/index.php\/2024\/08\/08\/interior-de-sp-tem-alerta-de-queda-de-temperatura-veja-cidades-afetadas\/","url_meta":{"origin":11423,"position":5},"title":"Interior de SP tem alerta de queda de temperatura; Veja cidades afetadas","author":"ismaelcolosi.com.br","date":"8 de Agosto de 2024","format":false,"excerpt":"[ad_1] Uma forte frente fria se formou na quarta-feira (07) no Sul do Brasil e come\u00e7ou a avan\u00e7ar em dire\u00e7\u00e3o ao Sudeste nesta quinta-feira (08), de acordo com os meteorologistas. Devido ao deslocamento desse sistema, o Instituto Nacional de Meteorologia (Inmet) publicou um alerta de perigo potencial para queda de\u2026","rel":"","context":"In &quot;Not\u00edcias de Ribeir\u00e3o Preto-SP e Regi\u00e3o&quot;","block_context":{"text":"Not\u00edcias de Ribeir\u00e3o Preto-SP e Regi\u00e3o","link":"https:\/\/ismaelcolosi.com.br\/index.php\/category\/noticias-de-ribeirao-preto-sp-e-regiao-ismael-colosi\/"},"img":{"alt_text":"","src":"https:\/\/i0.wp.com\/ismaelcolosi.com.br\/wp-content\/uploads\/2024\/08\/calcadao_ribeirao_1024x576_22052020190437.jpg?fit=1024%2C576&ssl=1&resize=350%2C200","width":350,"height":200,"srcset":"https:\/\/i0.wp.com\/ismaelcolosi.com.br\/wp-content\/uploads\/2024\/08\/calcadao_ribeirao_1024x576_22052020190437.jpg?fit=1024%2C576&ssl=1&resize=350%2C200 1x, https:\/\/i0.wp.com\/ismaelcolosi.com.br\/wp-content\/uploads\/2024\/08\/calcadao_ribeirao_1024x576_22052020190437.jpg?fit=1024%2C576&ssl=1&resize=525%2C300 1.5x, https:\/\/i0.wp.com\/ismaelcolosi.com.br\/wp-content\/uploads\/2024\/08\/calcadao_ribeirao_1024x576_22052020190437.jpg?fit=1024%2C576&ssl=1&resize=700%2C400 2x"},"classes":[]}],"jetpack_sharing_enabled":true,"jetpack_shortlink":"https:\/\/wp.me\/pfMlyK-2Yf","jetpack_featured_media_url":"https:\/\/i0.wp.com\/ismaelcolosi.com.br\/wp-content\/uploads\/2023\/12\/jala-university.jpeg?fit=1200%2C638&ssl=1","_links":{"self":[{"href":"https:\/\/ismaelcolosi.com.br\/index.php\/wp-json\/wp\/v2\/posts\/11423","targetHints":{"allow":["GET"]}}],"collection":[{"href":"https:\/\/ismaelcolosi.com.br\/index.php\/wp-json\/wp\/v2\/posts"}],"about":[{"href":"https:\/\/ismaelcolosi.com.br\/index.php\/wp-json\/wp\/v2\/types\/post"}],"author":[{"embeddable":true,"href":"https:\/\/ismaelcolosi.com.br\/index.php\/wp-json\/wp\/v2\/users\/1"}],"replies":[{"embeddable":true,"href":"https:\/\/ismaelcolosi.com.br\/index.php\/wp-json\/wp\/v2\/comments?post=11423"}],"version-history":[{"count":0,"href":"https:\/\/ismaelcolosi.com.br\/index.php\/wp-json\/wp\/v2\/posts\/11423\/revisions"}],"wp:featuredmedia":[{"embeddable":true,"href":"https:\/\/ismaelcolosi.com.br\/index.php\/wp-json\/wp\/v2\/media\/11424"}],"wp:attachment":[{"href":"https:\/\/ismaelcolosi.com.br\/index.php\/wp-json\/wp\/v2\/media?parent=11423"}],"wp:term":[{"taxonomy":"category","embeddable":true,"href":"https:\/\/ismaelcolosi.com.br\/index.php\/wp-json\/wp\/v2\/categories?post=11423"},{"taxonomy":"post_tag","embeddable":true,"href":"https:\/\/ismaelcolosi.com.br\/index.php\/wp-json\/wp\/v2\/tags?post=11423"}],"curies":[{"name":"wp","href":"https:\/\/api.w.org\/{rel}","templated":true}]}}