{"id":11329,"date":"2023-12-05T23:39:05","date_gmt":"2023-12-06T02:39:05","guid":{"rendered":"https:\/\/ismaelcolosi.com.br\/index.php\/2023\/12\/05\/sao-roque-sp-ganha-museu-com-quase-150-carros-antigos\/"},"modified":"2023-12-05T23:39:05","modified_gmt":"2023-12-06T02:39:05","slug":"sao-roque-sp-ganha-museu-com-quase-150-carros-antigos","status":"publish","type":"post","link":"https:\/\/ismaelcolosi.com.br\/index.php\/2023\/12\/05\/sao-roque-sp-ganha-museu-com-quase-150-carros-antigos\/","title":{"rendered":"S\u00e3o Roque (SP) ganha museu com quase 150 carros antigos"},"content":{"rendered":"<p> <br \/>\n<\/p>\n<div>\n<p>S\u00e3o Roque vai ganhar mais uma atra\u00e7\u00e3o tur\u00edstica. A cidade, a 60 km da capital paulista, famosa pelo <a href=\"https:\/\/catracalivre.com.br\/viagem-livre\/roteiro-do-vinho-em-sao-roque-sp-ganha-passeio-de-gondola\/\" target=\"_blank\" rel=\"noopener\">Roteiro do Vinho<\/a>, agora ter\u00e1 um museu dedicado a carros antigos.<\/p>\n<p>O complexo Dream Car Museum ser\u00e1 oficialmente aberto ao p\u00fablico neste s\u00e1bado, 9.<\/p>\n<div id=\"attachment_2318865\" class=\"wp-caption aligncenter\">\n<div class=\"d-flex justify-content-center\" data-attachment-id=\"2318865\">\n<div class=\"position-relative d-inline-block\"><img src=\"https:\/\/catracalivre.com.br\/viagem-livre\/sao-roque-sp-ganha-museu-com-quase-150-carros-antigos\/Wellington Caldas\/Divulga\u00e7\u00e3o\" fetchpriority=\"high\" decoding=\"async\" class=\"wp-image-2318865 size-large\" alt=\"S\u00e3o Roque ganha museu com quase 150 carros antigos\" width=\"910\" height=\"607\" srcset=\"https:\/\/catracalivre.com.br\/wp-content\/uploads\/2023\/12\/432221-1089917-10-dream-car-museum-foto-wellington-caldas-910x607.jpg 910w, https:\/\/catracalivre.com.br\/wp-content\/uploads\/2023\/12\/432221-1089917-10-dream-car-museum-foto-wellington-caldas-450x300.jpg 450w, https:\/\/catracalivre.com.br\/wp-content\/uploads\/2023\/12\/432221-1089917-10-dream-car-museum-foto-wellington-caldas-768x512.jpg 768w\" sizes=\"(max-width: 910px) 100vw, 910px\"\/><\/p>\n<p>Cr\u00e9ditos: Wellington Caldas\/Divulga\u00e7\u00e3o<\/p>\n<\/div>\n<\/div>\n<p><span class=\"post-imagem__legenda\">S\u00e3o Roque ganha museu com quase 150 carros antigos<\/span><\/p>\n<\/div>\n<p>O espa\u00e7o j\u00e1 nasce como um dos maiores acervos do Brasil no segmento de ve\u00edculos antigos, com 2 mil m\u00b2 de \u00e1rea coberta e 145 ve\u00edculos \u201385 autom\u00f3veis, 20 motos e 40 bicicletas, pertencentes a colecionadores de S\u00e3o Paulo.<\/p>\n<p>O empreendimento conta ainda conta ainda com espa\u00e7o gastron\u00f4mico e de lazer, com kart\u00f3dromo, parque de divers\u00f5es tem\u00e1tico, shopping com 23 lojas, pra\u00e7a de alimenta\u00e7\u00e3o, sal\u00e3o de eventos e at\u00e9 uma igreja.<\/p>\n<div id=\"attachment_2318867\" class=\"wp-caption aligncenter\">\n<div class=\"d-flex justify-content-center\" data-attachment-id=\"2318867\">\n<div class=\"position-relative d-inline-block\"><img loading=\"lazy\" src=\"https:\/\/catracalivre.com.br\/viagem-livre\/sao-roque-sp-ganha-museu-com-quase-150-carros-antigos\/Wellington Caldas\/Divulga\u00e7\u00e3o\" decoding=\"async\" class=\"wp-image-2318867 size-large\" alt=\"Parte do complexo Dream Car Museum, em S\u00e3o Roque (SP)\" width=\"910\" height=\"607\" srcset=\"https:\/\/catracalivre.com.br\/wp-content\/uploads\/2023\/12\/432221-1089907-15-dream-car-museum-foto-wellington-caldas-1-910x607.jpg 910w, https:\/\/catracalivre.com.br\/wp-content\/uploads\/2023\/12\/432221-1089907-15-dream-car-museum-foto-wellington-caldas-1-450x300.jpg 450w, https:\/\/catracalivre.com.br\/wp-content\/uploads\/2023\/12\/432221-1089907-15-dream-car-museum-foto-wellington-caldas-1-768x512.jpg 768w\" sizes=\"auto, (max-width: 910px) 100vw, 910px\"\/><\/p>\n<p>Cr\u00e9ditos: Wellington Caldas\/Divulga\u00e7\u00e3o<\/p>\n<\/div>\n<\/div>\n<p><span class=\"post-imagem__legenda\">Parte do complexo Dream Car Museum, em S\u00e3o Roque (SP)<\/span><\/p>\n<\/div>\n<p>O complexo tem acesso gratuito e funciona de ter\u00e7a a domingo, sempre das 9 \u00e0s 21 horas.<\/p>\n<p>O estacionamento custa R$ 20,00 e tem capacidade para 1.000 carros. J\u00e1 o ingresso promocional para o museu ser\u00e1 vendido por R$ 76,59, podendo ser comprado diretamente na bilheteria ou antecipadamente pela plataforma <a href=\"http:\/\/www.dl7tickets.com.br\" target=\"_blank\" rel=\"noopener\">www.dl7tickets.com.br<\/a>.<\/p>\n<h2>Dream Car Museum de S\u00e3o Roque<\/h2>\n<p>No Dream Car Museum, os aficionados poder\u00e3o ver de perto os modelos c\u00e9lebres, como Ford Fairlaine, Ferraris, Mercedes e Cadillacs convers\u00edveis, Buick, Rolls-Royce, Nash, Austin, Corvette, Camaro e Shelby Cobra.]<\/p>\n<p>Quem visitar o acervo ter\u00e1 a rara oportunidade de ver dois lend\u00e1rios Lamborghinis lado a lado: um Diablo 1991 amarelo e um Countach ano 1987 vermelho.<\/p>\n<div class=\"content-gallery position-relative mb-3\">\n<div class=\"tns-selector\" id=\"slider_7822addb049ad8a10613e25e42f46678\">\n<div>\n<div class=\"with-caption\"><picture><img data-recalc-dims=\"1\" src=\"https:\/\/i0.wp.com\/catracalivre.com.br\/cdn-cgi\/image\/f%3Dauto%2Cq%3D60%2Cw%3D700%2Ch%3D1680%2Cfit%3Dscale-down\/wp-content\/uploads\/2023\/12\/432221-1089913-7-dream-car-museum-foto-wellington-caldas-910x607.jpg?w=700&#038;ssl=1\"  alt=\"Acervo do Dream Car Museum, em S\u00e3o Roque (SP)\" loading=\"lazy\" decoding=\"async\" class=\"position-relative\"\/><\/picture>\n<p><span class=\"with-caption__about position-relative d-block\">Acervo do Dream Car Museum, em S\u00e3o Roque (SP)<\/span><span class=\"with-caption__credit position-absolute\">Wellington Caldas\/Divulga\u00e7\u00e3o<\/span><\/p>\n<\/div>\n<\/div>\n<div>\n<div class=\"with-caption\"><picture><img data-recalc-dims=\"1\" src=\"https:\/\/i0.wp.com\/catracalivre.com.br\/cdn-cgi\/image\/f%3Dauto%2Cq%3D60%2Cw%3D700%2Ch%3D1680%2Cfit%3Dscale-down\/wp-content\/uploads\/2023\/12\/432221-1089917-10-dream-car-museum-foto-wellington-caldas-1-910x607.jpg?w=700&#038;ssl=1\"  alt=\"Acervo do Dream Car Museum, em S\u00e3o Roque (SP)\" loading=\"lazy\" decoding=\"async\" class=\"position-relative\"\/><\/picture>\n<p><span class=\"with-caption__about position-relative d-block\">Acervo do Dream Car Museum, em S\u00e3o Roque (SP)<\/span><span class=\"with-caption__credit position-absolute\">Wellington Caldas\/Divulga\u00e7\u00e3o<\/span><\/p>\n<\/div>\n<\/div>\n<div>\n<div class=\"with-caption\"><picture><img data-recalc-dims=\"1\" src=\"https:\/\/i0.wp.com\/catracalivre.com.br\/cdn-cgi\/image\/f%3Dauto%2Cq%3D60%2Cw%3D700%2Ch%3D1680%2Cfit%3Dscale-down\/wp-content\/uploads\/2023\/12\/432221-1089915-9-dream-car-museum-foto-wellington-caldas-1-910x607.jpg?w=700&#038;ssl=1\"  alt=\"Acervo do Dream Car Museum, em S\u00e3o Roque (SP)\" loading=\"lazy\" decoding=\"async\" class=\"position-relative\"\/><\/picture>\n<p><span class=\"with-caption__about position-relative d-block\">Acervo do Dream Car Museum, em S\u00e3o Roque (SP)<\/span><span class=\"with-caption__credit position-absolute\">Wellington Caldas\/Divulga\u00e7\u00e3o<\/span><\/p>\n<\/div>\n<\/div>\n<div>\n<div class=\"with-caption\"><picture><img data-recalc-dims=\"1\" src=\"https:\/\/i0.wp.com\/catracalivre.com.br\/cdn-cgi\/image\/f%3Dauto%2Cq%3D60%2Cw%3D700%2Ch%3D1680%2Cfit%3Dscale-down\/wp-content\/uploads\/2023\/12\/432221-1089908-13-dream-car-museum-foto-wellington-caldas-910x607.jpg?w=700&#038;ssl=1\"  alt=\"Acervo do Dream Car Museum, em S\u00e3o Roque (SP)\" loading=\"lazy\" decoding=\"async\" class=\"position-relative\"\/><\/picture>\n<p><span class=\"with-caption__about position-relative d-block\">Acervo do Dream Car Museum, em S\u00e3o Roque (SP)<\/span><span class=\"with-caption__credit position-absolute\">Wellington Caldas\/Divulga\u00e7\u00e3o<\/span><\/p>\n<\/div>\n<\/div>\n<div>\n<div class=\"with-caption\"><picture><img data-recalc-dims=\"1\" src=\"https:\/\/i0.wp.com\/catracalivre.com.br\/cdn-cgi\/image\/f%3Dauto%2Cq%3D60%2Cw%3D700%2Ch%3D1680%2Cfit%3Dscale-down\/wp-content\/uploads\/2023\/12\/432221-1089909-11-dream-car-museum-foto-wellington-caldas-910x607.jpg?w=700&#038;ssl=1\"  alt=\"Acervo do Dream Car Museum, em S\u00e3o Roque (SP)\" loading=\"lazy\" decoding=\"async\" class=\"position-relative\"\/><\/picture>\n<p><span class=\"with-caption__about position-relative d-block\">Acervo do Dream Car Museum, em S\u00e3o Roque (SP)<\/span><span class=\"with-caption__credit position-absolute\">Wellington Caldas\/Divulga\u00e7\u00e3o<\/span><\/p>\n<\/div>\n<\/div>\n<div>\n<div class=\"with-caption\"><picture><img data-recalc-dims=\"1\" src=\"https:\/\/i0.wp.com\/catracalivre.com.br\/cdn-cgi\/image\/f%3Dauto%2Cq%3D60%2Cw%3D700%2Ch%3D1680%2Cfit%3Dscale-down\/wp-content\/uploads\/2023\/12\/432221-1089914-12-dream-car-museum-foto-wellington-caldas-910x607.jpg?w=700&#038;ssl=1\"  alt=\"Acervo do Dream Car Museum, em S\u00e3o Roque (SP)\" loading=\"lazy\" decoding=\"async\" class=\"position-relative\"\/><\/picture>\n<p><span class=\"with-caption__about position-relative d-block\">Acervo do Dream Car Museum, em S\u00e3o Roque (SP)<\/span><span class=\"with-caption__credit position-absolute\">Wellington Caldas\/Divulga\u00e7\u00e3o<\/span><\/p>\n<\/div>\n<\/div>\n<\/div>\n<\/div>\n<p>Al\u00e9m dos esportivos da Porsche, h\u00e1 tamb\u00e9m um trator fabricado pela marca alem\u00e3. N\u00e3o faltar\u00e3o carros norte-americanos de diversas d\u00e9cadas e os nacionais que fazem parte da vida dos brasileiros, como Fusca, SP2, Opala e Landau, entre outros.<\/p>\n<p>Tamb\u00e9m ser\u00e1 poss\u00edvel ver no Dream Car Museum modelos famosos do cinema, como a r\u00e9plica do Batm\u00f3vel, e para a alegria da garotada, os astros dos filmes \u201cCarros\u201d e \u201cSpeed Racer\u201d \u2013este para os mais velhos.<\/p>\n<p>Outro destaque \u00e9 o Plymouth Superbird 1970 amarelo, um \u00edcone das corridas da Nascar.<\/p>\n<h3>Lojas, restaurantes e parque de divers\u00f5es<\/h3>\n<p>Tudo no Complexo Dream Car Museum foi projetado em torno do tema \u201ccarros\u201d \u2013para que a fam\u00edlia inteira passe o dia com muito conforto.<\/p>\n<p>S\u00e3o 12 mil m\u00b2 de \u00e1rea constru\u00edda e 100 mil m\u00b2 de \u00e1rea total. Enquanto os pais visitam o museu, os filhos podem curtir o parque com brinquedos alusivos aos carros.<\/p>\n<div class=\"d-flex justify-content-center\" data-attachment-id=\"2318869\">\n<div class=\"position-relative d-inline-block\"><img loading=\"lazy\" src=\"https:\/\/catracalivre.com.br\/viagem-livre\/sao-roque-sp-ganha-museu-com-quase-150-carros-antigos\/Wellington Caldas\/Divulga\u00e7\u00e3o\" decoding=\"async\" class=\"aligncenter size-large wp-image-2318869\" alt=\"\" width=\"910\" height=\"607\" srcset=\"https:\/\/catracalivre.com.br\/wp-content\/uploads\/2023\/12\/432221-1089918-2-dream-car-museum-foto-wellington-caldas-910x607.jpg 910w, https:\/\/catracalivre.com.br\/wp-content\/uploads\/2023\/12\/432221-1089918-2-dream-car-museum-foto-wellington-caldas-450x300.jpg 450w, https:\/\/catracalivre.com.br\/wp-content\/uploads\/2023\/12\/432221-1089918-2-dream-car-museum-foto-wellington-caldas-768x512.jpg 768w\" sizes=\"auto, (max-width: 910px) 100vw, 910px\"\/><\/p>\n<p>Cr\u00e9ditos: Wellington Caldas\/Divulga\u00e7\u00e3o<\/p>\n<\/div>\n<\/div>\n<p>Pr\u00f3ximo dali, h\u00e1 o kart\u00f3dromo, que ficar\u00e1 pronto em janeiro pr\u00f3ximo e permitir\u00e1 se divertir com total seguran\u00e7a, com medidas oficiais da Federa\u00e7\u00e3o Internacional de Automobilismo (FIA), estando apto a sediar n\u00e3o apenas competi\u00e7\u00f5es de kart, mas tamb\u00e9m de motos.<\/p>\n<p>No shopping a c\u00e9u aberto, as 23 lojas comercializam roupas, acess\u00f3rios, souvenirs e miniaturas de autom\u00f3veis e caminh\u00f5es.<\/p>\n<div class=\"content-gallery position-relative mb-3\">\n<div class=\"tns-selector\" id=\"slider_650b1b50a004a246eaab2164b75219b0\">\n<div>\n<div class=\"with-caption\"><picture><img data-recalc-dims=\"1\" src=\"https:\/\/i0.wp.com\/catracalivre.com.br\/cdn-cgi\/image\/f%3Dauto%2Cq%3D60%2Cw%3D700%2Ch%3D1680%2Cfit%3Dscale-down\/wp-content\/uploads\/2023\/12\/432221-1089910-5-dream-car-museum-foto-wellington-caldas-910x607.jpg?w=700&#038;ssl=1\"  alt=\"Dream Car Museum conta com lojas e restaurantes\" loading=\"lazy\" decoding=\"async\" class=\"position-relative\"\/><\/picture>\n<p><span class=\"with-caption__about position-relative d-block\">Dream Car Museum conta com lojas e restaurantes<\/span><span class=\"with-caption__credit position-absolute\">Wellington Caldas\/Divulga\u00e7\u00e3o<\/span><\/p>\n<\/div>\n<\/div>\n<div>\n<div class=\"with-caption\"><picture><img data-recalc-dims=\"1\" src=\"https:\/\/i0.wp.com\/catracalivre.com.br\/cdn-cgi\/image\/f%3Dauto%2Cq%3D60%2Cw%3D700%2Ch%3D1680%2Cfit%3Dscale-down\/wp-content\/uploads\/2023\/12\/432221-1089907-15-dream-car-museum-foto-wellington-caldas-1-910x607.jpg?w=700&#038;ssl=1\"  alt=\"Dream Car Museum conta com lojas e restaurantes\" loading=\"lazy\" decoding=\"async\" class=\"position-relative\"\/><\/picture>\n<p><span class=\"with-caption__about position-relative d-block\">Dream Car Museum conta com lojas e restaurantes<\/span><span class=\"with-caption__credit position-absolute\">Wellington Caldas\/Divulga\u00e7\u00e3o<\/span><\/p>\n<\/div>\n<\/div>\n<div>\n<div class=\"with-caption\"><picture><img data-recalc-dims=\"1\" src=\"https:\/\/i0.wp.com\/catracalivre.com.br\/cdn-cgi\/image\/f%3Dauto%2Cq%3D60%2Cw%3D700%2Ch%3D1680%2Cfit%3Dscale-down\/wp-content\/uploads\/2023\/12\/432221-1089911-4-dream-car-museum-foto-wellington-caldas-910x607.jpg?w=700&#038;ssl=1\"  alt=\"Dream Car Museum conta com lojas e restaurantes\" loading=\"lazy\" decoding=\"async\" class=\"position-relative\"\/><\/picture>\n<p><span class=\"with-caption__about position-relative d-block\">Dream Car Museum conta com lojas e restaurantes<\/span><span class=\"with-caption__credit position-absolute\">Wellington Caldas\/Divulga\u00e7\u00e3o<\/span><\/p>\n<\/div>\n<\/div>\n<\/div>\n<\/div>\n<p>Nos 4 restaurantes, que entrar\u00e3o em funcionamento nas pr\u00f3ximas semanas, h\u00e1 op\u00e7\u00f5es de almo\u00e7o e jantar. Lanchonetes servem sushi, pizzas, hamb\u00fargueres, past\u00e9is, espetinhos, cervejas e vinhos.<\/p>\n<p><strong>Dream Car Museum<\/strong><br \/><strong>Onde<\/strong>: Estrada do Vinho, 7.901, bairro Canguera, S\u00e3o Roque (SP)<br \/><strong>Hor\u00e1rio<\/strong>: ter\u00e7a a domingo, das 9h \u00e0s 21h<br \/><strong>Quanto<\/strong>: R$ 76,59 (entrada para o museu). O estacionamento custa R$ 20,00 e tem capacidade para 1.000 carros.<br \/><strong>Informa\u00e7\u00f5es e ingressos<\/strong>: <a href=\"http:\/\/www.dl7tickets.com.br\/dreamcarmuseum\" target=\"_blank\" rel=\"noopener\">www.dl7tickets.com.br\/dreamcarmuseum<\/a>.<\/p>\n<\/div>\n<p><script>\n\t\t! function(f, b, e, v, n, t, s) {\n\t\t\tif (f.fbq) return;\n\t\t\tn = f.fbq = function() {\n\t\t\t\tn.callMethod ?\n\t\t\t\t\tn.callMethod.apply(n, arguments) : n.queue.push(arguments)\n\t\t\t};\n\t\t\tif (!f._fbq) f._fbq = n;\n\t\t\tn.push = n;\n\t\t\tn.loaded = !0;\n\t\t\tn.version = '2.0';\n\t\t\tn.queue = [];\n\t\t\tt = b.createElement(e);\n\t\t\tt.async = !0;\n\t\t\tt.src = v;\n\t\t\ts = b.getElementsByTagName(e)[0];\n\t\t\ts.parentNode.insertBefore(t, s)\n\t\t}(window, document, 'script',\n\t\t\t'https:\/\/connect.facebook.net\/en_US\/fbevents.js');\n\t\tfbq('init', '338315473262380');\n\t\tfbq('track', 'PageView');\n\t<\/script><br \/>\n<br \/><br \/>\n<br \/><a href=\"https:\/\/catracalivre.com.br\/viagem-livre\/sao-roque-sp-ganha-museu-com-quase-150-carros-antigos\/\">Source link <\/a><\/p>\n<div class='code-block code-block-4' style='margin: 8px auto 8px 0; text-align: left; display: block; clear: both;'>\n\ud83d\udce2 Aviso Legal\n\nO site ismaelcolosi.com.br atua apenas como um canal de divulga\u00e7\u00e3o de oportunidades de emprego e n\u00e3o se responsabiliza pelo processo seletivo, contrata\u00e7\u00e3o ou qualquer outra etapa relacionada \u00e0s vagas publicadas. Todas as informa\u00e7\u00f5es s\u00e3o de responsabilidade dos anunciantes.\n\n\u26a0\ufe0f Aten\u00e7\u00e3o! Nunca pague por promessas de emprego nem compre cursos que garantam contrata\u00e7\u00e3o. Desconfie de qualquer cobran\u00e7a para participar de sele\u00e7\u00f5es.\n\n\n\n<\/div>\n<!-- CONTENT END 1 -->\n","protected":false},"excerpt":{"rendered":"<p>S\u00e3o Roque vai ganhar mais uma atra\u00e7\u00e3o tur\u00edstica. A cidade, a 60 km da capital paulista, famosa pelo Roteiro do Vinho, agora ter\u00e1 um museu&#8230;<\/p>\n","protected":false},"author":1,"featured_media":11330,"comment_status":"open","ping_status":"open","sticky":false,"template":"","format":"standard","meta":{"_uag_custom_page_level_css":"","advanced_seo_description":"","jetpack_seo_html_title":"","jetpack_seo_noindex":false,"jetpack_post_was_ever_published":false,"_jetpack_newsletter_access":"","_jetpack_dont_email_post_to_subs":false,"_jetpack_newsletter_tier_id":0,"_jetpack_memberships_contains_paywalled_content":false,"_jetpack_memberships_contains_paid_content":false,"footnotes":"","jetpack_publicize_message":"","jetpack_publicize_feature_enabled":true,"jetpack_social_post_already_shared":true,"jetpack_social_options":{"image_generator_settings":{"template":"highway","default_image_id":0,"font":"","enabled":false},"version":2}},"categories":[19],"tags":[],"class_list":["post-11329","post","type-post","status-publish","format-standard","has-post-thumbnail","hentry","category-variedades"],"jetpack_publicize_connections":[],"jetpack_featured_media_url":"https:\/\/i0.wp.com\/ismaelcolosi.com.br\/wp-content\/uploads\/2023\/12\/432221-1089915-9-dream-car-museum-foto-wellington-caldas.jpg?fit=1200%2C638&ssl=1","uagb_featured_image_src":{"full":["https:\/\/i0.wp.com\/ismaelcolosi.com.br\/wp-content\/uploads\/2023\/12\/432221-1089915-9-dream-car-museum-foto-wellington-caldas.jpg?fit=1200%2C638&ssl=1",1200,638,false],"thumbnail":["https:\/\/i0.wp.com\/ismaelcolosi.com.br\/wp-content\/uploads\/2023\/12\/432221-1089915-9-dream-car-museum-foto-wellington-caldas.jpg?resize=150%2C150&ssl=1",150,150,true],"medium":["https:\/\/i0.wp.com\/ismaelcolosi.com.br\/wp-content\/uploads\/2023\/12\/432221-1089915-9-dream-car-museum-foto-wellington-caldas.jpg?fit=300%2C160&ssl=1",300,160,true],"medium_large":["https:\/\/i0.wp.com\/ismaelcolosi.com.br\/wp-content\/uploads\/2023\/12\/432221-1089915-9-dream-car-museum-foto-wellington-caldas.jpg?fit=768%2C408&ssl=1",768,408,true],"large":["https:\/\/i0.wp.com\/ismaelcolosi.com.br\/wp-content\/uploads\/2023\/12\/432221-1089915-9-dream-car-museum-foto-wellington-caldas.jpg?fit=1024%2C544&ssl=1",1024,544,true],"1536x1536":["https:\/\/i0.wp.com\/ismaelcolosi.com.br\/wp-content\/uploads\/2023\/12\/432221-1089915-9-dream-car-museum-foto-wellington-caldas.jpg?fit=1200%2C638&ssl=1",1200,638,true],"2048x2048":["https:\/\/i0.wp.com\/ismaelcolosi.com.br\/wp-content\/uploads\/2023\/12\/432221-1089915-9-dream-car-museum-foto-wellington-caldas.jpg?fit=1200%2C638&ssl=1",1200,638,true],"really-simple-thumb":["https:\/\/i0.wp.com\/ismaelcolosi.com.br\/wp-content\/uploads\/2023\/12\/432221-1089915-9-dream-car-museum-foto-wellington-caldas.jpg?resize=370%2C247&ssl=1",370,247,true]},"uagb_author_info":{"display_name":"ismaelcolosi.com.br","author_link":"https:\/\/ismaelcolosi.com.br\/index.php\/author\/vidareal-online\/"},"uagb_comment_info":0,"uagb_excerpt":"S\u00e3o Roque vai ganhar mais uma atra\u00e7\u00e3o tur\u00edstica. A cidade, a 60 km da capital paulista, famosa pelo Roteiro do Vinho, agora ter\u00e1 um museu...","jetpack-related-posts":[{"id":9421,"url":"https:\/\/ismaelcolosi.com.br\/index.php\/2023\/12\/01\/com-classicos-do-cinema-e-da-tv-ribeirao-recebe-2o-leilao-de-veiculos-antigos\/","url_meta":{"origin":11329,"position":0},"title":"Com cl\u00e1ssicos do cinema e da TV, Ribeir\u00e3o recebe 2\u00ba leil\u00e3o de ve\u00edculos antigos","author":"ismaelcolosi.com.br","date":"1 de December de 2023","format":false,"excerpt":"Come\u00e7ou nesta sexta-feira (1\u00ba de dezembro) o segundo leil\u00e3o de ve\u00edculos antigos de Ribeir\u00e3o Preto. S\u00e3o mais de 160 carros inscritos, incluindo alguns modelos que marcaram hist\u00f3ria na televis\u00e3o e no cinema. O leil\u00e3o segue at\u00e9 s\u00e1bado (2), e conta com carros como o Mercury 1941 convers\u00edvel, que apareceu no\u2026","rel":"","context":"In &quot;Not\u00edcias de Ribeir\u00e3o Preto-SP e Regi\u00e3o&quot;","block_context":{"text":"Not\u00edcias de Ribeir\u00e3o Preto-SP e Regi\u00e3o","link":"https:\/\/ismaelcolosi.com.br\/index.php\/category\/noticias-de-ribeirao-preto-sp-e-regiao-ismael-colosi\/"},"img":{"alt_text":"","src":"https:\/\/i0.wp.com\/ismaelcolosi.com.br\/wp-content\/uploads\/2023\/12\/mercury-1941-leilao.jpg?fit=687%2C512&ssl=1&resize=350%2C200","width":350,"height":200,"srcset":"https:\/\/i0.wp.com\/ismaelcolosi.com.br\/wp-content\/uploads\/2023\/12\/mercury-1941-leilao.jpg?fit=687%2C512&ssl=1&resize=350%2C200 1x, https:\/\/i0.wp.com\/ismaelcolosi.com.br\/wp-content\/uploads\/2023\/12\/mercury-1941-leilao.jpg?fit=687%2C512&ssl=1&resize=525%2C300 1.5x"},"classes":[]},{"id":52647,"url":"https:\/\/ismaelcolosi.com.br\/index.php\/2024\/06\/09\/ribeirao-preto-tem-nova-exposicao-gratuita-de-carros-antigos-veja-quando\/","url_meta":{"origin":11329,"position":1},"title":"Ribeir\u00e3o Preto tem nova exposi\u00e7\u00e3o gratuita de carros antigos; Veja quando","author":"ismaelcolosi.com.br","date":"9 de June de 2024","format":false,"excerpt":"Ribeir\u00e3o Preto recebe nova exposi\u00e7\u00e3o gratuita de carros antigos, nos dias 15 e 16 de junho, na sede do Clube Faixa Branca, localizada na rua Luciana Mara Ign\u00e1cio, 825, no Jardim Bot\u00e2nico, zona Sul do munic\u00edpio. O evento faz parte da celebra\u00e7\u00e3o dos 35 anos de funda\u00e7\u00e3o do clube de\u2026","rel":"","context":"In &quot;Not\u00edcias de Ribeir\u00e3o Preto-SP e Regi\u00e3o&quot;","block_context":{"text":"Not\u00edcias de Ribeir\u00e3o Preto-SP e Regi\u00e3o","link":"https:\/\/ismaelcolosi.com.br\/index.php\/category\/noticias-de-ribeirao-preto-sp-e-regiao-ismael-colosi\/"},"img":{"alt_text":"","src":"https:\/\/i0.wp.com\/ismaelcolosi.com.br\/wp-content\/uploads\/2024\/06\/IMG_2514_2024-06-09_15-13-31_jpg_2024-06-09_15-13-31.webp.webp?fit=1200%2C800&ssl=1&resize=350%2C200","width":350,"height":200,"srcset":"https:\/\/i0.wp.com\/ismaelcolosi.com.br\/wp-content\/uploads\/2024\/06\/IMG_2514_2024-06-09_15-13-31_jpg_2024-06-09_15-13-31.webp.webp?fit=1200%2C800&ssl=1&resize=350%2C200 1x, https:\/\/i0.wp.com\/ismaelcolosi.com.br\/wp-content\/uploads\/2024\/06\/IMG_2514_2024-06-09_15-13-31_jpg_2024-06-09_15-13-31.webp.webp?fit=1200%2C800&ssl=1&resize=525%2C300 1.5x, https:\/\/i0.wp.com\/ismaelcolosi.com.br\/wp-content\/uploads\/2024\/06\/IMG_2514_2024-06-09_15-13-31_jpg_2024-06-09_15-13-31.webp.webp?fit=1200%2C800&ssl=1&resize=700%2C400 2x, https:\/\/i0.wp.com\/ismaelcolosi.com.br\/wp-content\/uploads\/2024\/06\/IMG_2514_2024-06-09_15-13-31_jpg_2024-06-09_15-13-31.webp.webp?fit=1200%2C800&ssl=1&resize=1050%2C600 3x"},"classes":[]},{"id":53531,"url":"https:\/\/ismaelcolosi.com.br\/index.php\/2024\/06\/17\/ribeirao-preto-tem-nova-edicao-de-leilao-com-veiculos-antigos-veja-quando\/","url_meta":{"origin":11329,"position":2},"title":"Ribeir\u00e3o Preto tem nova edi\u00e7\u00e3o de leil\u00e3o com ve\u00edculos antigos; Veja quando","author":"ismaelcolosi.com.br","date":"17 de June de 2024","format":false,"excerpt":"Ribeir\u00e3o Preto recebe, nos dias 26 e 27 de julho, o 3\u00ba Leil\u00e3o de Ve\u00edculos Antigos. No ano passado, o evento reuniu mais de 160 carros inscritos, entre eles, o modelo esportivo Mercury 1941 convers\u00edvel, que apareceu no filme Karat\u00ea Kid, de 1984. Outra \u2018estrela\u2019 que esteve exposta foi a\u2026","rel":"","context":"In &quot;Not\u00edcias de Ribeir\u00e3o Preto-SP e Regi\u00e3o&quot;","block_context":{"text":"Not\u00edcias de Ribeir\u00e3o Preto-SP e Regi\u00e3o","link":"https:\/\/ismaelcolosi.com.br\/index.php\/category\/noticias-de-ribeirao-preto-sp-e-regiao-ismael-colosi\/"},"img":{"alt_text":"","src":"https:\/\/i0.wp.com\/ismaelcolosi.com.br\/wp-content\/uploads\/2024\/06\/Leilao-Veiculos-Antigos-Ribeirao-Preto-divulgacao-4-_2024-06-17_18-01-52_jpg_2024-06-17_18-01-52.webp.webp?fit=1200%2C800&ssl=1&resize=350%2C200","width":350,"height":200,"srcset":"https:\/\/i0.wp.com\/ismaelcolosi.com.br\/wp-content\/uploads\/2024\/06\/Leilao-Veiculos-Antigos-Ribeirao-Preto-divulgacao-4-_2024-06-17_18-01-52_jpg_2024-06-17_18-01-52.webp.webp?fit=1200%2C800&ssl=1&resize=350%2C200 1x, https:\/\/i0.wp.com\/ismaelcolosi.com.br\/wp-content\/uploads\/2024\/06\/Leilao-Veiculos-Antigos-Ribeirao-Preto-divulgacao-4-_2024-06-17_18-01-52_jpg_2024-06-17_18-01-52.webp.webp?fit=1200%2C800&ssl=1&resize=525%2C300 1.5x, https:\/\/i0.wp.com\/ismaelcolosi.com.br\/wp-content\/uploads\/2024\/06\/Leilao-Veiculos-Antigos-Ribeirao-Preto-divulgacao-4-_2024-06-17_18-01-52_jpg_2024-06-17_18-01-52.webp.webp?fit=1200%2C800&ssl=1&resize=700%2C400 2x, https:\/\/i0.wp.com\/ismaelcolosi.com.br\/wp-content\/uploads\/2024\/06\/Leilao-Veiculos-Antigos-Ribeirao-Preto-divulgacao-4-_2024-06-17_18-01-52_jpg_2024-06-17_18-01-52.webp.webp?fit=1200%2C800&ssl=1&resize=1050%2C600 3x"},"classes":[]},{"id":6671,"url":"https:\/\/ismaelcolosi.com.br\/index.php\/2023\/11\/26\/leilao-em-rp-tera-modelos-que-foram-sucesso-nas-telas-na-decada-de-1980\/","url_meta":{"origin":11329,"position":3},"title":"Leil\u00e3o em RP ter\u00e1 modelos que foram sucesso nas telas na d\u00e9cada de 1980\u00a0","author":"ismaelcolosi.com.br","date":"26 de November de 2023","format":false,"excerpt":"O 2\u00ba Leil\u00e3o de Ve\u00edculos Antigos Ribeir\u00e3o Preto, a 56\u00b0 edi\u00e7\u00e3o do Circuito de Leil\u00f5es do Brasil, superou expectativas com mais de 160 ve\u00edculos inscritos, um n\u00famero bastante expressivo e 30% maior que o da primeira edi\u00e7\u00e3o, que aconteceu em Ribeir\u00e3o Preto no m\u00eas de outubro deste ano e movimentou\u2026","rel":"","context":"In &quot;Not\u00edcias de Ribeir\u00e3o Preto-SP e Regi\u00e3o&quot;","block_context":{"text":"Not\u00edcias de Ribeir\u00e3o Preto-SP e Regi\u00e3o","link":"https:\/\/ismaelcolosi.com.br\/index.php\/category\/noticias-de-ribeirao-preto-sp-e-regiao-ismael-colosi\/"},"img":{"alt_text":"","src":"https:\/\/i0.wp.com\/ismaelcolosi.com.br\/wp-content\/uploads\/2023\/11\/mercedes.jpg?fit=1086%2C652&ssl=1&resize=350%2C200","width":350,"height":200,"srcset":"https:\/\/i0.wp.com\/ismaelcolosi.com.br\/wp-content\/uploads\/2023\/11\/mercedes.jpg?fit=1086%2C652&ssl=1&resize=350%2C200 1x, https:\/\/i0.wp.com\/ismaelcolosi.com.br\/wp-content\/uploads\/2023\/11\/mercedes.jpg?fit=1086%2C652&ssl=1&resize=525%2C300 1.5x, https:\/\/i0.wp.com\/ismaelcolosi.com.br\/wp-content\/uploads\/2023\/11\/mercedes.jpg?fit=1086%2C652&ssl=1&resize=700%2C400 2x, https:\/\/i0.wp.com\/ismaelcolosi.com.br\/wp-content\/uploads\/2023\/11\/mercedes.jpg?fit=1086%2C652&ssl=1&resize=1050%2C600 3x"},"classes":[]},{"id":15199,"url":"https:\/\/ismaelcolosi.com.br\/index.php\/2023\/12\/13\/10-destinos-para-curtir-os-dias-quentes-do-verao-perto-de-sp\/","url_meta":{"origin":11329,"position":4},"title":"10 destinos para curtir os dias quentes do ver\u00e3o perto de SP","author":"ismaelcolosi.com.br","date":"13 de December de 2023","format":false,"excerpt":"Esta\u00e7\u00e3o mais aguardada pela maioria dos brasileiros, o ver\u00e3o come\u00e7a oficialmente no dia 22 de dezembro. Mas os dias ensolarados das \u00faltimas semanas j\u00e1 d\u00e3o uma pr\u00e9via de como ser\u00e1 a esta\u00e7\u00e3o. Para voc\u00ea que procura por op\u00e7\u00f5es para curtir as os dias ensolarados com a fam\u00edlia ou amigos perto\u2026","rel":"","context":"In &quot;Variedades&quot;","block_context":{"text":"Variedades","link":"https:\/\/ismaelcolosi.com.br\/index.php\/category\/variedades\/"},"img":{"alt_text":"","src":"https:\/\/i0.wp.com\/ismaelcolosi.com.br\/wp-content\/uploads\/2023\/12\/embu-das-artes-rua-scaled.jpg?fit=1200%2C638&ssl=1&resize=350%2C200","width":350,"height":200,"srcset":"https:\/\/i0.wp.com\/ismaelcolosi.com.br\/wp-content\/uploads\/2023\/12\/embu-das-artes-rua-scaled.jpg?fit=1200%2C638&ssl=1&resize=350%2C200 1x, https:\/\/i0.wp.com\/ismaelcolosi.com.br\/wp-content\/uploads\/2023\/12\/embu-das-artes-rua-scaled.jpg?fit=1200%2C638&ssl=1&resize=525%2C300 1.5x, https:\/\/i0.wp.com\/ismaelcolosi.com.br\/wp-content\/uploads\/2023\/12\/embu-das-artes-rua-scaled.jpg?fit=1200%2C638&ssl=1&resize=700%2C400 2x, https:\/\/i0.wp.com\/ismaelcolosi.com.br\/wp-content\/uploads\/2023\/12\/embu-das-artes-rua-scaled.jpg?fit=1200%2C638&ssl=1&resize=1050%2C600 3x"},"classes":[]},{"id":47195,"url":"https:\/\/ismaelcolosi.com.br\/index.php\/2024\/04\/25\/shopping-da-zona-sul-de-ribeirao-preto-recebe-exposicao-de-carros-antigos-veja-quando\/","url_meta":{"origin":11329,"position":5},"title":"Shopping da zona Sul de Ribeir\u00e3o Preto recebe exposi\u00e7\u00e3o de carros antigos; Veja quando","author":"ismaelcolosi.com.br","date":"25 de April de 2024","format":false,"excerpt":"O shopping Iguatemi de Ribeir\u00e3o Preto recebe neste s\u00e1bado (27), um evento gratuito para quem \u00e9 apaixonado por carros antigos. O empreendimento vai receber uma exposi\u00e7\u00e3o de carros antigos, rel\u00edquias e raridades, reunindo cerca de 50 autom\u00f3veis de modelos variados, alguns com mais de 90% de originalidade e outros de\u2026","rel":"","context":"In &quot;Not\u00edcias de Ribeir\u00e3o Preto-SP e Regi\u00e3o&quot;","block_context":{"text":"Not\u00edcias de Ribeir\u00e3o Preto-SP e Regi\u00e3o","link":"https:\/\/ismaelcolosi.com.br\/index.php\/category\/noticias-de-ribeirao-preto-sp-e-regiao-ismael-colosi\/"},"img":{"alt_text":"","src":"https:\/\/i0.wp.com\/ismaelcolosi.com.br\/wp-content\/uploads\/2024\/04\/90d5187b9cacc33433269f3cf094ecc2_2024-04-25_00-14-20_jpeg.webp.webp?fit=1200%2C803&ssl=1&resize=350%2C200","width":350,"height":200,"srcset":"https:\/\/i0.wp.com\/ismaelcolosi.com.br\/wp-content\/uploads\/2024\/04\/90d5187b9cacc33433269f3cf094ecc2_2024-04-25_00-14-20_jpeg.webp.webp?fit=1200%2C803&ssl=1&resize=350%2C200 1x, https:\/\/i0.wp.com\/ismaelcolosi.com.br\/wp-content\/uploads\/2024\/04\/90d5187b9cacc33433269f3cf094ecc2_2024-04-25_00-14-20_jpeg.webp.webp?fit=1200%2C803&ssl=1&resize=525%2C300 1.5x, https:\/\/i0.wp.com\/ismaelcolosi.com.br\/wp-content\/uploads\/2024\/04\/90d5187b9cacc33433269f3cf094ecc2_2024-04-25_00-14-20_jpeg.webp.webp?fit=1200%2C803&ssl=1&resize=700%2C400 2x, https:\/\/i0.wp.com\/ismaelcolosi.com.br\/wp-content\/uploads\/2024\/04\/90d5187b9cacc33433269f3cf094ecc2_2024-04-25_00-14-20_jpeg.webp.webp?fit=1200%2C803&ssl=1&resize=1050%2C600 3x"},"classes":[]}],"jetpack_sharing_enabled":true,"jetpack_shortlink":"https:\/\/wp.me\/pfMlyK-2WJ","_links":{"self":[{"href":"https:\/\/ismaelcolosi.com.br\/index.php\/wp-json\/wp\/v2\/posts\/11329","targetHints":{"allow":["GET"]}}],"collection":[{"href":"https:\/\/ismaelcolosi.com.br\/index.php\/wp-json\/wp\/v2\/posts"}],"about":[{"href":"https:\/\/ismaelcolosi.com.br\/index.php\/wp-json\/wp\/v2\/types\/post"}],"author":[{"embeddable":true,"href":"https:\/\/ismaelcolosi.com.br\/index.php\/wp-json\/wp\/v2\/users\/1"}],"replies":[{"embeddable":true,"href":"https:\/\/ismaelcolosi.com.br\/index.php\/wp-json\/wp\/v2\/comments?post=11329"}],"version-history":[{"count":0,"href":"https:\/\/ismaelcolosi.com.br\/index.php\/wp-json\/wp\/v2\/posts\/11329\/revisions"}],"wp:featuredmedia":[{"embeddable":true,"href":"https:\/\/ismaelcolosi.com.br\/index.php\/wp-json\/wp\/v2\/media\/11330"}],"wp:attachment":[{"href":"https:\/\/ismaelcolosi.com.br\/index.php\/wp-json\/wp\/v2\/media?parent=11329"}],"wp:term":[{"taxonomy":"category","embeddable":true,"href":"https:\/\/ismaelcolosi.com.br\/index.php\/wp-json\/wp\/v2\/categories?post=11329"},{"taxonomy":"post_tag","embeddable":true,"href":"https:\/\/ismaelcolosi.com.br\/index.php\/wp-json\/wp\/v2\/tags?post=11329"}],"curies":[{"name":"wp","href":"https:\/\/api.w.org\/{rel}","templated":true}]}}