{"id":11277,"date":"2023-12-05T21:42:41","date_gmt":"2023-12-06T00:42:41","guid":{"rendered":"https:\/\/ismaelcolosi.com.br\/index.php\/2023\/12\/05\/meta-anuncia-fim-de-funcionalidade-que-ligava-facebook-com-instagram\/"},"modified":"2023-12-05T21:42:41","modified_gmt":"2023-12-06T00:42:41","slug":"meta-anuncia-fim-de-funcionalidade-que-ligava-facebook-com-instagram","status":"publish","type":"post","link":"https:\/\/ismaelcolosi.com.br\/index.php\/2023\/12\/05\/meta-anuncia-fim-de-funcionalidade-que-ligava-facebook-com-instagram\/","title":{"rendered":"Meta anuncia fim de funcionalidade que ligava Facebook com Instagram"},"content":{"rendered":"<p> <br \/>\n<\/p>\n<div>\n<div id=\"attachment_2320765\" class=\"wp-caption alignnone\">\n<div class=\"d-flex justify-content-center\" data-attachment-id=\"2320765\">\n<div class=\"position-relative d-inline-block\"><img data-recalc-dims=\"1\" data-portal-copyright=\"iStock\/bigtunaonline\" fetchpriority=\"high\" decoding=\"async\" class=\"size-full wp-image-2320765\" src=\"https:\/\/i0.wp.com\/catracalivre.com.br\/wp-content\/uploads\/2023\/12\/istock-927298832-e1701809648698.jpg?resize=1113%2C558&#038;ssl=1\" alt=\"Integra\u00e7\u00e3o entre os mensageiros do Facebook e Instagram\" width=\"1113\" height=\"558\" srcset=\"https:\/\/catracalivre.com.br\/wp-content\/uploads\/2023\/12\/istock-927298832-e1701809648698.jpg 1113w, https:\/\/catracalivre.com.br\/wp-content\/uploads\/2023\/12\/istock-927298832-e1701809648698-450x226.jpg 450w, https:\/\/catracalivre.com.br\/wp-content\/uploads\/2023\/12\/istock-927298832-e1701809648698-768x385.jpg 768w\" sizes=\"(max-width: 1113px) 100vw, 1113px\"\/><\/p>\n<p>Cr\u00e9ditos: iStock\/bigtunaonline<\/p>\n<\/div>\n<\/div>\n<p><span class=\"post-imagem__legenda\">Integra\u00e7\u00e3o entre os mensageiros do Facebook e Instagram<\/span><\/p>\n<\/div>\n<p>A Meta anunciou que acabar\u00e1 com a <a href=\"https:\/\/catracalivre.com.br\/entretenimento\/whatsapp-prepara-novidade-envolvendo-status-com-stories-do-instagram\/\" target=\"_blank\" rel=\"noopener\">integra\u00e7\u00e3o<\/a> de mensagens entre os servi\u00e7os do Facebook (Messenger) e do <a href=\"https:\/\/catracalivre.com.br\/entretenimento\/instagram-testa-recurso-de-ocultar-sua-curtida-para-o-dono-da-publicacao\/\" target=\"_blank\" rel=\"noopener\">Instagram<\/a>. A mudan\u00e7a deve ocorrer em breve, uma decis\u00e3o descoberta inicialmente na p\u00e1gina \u201cCentral de Ajuda\u201d do Facebook.<\/p>\n<p>Todavia, a comunica\u00e7\u00e3o entre as contas de ambas as redes estar\u00e1 mantida num modo \u201csomente leitura\u201d, ou seja, as conversas continuar\u00e3o vis\u00edveis, mas n\u00e3o \u00e9 poss\u00edvel interagir.<\/p>\n<p>Al\u00e9m disso, as discuss\u00f5es com contas do Instagram n\u00e3o ser\u00e3o transferidas para as \u201cMensagens Diretas\u201d do <a href=\"https:\/\/about.meta.com\/br\/\" target=\"_blank\" rel=\"noopener\">aplicativo<\/a>.<\/p>\n<h2>Hist\u00f3rico da integra\u00e7\u00e3o entre os mensageiros<\/h2>\n<p>A Meta tomou a decis\u00e3o de integrar as mensagens de Instagram e Facebook em 2020 com o objetivo de facilitar a intera\u00e7\u00e3o entre os usu\u00e1rios das suas plataformas, aumentar a popularidade do Messenger e simplificar o desenvolvimento de novas funcionalidades para a sua plataforma.<\/p>\n<p>Al\u00e9m desses pontos, surgiram suspeitas de que a fus\u00e3o dos mensageiros era uma estrat\u00e9gia para unificar as plataformas em um \u00fanico servi\u00e7o.<\/p>\n<p>Isso serviria para dificultar a aplica\u00e7\u00e3o de decis\u00f5es judiciais que possam vir a exigir a separa\u00e7\u00e3o de Instagram e Facebook, j\u00e1 que as duas redes passariam a ser praticamente um \u00fanico servi\u00e7o.<\/p>\n<h2>Quando a integra\u00e7\u00e3o entre Facebook e Instagram chegar\u00e1 ao fim?<\/h2>\n<p>At\u00e9 o momento, n\u00e3o existe uma data confirmada para o t\u00e9rmino da integra\u00e7\u00e3o das mensagens entre Instagram e Facebook. \u00c9 poss\u00edvel que essa altera\u00e7\u00e3o seja implementada de maneira gradual.<\/p>\n<p>Portanto, os usu\u00e1rios devem estar atentos \u00e0s conversas que t\u00eam nos servi\u00e7os de mensagens do Meta, para que possam se adaptar \u00e0s novas circunst\u00e2ncias.<\/p>\n<\/div>\n<p><script>\n\t\t! function(f, b, e, v, n, t, s) {\n\t\t\tif (f.fbq) return;\n\t\t\tn = f.fbq = function() {\n\t\t\t\tn.callMethod ?\n\t\t\t\t\tn.callMethod.apply(n, arguments) : n.queue.push(arguments)\n\t\t\t};\n\t\t\tif (!f._fbq) f._fbq = n;\n\t\t\tn.push = n;\n\t\t\tn.loaded = !0;\n\t\t\tn.version = '2.0';\n\t\t\tn.queue = [];\n\t\t\tt = b.createElement(e);\n\t\t\tt.async = !0;\n\t\t\tt.src = v;\n\t\t\ts = b.getElementsByTagName(e)[0];\n\t\t\ts.parentNode.insertBefore(t, s)\n\t\t}(window, document, 'script',\n\t\t\t'https:\/\/connect.facebook.net\/en_US\/fbevents.js');\n\t\tfbq('init', '338315473262380');\n\t\tfbq('track', 'PageView');\n\t<\/script><br \/>\n<br \/><br \/>\n<br \/><a href=\"https:\/\/catracalivre.com.br\/entretenimento\/meta-encerra-integracao-entre-mensageiros-do-facebook-e-instagram\/\">Source link <\/a><\/p>\n<div class='code-block code-block-4' style='margin: 8px auto 8px 0; text-align: left; display: block; clear: both;'>\n\ud83d\udce2 Aviso Legal\n\nO site ismaelcolosi.com.br atua apenas como um canal de divulga\u00e7\u00e3o de oportunidades de emprego e n\u00e3o se responsabiliza pelo processo seletivo, contrata\u00e7\u00e3o ou qualquer outra etapa relacionada \u00e0s vagas publicadas. Todas as informa\u00e7\u00f5es s\u00e3o de responsabilidade dos anunciantes.\n\n\u26a0\ufe0f Aten\u00e7\u00e3o! Nunca pague por promessas de emprego nem compre cursos que garantam contrata\u00e7\u00e3o. Desconfie de qualquer cobran\u00e7a para participar de sele\u00e7\u00f5es.\n\n\n\n<\/div>\n<!-- CONTENT END 1 -->\n","protected":false},"excerpt":{"rendered":"<p>Cr\u00e9ditos: iStock\/bigtunaonline Integra\u00e7\u00e3o entre os mensageiros do Facebook e Instagram A Meta anunciou que acabar\u00e1 com a integra\u00e7\u00e3o de mensagens entre os servi\u00e7os do Facebook&#8230;<\/p>\n","protected":false},"author":1,"featured_media":11278,"comment_status":"open","ping_status":"open","sticky":false,"template":"","format":"standard","meta":{"_uag_custom_page_level_css":"","advanced_seo_description":"","jetpack_seo_html_title":"","jetpack_seo_noindex":false,"jetpack_post_was_ever_published":false,"_jetpack_newsletter_access":"","_jetpack_dont_email_post_to_subs":false,"_jetpack_newsletter_tier_id":0,"_jetpack_memberships_contains_paywalled_content":false,"_jetpack_memberships_contains_paid_content":false,"footnotes":"","jetpack_publicize_message":"","jetpack_publicize_feature_enabled":true,"jetpack_social_post_already_shared":true,"jetpack_social_options":{"image_generator_settings":{"template":"highway","default_image_id":0,"font":"","enabled":false},"version":2}},"categories":[19],"tags":[],"class_list":["post-11277","post","type-post","status-publish","format-standard","has-post-thumbnail","hentry","category-variedades"],"jetpack_publicize_connections":[],"jetpack_featured_media_url":"https:\/\/i0.wp.com\/ismaelcolosi.com.br\/wp-content\/uploads\/2023\/12\/istock-927298832-e1701809648698.jpg?fit=1200%2C638&ssl=1","uagb_featured_image_src":{"full":["https:\/\/i0.wp.com\/ismaelcolosi.com.br\/wp-content\/uploads\/2023\/12\/istock-927298832-e1701809648698.jpg?fit=1200%2C638&ssl=1",1200,638,false],"thumbnail":["https:\/\/i0.wp.com\/ismaelcolosi.com.br\/wp-content\/uploads\/2023\/12\/istock-927298832-e1701809648698.jpg?resize=150%2C150&ssl=1",150,150,true],"medium":["https:\/\/i0.wp.com\/ismaelcolosi.com.br\/wp-content\/uploads\/2023\/12\/istock-927298832-e1701809648698.jpg?fit=300%2C160&ssl=1",300,160,true],"medium_large":["https:\/\/i0.wp.com\/ismaelcolosi.com.br\/wp-content\/uploads\/2023\/12\/istock-927298832-e1701809648698.jpg?fit=768%2C408&ssl=1",768,408,true],"large":["https:\/\/i0.wp.com\/ismaelcolosi.com.br\/wp-content\/uploads\/2023\/12\/istock-927298832-e1701809648698.jpg?fit=1024%2C544&ssl=1",1024,544,true],"1536x1536":["https:\/\/i0.wp.com\/ismaelcolosi.com.br\/wp-content\/uploads\/2023\/12\/istock-927298832-e1701809648698.jpg?fit=1200%2C638&ssl=1",1200,638,true],"2048x2048":["https:\/\/i0.wp.com\/ismaelcolosi.com.br\/wp-content\/uploads\/2023\/12\/istock-927298832-e1701809648698.jpg?fit=1200%2C638&ssl=1",1200,638,true],"really-simple-thumb":["https:\/\/i0.wp.com\/ismaelcolosi.com.br\/wp-content\/uploads\/2023\/12\/istock-927298832-e1701809648698.jpg?resize=370%2C247&ssl=1",370,247,true]},"uagb_author_info":{"display_name":"ismaelcolosi.com.br","author_link":"https:\/\/ismaelcolosi.com.br\/index.php\/author\/vidareal-online\/"},"uagb_comment_info":0,"uagb_excerpt":"Cr\u00e9ditos: iStock\/bigtunaonline Integra\u00e7\u00e3o entre os mensageiros do Facebook e Instagram A Meta anunciou que acabar\u00e1 com a integra\u00e7\u00e3o de mensagens entre os servi\u00e7os do Facebook...","jetpack-related-posts":[{"id":40797,"url":"https:\/\/ismaelcolosi.com.br\/index.php\/2024\/03\/05\/facebook-e-instagram-voltam-a-funcionar-apos-instabilidade\/","url_meta":{"origin":11277,"position":0},"title":"Facebook e Instagram voltam a funcionar ap\u00f3s instabilidade","author":"ismaelcolosi.com.br","date":"5 de March de 2024","format":false,"excerpt":"5 de mar\u00e7o de 2024 | 16:40 0O Facebook, o Instagram, o Messenger e o Threads apresentam instabilidade de cerca de uma hora e meia ao redor no mundo nesta ter\u00e7a-feira, 5. A principal reclama\u00e7\u00e3o era de que o feed de not\u00edcias n\u00e3o carrega no servi\u00e7os.Outros usu\u00e1rios relataram que os\u2026","rel":"","context":"In &quot;Not\u00edcias de Ribeir\u00e3o Preto-SP e Regi\u00e3o&quot;","block_context":{"text":"Not\u00edcias de Ribeir\u00e3o Preto-SP e Regi\u00e3o","link":"https:\/\/ismaelcolosi.com.br\/index.php\/category\/noticias-de-ribeirao-preto-sp-e-regiao-ismael-colosi\/"},"img":{"alt_text":"","src":"https:\/\/i0.wp.com\/ismaelcolosi.com.br\/wp-content\/uploads\/2024\/03\/tech-drogas-instagram-19mai22-GettyImages-768x512-1.png?fit=768%2C512&ssl=1&resize=350%2C200","width":350,"height":200,"srcset":"https:\/\/i0.wp.com\/ismaelcolosi.com.br\/wp-content\/uploads\/2024\/03\/tech-drogas-instagram-19mai22-GettyImages-768x512-1.png?fit=768%2C512&ssl=1&resize=350%2C200 1x, https:\/\/i0.wp.com\/ismaelcolosi.com.br\/wp-content\/uploads\/2024\/03\/tech-drogas-instagram-19mai22-GettyImages-768x512-1.png?fit=768%2C512&ssl=1&resize=525%2C300 1.5x, https:\/\/i0.wp.com\/ismaelcolosi.com.br\/wp-content\/uploads\/2024\/03\/tech-drogas-instagram-19mai22-GettyImages-768x512-1.png?fit=768%2C512&ssl=1&resize=700%2C400 2x"},"classes":[]},{"id":40746,"url":"https:\/\/ismaelcolosi.com.br\/index.php\/2024\/03\/05\/usuarios-registram-problemas-globais-de-acesso-a-facebook-e-instagram\/","url_meta":{"origin":11277,"position":1},"title":"Usu\u00e1rios registram problemas globais de acesso a Facebook e Instagram","author":"ismaelcolosi.com.br","date":"5 de March de 2024","format":false,"excerpt":"5 de mar\u00e7o de 2024 | 13:52 0\u00a0Maria L\u00edgia Barros (AE)Usu\u00e1rios de todo o mundo t\u00eam registrado problemas de acesso ao Instagram e ao Facebook na \u00faltima hora. Os problemas teriam come\u00e7ado por volta das 12 horas (de Bras\u00edlia), segundo monitoramentos de plataformas especializadas. O Down Detector registrou mais de\u2026","rel":"","context":"In &quot;Not\u00edcias de Ribeir\u00e3o Preto-SP e Regi\u00e3o&quot;","block_context":{"text":"Not\u00edcias de Ribeir\u00e3o Preto-SP e Regi\u00e3o","link":"https:\/\/ismaelcolosi.com.br\/index.php\/category\/noticias-de-ribeirao-preto-sp-e-regiao-ismael-colosi\/"},"img":{"alt_text":"","src":"https:\/\/i0.wp.com\/ismaelcolosi.com.br\/wp-content\/uploads\/2024\/03\/Facebook-Dado-Ruvic-Reuters-scaled.jpg?fit=1000%2C598&ssl=1&resize=350%2C200","width":350,"height":200,"srcset":"https:\/\/i0.wp.com\/ismaelcolosi.com.br\/wp-content\/uploads\/2024\/03\/Facebook-Dado-Ruvic-Reuters-scaled.jpg?fit=1000%2C598&ssl=1&resize=350%2C200 1x, https:\/\/i0.wp.com\/ismaelcolosi.com.br\/wp-content\/uploads\/2024\/03\/Facebook-Dado-Ruvic-Reuters-scaled.jpg?fit=1000%2C598&ssl=1&resize=525%2C300 1.5x, https:\/\/i0.wp.com\/ismaelcolosi.com.br\/wp-content\/uploads\/2024\/03\/Facebook-Dado-Ruvic-Reuters-scaled.jpg?fit=1000%2C598&ssl=1&resize=700%2C400 2x"},"classes":[]},{"id":79011,"url":"https:\/\/ismaelcolosi.com.br\/index.php\/2024\/12\/11\/meta-se-pronuncia-sobre-instabilidade-no-whatsapp-instagram-e-facebook\/","url_meta":{"origin":11277,"position":2},"title":"Meta se pronuncia sobre instabilidade no Whatsapp, Instagram e Facebook","author":"ismaelcolosi.com.br","date":"11 de December de 2024","format":false,"excerpt":"A\u00a0Meta, empresa respons\u00e1vel pelo\u00a0WhatsApp, Instagram e Facebook, reconheceu que problemas t\u00e9cnicos est\u00e3o afetando o funcionamento de suas plataformas, na tarde desta quarta-feira (11). \u201cEstamos cientes de que um problema t\u00e9cnico est\u00e1 afetando a capacidade de alguns usu\u00e1rios de acessar nossos aplicativos. Estamos trabalhando para que as coisas voltem ao normal\u2026","rel":"","context":"In &quot;Not\u00edcias de Ribeir\u00e3o Preto-SP e Regi\u00e3o&quot;","block_context":{"text":"Not\u00edcias de Ribeir\u00e3o Preto-SP e Regi\u00e3o","link":"https:\/\/ismaelcolosi.com.br\/index.php\/category\/noticias-de-ribeirao-preto-sp-e-regiao-ismael-colosi\/"},"img":{"alt_text":"","src":"https:\/\/i0.wp.com\/ismaelcolosi.com.br\/wp-content\/uploads\/2024\/12\/Copia-de-Copia-de-Copia-de-TAMANHO-EXATO-PARA-FOTOS-NO-SISTEMA-NOVO-2024-12-11T170809.088_2024-12-11_20-08-36_png_2024-12-11_20-08-36.webp.webp?fit=1200%2C675&ssl=1&resize=350%2C200","width":350,"height":200,"srcset":"https:\/\/i0.wp.com\/ismaelcolosi.com.br\/wp-content\/uploads\/2024\/12\/Copia-de-Copia-de-Copia-de-TAMANHO-EXATO-PARA-FOTOS-NO-SISTEMA-NOVO-2024-12-11T170809.088_2024-12-11_20-08-36_png_2024-12-11_20-08-36.webp.webp?fit=1200%2C675&ssl=1&resize=350%2C200 1x, https:\/\/i0.wp.com\/ismaelcolosi.com.br\/wp-content\/uploads\/2024\/12\/Copia-de-Copia-de-Copia-de-TAMANHO-EXATO-PARA-FOTOS-NO-SISTEMA-NOVO-2024-12-11T170809.088_2024-12-11_20-08-36_png_2024-12-11_20-08-36.webp.webp?fit=1200%2C675&ssl=1&resize=525%2C300 1.5x, https:\/\/i0.wp.com\/ismaelcolosi.com.br\/wp-content\/uploads\/2024\/12\/Copia-de-Copia-de-Copia-de-TAMANHO-EXATO-PARA-FOTOS-NO-SISTEMA-NOVO-2024-12-11T170809.088_2024-12-11_20-08-36_png_2024-12-11_20-08-36.webp.webp?fit=1200%2C675&ssl=1&resize=700%2C400 2x, https:\/\/i0.wp.com\/ismaelcolosi.com.br\/wp-content\/uploads\/2024\/12\/Copia-de-Copia-de-Copia-de-TAMANHO-EXATO-PARA-FOTOS-NO-SISTEMA-NOVO-2024-12-11T170809.088_2024-12-11_20-08-36_png_2024-12-11_20-08-36.webp.webp?fit=1200%2C675&ssl=1&resize=1050%2C600 3x"},"classes":[]},{"id":45303,"url":"https:\/\/ismaelcolosi.com.br\/index.php\/2024\/04\/03\/whatsapp-e-instagram-cairam-usuarios-relatam-instabilidades\/","url_meta":{"origin":11277,"position":3},"title":"WhatsApp e Instagram ca\u00edram? Usu\u00e1rios relatam instabilidades","author":"ismaelcolosi.com.br","date":"3 de April de 2024","format":false,"excerpt":"Usu\u00e1rios do WhatsApp, Instagram e Facebook, est\u00e3o relatando problemas para utilizar a plataforma, na tarde desta quarta-feira (3). De acordo com a plataforma Downdetector, que monitora falhas em sites e redes sociais, houve aumento de notifica\u00e7\u00f5es sobre os problemas, nas tr\u00eas plataformas, por volta das 15h. Segunda vez na mesma\u2026","rel":"","context":"In &quot;Not\u00edcias de Ribeir\u00e3o Preto-SP e Regi\u00e3o&quot;","block_context":{"text":"Not\u00edcias de Ribeir\u00e3o Preto-SP e Regi\u00e3o","link":"https:\/\/ismaelcolosi.com.br\/index.php\/category\/noticias-de-ribeirao-preto-sp-e-regiao-ismael-colosi\/"},"img":{"alt_text":"","src":"https:\/\/i0.wp.com\/ismaelcolosi.com.br\/wp-content\/uploads\/2024\/04\/WhatsAppInstagrameFacebookapresentaminstabilidadenestasextafeira_Tamanho_2_image.jpg?fit=1200%2C900&ssl=1&resize=350%2C200","width":350,"height":200,"srcset":"https:\/\/i0.wp.com\/ismaelcolosi.com.br\/wp-content\/uploads\/2024\/04\/WhatsAppInstagrameFacebookapresentaminstabilidadenestasextafeira_Tamanho_2_image.jpg?fit=1200%2C900&ssl=1&resize=350%2C200 1x, https:\/\/i0.wp.com\/ismaelcolosi.com.br\/wp-content\/uploads\/2024\/04\/WhatsAppInstagrameFacebookapresentaminstabilidadenestasextafeira_Tamanho_2_image.jpg?fit=1200%2C900&ssl=1&resize=525%2C300 1.5x, https:\/\/i0.wp.com\/ismaelcolosi.com.br\/wp-content\/uploads\/2024\/04\/WhatsAppInstagrameFacebookapresentaminstabilidadenestasextafeira_Tamanho_2_image.jpg?fit=1200%2C900&ssl=1&resize=700%2C400 2x, https:\/\/i0.wp.com\/ismaelcolosi.com.br\/wp-content\/uploads\/2024\/04\/WhatsAppInstagrameFacebookapresentaminstabilidadenestasextafeira_Tamanho_2_image.jpg?fit=1200%2C900&ssl=1&resize=1050%2C600 3x"},"classes":[]},{"id":63012,"url":"https:\/\/ismaelcolosi.com.br\/index.php\/2024\/08\/30\/meta-anuncia-o-fim-dos-filtros-no-instagram-entenda-o-que-muda\/","url_meta":{"origin":11277,"position":4},"title":"Meta anuncia o fim dos filtros no Instagram; entenda o que muda","author":"ismaelcolosi.com.br","date":"30 de August de 2024","format":false,"excerpt":"A Meta, empresa dona do Facebook, Instagram e WhatsApp, informou que\u00a0os filtros deixar\u00e3o de existir na plataforma, a partir de janeiro de 2025. Apenas os efeitos da pr\u00f3pria Meta continuar\u00e3o dispon\u00edveis nas plataformas, mas os filtros criados por usu\u00e1rios, marcas e demais ficar\u00e3o indispon\u00edveis. A mudan\u00e7a foi anunciada na ter\u00e7a-feira\u2026","rel":"","context":"In &quot;Not\u00edcias de Ribeir\u00e3o Preto-SP e Regi\u00e3o&quot;","block_context":{"text":"Not\u00edcias de Ribeir\u00e3o Preto-SP e Regi\u00e3o","link":"https:\/\/ismaelcolosi.com.br\/index.php\/category\/noticias-de-ribeirao-preto-sp-e-regiao-ismael-colosi\/"},"img":{"alt_text":"","src":"https:\/\/i0.wp.com\/ismaelcolosi.com.br\/wp-content\/uploads\/2024\/08\/woman-showing-instagram-icon_2024-08-30_14-14-19_jpg_2024-08-30_14-14-19-scaled.webp.webp?fit=1200%2C986&ssl=1&resize=350%2C200","width":350,"height":200,"srcset":"https:\/\/i0.wp.com\/ismaelcolosi.com.br\/wp-content\/uploads\/2024\/08\/woman-showing-instagram-icon_2024-08-30_14-14-19_jpg_2024-08-30_14-14-19-scaled.webp.webp?fit=1200%2C986&ssl=1&resize=350%2C200 1x, https:\/\/i0.wp.com\/ismaelcolosi.com.br\/wp-content\/uploads\/2024\/08\/woman-showing-instagram-icon_2024-08-30_14-14-19_jpg_2024-08-30_14-14-19-scaled.webp.webp?fit=1200%2C986&ssl=1&resize=525%2C300 1.5x, https:\/\/i0.wp.com\/ismaelcolosi.com.br\/wp-content\/uploads\/2024\/08\/woman-showing-instagram-icon_2024-08-30_14-14-19_jpg_2024-08-30_14-14-19-scaled.webp.webp?fit=1200%2C986&ssl=1&resize=700%2C400 2x, https:\/\/i0.wp.com\/ismaelcolosi.com.br\/wp-content\/uploads\/2024\/08\/woman-showing-instagram-icon_2024-08-30_14-14-19_jpg_2024-08-30_14-14-19-scaled.webp.webp?fit=1200%2C986&ssl=1&resize=1050%2C600 3x"},"classes":[]},{"id":20975,"url":"https:\/\/ismaelcolosi.com.br\/index.php\/2023\/12\/26\/instagram-atualizou-e-vai-mostrar-quem-viu-seu-perfil-meta-esclarece\/","url_meta":{"origin":11277,"position":5},"title":"Instagram atualizou e vai mostrar quem viu seu perfil? Meta esclarece","author":"ismaelcolosi.com.br","date":"26 de December de 2023","format":false,"excerpt":"Cr\u00e9ditos: reprodu\u00e7\u00e3o\/InstagramInstagram vai exibir quem viu seu perfil? Entenda Recentemente, um grande alvoro\u00e7o tomou conta das redes sociais sobre um suposto novo recurso do Instagram. Segundo rumores, a nova atualiza\u00e7\u00e3o permitiria aos usu\u00e1rios ver quem visitou seu perfil na plataforma. Com a propaga\u00e7\u00e3o da informa\u00e7\u00e3o acompanhada de imagens, as opini\u00f5es\u2026","rel":"","context":"In &quot;Variedades&quot;","block_context":{"text":"Variedades","link":"https:\/\/ismaelcolosi.com.br\/index.php\/category\/variedades\/"},"img":{"alt_text":"","src":"https:\/\/i0.wp.com\/ismaelcolosi.com.br\/wp-content\/uploads\/2023\/12\/fotos-catraca-2023-12-14t234924955.png?fit=1200%2C638&ssl=1&resize=350%2C200","width":350,"height":200,"srcset":"https:\/\/i0.wp.com\/ismaelcolosi.com.br\/wp-content\/uploads\/2023\/12\/fotos-catraca-2023-12-14t234924955.png?fit=1200%2C638&ssl=1&resize=350%2C200 1x, https:\/\/i0.wp.com\/ismaelcolosi.com.br\/wp-content\/uploads\/2023\/12\/fotos-catraca-2023-12-14t234924955.png?fit=1200%2C638&ssl=1&resize=525%2C300 1.5x, https:\/\/i0.wp.com\/ismaelcolosi.com.br\/wp-content\/uploads\/2023\/12\/fotos-catraca-2023-12-14t234924955.png?fit=1200%2C638&ssl=1&resize=700%2C400 2x, https:\/\/i0.wp.com\/ismaelcolosi.com.br\/wp-content\/uploads\/2023\/12\/fotos-catraca-2023-12-14t234924955.png?fit=1200%2C638&ssl=1&resize=1050%2C600 3x"},"classes":[]}],"jetpack_sharing_enabled":true,"jetpack_shortlink":"https:\/\/wp.me\/pfMlyK-2VT","_links":{"self":[{"href":"https:\/\/ismaelcolosi.com.br\/index.php\/wp-json\/wp\/v2\/posts\/11277","targetHints":{"allow":["GET"]}}],"collection":[{"href":"https:\/\/ismaelcolosi.com.br\/index.php\/wp-json\/wp\/v2\/posts"}],"about":[{"href":"https:\/\/ismaelcolosi.com.br\/index.php\/wp-json\/wp\/v2\/types\/post"}],"author":[{"embeddable":true,"href":"https:\/\/ismaelcolosi.com.br\/index.php\/wp-json\/wp\/v2\/users\/1"}],"replies":[{"embeddable":true,"href":"https:\/\/ismaelcolosi.com.br\/index.php\/wp-json\/wp\/v2\/comments?post=11277"}],"version-history":[{"count":0,"href":"https:\/\/ismaelcolosi.com.br\/index.php\/wp-json\/wp\/v2\/posts\/11277\/revisions"}],"wp:featuredmedia":[{"embeddable":true,"href":"https:\/\/ismaelcolosi.com.br\/index.php\/wp-json\/wp\/v2\/media\/11278"}],"wp:attachment":[{"href":"https:\/\/ismaelcolosi.com.br\/index.php\/wp-json\/wp\/v2\/media?parent=11277"}],"wp:term":[{"taxonomy":"category","embeddable":true,"href":"https:\/\/ismaelcolosi.com.br\/index.php\/wp-json\/wp\/v2\/categories?post=11277"},{"taxonomy":"post_tag","embeddable":true,"href":"https:\/\/ismaelcolosi.com.br\/index.php\/wp-json\/wp\/v2\/tags?post=11277"}],"curies":[{"name":"wp","href":"https:\/\/api.w.org\/{rel}","templated":true}]}}