{"id":11261,"date":"2023-12-05T21:10:08","date_gmt":"2023-12-06T00:10:08","guid":{"rendered":"https:\/\/ismaelcolosi.com.br\/index.php\/2023\/12\/05\/vetado-projeto-de-imoveis-alugados\/"},"modified":"2023-12-05T21:10:08","modified_gmt":"2023-12-06T00:10:08","slug":"vetado-projeto-de-imoveis-alugados","status":"publish","type":"post","link":"https:\/\/ismaelcolosi.com.br\/index.php\/2023\/12\/05\/vetado-projeto-de-imoveis-alugados\/","title":{"rendered":"Vetado projeto de im\u00f3veis alugados \u00a0"},"content":{"rendered":"<p> <br \/>\n<\/p>\n<div id=\"post-366299\">\n<header class=\"entry-header penci-entry-header penci-title-center\">\n<p> <span class=\"entry-meta-item penci-posted-on\"><i class=\"fa fa-clock-o\"\/><time class=\"entry-date published\" datetime=\"2023-12-05T16:30:16-03:00\">5 de dezembro de 2023 | 16:30<\/time><time class=\"updated\" datetime=\"2023-12-05T15:04:29-03:00\">5 de dezembro de 2023 | 15:04<\/time><\/span><\/p>\n<p> <span class=\"penci-social-buttons penci-social-share-footer\"><a href=\"#\" class=\"penci-post-like penci_post-meta_item  single-like-button penci-social-item like\" data-post_id=\"366299\" title=\"Like\" data-like=\"Like\" data-unlike=\"Unlike\"><i class=\"fa fa-thumbs-o-up\"\/><span class=\"penci-share-number\">0<\/span><\/a><i class=\"fa fa-facebook\"\/><a class=\"penci-social-item twitter\" target=\"_blank\" rel=\"noopener\" title=\"\" href=\"https:\/\/twitter.com\/intent\/tweet?text=Vetado%20projeto%20de%20im\u00f3veis%20alugados%20\u00a0%20-%20https:\/\/www.tribunaribeirao.com.br\/site\/vetado-projeto-de-imoveis-alugados\/\"><i class=\"fa fa-twitter\"\/><\/a><i class=\"fa fa-whatsapp\"\/><\/span><\/header>\n<div class=\"penci-entry-content entry-content\">\n<p><span class=\"TextRun SCXW176994832 BCX0\" lang=\"PT-BR\" xml:lang=\"PT-BR\" data-contrast=\"auto\"><span class=\"NormalTextRun SCXW176994832 BCX0\">O prefeito Duarte Nogueira (PSDB) vetou o projeto de lei aprovado na <\/span><span class=\"NormalTextRun SCXW176994832 BCX0\">C\u00e2mara de <\/span><span class=\"NormalTextRun SCXW176994832 BCX0\">Vereadores <\/span><span class=\"NormalTextRun SCXW176994832 BCX0\">que obriga a fixa\u00e7\u00e3o de placas informativas nos im\u00f3veis alugados pela prefeitura<\/span><span class=\"NormalTextRun SCXW176994832 BCX0\"> de <\/span><span class=\"NormalTextRun SCXW176994832 BCX0\">Ribeir\u00e3o Preto. De acordo com a proposta de <\/span><span class=\"NormalTextRun SpellingErrorV2Themed SCXW176994832 BCX0\">Judeti<\/span> <span class=\"NormalTextRun SCXW176994832 BCX0\">Zilli<\/span><span class=\"NormalTextRun SCXW176994832 BCX0\"> (PT<\/span><span class=\"NormalTextRun SCXW176994832 BCX0\">, <\/span><span class=\"NormalTextRun SCXW176994832 BCX0\">Coletivo Popular<\/span><span class=\"NormalTextRun SCXW176994832 BCX0\">)<\/span><span class=\"NormalTextRun SCXW176994832 BCX0\">, <\/span><span class=\"NormalTextRun SCXW176994832 BCX0\">o aviso <\/span><span class=\"NormalTextRun SCXW176994832 BCX0\">dever<\/span><span class=\"NormalTextRun SCXW176994832 BCX0\">\u00e1 <\/span><span class=\"NormalTextRun SCXW176994832 BCX0\">ter data da loca\u00e7\u00e3o, valor d<\/span><span class=\"NormalTextRun SCXW176994832 BCX0\">a loca\u00e7\u00e3o <\/span><span class=\"NormalTextRun SCXW176994832 BCX0\">e o tempo de dura\u00e7\u00e3o do contrato. <\/span><\/span><span class=\"LineBreakBlob BlobObject DragDrop SCXW176994832 BCX0\"><span class=\"SCXW176994832 BCX0\">\u00a0<\/span><br class=\"SCXW176994832 BCX0\"\/><\/span><span class=\"LineBreakBlob BlobObject DragDrop SCXW176994832 BCX0\"><span class=\"SCXW176994832 BCX0\">\u00a0<\/span><br class=\"SCXW176994832 BCX0\"\/><\/span><span class=\"TextRun SCXW176994832 BCX0\" lang=\"PT-BR\" xml:lang=\"PT-BR\" data-contrast=\"auto\"><span class=\"NormalTextRun SCXW176994832 BCX0\">Tamb\u00e9m dever\u00e1 possuir o c\u00f3digo bidimensional QR <\/span><span class=\"NormalTextRun SpellingErrorV2Themed SCXW176994832 BCX0\">Code<\/span><span class=\"NormalTextRun SCXW176994832 BCX0\"> com direcionamento para o Portal da Transpar\u00eancia da <\/span><span class=\"NormalTextRun SCXW176994832 BCX0\">p<\/span><span class=\"NormalTextRun SCXW176994832 BCX0\">refeitura <\/span><span class=\"NormalTextRun SCXW176994832 BCX0\">de Ribeir\u00e3o Preto, <\/span><span class=\"NormalTextRun SCXW176994832 BCX0\">onde <\/span><span class=\"NormalTextRun SCXW176994832 BCX0\">poder\u00e1<\/span><span class=\"NormalTextRun SCXW176994832 BCX0\"> ser acessado as documenta\u00e7\u00f5es referentes \u00e0s loca\u00e7\u00f5es. A obrigatoriedade atingir\u00e1 os \u00f3rg\u00e3os da <\/span><span class=\"NormalTextRun SCXW176994832 BCX0\">a<\/span><span class=\"NormalTextRun SCXW176994832 BCX0\">dministra\u00e7\u00e3o <\/span><span class=\"NormalTextRun SCXW176994832 BCX0\">d<\/span><span class=\"NormalTextRun SCXW176994832 BCX0\">ireta e <\/span><span class=\"NormalTextRun SCXW176994832 BCX0\">i<\/span><span class=\"NormalTextRun SCXW176994832 BCX0\">ndireta. <\/span><\/span><span class=\"LineBreakBlob BlobObject DragDrop SCXW176994832 BCX0\"><span class=\"SCXW176994832 BCX0\">\u00a0<\/span><br class=\"SCXW176994832 BCX0\"\/><\/span><span class=\"LineBreakBlob BlobObject DragDrop SCXW176994832 BCX0\"><span class=\"SCXW176994832 BCX0\">\u00a0<\/span><br class=\"SCXW176994832 BCX0\"\/><\/span><span class=\"TextRun SCXW176994832 BCX0\" lang=\"PT-BR\" xml:lang=\"PT-BR\" data-contrast=\"auto\"><span class=\"NormalTextRun SCXW176994832 BCX0\">Os im\u00f3veis que oferecem acolhimento sigiloso para pessoas em vulnerabilidade, como a casa de mulheres v\u00edtimas de viol\u00eancia, ficar\u00e3o isentas da obrigatoriedade. Segundo a parlamentar, o projeto visa assegurar a<\/span><span class=\"NormalTextRun SCXW176994832 BCX0\">os <\/span><span class=\"NormalTextRun SCXW176994832 BCX0\">mun\u00edcipes informa\u00e7\u00f5es m\u00ednimas <\/span><span class=\"NormalTextRun SCXW176994832 BCX0\">sobre aplica\u00e7\u00e3o de <\/span><span class=\"NormalTextRun SCXW176994832 BCX0\">recursos p\u00fablicos. <\/span><\/span><span class=\"LineBreakBlob BlobObject DragDrop SCXW176994832 BCX0\"><span class=\"SCXW176994832 BCX0\">\u00a0<\/span><br class=\"SCXW176994832 BCX0\"\/><\/span><span class=\"LineBreakBlob BlobObject DragDrop SCXW176994832 BCX0\"><span class=\"SCXW176994832 BCX0\">\u00a0<\/span><br class=\"SCXW176994832 BCX0\"\/><\/span><span class=\"TextRun SCXW176994832 BCX0\" lang=\"PT-BR\" xml:lang=\"PT-BR\" data-contrast=\"auto\"><span class=\"NormalTextRun SCXW176994832 BCX0\">\u201cTrata-se de uma amplia\u00e7\u00e3o da transpar\u00eancia necess\u00e1ria para a obten\u00e7\u00e3o de uma boa administra\u00e7\u00e3o p\u00fablica<\/span><span class=\"NormalTextRun SCXW176994832 BCX0\">\u201d, a<\/span><span class=\"NormalTextRun SCXW176994832 BCX0\">firma.<\/span> <span class=\"NormalTextRun SCXW176994832 BCX0\">Atualmente<\/span><span class=\"NormalTextRun SCXW176994832 BCX0\">, a <\/span><span class=\"NormalTextRun SCXW176994832 BCX0\">lei municipal <\/span><span class=\"NormalTextRun SCXW176994832 BCX0\">n\u00ba <\/span><span class=\"NormalTextRun SCXW176994832 BCX0\">7<\/span><span class=\"NormalTextRun SCXW176994832 BCX0\">.<\/span><span class=\"NormalTextRun SCXW176994832 BCX0\">186\/<\/span><span class=\"NormalTextRun SCXW176994832 BCX0\">19<\/span><span class=\"NormalTextRun SCXW176994832 BCX0\">95 disp\u00f5e sobre <\/span><span class=\"NormalTextRun ContextualSpellingAndGrammarErrorV2Themed SCXW176994832 BCX0\">essa exig\u00eancias<\/span><span class=\"NormalTextRun SCXW176994832 BCX0\">, mas no caso de <\/span><span class=\"NormalTextRun SCXW176994832 BCX0\">obras p\u00fablicas em execu\u00e7\u00e3o no <\/span><span class=\"NormalTextRun SCXW176994832 BCX0\">m<\/span><span class=\"NormalTextRun SCXW176994832 BCX0\">unic\u00edpio. <\/span><span class=\"NormalTextRun SCXW176994832 BCX0\">A<\/span><span class=\"NormalTextRun SCXW176994832 BCX0\"> proposta amplia esta transpar\u00eancia. <\/span><\/span><span class=\"LineBreakBlob BlobObject DragDrop SCXW176994832 BCX0\"><span class=\"SCXW176994832 BCX0\">\u00a0<\/span><br class=\"SCXW176994832 BCX0\"\/><\/span><span class=\"LineBreakBlob BlobObject DragDrop SCXW176994832 BCX0\"><span class=\"SCXW176994832 BCX0\">\u00a0<\/span><br class=\"SCXW176994832 BCX0\"\/><\/span><span class=\"TextRun SCXW176994832 BCX0\" lang=\"PT-BR\" xml:lang=\"PT-BR\" data-contrast=\"auto\"><span class=\"NormalTextRun SCXW176994832 BCX0\">O Executivo afirma que a proposta contraria a legisla\u00e7\u00e3o e o interesse p\u00fablico. Segundo a prefeitura, <\/span><span class=\"NormalTextRun SCXW176994832 BCX0\">o projeto <\/span><span class=\"NormalTextRun SCXW176994832 BCX0\">cri<\/span><span class=\"NormalTextRun SCXW176994832 BCX0\">a<\/span><span class=\"NormalTextRun SCXW176994832 BCX0\"> despesa obrigat\u00f3ria de car\u00e1ter continuado (afixa\u00e7\u00e3o de placas), sem apresentar estimativa de impacto or\u00e7ament\u00e1rio-financeiro e nem a origem dos recursos para seu custeio.<\/span><\/span><span class=\"LineBreakBlob BlobObject DragDrop SCXW176994832 BCX0\"><span class=\"SCXW176994832 BCX0\">\u00a0<\/span><br class=\"SCXW176994832 BCX0\"\/><\/span><span class=\"LineBreakBlob BlobObject DragDrop SCXW176994832 BCX0\"><span class=\"SCXW176994832 BCX0\">\u00a0<\/span><br class=\"SCXW176994832 BCX0\"\/><\/span><span class=\"TextRun SCXW176994832 BCX0\" lang=\"PT-BR\" xml:lang=\"PT-BR\" data-contrast=\"auto\"><span class=\"NormalTextRun SCXW176994832 BCX0\">\u201c<\/span><span class=\"NormalTextRun SCXW176994832 BCX0\">Ademais, sob o ponto de vista do interesse p\u00fablico, cabe frisar que a <\/span><span class=\"NormalTextRun SCXW176994832 BCX0\">p<\/span><span class=\"NormalTextRun SCXW176994832 BCX0\">refeitura de Ribeir\u00e3o Preto observa todos os ditames pertinentes ao princ\u00edpio da publicidade e \u00e0 transpar\u00eancia administrativa. Todos os processos licitat\u00f3rios e contratos administrativos \u2013 inclusive de loca\u00e7\u00e3o \u2013 est\u00e3o dispon\u00edveis para livre acesso no Portal da Transpar\u00eancia\u201d, diz parte da justificativa. <\/span><\/span><span class=\"LineBreakBlob BlobObject DragDrop SCXW176994832 BCX0\"><span class=\"SCXW176994832 BCX0\">\u00a0<\/span><br class=\"SCXW176994832 BCX0\"\/><\/span><span class=\"LineBreakBlob BlobObject DragDrop SCXW176994832 BCX0\"><span class=\"SCXW176994832 BCX0\">\u00a0<\/span><br class=\"SCXW176994832 BCX0\"\/><\/span><span class=\"TextRun SCXW176994832 BCX0\" lang=\"PT-BR\" xml:lang=\"PT-BR\" data-contrast=\"auto\"><span class=\"NormalTextRun SCXW176994832 BCX0\">Afirma ainda que a imposi\u00e7\u00e3o de um mecanismo adicional de divulga\u00e7\u00e3o, de car\u00e1ter f\u00edsico e fixo \u2013 <\/span><span class=\"NormalTextRun SCXW176994832 BCX0\">vai na<\/span><span class=\"NormalTextRun SCXW176994832 BCX0\"> contram\u00e3o das tecnologias digitais acessadas pela popula\u00e7\u00e3o e j\u00e1 disponibilizadas no s\u00edtio oficial da <\/span><span class=\"NormalTextRun SCXW176994832 BCX0\">p<\/span><span class=\"NormalTextRun SCXW176994832 BCX0\">refeitura. A obrigatoriedade atingiria os \u00f3rg\u00e3os da <\/span><span class=\"NormalTextRun SCXW176994832 BCX0\">a<\/span><span class=\"NormalTextRun SCXW176994832 BCX0\">dministra\u00e7\u00e3o <\/span><span class=\"NormalTextRun SCXW176994832 BCX0\">d<\/span><span class=\"NormalTextRun SCXW176994832 BCX0\">ireta e <\/span><span class=\"NormalTextRun SCXW176994832 BCX0\">i<\/span><span class=\"NormalTextRun SCXW176994832 BCX0\">ndireta. O veto ser\u00e1 analisado em plen\u00e1rio pelos vereadores que poder\u00e3o acat\u00e1-lo ou rejeit\u00e1-lo<\/span><span class=\"NormalTextRun SCXW176994832 BCX0\">.<\/span><\/span><span class=\"LineBreakBlob BlobObject DragDrop SCXW176994832 BCX0\"><span class=\"SCXW176994832 BCX0\">\u00a0<\/span><br class=\"SCXW176994832 BCX0\"\/><\/span><span class=\"LineBreakBlob BlobObject DragDrop SCXW176994832 BCX0\"><span class=\"SCXW176994832 BCX0\">\u00a0<\/span><br class=\"SCXW176994832 BCX0\"\/><\/span><span class=\"LineBreakBlob BlobObject DragDrop SCXW176994832 BCX0\"><br class=\"SCXW176994832 BCX0\"\/><\/span><span class=\"EOP SCXW176994832 BCX0\" data-ccp-props=\"{&quot;201341983&quot;:0,&quot;335559739&quot;:200,&quot;335559740&quot;:276}\">\u00a0<\/span><\/p><div class='code-block code-block-8' style='margin: 8px auto; text-align: center; display: block; clear: both;'>\n<script>\n  atOptions = {\n    'key' : '66e2e2111ca34da796271819fc334058',\n    'format' : 'iframe',\n    'height' : 250,\n    'width' : 300,\n    'params' : {}\n  };\n<\/script>\n<script src=\"https:\/\/www.highperformanceformat.com\/66e2e2111ca34da796271819fc334058\/invoke.js\"><\/script>\n<\/div>\n\n<\/div>\n<footer class=\"penci-entry-footer\"\/><\/div>\n<p><script async src=\"\/\/platform.twitter.com\/widgets.js\" charset=\"utf-8\"><\/script><br \/>\n<br \/><br \/>\n<br \/><a href=\"https:\/\/www.tribunaribeirao.com.br\/site\/vetado-projeto-de-imoveis-alugados\/\">Source link <\/a><\/p>\n<div class='code-block code-block-4' style='margin: 8px auto 8px 0; text-align: left; display: block; clear: both;'>\n\ud83d\udce2 Aviso Legal\n\nO site ismaelcolosi.com.br atua apenas como um canal de divulga\u00e7\u00e3o de oportunidades de emprego e n\u00e3o se responsabiliza pelo processo seletivo, contrata\u00e7\u00e3o ou qualquer outra etapa relacionada \u00e0s vagas publicadas. Todas as informa\u00e7\u00f5es s\u00e3o de responsabilidade dos anunciantes.\n\n\u26a0\ufe0f Aten\u00e7\u00e3o! Nunca pague por promessas de emprego nem compre cursos que garantam contrata\u00e7\u00e3o. Desconfie de qualquer cobran\u00e7a para participar de sele\u00e7\u00f5es.\n\n\n\n<\/div>\n<!-- CONTENT END 1 -->\n","protected":false},"excerpt":{"rendered":"<p>5 de dezembro de 2023 | 16:305 de dezembro de 2023 | 15:04 0 O prefeito Duarte Nogueira (PSDB) vetou o projeto de lei aprovado&#8230;<\/p>\n","protected":false},"author":1,"featured_media":11262,"comment_status":"open","ping_status":"open","sticky":false,"template":"","format":"standard","meta":{"_uag_custom_page_level_css":"","advanced_seo_description":"","jetpack_seo_html_title":"","jetpack_seo_noindex":false,"jetpack_post_was_ever_published":false,"_jetpack_newsletter_access":"","_jetpack_dont_email_post_to_subs":false,"_jetpack_newsletter_tier_id":0,"_jetpack_memberships_contains_paywalled_content":false,"_jetpack_memberships_contains_paid_content":false,"footnotes":"","jetpack_publicize_message":"","jetpack_publicize_feature_enabled":true,"jetpack_social_post_already_shared":true,"jetpack_social_options":{"image_generator_settings":{"template":"highway","default_image_id":0,"font":"","enabled":false},"version":2}},"categories":[11],"tags":[1563,466,685,1562],"class_list":["post-11261","post","type-post","status-publish","format-standard","has-post-thumbnail","hentry","category-noticias-de-ribeirao-preto-sp-e-regiao-ismael-colosi","tag-alugados","tag-imoveis","tag-projeto","tag-vetado"],"jetpack_publicize_connections":[],"jetpack_featured_media_url":"https:\/\/i0.wp.com\/ismaelcolosi.com.br\/wp-content\/uploads\/2023\/12\/PlacasRP-Alfredo-Risk-Arquivo-scaled.jpg?fit=967%2C645&ssl=1","uagb_featured_image_src":{"full":["https:\/\/i0.wp.com\/ismaelcolosi.com.br\/wp-content\/uploads\/2023\/12\/PlacasRP-Alfredo-Risk-Arquivo-scaled.jpg?fit=967%2C645&ssl=1",967,645,false],"thumbnail":["https:\/\/i0.wp.com\/ismaelcolosi.com.br\/wp-content\/uploads\/2023\/12\/PlacasRP-Alfredo-Risk-Arquivo-scaled.jpg?resize=150%2C150&ssl=1",150,150,true],"medium":["https:\/\/i0.wp.com\/ismaelcolosi.com.br\/wp-content\/uploads\/2023\/12\/PlacasRP-Alfredo-Risk-Arquivo-scaled.jpg?fit=300%2C200&ssl=1",300,200,true],"medium_large":["https:\/\/i0.wp.com\/ismaelcolosi.com.br\/wp-content\/uploads\/2023\/12\/PlacasRP-Alfredo-Risk-Arquivo-scaled.jpg?fit=768%2C512&ssl=1",768,512,true],"large":["https:\/\/i0.wp.com\/ismaelcolosi.com.br\/wp-content\/uploads\/2023\/12\/PlacasRP-Alfredo-Risk-Arquivo-scaled.jpg?fit=967%2C645&ssl=1",967,645,true],"1536x1536":["https:\/\/i0.wp.com\/ismaelcolosi.com.br\/wp-content\/uploads\/2023\/12\/PlacasRP-Alfredo-Risk-Arquivo-scaled.jpg?fit=967%2C645&ssl=1",967,645,true],"2048x2048":["https:\/\/i0.wp.com\/ismaelcolosi.com.br\/wp-content\/uploads\/2023\/12\/PlacasRP-Alfredo-Risk-Arquivo-scaled.jpg?fit=967%2C645&ssl=1",967,645,true],"really-simple-thumb":["https:\/\/i0.wp.com\/ismaelcolosi.com.br\/wp-content\/uploads\/2023\/12\/PlacasRP-Alfredo-Risk-Arquivo-scaled.jpg?resize=370%2C247&ssl=1",370,247,true]},"uagb_author_info":{"display_name":"ismaelcolosi.com.br","author_link":"https:\/\/ismaelcolosi.com.br\/index.php\/author\/vidareal-online\/"},"uagb_comment_info":0,"uagb_excerpt":"5 de dezembro de 2023 | 16:305 de dezembro de 2023 | 15:04 0 O prefeito Duarte Nogueira (PSDB) vetou o projeto de lei aprovado...","jetpack-related-posts":[{"id":33763,"url":"https:\/\/ismaelcolosi.com.br\/index.php\/2024\/01\/30\/locacao-recua-e-vendas-de-imoveis-crescem-na-regiao\/","url_meta":{"origin":11261,"position":0},"title":"Loca\u00e7\u00e3o recua e vendas de im\u00f3veis crescem na regi\u00e3o","author":"ismaelcolosi.com.br","date":"30 de January de 2024","format":false,"excerpt":"A pesquisa do Conselho Regional de Corretores de Im\u00f3veis de S\u00e3o Paulo (CreciSP) comparou os mercados de venda e loca\u00e7\u00e3o de casas e apartamentos em dezembro com os resultados obtidos em novembro do ano passado. Foram consultadas 16 imobili\u00e1rias que atuam em 15 cidades da regi\u00e3o metropolitana.\u00a0\u00a0A pesquisa envolve Ribeir\u00e3o\u2026","rel":"","context":"In &quot;Not\u00edcias de Ribeir\u00e3o Preto-SP e Regi\u00e3o&quot;","block_context":{"text":"Not\u00edcias de Ribeir\u00e3o Preto-SP e Regi\u00e3o","link":"https:\/\/ismaelcolosi.com.br\/index.php\/category\/noticias-de-ribeirao-preto-sp-e-regiao-ismael-colosi\/"},"img":{"alt_text":"","src":"https:\/\/i0.wp.com\/ismaelcolosi.com.br\/wp-content\/uploads\/2024\/01\/ImovelRP-Alfredo-Risk-Arquivo-scaled.jpg?fit=1000%2C536&ssl=1&resize=350%2C200","width":350,"height":200,"srcset":"https:\/\/i0.wp.com\/ismaelcolosi.com.br\/wp-content\/uploads\/2024\/01\/ImovelRP-Alfredo-Risk-Arquivo-scaled.jpg?fit=1000%2C536&ssl=1&resize=350%2C200 1x, https:\/\/i0.wp.com\/ismaelcolosi.com.br\/wp-content\/uploads\/2024\/01\/ImovelRP-Alfredo-Risk-Arquivo-scaled.jpg?fit=1000%2C536&ssl=1&resize=525%2C300 1.5x, https:\/\/i0.wp.com\/ismaelcolosi.com.br\/wp-content\/uploads\/2024\/01\/ImovelRP-Alfredo-Risk-Arquivo-scaled.jpg?fit=1000%2C536&ssl=1&resize=700%2C400 2x"},"classes":[]},{"id":33289,"url":"https:\/\/ismaelcolosi.com.br\/index.php\/2024\/01\/29\/em-rp-absorventes-tem-pouca-adesao-nas-escolas-municipais\/","url_meta":{"origin":11261,"position":1},"title":"Em RP absorventes tem pouca ades\u00e3o nas escolas municipais\u00a0","author":"ismaelcolosi.com.br","date":"29 de January de 2024","format":false,"excerpt":"28 de janeiro de 2024 | 14:0027 de janeiro de 2024 | 19:30 0Os 3.250 absorventes \u00edntimos adquiridos pela Secretaria Municipal de Educa\u00e7\u00e3o de Ribeir\u00e3o Preto para serem distribu\u00eddos para alunas em situa\u00e7\u00e3o de vulnerabilidade social encalharam nas escolas do munic\u00edpio. Comprados em agosto de 2021 por meio de preg\u00e3o\u2026","rel":"","context":"In &quot;Not\u00edcias de Ribeir\u00e3o Preto-SP e Regi\u00e3o&quot;","block_context":{"text":"Not\u00edcias de Ribeir\u00e3o Preto-SP e Regi\u00e3o","link":"https:\/\/ismaelcolosi.com.br\/index.php\/category\/noticias-de-ribeirao-preto-sp-e-regiao-ismael-colosi\/"},"img":{"alt_text":"","src":"https:\/\/i0.wp.com\/ismaelcolosi.com.br\/wp-content\/uploads\/2024\/01\/recessoescolar__foto_guilherme_sircili_-scaled.jpeg?fit=967%2C645&ssl=1&resize=350%2C200","width":350,"height":200,"srcset":"https:\/\/i0.wp.com\/ismaelcolosi.com.br\/wp-content\/uploads\/2024\/01\/recessoescolar__foto_guilherme_sircili_-scaled.jpeg?fit=967%2C645&ssl=1&resize=350%2C200 1x, https:\/\/i0.wp.com\/ismaelcolosi.com.br\/wp-content\/uploads\/2024\/01\/recessoescolar__foto_guilherme_sircili_-scaled.jpeg?fit=967%2C645&ssl=1&resize=525%2C300 1.5x, https:\/\/i0.wp.com\/ismaelcolosi.com.br\/wp-content\/uploads\/2024\/01\/recessoescolar__foto_guilherme_sircili_-scaled.jpeg?fit=967%2C645&ssl=1&resize=700%2C400 2x"},"classes":[]},{"id":18986,"url":"https:\/\/ismaelcolosi.com.br\/index.php\/2023\/12\/21\/leilao-so-vende-cinco-areas-da-prefeitura\/","url_meta":{"origin":11261,"position":2},"title":"Leil\u00e3o s\u00f3 vende cinco \u00e1reas da prefeitura\u00a0","author":"ismaelcolosi.com.br","date":"21 de December de 2023","format":false,"excerpt":"21 de dezembro de 2023 | 13:0021 de dezembro de 2023 | 9:54 0O leil\u00e3o virtual realizado pela prefeitura de Ribeir\u00e3o Preto, no dia 19 de dezembro, para comercializar 49 \u00e1reas p\u00fablicas do munic\u00edpio vendeu apenas cinco terrenos.\u00a0 Os im\u00f3veis est\u00e3o localizados em v\u00e1rias regi\u00f5es do munic\u00edpio e o valor\u2026","rel":"","context":"In &quot;Not\u00edcias de Ribeir\u00e3o Preto-SP e Regi\u00e3o&quot;","block_context":{"text":"Not\u00edcias de Ribeir\u00e3o Preto-SP e Regi\u00e3o","link":"https:\/\/ismaelcolosi.com.br\/index.php\/category\/noticias-de-ribeirao-preto-sp-e-regiao-ismael-colosi\/"},"img":{"alt_text":"","src":"https:\/\/i0.wp.com\/ismaelcolosi.com.br\/wp-content\/uploads\/2023\/12\/2-leilao_google.jpeg?fit=760%2C645&ssl=1&resize=350%2C200","width":350,"height":200,"srcset":"https:\/\/i0.wp.com\/ismaelcolosi.com.br\/wp-content\/uploads\/2023\/12\/2-leilao_google.jpeg?fit=760%2C645&ssl=1&resize=350%2C200 1x, https:\/\/i0.wp.com\/ismaelcolosi.com.br\/wp-content\/uploads\/2023\/12\/2-leilao_google.jpeg?fit=760%2C645&ssl=1&resize=525%2C300 1.5x, https:\/\/i0.wp.com\/ismaelcolosi.com.br\/wp-content\/uploads\/2023\/12\/2-leilao_google.jpeg?fit=760%2C645&ssl=1&resize=700%2C400 2x"},"classes":[]},{"id":42354,"url":"https:\/\/ismaelcolosi.com.br\/index.php\/2024\/03\/14\/paulo-fiorilo-quer-psicologos-e-assistentes-sociais-nas-escolas-de-sp\/","url_meta":{"origin":11261,"position":3},"title":"Paulo Fiorilo quer psic\u00f3logos e assistentes sociais nas escolas de SP","author":"ismaelcolosi.com.br","date":"14 de March de 2024","format":false,"excerpt":"14 de mar\u00e7o de 2024 | 9:3013 de mar\u00e7o de 2024 | 20:09 0O deputado Paulo Fiorilo (PT), estar\u00e1 em Ribeir\u00e3o Preto s\u00e1bado, dia 16, \u00e0s 20 horas, para participar de v\u00e1rias atividades e visitas a entidades, entre elas, debater com representantes da educa\u00e7\u00e3o seu projeto de lei, aprovado na\u2026","rel":"","context":"In &quot;Not\u00edcias de Ribeir\u00e3o Preto-SP e Regi\u00e3o&quot;","block_context":{"text":"Not\u00edcias de Ribeir\u00e3o Preto-SP e Regi\u00e3o","link":"https:\/\/ismaelcolosi.com.br\/index.php\/category\/noticias-de-ribeirao-preto-sp-e-regiao-ismael-colosi\/"},"img":{"alt_text":"","src":"https:\/\/i0.wp.com\/ismaelcolosi.com.br\/wp-content\/uploads\/2024\/03\/aba98197-5f7d-499b-950d-8bf68b659c74-scaled.jpg?fit=1000%2C480&ssl=1&resize=350%2C200","width":350,"height":200,"srcset":"https:\/\/i0.wp.com\/ismaelcolosi.com.br\/wp-content\/uploads\/2024\/03\/aba98197-5f7d-499b-950d-8bf68b659c74-scaled.jpg?fit=1000%2C480&ssl=1&resize=350%2C200 1x, https:\/\/i0.wp.com\/ismaelcolosi.com.br\/wp-content\/uploads\/2024\/03\/aba98197-5f7d-499b-950d-8bf68b659c74-scaled.jpg?fit=1000%2C480&ssl=1&resize=525%2C300 1.5x, https:\/\/i0.wp.com\/ismaelcolosi.com.br\/wp-content\/uploads\/2024\/03\/aba98197-5f7d-499b-950d-8bf68b659c74-scaled.jpg?fit=1000%2C480&ssl=1&resize=700%2C400 2x"},"classes":[]},{"id":27834,"url":"https:\/\/ismaelcolosi.com.br\/index.php\/2024\/01\/13\/definida-empresa-do-novo-bom-prato\/","url_meta":{"origin":11261,"position":4},"title":"Definida empresa do novo Bom Prato\u00a0","author":"ismaelcolosi.com.br","date":"13 de January de 2024","format":false,"excerpt":"13 de janeiro de 2024 | 14:0013 de janeiro de 2024 | 10:58 0A prefeitura de Ribeir\u00e3o Preto homologou na quinta-feira, 11 de janeiro, a licita\u00e7\u00e3o para a constru\u00e7\u00e3o do novo pr\u00e9dio do Restaurante Popular Bom Prato, no Centro da cidade\u00a0 A disputa foi vencida pela empresa ASF Engenharia e\u2026","rel":"","context":"In &quot;Not\u00edcias de Ribeir\u00e3o Preto-SP e Regi\u00e3o&quot;","block_context":{"text":"Not\u00edcias de Ribeir\u00e3o Preto-SP e Regi\u00e3o","link":"https:\/\/ismaelcolosi.com.br\/index.php\/category\/noticias-de-ribeirao-preto-sp-e-regiao-ismael-colosi\/"},"img":{"alt_text":"","src":"https:\/\/i0.wp.com\/ismaelcolosi.com.br\/wp-content\/uploads\/2024\/01\/BomPrato-Cen-Detalhe-Divulgacao-02-scaled.jpeg?fit=1000%2C563&ssl=1&resize=350%2C200","width":350,"height":200,"srcset":"https:\/\/i0.wp.com\/ismaelcolosi.com.br\/wp-content\/uploads\/2024\/01\/BomPrato-Cen-Detalhe-Divulgacao-02-scaled.jpeg?fit=1000%2C563&ssl=1&resize=350%2C200 1x, https:\/\/i0.wp.com\/ismaelcolosi.com.br\/wp-content\/uploads\/2024\/01\/BomPrato-Cen-Detalhe-Divulgacao-02-scaled.jpeg?fit=1000%2C563&ssl=1&resize=525%2C300 1.5x, https:\/\/i0.wp.com\/ismaelcolosi.com.br\/wp-content\/uploads\/2024\/01\/BomPrato-Cen-Detalhe-Divulgacao-02-scaled.jpeg?fit=1000%2C563&ssl=1&resize=700%2C400 2x"},"classes":[]},{"id":16246,"url":"https:\/\/ismaelcolosi.com.br\/index.php\/2023\/12\/15\/rp-doa-areas-para-441-moradias\/","url_meta":{"origin":11261,"position":5},"title":"RP doa \u00e1reas para 441 moradias\u00a0","author":"ismaelcolosi.com.br","date":"15 de December de 2023","format":false,"excerpt":"15 de dezembro de 2023 | 8:3014 de dezembro de 2023 | 19:16 0A prefeitura de Ribeir\u00e3o Preto enviou projeto de lei \u00e0 C\u00e2mara de Vereadores propondo a doa\u00e7\u00e3o de tr\u00eas \u00e1reas do munic\u00edpio para a constru\u00e7\u00e3o de 441 im\u00f3veis pelo novo Minha Casa, Minha Vida. Os terrenos, caso a\u2026","rel":"","context":"In &quot;Not\u00edcias de Ribeir\u00e3o Preto-SP e Regi\u00e3o&quot;","block_context":{"text":"Not\u00edcias de Ribeir\u00e3o Preto-SP e Regi\u00e3o","link":"https:\/\/ismaelcolosi.com.br\/index.php\/category\/noticias-de-ribeirao-preto-sp-e-regiao-ismael-colosi\/"},"img":{"alt_text":"","src":"https:\/\/i0.wp.com\/ismaelcolosi.com.br\/wp-content\/uploads\/2023\/12\/prefeitura-scaled.jpg?fit=906%2C645&ssl=1&resize=350%2C200","width":350,"height":200,"srcset":"https:\/\/i0.wp.com\/ismaelcolosi.com.br\/wp-content\/uploads\/2023\/12\/prefeitura-scaled.jpg?fit=906%2C645&ssl=1&resize=350%2C200 1x, https:\/\/i0.wp.com\/ismaelcolosi.com.br\/wp-content\/uploads\/2023\/12\/prefeitura-scaled.jpg?fit=906%2C645&ssl=1&resize=525%2C300 1.5x, https:\/\/i0.wp.com\/ismaelcolosi.com.br\/wp-content\/uploads\/2023\/12\/prefeitura-scaled.jpg?fit=906%2C645&ssl=1&resize=700%2C400 2x"},"classes":[]}],"jetpack_sharing_enabled":true,"jetpack_shortlink":"https:\/\/wp.me\/pfMlyK-2VD","_links":{"self":[{"href":"https:\/\/ismaelcolosi.com.br\/index.php\/wp-json\/wp\/v2\/posts\/11261","targetHints":{"allow":["GET"]}}],"collection":[{"href":"https:\/\/ismaelcolosi.com.br\/index.php\/wp-json\/wp\/v2\/posts"}],"about":[{"href":"https:\/\/ismaelcolosi.com.br\/index.php\/wp-json\/wp\/v2\/types\/post"}],"author":[{"embeddable":true,"href":"https:\/\/ismaelcolosi.com.br\/index.php\/wp-json\/wp\/v2\/users\/1"}],"replies":[{"embeddable":true,"href":"https:\/\/ismaelcolosi.com.br\/index.php\/wp-json\/wp\/v2\/comments?post=11261"}],"version-history":[{"count":0,"href":"https:\/\/ismaelcolosi.com.br\/index.php\/wp-json\/wp\/v2\/posts\/11261\/revisions"}],"wp:featuredmedia":[{"embeddable":true,"href":"https:\/\/ismaelcolosi.com.br\/index.php\/wp-json\/wp\/v2\/media\/11262"}],"wp:attachment":[{"href":"https:\/\/ismaelcolosi.com.br\/index.php\/wp-json\/wp\/v2\/media?parent=11261"}],"wp:term":[{"taxonomy":"category","embeddable":true,"href":"https:\/\/ismaelcolosi.com.br\/index.php\/wp-json\/wp\/v2\/categories?post=11261"},{"taxonomy":"post_tag","embeddable":true,"href":"https:\/\/ismaelcolosi.com.br\/index.php\/wp-json\/wp\/v2\/tags?post=11261"}],"curies":[{"name":"wp","href":"https:\/\/api.w.org\/{rel}","templated":true}]}}