{"id":11186,"date":"2023-12-05T18:22:31","date_gmt":"2023-12-05T21:22:31","guid":{"rendered":"https:\/\/ismaelcolosi.com.br\/index.php\/2023\/12\/05\/jequitiba-branco-passa-por-poda\/"},"modified":"2023-12-05T18:22:31","modified_gmt":"2023-12-05T21:22:31","slug":"jequitiba-branco-passa-por-poda","status":"publish","type":"post","link":"https:\/\/ismaelcolosi.com.br\/index.php\/2023\/12\/05\/jequitiba-branco-passa-por-poda\/","title":{"rendered":"Jequitib\u00e1-branco passa por poda \u00a0"},"content":{"rendered":"<p> <br \/>\n<\/p>\n<div id=\"post-366270\">\n<header class=\"entry-header penci-entry-header penci-title-center\">\n<p> <span class=\"entry-meta-item penci-posted-on\"><i class=\"fa fa-clock-o\"\/><time class=\"entry-date published\" datetime=\"2023-12-05T18:00:37-03:00\">5 de dezembro de 2023 | 18:00<\/time><time class=\"updated\" datetime=\"2023-12-05T10:43:17-03:00\">5 de dezembro de 2023 | 10:43<\/time><\/span><\/p>\n<p> <span class=\"penci-social-buttons penci-social-share-footer\"><a href=\"#\" class=\"penci-post-like penci_post-meta_item  single-like-button penci-social-item like\" data-post_id=\"366270\" title=\"Like\" data-like=\"Like\" data-unlike=\"Unlike\"><i class=\"fa fa-thumbs-o-up\"\/><span class=\"penci-share-number\">0<\/span><\/a><i class=\"fa fa-facebook\"\/><a class=\"penci-social-item twitter\" target=\"_blank\" rel=\"noopener\" title=\"\" href=\"https:\/\/twitter.com\/intent\/tweet?text=Jequitib\u00e1-branco%20passa%20por%20poda%20\u00a0%20-%20https:\/\/www.tribunaribeirao.com.br\/site\/jequitiba-branco-passa-por-poda\/\"><i class=\"fa fa-twitter\"\/><\/a><i class=\"fa fa-whatsapp\"\/><\/span><\/header>\n<div class=\"penci-entry-content entry-content\">\n<figure id=\"attachment_366272\" aria-describedby=\"caption-attachment-366272\" style=\"width: 202px\" class=\"wp-caption alignleft\"><noscript><img data-recalc-dims=\"1\" loading=\"lazy\" decoding=\"async\" class=\"wp-image-366272 size-medium\" src=\"https:\/\/i0.wp.com\/www.tribunaribeirao.com.br\/site\/wp-content\/uploads\/2023\/12\/Arvore-in-202x300.jpg?resize=202%2C300&#038;ssl=1\" alt=\"\" width=\"202\" height=\"300\" srcset=\"https:\/\/www.tribunaribeirao.com.br\/site\/wp-content\/uploads\/2023\/12\/Arvore-in-202x300.jpg 202w, https:\/\/www.tribunaribeirao.com.br\/site\/wp-content\/uploads\/2023\/12\/Arvore-in-269x400.jpg 269w, https:\/\/www.tribunaribeirao.com.br\/site\/wp-content\/uploads\/2023\/12\/Arvore-in.jpg 434w\" sizes=\"auto, (max-width: 202px) 100vw, 202px\"\/><\/noscript><figcaption id=\"caption-attachment-366272\" class=\"wp-caption-text\">Condenado, jequitib\u00e1-branco de aproximadamente 720 metros quadrados de copa e cerca dez metros de altura n\u00e3o existe mais\u00a0(Alfredo Risk)<\/figcaption><\/figure>\n<p><span class=\"TextRun SCXW168244099 BCX0\" lang=\"PT-BR\" xml:lang=\"PT-BR\" data-contrast=\"auto\"><span class=\"NormalTextRun SCXW168244099 BCX0\">O <\/span><span class=\"NormalTextRun SCXW168244099 BCX0\">jequitib\u00e1<\/span><span class=\"NormalTextRun SCXW168244099 BCX0\">-branco \u201cgigante\u201d<\/span><span class=\"NormalTextRun SCXW168244099 BCX0\"> e <\/span><span class=\"NormalTextRun SCXW168244099 BCX0\">com d\u00e9cadas de exist\u00eancia<\/span><span class=\"NormalTextRun SCXW168244099 BCX0\">, l<\/span><span class=\"NormalTextRun SCXW168244099 BCX0\">ocalizad<\/span><span class=\"NormalTextRun SCXW168244099 BCX0\">o<\/span><span class=\"NormalTextRun SCXW168244099 BCX0\"> em um condom\u00ednio na Estrada da <\/span><span class=\"NormalTextRun SpellingErrorV2Themed SCXW168244099 BCX0\">Limeirinha<\/span><span class=\"NormalTextRun SCXW168244099 BCX0\">, em Bonfim Paulista, <\/span><span class=\"NormalTextRun SCXW168244099 BCX0\">distrito de Ribeir\u00e3o Preto, <\/span><span class=\"NormalTextRun SCXW168244099 BCX0\">j\u00e1 passou por poda e <\/span><span class=\"NormalTextRun SCXW168244099 BCX0\">o tronco <\/span><span class=\"NormalTextRun SCXW168244099 BCX0\">deve ser extra\u00eddo em breve. Apesar das queixas de ambientalistas, a prefeitura diz que a \u00e1rvore j\u00e1 estava condenada.<\/span><\/span><span class=\"LineBreakBlob BlobObject DragDrop SCXW168244099 BCX0\"><span class=\"SCXW168244099 BCX0\">\u00a0<\/span><br class=\"SCXW168244099 BCX0\"\/><\/span><span class=\"LineBreakBlob BlobObject DragDrop SCXW168244099 BCX0\"><span class=\"SCXW168244099 BCX0\">\u00a0<\/span><br class=\"SCXW168244099 BCX0\"\/><\/span><span class=\"TextRun SCXW168244099 BCX0\" lang=\"PT-BR\" xml:lang=\"PT-BR\" data-contrast=\"auto\"><span class=\"NormalTextRun SCXW168244099 BCX0\">Em nota enviada <\/span><span class=\"NormalTextRun SCXW168244099 BCX0\">ao Tribuna<\/span><span class=\"NormalTextRun SCXW168244099 BCX0\"> h\u00e1 cerca de dez dias, a<\/span><span class=\"NormalTextRun SCXW168244099 BCX0\"> Secretaria Municipal de Meio Ambiente informa<\/span><span class=\"NormalTextRun SCXW168244099 BCX0\">va que o \u201c<\/span><span class=\"NormalTextRun SCXW168244099 BCX0\">jequitib\u00e1<\/span><span class=\"NormalTextRun SCXW168244099 BCX0\">\u2013<\/span><span class=\"NormalTextRun SCXW168244099 BCX0\">branco com aproximadamente 720 metros quadrados de copa e aproximadamente <\/span><span class=\"NormalTextRun SCXW168244099 BCX0\">dez<\/span><span class=\"NormalTextRun SCXW168244099 BCX0\"> metros de altura, sofreu a queda de dois galhos de grandes dimens\u00f5es <\/span><span class=\"NormalTextRun ContextualSpellingAndGrammarErrorV2Themed SCXW168244099 BCX0\">( aproximadamente<\/span><span class=\"NormalTextRun SCXW168244099 BCX0\"> mil quilogramas cada).<\/span><span class=\"NormalTextRun SCXW168244099 BCX0\">\u201d<\/span> <\/span><span class=\"LineBreakBlob BlobObject DragDrop SCXW168244099 BCX0\"><span class=\"SCXW168244099 BCX0\">\u00a0<\/span><br class=\"SCXW168244099 BCX0\"\/><\/span><span class=\"LineBreakBlob BlobObject DragDrop SCXW168244099 BCX0\"><span class=\"SCXW168244099 BCX0\">\u00a0<\/span><\/span><span class=\"TextRun SCXW168244099 BCX0\" lang=\"PT-BR\" xml:lang=\"PT-BR\" data-contrast=\"auto\"><span class=\"NormalTextRun SCXW168244099 BCX0\">\u201c<\/span><span class=\"NormalTextRun SCXW168244099 BCX0\">Tais quedas ocasionaram uma les\u00e3o do tronco, <\/span><span class=\"NormalTextRun ContextualSpellingAndGrammarErrorV2Themed SCXW168244099 BCX0\">que ,<\/span><span class=\"NormalTextRun SCXW168244099 BCX0\"> apesar de ter sido tratada com fungicidas naturais e usados na agricultura org\u00e2nica, continuou a apresentar evolu\u00e7\u00e3o da <\/span><span class=\"NormalTextRun ContextualSpellingAndGrammarErrorV2Themed SCXW168244099 BCX0\">podrid\u00e3o\u00a0 do<\/span><span class=\"NormalTextRun SCXW168244099 BCX0\"> alburno e cerne do exemplar arb\u00f3reo<\/span><span class=\"NormalTextRun SCXW168244099 BCX0\">\u201d, diz o comunicado da pasta<\/span><span class=\"NormalTextRun SCXW168244099 BCX0\">. <\/span><\/span><span class=\"LineBreakBlob BlobObject DragDrop SCXW168244099 BCX0\"><span class=\"SCXW168244099 BCX0\">\u00a0<\/span><br class=\"SCXW168244099 BCX0\"\/><\/span><span class=\"LineBreakBlob BlobObject DragDrop SCXW168244099 BCX0\"><span class=\"SCXW168244099 BCX0\">\u00a0<\/span><br class=\"SCXW168244099 BCX0\"\/><\/span><span class=\"TextRun SCXW168244099 BCX0\" lang=\"PT-BR\" xml:lang=\"PT-BR\" data-contrast=\"auto\"><span class=\"NormalTextRun SCXW168244099 BCX0\">\u201c<\/span><span class=\"NormalTextRun SCXW168244099 BCX0\">A \u00e1rvore tem sido monitorada desde o ano de 2021 quando ocorreu a primeira queda de um dos grandes galhos e, e posteriormente por um gestor ambiental contrato pelo condom\u00ednio que monitora regularmente a \u00e1rvore e diante do diagn\u00f3stico pouco favor\u00e1vel das les\u00f5es e devido a segunda queda de galhos, no ano de 20<\/span><span class=\"NormalTextRun SCXW168244099 BCX0\">22, a Associa\u00e7\u00e3o dos Amigos do R<\/span><span class=\"NormalTextRun SCXW168244099 BCX0\">esidencial Fontana realizou a abertura de um protocolo junto a Secretaria de Meio Ambiente<\/span><span class=\"NormalTextRun SCXW168244099 BCX0\">\u201d, prossegue.<\/span><\/span><span class=\"LineBreakBlob BlobObject DragDrop SCXW168244099 BCX0\"><span class=\"SCXW168244099 BCX0\">\u00a0<\/span><br class=\"SCXW168244099 BCX0\"\/><\/span><span class=\"LineBreakBlob BlobObject DragDrop SCXW168244099 BCX0\"><span class=\"SCXW168244099 BCX0\">\u00a0<\/span><br class=\"SCXW168244099 BCX0\"\/><\/span><span class=\"TextRun SCXW168244099 BCX0\" lang=\"PT-BR\" xml:lang=\"PT-BR\" data-contrast=\"auto\"><span class=\"NormalTextRun SCXW168244099 BCX0\">Segundo a pasta, no <\/span><span class=\"NormalTextRun SCXW168244099 BCX0\">relat\u00f3rio t\u00e9cnico ambiental <\/span><span class=\"NormalTextRun SCXW168244099 BCX0\">a associa\u00e7\u00e3o de moradores do residencial <\/span><span class=\"NormalTextRun SCXW168244099 BCX0\">relata<\/span> <span class=\"NormalTextRun SCXW168244099 BCX0\">problemas estruturais na \u00e1rvore.<\/span> <span class=\"NormalTextRun SCXW168244099 BCX0\">Ap\u00f3s a primeira vistoria, foi levada em considera\u00e7\u00e3o a\u00e7\u00f5es para a manuten\u00e7\u00e3o do exemplar<\/span><span class=\"NormalTextRun SCXW168244099 BCX0\">.<\/span> <span class=\"NormalTextRun SCXW168244099 BCX0\">\u201c<\/span><span class=\"NormalTextRun SCXW168244099 BCX0\">Posteriormente<\/span><span class=\"NormalTextRun SCXW168244099 BCX0\">,<\/span><span class=\"NormalTextRun SCXW168244099 BCX0\"> um novo relat\u00f3rio foi apresentado pela <\/span><span class=\"NormalTextRun SCXW168244099 BCX0\">a<\/span><span class=\"NormalTextRun SCXW168244099 BCX0\">ssocia\u00e7\u00e3o, reafirmando a necessidade de extra\u00e7\u00e3o devido a evolu\u00e7\u00e3o do processo degenerativo dos galhos superiores.<\/span><span class=\"NormalTextRun SCXW168244099 BCX0\">\u201d<\/span><\/span><span class=\"LineBreakBlob BlobObject DragDrop SCXW168244099 BCX0\"><span class=\"SCXW168244099 BCX0\">\u00a0<\/span><br class=\"SCXW168244099 BCX0\"\/><\/span><span class=\"LineBreakBlob BlobObject DragDrop SCXW168244099 BCX0\"><span class=\"SCXW168244099 BCX0\">\u00a0<\/span><br class=\"SCXW168244099 BCX0\"\/><\/span><span class=\"TextRun SCXW168244099 BCX0\" lang=\"PT-BR\" xml:lang=\"PT-BR\" data-contrast=\"auto\"> <span class=\"NormalTextRun SCXW168244099 BCX0\">A<\/span> <span class=\"NormalTextRun SCXW168244099 BCX0\">S<\/span><span class=\"NormalTextRun SCXW168244099 BCX0\">ecretaria do Meio Ambiente realizou uma nova vistoria para <\/span><span class=\"NormalTextRun SCXW168244099 BCX0\">rean<\/span><span class=\"NormalTextRun SCXW168244099 BCX0\">\u00e1<\/span><span class=\"NormalTextRun SCXW168244099 BCX0\">lise<\/span><span class=\"NormalTextRun SCXW168244099 BCX0\"> do caso, onde foi corroborada a necessidade de extra\u00e7\u00e3o. <\/span><span class=\"NormalTextRun SCXW168244099 BCX0\">\u201c<\/span><span class=\"NormalTextRun SCXW168244099 BCX0\">A medida considerou a sintomatologia, tais como<\/span> <span class=\"NormalTextRun SCXW168244099 BCX0\">a presen\u00e7a dos ponteiros secos dos ramos e tecidos mortos no caule, indicando a <\/span><span class=\"NormalTextRun SCXW168244099 BCX0\">senesc\u00eancia<\/span><span class=\"NormalTextRun SCXW168244099 BCX0\"> da \u00e1rvore<\/span><span class=\"NormalTextRun SCXW168244099 BCX0\">\u201d, diz.<\/span><\/span><span class=\"LineBreakBlob BlobObject DragDrop SCXW168244099 BCX0\"><span class=\"SCXW168244099 BCX0\">\u00a0<\/span><br class=\"SCXW168244099 BCX0\"\/><\/span><span class=\"LineBreakBlob BlobObject DragDrop SCXW168244099 BCX0\"><span class=\"SCXW168244099 BCX0\">\u00a0<\/span><br class=\"SCXW168244099 BCX0\"\/><\/span><span class=\"TextRun SCXW168244099 BCX0\" lang=\"PT-BR\" xml:lang=\"PT-BR\" data-contrast=\"auto\"><span class=\"NormalTextRun SCXW168244099 BCX0\">Ressalta que extra\u00e7\u00e3o \u00e9 necess\u00e1ria por causa da \u201c<\/span><span class=\"NormalTextRun SCXW168244099 BCX0\">localiza\u00e7\u00e3o e destina\u00e7\u00e3o onde o exemplar se <\/span><span class=\"NormalTextRun SCXW168244099 BCX0\">encontra,<\/span><span class=\"NormalTextRun SCXW168244099 BCX0\"> como a proximidade das resid\u00eancias do entorno<\/span><span class=\"NormalTextRun SCXW168244099 BCX0\">\u201d. Para autorizar o servi\u00e7o, a pasta ainda cita que \u201c<\/span><span class=\"NormalTextRun SCXW168244099 BCX0\">considerou o momento <\/span><span class=\"NormalTextRun SCXW168244099 BCX0\">clim\u00e1tico de grande mudan\u00e7a com eventos e fen\u00f4menos cada vez mais agressivos e imprevis\u00edveis; resguardando a seguran\u00e7a dos moradores.<\/span><span class=\"NormalTextRun SCXW168244099 BCX0\">\u201d<\/span><\/span><span class=\"LineBreakBlob BlobObject DragDrop SCXW168244099 BCX0\"><span class=\"SCXW168244099 BCX0\">\u00a0<\/span><br class=\"SCXW168244099 BCX0\"\/><\/span><span class=\"LineBreakBlob BlobObject DragDrop SCXW168244099 BCX0\"><span class=\"SCXW168244099 BCX0\">\u00a0<\/span><br class=\"SCXW168244099 BCX0\"\/><\/span><span class=\"TextRun SCXW168244099 BCX0\" lang=\"PT-BR\" xml:lang=\"PT-BR\" data-contrast=\"auto\"><span class=\"NormalTextRun SCXW168244099 BCX0\">Reinaldo Romero<\/span><span class=\"NormalTextRun SCXW168244099 BCX0\">, <\/span><span class=\"NormalTextRun SCXW168244099 BCX0\">ativista ambiental e coordenador da campanha de arboriza\u00e7\u00e3o <\/span><span class=\"NormalTextRun SCXW168244099 BCX0\">\u201c<\/span><span class=\"NormalTextRun SCXW168244099 BCX0\">T\u00e1<\/span><span class=\"NormalTextRun SCXW168244099 BCX0\"> Com Calor? Plante \u00c1rvores<\/span><span class=\"NormalTextRun SCXW168244099 BCX0\">\u201d<\/span><span class=\"NormalTextRun SCXW168244099 BCX0\"> da Associa\u00e7\u00e3o Cultural e Ecol\u00f3gica Pau Brasil<\/span><span class=\"NormalTextRun SCXW168244099 BCX0\">, suspeita que o progresso matou o esp\u00e9cime<\/span><span class=\"NormalTextRun SCXW168244099 BCX0\">.<\/span> <span class=\"NormalTextRun SCXW168244099 BCX0\">\u201cAcredito que a \u00e1rvore tenha adoecido por conta de muros que foram constru\u00eddos em seu entorno e atingiram as ra\u00edzes. Mas n\u00e3o h\u00e1 um diagn\u00f3stico preciso\u201d, salienta<\/span><span class=\"NormalTextRun SCXW168244099 BCX0\"> Romero<\/span><span class=\"NormalTextRun SCXW168244099 BCX0\">.<\/span> <\/span><span class=\"LineBreakBlob BlobObject DragDrop SCXW168244099 BCX0\"><span class=\"SCXW168244099 BCX0\">\u00a0<\/span><br class=\"SCXW168244099 BCX0\"\/><\/span><span class=\"LineBreakBlob BlobObject DragDrop SCXW168244099 BCX0\"><span class=\"SCXW168244099 BCX0\">\u00a0<\/span><br class=\"SCXW168244099 BCX0\"\/><\/span><\/p><div class='code-block code-block-8' style='margin: 8px auto; text-align: center; display: block; clear: both;'>\n<script>\n  atOptions = {\n    'key' : '66e2e2111ca34da796271819fc334058',\n    'format' : 'iframe',\n    'height' : 250,\n    'width' : 300,\n    'params' : {}\n  };\n<\/script>\n<script src=\"https:\/\/www.highperformanceformat.com\/66e2e2111ca34da796271819fc334058\/invoke.js\"><\/script>\n<\/div>\n\n<\/div>\n<footer class=\"penci-entry-footer\"\/><\/div>\n<p><script async src=\"\/\/platform.twitter.com\/widgets.js\" charset=\"utf-8\"><\/script><br \/>\n<br \/><br \/>\n<br \/><a href=\"https:\/\/www.tribunaribeirao.com.br\/site\/jequitiba-branco-passa-por-poda\/\">Source link <\/a><\/p>\n<div class='code-block code-block-4' style='margin: 8px auto 8px 0; text-align: left; display: block; clear: both;'>\n\ud83d\udce2 Aviso Legal\n\nO site ismaelcolosi.com.br atua apenas como um canal de divulga\u00e7\u00e3o de oportunidades de emprego e n\u00e3o se responsabiliza pelo processo seletivo, contrata\u00e7\u00e3o ou qualquer outra etapa relacionada \u00e0s vagas publicadas. Todas as informa\u00e7\u00f5es s\u00e3o de responsabilidade dos anunciantes.\n\n\u26a0\ufe0f Aten\u00e7\u00e3o! Nunca pague por promessas de emprego nem compre cursos que garantam contrata\u00e7\u00e3o. Desconfie de qualquer cobran\u00e7a para participar de sele\u00e7\u00f5es.\n\n\n<div data-type=\"_mgwidget\" data-widget-id=\"2000896\">\n<\/div>\n<script>(function(w,q){w[q]=w[q]||[];w[q].push([\"_mgc.load\"])})(window,\"_mgq\");\n<\/script>\n<\/div>\n<!-- CONTENT END 1 -->\n","protected":false},"excerpt":{"rendered":"<p>5 de dezembro de 2023 | 18:005 de dezembro de 2023 | 10:43 0 Condenado, jequitib\u00e1-branco de aproximadamente 720 metros quadrados de copa e cerca&#8230;<\/p>\n","protected":false},"author":1,"featured_media":11187,"comment_status":"open","ping_status":"open","sticky":false,"template":"","format":"standard","meta":{"_uag_custom_page_level_css":"","jetpack_post_was_ever_published":false,"_jetpack_newsletter_access":"","_jetpack_dont_email_post_to_subs":false,"_jetpack_newsletter_tier_id":0,"_jetpack_memberships_contains_paywalled_content":false,"_jetpack_memberships_contains_paid_content":false,"footnotes":"","jetpack_publicize_message":"","jetpack_publicize_feature_enabled":true,"jetpack_social_post_already_shared":true,"jetpack_social_options":{"image_generator_settings":{"template":"highway","default_image_id":0,"font":"","enabled":false},"version":2}},"categories":[11],"tags":[1550,631,1551,134],"class_list":["post-11186","post","type-post","status-publish","format-standard","has-post-thumbnail","hentry","category-noticias-de-ribeirao-preto-sp-e-regiao-ismael-colosi","tag-jequitibabranco","tag-passa","tag-poda","tag-por"],"aioseo_notices":[],"jetpack_publicize_connections":[],"jetpack_featured_media_url":"https:\/\/i0.wp.com\/ismaelcolosi.com.br\/wp-content\/uploads\/2023\/12\/arvore.jpg?fit=359%2C645&ssl=1","uagb_featured_image_src":{"full":["https:\/\/i0.wp.com\/ismaelcolosi.com.br\/wp-content\/uploads\/2023\/12\/arvore.jpg?fit=359%2C645&ssl=1",359,645,false],"thumbnail":["https:\/\/i0.wp.com\/ismaelcolosi.com.br\/wp-content\/uploads\/2023\/12\/arvore.jpg?resize=150%2C150&ssl=1",150,150,true],"medium":["https:\/\/i0.wp.com\/ismaelcolosi.com.br\/wp-content\/uploads\/2023\/12\/arvore.jpg?fit=167%2C300&ssl=1",167,300,true],"medium_large":["https:\/\/i0.wp.com\/ismaelcolosi.com.br\/wp-content\/uploads\/2023\/12\/arvore.jpg?fit=359%2C645&ssl=1",359,645,true],"large":["https:\/\/i0.wp.com\/ismaelcolosi.com.br\/wp-content\/uploads\/2023\/12\/arvore.jpg?fit=359%2C645&ssl=1",359,645,true],"1536x1536":["https:\/\/i0.wp.com\/ismaelcolosi.com.br\/wp-content\/uploads\/2023\/12\/arvore.jpg?fit=359%2C645&ssl=1",359,645,true],"2048x2048":["https:\/\/i0.wp.com\/ismaelcolosi.com.br\/wp-content\/uploads\/2023\/12\/arvore.jpg?fit=359%2C645&ssl=1",359,645,true],"really-simple-thumb":["https:\/\/i0.wp.com\/ismaelcolosi.com.br\/wp-content\/uploads\/2023\/12\/arvore.jpg?resize=359%2C247&ssl=1",359,247,true]},"uagb_author_info":{"display_name":"ismaelcolosi.com.br","author_link":"https:\/\/ismaelcolosi.com.br\/index.php\/author\/vidareal-online\/"},"uagb_comment_info":0,"uagb_excerpt":"5 de dezembro de 2023 | 18:005 de dezembro de 2023 | 10:43 0 Condenado, jequitib\u00e1-branco de aproximadamente 720 metros quadrados de copa e cerca...","jetpack-related-posts":[{"id":79168,"url":"https:\/\/ismaelcolosi.com.br\/index.php\/2024\/12\/13\/caravana-da-coca-cola-passa-por-ribeirao-nesta-sexta-feira-veja-o-trajeto\/","url_meta":{"origin":11186,"position":0},"title":"Caravana da Coca-Cola passa por Ribeir\u00e3o nesta sexta-feira; Veja o trajeto","author":"ismaelcolosi.com.br","date":"13 de December de 2024","format":false,"excerpt":"A Caravana da Coca-Cola retorna para Ribeir\u00e3o Preto nesta sexta-feira (13). Os caminh\u00f5es decorados, iluminados e com o Papai Noel sair\u00e3o de pontos espec\u00edficos da cidade e percorreram diversos bairros \u2013 veja o trajeto abaixo. Com o tema \u201cDesperte o Papai Noel que h\u00e1 em Voc\u00ea\u201d, o desfile acontece todos\u2026","rel":"","context":"In &quot;Not\u00edcias de Ribeir\u00e3o Preto-SP e Regi\u00e3o&quot;","block_context":{"text":"Not\u00edcias de Ribeir\u00e3o Preto-SP e Regi\u00e3o","link":"https:\/\/ismaelcolosi.com.br\/index.php\/category\/noticias-de-ribeirao-preto-sp-e-regiao-ismael-colosi\/"},"img":{"alt_text":"","src":"https:\/\/i0.wp.com\/ismaelcolosi.com.br\/wp-content\/uploads\/2024\/12\/carreata-coca-cola.jpg?fit=1200%2C675&ssl=1&resize=350%2C200","width":350,"height":200,"srcset":"https:\/\/i0.wp.com\/ismaelcolosi.com.br\/wp-content\/uploads\/2024\/12\/carreata-coca-cola.jpg?fit=1200%2C675&ssl=1&resize=350%2C200 1x, https:\/\/i0.wp.com\/ismaelcolosi.com.br\/wp-content\/uploads\/2024\/12\/carreata-coca-cola.jpg?fit=1200%2C675&ssl=1&resize=525%2C300 1.5x, https:\/\/i0.wp.com\/ismaelcolosi.com.br\/wp-content\/uploads\/2024\/12\/carreata-coca-cola.jpg?fit=1200%2C675&ssl=1&resize=700%2C400 2x, https:\/\/i0.wp.com\/ismaelcolosi.com.br\/wp-content\/uploads\/2024\/12\/carreata-coca-cola.jpg?fit=1200%2C675&ssl=1&resize=1050%2C600 3x"},"classes":[]},{"id":32687,"url":"https:\/\/ismaelcolosi.com.br\/index.php\/2024\/01\/26\/numero-de-usuarios-de-planos-de-saude-passa-de-51-milhoes-em-2023\/","url_meta":{"origin":11186,"position":1},"title":"N\u00famero de usu\u00e1rios de planos de sa\u00fade passa de 51 milh\u00f5es em 2023","author":"ismaelcolosi.com.br","date":"26 de January de 2024","format":false,"excerpt":"25 de janeiro de 2024 | 14:0025 de janeiro de 2024 | 10:38 0Levantamento divulgado nesta quarta-feira (24) pela Ag\u00eancia Nacional de Sa\u00fade Suplementar (ANS) revela que o setor totalizou, em dezembro do ano passado, 51.081.018 usu\u00e1rios de planos de assist\u00eancia m\u00e9dica, superando, pela primeira vez, a marca de 51\u2026","rel":"","context":"In &quot;Not\u00edcias de Ribeir\u00e3o Preto-SP e Regi\u00e3o&quot;","block_context":{"text":"Not\u00edcias de Ribeir\u00e3o Preto-SP e Regi\u00e3o","link":"https:\/\/ismaelcolosi.com.br\/index.php\/category\/noticias-de-ribeirao-preto-sp-e-regiao-ismael-colosi\/"},"img":{"alt_text":"","src":"https:\/\/i0.wp.com\/ismaelcolosi.com.br\/wp-content\/uploads\/2024\/01\/9b8960ba-45c7-4867-92fa-3d2a6bf5aae5.jpg?fit=724%2C483&ssl=1&resize=350%2C200","width":350,"height":200,"srcset":"https:\/\/i0.wp.com\/ismaelcolosi.com.br\/wp-content\/uploads\/2024\/01\/9b8960ba-45c7-4867-92fa-3d2a6bf5aae5.jpg?fit=724%2C483&ssl=1&resize=350%2C200 1x, https:\/\/i0.wp.com\/ismaelcolosi.com.br\/wp-content\/uploads\/2024\/01\/9b8960ba-45c7-4867-92fa-3d2a6bf5aae5.jpg?fit=724%2C483&ssl=1&resize=525%2C300 1.5x, https:\/\/i0.wp.com\/ismaelcolosi.com.br\/wp-content\/uploads\/2024\/01\/9b8960ba-45c7-4867-92fa-3d2a6bf5aae5.jpg?fit=724%2C483&ssl=1&resize=700%2C400 2x"},"classes":[]},{"id":9046,"url":"https:\/\/ismaelcolosi.com.br\/index.php\/2023\/12\/01\/cheiro-de-esgoto-incomoda-quem-passa-proximo-ao-retiro-saudoso\/","url_meta":{"origin":11186,"position":2},"title":"Cheiro de esgoto incomoda quem passa pr\u00f3ximo ao Retiro Saudoso","author":"ismaelcolosi.com.br","date":"1 de December de 2023","format":false,"excerpt":"C\u00f3rrego que atravessa a cidade da zona Sul \u00e0 zona Norte tem exalado forte cheiro h\u00e1 v\u00e1rios dias 1 de dezembro de 2023 | 12:261 de dezembro de 2023 | 12:27 0Por: Adalberto LuqueMuitos motoristas e pedestres que passam pela Avenida Francisco Junqueira t\u00eam se queixado do forte cheiro de\u2026","rel":"","context":"In &quot;Not\u00edcias de Ribeir\u00e3o Preto-SP e Regi\u00e3o&quot;","block_context":{"text":"Not\u00edcias de Ribeir\u00e3o Preto-SP e Regi\u00e3o","link":"https:\/\/ismaelcolosi.com.br\/index.php\/category\/noticias-de-ribeirao-preto-sp-e-regiao-ismael-colosi\/"},"img":{"alt_text":"","src":"https:\/\/i0.wp.com\/ismaelcolosi.com.br\/wp-content\/uploads\/2023\/12\/00-01-dez-2023-cheiro-ruim-retiro-saudoso-00-foto-alfredo-risk-scaled.jpg?fit=967%2C645&ssl=1&resize=350%2C200","width":350,"height":200,"srcset":"https:\/\/i0.wp.com\/ismaelcolosi.com.br\/wp-content\/uploads\/2023\/12\/00-01-dez-2023-cheiro-ruim-retiro-saudoso-00-foto-alfredo-risk-scaled.jpg?fit=967%2C645&ssl=1&resize=350%2C200 1x, https:\/\/i0.wp.com\/ismaelcolosi.com.br\/wp-content\/uploads\/2023\/12\/00-01-dez-2023-cheiro-ruim-retiro-saudoso-00-foto-alfredo-risk-scaled.jpg?fit=967%2C645&ssl=1&resize=525%2C300 1.5x, https:\/\/i0.wp.com\/ismaelcolosi.com.br\/wp-content\/uploads\/2023\/12\/00-01-dez-2023-cheiro-ruim-retiro-saudoso-00-foto-alfredo-risk-scaled.jpg?fit=967%2C645&ssl=1&resize=700%2C400 2x"},"classes":[]},{"id":9323,"url":"https:\/\/ismaelcolosi.com.br\/index.php\/2023\/12\/01\/varejo-passa-a-atender-a-noite-2\/","url_meta":{"origin":11186,"position":3},"title":"Varejo passa a atender \u00e0 noite \u00a0","author":"ismaelcolosi.com.br","date":"1 de December de 2023","format":false,"excerpt":"A Associa\u00e7\u00e3o Comercial e Industrial de Ribeir\u00e3o Preto (Acirp) informa que a partir desta sexta-feira, 1\u00ba de dezembro, ter\u00e1 in\u00edcio o hor\u00e1rio estendido das lojas do com\u00e9rcio varejista para as compras de Natal. A abertura at\u00e9 as 22 horas \u00e9 facultativa.\u00a0\u201cA ideia \u00e9 que as lojas de rua abram at\u00e9\u2026","rel":"","context":"In &quot;Not\u00edcias de Ribeir\u00e3o Preto-SP e Regi\u00e3o&quot;","block_context":{"text":"Not\u00edcias de Ribeir\u00e3o Preto-SP e Regi\u00e3o","link":"https:\/\/ismaelcolosi.com.br\/index.php\/category\/noticias-de-ribeirao-preto-sp-e-regiao-ismael-colosi\/"},"img":{"alt_text":"","src":"https:\/\/i0.wp.com\/ismaelcolosi.com.br\/wp-content\/uploads\/2023\/12\/natal-scaled.jpg?fit=967%2C645&ssl=1&resize=350%2C200","width":350,"height":200,"srcset":"https:\/\/i0.wp.com\/ismaelcolosi.com.br\/wp-content\/uploads\/2023\/12\/natal-scaled.jpg?fit=967%2C645&ssl=1&resize=350%2C200 1x, https:\/\/i0.wp.com\/ismaelcolosi.com.br\/wp-content\/uploads\/2023\/12\/natal-scaled.jpg?fit=967%2C645&ssl=1&resize=525%2C300 1.5x, https:\/\/i0.wp.com\/ismaelcolosi.com.br\/wp-content\/uploads\/2023\/12\/natal-scaled.jpg?fit=967%2C645&ssl=1&resize=700%2C400 2x"},"classes":[]},{"id":46774,"url":"https:\/\/ismaelcolosi.com.br\/index.php\/2024\/04\/15\/prefeitura-de-ribeirao-oferece-curso-gratuito-de-podador-de-arvore-saiba-como-se-inscrever\/","url_meta":{"origin":11186,"position":4},"title":"Prefeitura de Ribeir\u00e3o oferece curso gratuito de podador de \u00e1rvore; Saiba como se inscrever","author":"ismaelcolosi.com.br","date":"15 de April de 2024","format":false,"excerpt":"A Secretaria Municipal do Meio Ambiente de Ribeir\u00e3o Preto est\u00e1 com inscri\u00e7\u00f5es abertas para um curso gratuito de poda em \u00e1rvores urbanas. Ser\u00e3o duas turmas neste semestre, nos meses de abril e maio, com 40 alunos cada. As inscri\u00e7\u00f5es podem ser feitas pela internet (clique aqui) ou pessoalmente no Caterp\u2026","rel":"","context":"In &quot;Not\u00edcias de Ribeir\u00e3o Preto-SP e Regi\u00e3o&quot;","block_context":{"text":"Not\u00edcias de Ribeir\u00e3o Preto-SP e Regi\u00e3o","link":"https:\/\/ismaelcolosi.com.br\/index.php\/category\/noticias-de-ribeirao-preto-sp-e-regiao-ismael-colosi\/"},"img":{"alt_text":"","src":"https:\/\/i0.wp.com\/ismaelcolosi.com.br\/wp-content\/uploads\/2024\/04\/PrefeituradeRibeirotemcursogratuitoparapodadordervore_Tamanho_2_image.jpg?fit=1200%2C900&ssl=1&resize=350%2C200","width":350,"height":200,"srcset":"https:\/\/i0.wp.com\/ismaelcolosi.com.br\/wp-content\/uploads\/2024\/04\/PrefeituradeRibeirotemcursogratuitoparapodadordervore_Tamanho_2_image.jpg?fit=1200%2C900&ssl=1&resize=350%2C200 1x, https:\/\/i0.wp.com\/ismaelcolosi.com.br\/wp-content\/uploads\/2024\/04\/PrefeituradeRibeirotemcursogratuitoparapodadordervore_Tamanho_2_image.jpg?fit=1200%2C900&ssl=1&resize=525%2C300 1.5x, https:\/\/i0.wp.com\/ismaelcolosi.com.br\/wp-content\/uploads\/2024\/04\/PrefeituradeRibeirotemcursogratuitoparapodadordervore_Tamanho_2_image.jpg?fit=1200%2C900&ssl=1&resize=700%2C400 2x, https:\/\/i0.wp.com\/ismaelcolosi.com.br\/wp-content\/uploads\/2024\/04\/PrefeituradeRibeirotemcursogratuitoparapodadordervore_Tamanho_2_image.jpg?fit=1200%2C900&ssl=1&resize=1050%2C600 3x"},"classes":[]},{"id":9945,"url":"https:\/\/ismaelcolosi.com.br\/index.php\/2023\/12\/03\/caravana-de-natal-da-coca-cola-passa-pela-regiao-de-ribeirao-neste-domingo\/","url_meta":{"origin":11186,"position":5},"title":"Caravana de Natal da Coca-Cola passa pela regi\u00e3o de Ribeir\u00e3o neste domingo","author":"ismaelcolosi.com.br","date":"3 de December de 2023","format":false,"excerpt":"A Caravana de Natal da Coca-Cola vai passar por Franca, na regi\u00e3o de Ribeir\u00e3o Preto, neste domingo (3), a partir das 19h. A caravana vai passar por Ribeir\u00e3o Preto e outras cidades da regi\u00e3o at\u00e9 o dia 21 de dezembro. Os pontos de refer\u00eancia do percurso em Franca s\u00e3o o\u2026","rel":"","context":"In &quot;Not\u00edcias de Ribeir\u00e3o Preto-SP e Regi\u00e3o&quot;","block_context":{"text":"Not\u00edcias de Ribeir\u00e3o Preto-SP e Regi\u00e3o","link":"https:\/\/ismaelcolosi.com.br\/index.php\/category\/noticias-de-ribeirao-preto-sp-e-regiao-ismael-colosi\/"},"img":{"alt_text":"","src":"https:\/\/i0.wp.com\/ismaelcolosi.com.br\/wp-content\/uploads\/2023\/12\/carreata_natal_1024x576_20122019154323.jpg?fit=1024%2C576&ssl=1&resize=350%2C200","width":350,"height":200,"srcset":"https:\/\/i0.wp.com\/ismaelcolosi.com.br\/wp-content\/uploads\/2023\/12\/carreata_natal_1024x576_20122019154323.jpg?fit=1024%2C576&ssl=1&resize=350%2C200 1x, https:\/\/i0.wp.com\/ismaelcolosi.com.br\/wp-content\/uploads\/2023\/12\/carreata_natal_1024x576_20122019154323.jpg?fit=1024%2C576&ssl=1&resize=525%2C300 1.5x, https:\/\/i0.wp.com\/ismaelcolosi.com.br\/wp-content\/uploads\/2023\/12\/carreata_natal_1024x576_20122019154323.jpg?fit=1024%2C576&ssl=1&resize=700%2C400 2x"},"classes":[]}],"jetpack_sharing_enabled":true,"jetpack_shortlink":"https:\/\/wp.me\/pfMlyK-2Uq","_links":{"self":[{"href":"https:\/\/ismaelcolosi.com.br\/index.php\/wp-json\/wp\/v2\/posts\/11186","targetHints":{"allow":["GET"]}}],"collection":[{"href":"https:\/\/ismaelcolosi.com.br\/index.php\/wp-json\/wp\/v2\/posts"}],"about":[{"href":"https:\/\/ismaelcolosi.com.br\/index.php\/wp-json\/wp\/v2\/types\/post"}],"author":[{"embeddable":true,"href":"https:\/\/ismaelcolosi.com.br\/index.php\/wp-json\/wp\/v2\/users\/1"}],"replies":[{"embeddable":true,"href":"https:\/\/ismaelcolosi.com.br\/index.php\/wp-json\/wp\/v2\/comments?post=11186"}],"version-history":[{"count":0,"href":"https:\/\/ismaelcolosi.com.br\/index.php\/wp-json\/wp\/v2\/posts\/11186\/revisions"}],"wp:featuredmedia":[{"embeddable":true,"href":"https:\/\/ismaelcolosi.com.br\/index.php\/wp-json\/wp\/v2\/media\/11187"}],"wp:attachment":[{"href":"https:\/\/ismaelcolosi.com.br\/index.php\/wp-json\/wp\/v2\/media?parent=11186"}],"wp:term":[{"taxonomy":"category","embeddable":true,"href":"https:\/\/ismaelcolosi.com.br\/index.php\/wp-json\/wp\/v2\/categories?post=11186"},{"taxonomy":"post_tag","embeddable":true,"href":"https:\/\/ismaelcolosi.com.br\/index.php\/wp-json\/wp\/v2\/tags?post=11186"}],"curies":[{"name":"wp","href":"https:\/\/api.w.org\/{rel}","templated":true}]}}