{"id":11168,"date":"2023-12-05T17:40:17","date_gmt":"2023-12-05T20:40:17","guid":{"rendered":"https:\/\/ismaelcolosi.com.br\/index.php\/2023\/12\/05\/trem-turistico-da-cptm-abre-venda-de-ingressos-para-dezembro\/"},"modified":"2023-12-05T17:40:17","modified_gmt":"2023-12-05T20:40:17","slug":"trem-turistico-da-cptm-abre-venda-de-ingressos-para-dezembro","status":"publish","type":"post","link":"https:\/\/ismaelcolosi.com.br\/index.php\/2023\/12\/05\/trem-turistico-da-cptm-abre-venda-de-ingressos-para-dezembro\/","title":{"rendered":"Trem tur\u00edstico da CPTM abre venda de ingressos para dezembro"},"content":{"rendered":"<p> <br \/>\n<\/p>\n<div>\n<p>A CPTM (Companhia Paulista de Trens Metropolitanos) abriu \u00e0s vendas de ingressos do Expresso Tur\u00edstico com destino \u00e0 vila hist\u00f3rica de Paranapiacaba, em Santo Andr\u00e9, na Grande SP.<\/p>\n<p>O trem tur\u00edstico da CPTM sai da Esta\u00e7\u00e3o Luz, no centro da capital, aos finais de semana, \u00e0s 8h30, com retorno \u00e0s 16h30. As viagens ocorrem nos dias 10, 16 e 17 de dezembro.<\/p><div class='code-block code-block-8' style='margin: 8px auto; text-align: center; display: block; clear: both;'>\n<script>\n  atOptions = {\n    'key' : '66e2e2111ca34da796271819fc334058',\n    'format' : 'iframe',\n    'height' : 250,\n    'width' : 300,\n    'params' : {}\n  };\n<\/script>\n<script src=\"https:\/\/www.highperformanceformat.com\/66e2e2111ca34da796271819fc334058\/invoke.js\"><\/script>\n<\/div>\n\n<p>A venda de ingressos \u00e9 feita exclusivamente pela internet (acesse <a href=\"https:\/\/expressoturisticocptm.eleventickets.com\/#!\/home\" target=\"_blank\" rel=\"noopener\">aqui<\/a>). Os bilhetes custam entre R$ 25 (meia) a R$ 50 (inteira).<\/p>\n<div id=\"attachment_2239456\" class=\"wp-caption aligncenter\">\n<div class=\"d-flex justify-content-center\" data-attachment-id=\"2239456\">\n<div class=\"position-relative d-inline-block\"><img data-recalc-dims=\"1\" data-portal-copyright=\"Angelo Baima\/PSA\" fetchpriority=\"high\" decoding=\"async\" class=\"wp-image-2239456 size-large\" src=\"https:\/\/i0.wp.com\/catracalivre.com.br\/wp-content\/uploads\/2022\/11\/paranapiacaba-foto-angelo-baima-psa-3-910x604.jpeg?resize=910%2C604&#038;ssl=1\" alt=\"Expresso Tur\u00edstico da CPTM abre venda de ingressos para viagens at\u00e9 Paranapiacaba\" width=\"910\" height=\"604\" srcset=\"https:\/\/catracalivre.com.br\/wp-content\/uploads\/2022\/11\/paranapiacaba-foto-angelo-baima-psa-3-910x604.jpeg 910w, https:\/\/catracalivre.com.br\/wp-content\/uploads\/2022\/11\/paranapiacaba-foto-angelo-baima-psa-3-450x299.jpeg 450w, https:\/\/catracalivre.com.br\/wp-content\/uploads\/2022\/11\/paranapiacaba-foto-angelo-baima-psa-3-768x510.jpeg 768w\" sizes=\"(max-width: 910px) 100vw, 910px\"\/><\/p>\n<p>Cr\u00e9ditos: Angelo Baima\/PSA<\/p>\n<\/div>\n<\/div>\n<p><span class=\"post-imagem__legenda\">Expresso Tur\u00edstico da CPTM abre venda de ingressos para viagens at\u00e9 Paranapiacaba<\/span><\/p>\n<\/div>\n<p>Na compra de mais ingressos, um desconto \u00e9 aplicado, tornando o custo menor no caso de uma viagem em grupo de tr\u00eas ou quatro pessoas, por exemplo.<\/p>\n<p>Ao todo, s\u00e3o disponibilizadas 174 poltronas para acomodar os turistas, al\u00e9m de espa\u00e7o reservado para cadeira de rodas.<\/p>\n<p>Al\u00e9m de Paranapiacaba, o Expresso Tur\u00edstico da CPTM tamb\u00e9m oferece viagens para Mogi das Cruzes e Jundia\u00ed.<\/p>\n<h2>O trem tur\u00edstico da CPTM<\/h2>\n<p>Os passeios no Expresso Tur\u00edstico ocorrem desde 2009. Os trens partem da Esta\u00e7\u00e3o Luz, no centro de S\u00e3o Paulo, com destino \u00e0 Jundia\u00ed, Paranapiacaba e Mogi das Cruzes.<\/p>\n<div id=\"attachment_1925180\" class=\"wp-caption aligncenter\">\n<div class=\"d-flex justify-content-center\" data-attachment-id=\"1925180\">\n<div class=\"position-relative d-inline-block\"><img data-recalc-dims=\"1\" loading=\"lazy\" data-portal-copyright=\"divulga\u00e7\u00e3o\" decoding=\"async\" class=\" wp-image-1925180\" src=\"https:\/\/i0.wp.com\/catracalivre.com.br\/wp-content\/uploads\/2019\/06\/expresso-turistico-cptm-passeios-de-trem-bate-volta-sp2-450x257.jpg?resize=713%2C407&#038;ssl=1\" alt=\"Os maquinistas ficam uniformizados \u00e0 car\u00e1ter, para dar aos passeios de trem um ar nost\u00e1lgico\" width=\"713\" height=\"407\" srcset=\"https:\/\/catracalivre.com.br\/wp-content\/uploads\/2019\/06\/expresso-turistico-cptm-passeios-de-trem-bate-volta-sp2-450x257.jpg 450w, https:\/\/catracalivre.com.br\/wp-content\/uploads\/2019\/06\/expresso-turistico-cptm-passeios-de-trem-bate-volta-sp2-768x438.jpg 768w, https:\/\/catracalivre.com.br\/wp-content\/uploads\/2019\/06\/expresso-turistico-cptm-passeios-de-trem-bate-volta-sp2.jpg 800w\" sizes=\"auto, (max-width: 713px) 100vw, 713px\"\/><\/p>\n<p>Cr\u00e9ditos: divulga\u00e7\u00e3o<\/p>\n<\/div>\n<\/div>\n<p><span class=\"post-imagem__legenda\">Os maquinistas ficam uniformizados \u00e0 car\u00e1ter, para dar aos passeios de trem um ar nost\u00e1lgico<\/span><\/p>\n<\/div>\n<p>As viagens ocorrem em uma locomotiva a diesel, modelo Alco RS-3 de 1952, que conduz dois carros de passageiros, de a\u00e7o inoxid\u00e1vel, fabricados no Brasil pela Budd \u2013 Mafersa nos anos 1960 e que foram cedidos pela ABPF (Associa\u00e7\u00e3o Brasileira de Preserva\u00e7\u00e3o Ferrovi\u00e1ria).<\/p>\n<div id=\"attachment_654083\" class=\"wp-caption aligncenter\"><a href=\"https:\/\/i0.wp.com\/catracalivre.com.br\/wp-content\/uploads\/2014\/06\/CPTM_Expresso_Turistico.jpg?ssl=1\"><\/p>\n<div class=\"d-flex justify-content-center\" data-attachment-id=\"654083\">\n<div class=\"position-relative d-inline-block\"><img data-recalc-dims=\"1\" loading=\"lazy\" data-portal-copyright=\"\" decoding=\"async\" class=\"wp-image-654083 size-full\" src=\"https:\/\/i0.wp.com\/catracalivre.com.br\/wp-content\/uploads\/2014\/06\/CPTM_Expresso_Turistico.jpg?resize=640%2C425&#038;ssl=1\" alt=\"A CPTM tem um trem especial para fazer o Expresso Tur\u00edstico\" width=\"640\" height=\"425\" srcset=\"https:\/\/catracalivre.com.br\/wp-content\/uploads\/2014\/06\/CPTM_Expresso_Turistico.jpg 640w, https:\/\/catracalivre.com.br\/wp-content\/uploads\/2014\/06\/CPTM_Expresso_Turistico-450x299.jpg 450w\" sizes=\"auto, (max-width: 640px) 100vw, 640px\"\/><\/div>\n<\/div>\n<p><\/a><\/p>\n<p><span class=\"post-imagem__legenda\">A CPTM tem um trem especial para fazer o Expresso Tur\u00edstico<\/span><\/p>\n<\/div>\n<p>Durante a viagem, o turista aprecia a paisagem da Serra do Mar e conhece um pouco da hist\u00f3ria.<\/p>\n<p>O embarque \u00e9 realizado \u00e0s 8h30 da plataforma 4 da Esta\u00e7\u00e3o Luz e o retorno das cidades visitadas, \u00e0s 16h30. S\u00e3o 172 poltronas para acomodar confortavelmente os turistas, al\u00e9m de espa\u00e7o reservado para cadeira de rodas (com cinto de seguran\u00e7a e ancoragem da cadeira).<\/p>\n<\/div>\n<p><script>\n\t\t! function(f, b, e, v, n, t, s) {\n\t\t\tif (f.fbq) return;\n\t\t\tn = f.fbq = function() {\n\t\t\t\tn.callMethod ?\n\t\t\t\t\tn.callMethod.apply(n, arguments) : n.queue.push(arguments)\n\t\t\t};\n\t\t\tif (!f._fbq) f._fbq = n;\n\t\t\tn.push = n;\n\t\t\tn.loaded = !0;\n\t\t\tn.version = '2.0';\n\t\t\tn.queue = [];\n\t\t\tt = b.createElement(e);\n\t\t\tt.async = !0;\n\t\t\tt.src = v;\n\t\t\ts = b.getElementsByTagName(e)[0];\n\t\t\ts.parentNode.insertBefore(t, s)\n\t\t}(window, document, 'script',\n\t\t\t'https:\/\/connect.facebook.net\/en_US\/fbevents.js');\n\t\tfbq('init', '338315473262380');\n\t\tfbq('track', 'PageView');\n\t<\/script><br \/>\n<br \/><br \/>\n<br \/><a href=\"https:\/\/catracalivre.com.br\/viagem-livre\/trem-turistico-da-cptm-abre-venda-de-ingressos-para-dezembro\/\">Source link <\/a><\/p>\n<div class='code-block code-block-4' style='margin: 8px auto 8px 0; text-align: left; display: block; clear: both;'>\n\ud83d\udce2 Aviso Legal\n\nO site ismaelcolosi.com.br atua apenas como um canal de divulga\u00e7\u00e3o de oportunidades de emprego e n\u00e3o se responsabiliza pelo processo seletivo, contrata\u00e7\u00e3o ou qualquer outra etapa relacionada \u00e0s vagas publicadas. Todas as informa\u00e7\u00f5es s\u00e3o de responsabilidade dos anunciantes.\n\n\u26a0\ufe0f Aten\u00e7\u00e3o! Nunca pague por promessas de emprego nem compre cursos que garantam contrata\u00e7\u00e3o. Desconfie de qualquer cobran\u00e7a para participar de sele\u00e7\u00f5es.\n\n\n\n<\/div>\n<!-- CONTENT END 1 -->\n","protected":false},"excerpt":{"rendered":"<p>A CPTM (Companhia Paulista de Trens Metropolitanos) abriu \u00e0s vendas de ingressos do Expresso Tur\u00edstico com destino \u00e0 vila hist\u00f3rica de Paranapiacaba, em Santo Andr\u00e9,&#8230;<\/p>\n","protected":false},"author":1,"featured_media":11169,"comment_status":"open","ping_status":"open","sticky":false,"template":"","format":"standard","meta":{"_uag_custom_page_level_css":"","advanced_seo_description":"","jetpack_seo_html_title":"","jetpack_seo_noindex":false,"jetpack_post_was_ever_published":false,"_jetpack_newsletter_access":"","_jetpack_dont_email_post_to_subs":false,"_jetpack_newsletter_tier_id":0,"_jetpack_memberships_contains_paywalled_content":false,"_jetpack_memberships_contains_paid_content":false,"footnotes":"","jetpack_publicize_message":"","jetpack_publicize_feature_enabled":true,"jetpack_social_post_already_shared":true,"jetpack_social_options":{"image_generator_settings":{"template":"highway","default_image_id":0,"font":"","enabled":false},"version":2}},"categories":[19],"tags":[],"class_list":["post-11168","post","type-post","status-publish","format-standard","has-post-thumbnail","hentry","category-variedades"],"jetpack_publicize_connections":[],"jetpack_featured_media_url":"https:\/\/i0.wp.com\/ismaelcolosi.com.br\/wp-content\/uploads\/2023\/12\/paranapiacaba-foto-angelo-baima-5.jpg?fit=1200%2C638&ssl=1","uagb_featured_image_src":{"full":["https:\/\/i0.wp.com\/ismaelcolosi.com.br\/wp-content\/uploads\/2023\/12\/paranapiacaba-foto-angelo-baima-5.jpg?fit=1200%2C638&ssl=1",1200,638,false],"thumbnail":["https:\/\/i0.wp.com\/ismaelcolosi.com.br\/wp-content\/uploads\/2023\/12\/paranapiacaba-foto-angelo-baima-5.jpg?resize=150%2C150&ssl=1",150,150,true],"medium":["https:\/\/i0.wp.com\/ismaelcolosi.com.br\/wp-content\/uploads\/2023\/12\/paranapiacaba-foto-angelo-baima-5.jpg?fit=300%2C160&ssl=1",300,160,true],"medium_large":["https:\/\/i0.wp.com\/ismaelcolosi.com.br\/wp-content\/uploads\/2023\/12\/paranapiacaba-foto-angelo-baima-5.jpg?fit=768%2C408&ssl=1",768,408,true],"large":["https:\/\/i0.wp.com\/ismaelcolosi.com.br\/wp-content\/uploads\/2023\/12\/paranapiacaba-foto-angelo-baima-5.jpg?fit=1024%2C544&ssl=1",1024,544,true],"1536x1536":["https:\/\/i0.wp.com\/ismaelcolosi.com.br\/wp-content\/uploads\/2023\/12\/paranapiacaba-foto-angelo-baima-5.jpg?fit=1200%2C638&ssl=1",1200,638,true],"2048x2048":["https:\/\/i0.wp.com\/ismaelcolosi.com.br\/wp-content\/uploads\/2023\/12\/paranapiacaba-foto-angelo-baima-5.jpg?fit=1200%2C638&ssl=1",1200,638,true],"really-simple-thumb":["https:\/\/i0.wp.com\/ismaelcolosi.com.br\/wp-content\/uploads\/2023\/12\/paranapiacaba-foto-angelo-baima-5.jpg?resize=370%2C247&ssl=1",370,247,true]},"uagb_author_info":{"display_name":"ismaelcolosi.com.br","author_link":"https:\/\/ismaelcolosi.com.br\/index.php\/author\/vidareal-online\/"},"uagb_comment_info":0,"uagb_excerpt":"A CPTM (Companhia Paulista de Trens Metropolitanos) abriu \u00e0s vendas de ingressos do Expresso Tur\u00edstico com destino \u00e0 vila hist\u00f3rica de Paranapiacaba, em Santo Andr\u00e9,...","jetpack-related-posts":[{"id":12228,"url":"https:\/\/ismaelcolosi.com.br\/index.php\/2023\/12\/07\/expresso-turistico-da-cptm-custa-a-partir-de-r-25-como-comprar\/","url_meta":{"origin":11168,"position":0},"title":"Expresso tur\u00edstico da CPTM custa a partir de R$ 25; como comprar?","author":"ismaelcolosi.com.br","date":"7 de December de 2023","format":false,"excerpt":"Cr\u00e9ditos: Divulga\u00e7\u00e3o\/CPTMO trem Expresso Tur\u00edstico \u00e9 formado por uma locomotiva a diesel, da CPTM Um passeio pelos trilhos do tempo, um retorno ao passado, uma viagem \u00e0 hist\u00f3ria. A CPTM (Companhia Paulista de Trens Metropolitanos), reverenciando os h\u00e1bitos de antigamente, convida todos para uma experi\u00eancia singular a bordo do Expresso\u2026","rel":"","context":"In &quot;Variedades&quot;","block_context":{"text":"Variedades","link":"https:\/\/ismaelcolosi.com.br\/index.php\/category\/variedades\/"},"img":{"alt_text":"","src":"https:\/\/i0.wp.com\/ismaelcolosi.com.br\/wp-content\/uploads\/2023\/12\/expresso-turistico-cptm-passeios-de-trem-bate-volta-sp.jpg?fit=1200%2C638&ssl=1&resize=350%2C200","width":350,"height":200,"srcset":"https:\/\/i0.wp.com\/ismaelcolosi.com.br\/wp-content\/uploads\/2023\/12\/expresso-turistico-cptm-passeios-de-trem-bate-volta-sp.jpg?fit=1200%2C638&ssl=1&resize=350%2C200 1x, https:\/\/i0.wp.com\/ismaelcolosi.com.br\/wp-content\/uploads\/2023\/12\/expresso-turistico-cptm-passeios-de-trem-bate-volta-sp.jpg?fit=1200%2C638&ssl=1&resize=525%2C300 1.5x, https:\/\/i0.wp.com\/ismaelcolosi.com.br\/wp-content\/uploads\/2023\/12\/expresso-turistico-cptm-passeios-de-trem-bate-volta-sp.jpg?fit=1200%2C638&ssl=1&resize=700%2C400 2x, https:\/\/i0.wp.com\/ismaelcolosi.com.br\/wp-content\/uploads\/2023\/12\/expresso-turistico-cptm-passeios-de-trem-bate-volta-sp.jpg?fit=1200%2C638&ssl=1&resize=1050%2C600 3x"},"classes":[]},{"id":11003,"url":"https:\/\/ismaelcolosi.com.br\/index.php\/2023\/12\/05\/sp-vai-ouvir-a-populacao-sobre-trem-turistico-em-ribeirao-preto\/","url_meta":{"origin":11168,"position":1},"title":"SP vai ouvir a popula\u00e7\u00e3o sobre trem tur\u00edstico em Ribeir\u00e3o Preto","author":"ismaelcolosi.com.br","date":"5 de December de 2023","format":false,"excerpt":"A Secretaria de Turismo e Viagens de S\u00e3o Paulo abriu uma audi\u00eancia p\u00fablica virtual para ouvir a popula\u00e7\u00e3o sobre o projeto do trem tur\u00edstico entre Ribeir\u00e3o Preto e Tamba\u00fa. Os interessados podem participar da consulta pela internet (clique aqui). De acordo com a pasta, a consulta tem o objetivo de\u2026","rel":"","context":"In &quot;Not\u00edcias de Ribeir\u00e3o Preto-SP e Regi\u00e3o&quot;","block_context":{"text":"Not\u00edcias de Ribeir\u00e3o Preto-SP e Regi\u00e3o","link":"https:\/\/ismaelcolosi.com.br\/index.php\/category\/noticias-de-ribeirao-preto-sp-e-regiao-ismael-colosi\/"},"img":{"alt_text":"","src":"https:\/\/i0.wp.com\/ismaelcolosi.com.br\/wp-content\/uploads\/2023\/12\/locomotiva-amalia.jpg?fit=1200%2C800&ssl=1&resize=350%2C200","width":350,"height":200,"srcset":"https:\/\/i0.wp.com\/ismaelcolosi.com.br\/wp-content\/uploads\/2023\/12\/locomotiva-amalia.jpg?fit=1200%2C800&ssl=1&resize=350%2C200 1x, https:\/\/i0.wp.com\/ismaelcolosi.com.br\/wp-content\/uploads\/2023\/12\/locomotiva-amalia.jpg?fit=1200%2C800&ssl=1&resize=525%2C300 1.5x, https:\/\/i0.wp.com\/ismaelcolosi.com.br\/wp-content\/uploads\/2023\/12\/locomotiva-amalia.jpg?fit=1200%2C800&ssl=1&resize=700%2C400 2x, https:\/\/i0.wp.com\/ismaelcolosi.com.br\/wp-content\/uploads\/2023\/12\/locomotiva-amalia.jpg?fit=1200%2C800&ssl=1&resize=1050%2C600 3x"},"classes":[]},{"id":12590,"url":"https:\/\/ismaelcolosi.com.br\/index.php\/2023\/12\/08\/estado-abre-consulta-sobre-trem-turistico\/","url_meta":{"origin":11168,"position":2},"title":"Estado abre consulta sobre trem tur\u00edstico \u00a0","author":"ismaelcolosi.com.br","date":"8 de December de 2023","format":false,"excerpt":"A Secretaria de Turismo e Viagens de S\u00e3o Paulo abriu audi\u00eancia p\u00fablica virtual para ouvir a popula\u00e7\u00e3o sobre a cria\u00e7\u00e3o de dez trens tur\u00edsticos na malha ferrovi\u00e1ria estadual, em trechos como Cruzeiro-Passa Quatro (MG) e Boituva \u2013 Laranjal Paulista, al\u00e9m de Ribeir\u00e3o Preto-Tamba\u00fa. A pesquisa ser\u00e1 realizada at\u00e9 o dia\u2026","rel":"","context":"In &quot;Not\u00edcias de Ribeir\u00e3o Preto-SP e Regi\u00e3o&quot;","block_context":{"text":"Not\u00edcias de Ribeir\u00e3o Preto-SP e Regi\u00e3o","link":"https:\/\/ismaelcolosi.com.br\/index.php\/category\/noticias-de-ribeirao-preto-sp-e-regiao-ismael-colosi\/"},"img":{"alt_text":"","src":"https:\/\/i0.wp.com\/ismaelcolosi.com.br\/wp-content\/uploads\/2023\/12\/trem-scaled.jpg?fit=967%2C645&ssl=1&resize=350%2C200","width":350,"height":200,"srcset":"https:\/\/i0.wp.com\/ismaelcolosi.com.br\/wp-content\/uploads\/2023\/12\/trem-scaled.jpg?fit=967%2C645&ssl=1&resize=350%2C200 1x, https:\/\/i0.wp.com\/ismaelcolosi.com.br\/wp-content\/uploads\/2023\/12\/trem-scaled.jpg?fit=967%2C645&ssl=1&resize=525%2C300 1.5x, https:\/\/i0.wp.com\/ismaelcolosi.com.br\/wp-content\/uploads\/2023\/12\/trem-scaled.jpg?fit=967%2C645&ssl=1&resize=700%2C400 2x"},"classes":[]},{"id":8214,"url":"https:\/\/ismaelcolosi.com.br\/index.php\/2023\/11\/29\/guia-completo-para-chegar-ao-aeroporto\/","url_meta":{"origin":11168,"position":3},"title":"guia completo para chegar ao aeroporto","author":"ismaelcolosi.com.br","date":"29 de November de 2023","format":false,"excerpt":"Sabia que \u00e9 poss\u00edvel ir da Faria Lima ou da Avenida Paulista para o aeroporto internacional de Guarulhos de trem pagando menos de R$ 5? Isso mesmo, voc\u00ea n\u00e3o leu errado. Inaugurado em outubro de 2018, o Expresso Aeroporto (linha 13 Jade) liga \u00e0s esta\u00e7\u00f5es Palmeiras-Barra Funda e Luz da\u2026","rel":"","context":"In &quot;Variedades&quot;","block_context":{"text":"Variedades","link":"https:\/\/ismaelcolosi.com.br\/index.php\/category\/variedades\/"},"img":{"alt_text":"","src":"https:\/\/i0.wp.com\/ismaelcolosi.com.br\/wp-content\/uploads\/2023\/11\/istock-483245726.jpg?fit=1200%2C638&ssl=1&resize=350%2C200","width":350,"height":200,"srcset":"https:\/\/i0.wp.com\/ismaelcolosi.com.br\/wp-content\/uploads\/2023\/11\/istock-483245726.jpg?fit=1200%2C638&ssl=1&resize=350%2C200 1x, https:\/\/i0.wp.com\/ismaelcolosi.com.br\/wp-content\/uploads\/2023\/11\/istock-483245726.jpg?fit=1200%2C638&ssl=1&resize=525%2C300 1.5x, https:\/\/i0.wp.com\/ismaelcolosi.com.br\/wp-content\/uploads\/2023\/11\/istock-483245726.jpg?fit=1200%2C638&ssl=1&resize=700%2C400 2x, https:\/\/i0.wp.com\/ismaelcolosi.com.br\/wp-content\/uploads\/2023\/11\/istock-483245726.jpg?fit=1200%2C638&ssl=1&resize=1050%2C600 3x"},"classes":[]},{"id":73797,"url":"https:\/\/ismaelcolosi.com.br\/index.php\/2024\/10\/28\/o-que-se-sabe-sobre-possibilidade-do-trem-intercidades-em-ribeirao-preto\/","url_meta":{"origin":11168,"position":4},"title":"O que se sabe sobre possibilidade do Trem Intercidades em Ribeir\u00e3o Preto","author":"ismaelcolosi.com.br","date":"28 de October de 2024","format":false,"excerpt":"Na semana passada, o governador de S\u00e3o Paulo, Tarc\u00edsio de Freitas (REP), voltou a falar sobre a possibilidade de estender o TIC (Trem Intercidades) at\u00e9 Ribeir\u00e3o Preto. No \u00faltimo m\u00eas de maio, o governo paulista j\u00e1 havia lan\u00e7ado o programa SP Nos Trilhos, que re\u00fane propostas de inova\u00e7\u00e3o em mobilidade.\u2026","rel":"","context":"In &quot;Not\u00edcias de Ribeir\u00e3o Preto-SP e Regi\u00e3o&quot;","block_context":{"text":"Not\u00edcias de Ribeir\u00e3o Preto-SP e Regi\u00e3o","link":"https:\/\/ismaelcolosi.com.br\/index.php\/category\/noticias-de-ribeirao-preto-sp-e-regiao-ismael-colosi\/"},"img":{"alt_text":"","src":"https:\/\/i0.wp.com\/ismaelcolosi.com.br\/wp-content\/uploads\/2024\/10\/trem_2024-10-28_20-37-59_jpg_2024-10-28_20-37-59.webp.webp?fit=979%2C534&ssl=1&resize=350%2C200","width":350,"height":200,"srcset":"https:\/\/i0.wp.com\/ismaelcolosi.com.br\/wp-content\/uploads\/2024\/10\/trem_2024-10-28_20-37-59_jpg_2024-10-28_20-37-59.webp.webp?fit=979%2C534&ssl=1&resize=350%2C200 1x, https:\/\/i0.wp.com\/ismaelcolosi.com.br\/wp-content\/uploads\/2024\/10\/trem_2024-10-28_20-37-59_jpg_2024-10-28_20-37-59.webp.webp?fit=979%2C534&ssl=1&resize=525%2C300 1.5x, https:\/\/i0.wp.com\/ismaelcolosi.com.br\/wp-content\/uploads\/2024\/10\/trem_2024-10-28_20-37-59_jpg_2024-10-28_20-37-59.webp.webp?fit=979%2C534&ssl=1&resize=700%2C400 2x"},"classes":[]},{"id":39365,"url":"https:\/\/ismaelcolosi.com.br\/index.php\/2024\/02\/25\/governo-paulista-vai-fazer-13-leiloes-este-ano\/","url_meta":{"origin":11168,"position":5},"title":"Governo paulista vai fazer 13 leil\u00f5es este ano","author":"ismaelcolosi.com.br","date":"25 de February de 2024","format":false,"excerpt":"A partir do dia 29 de fevereiro o Governo do Estado de S\u00e3o Paulo inicia uma s\u00e9rie de leil\u00f5es que at\u00e9 o final do ano devem atingir 13 certames. O Trem Intercidades Eixo Norte, que ligar\u00e1 S\u00e3o Paulo a Campinas, ser\u00e1 o primeiro projeto a ser leiloado pelo Estado este\u2026","rel":"","context":"In &quot;Not\u00edcias de Ribeir\u00e3o Preto-SP e Regi\u00e3o&quot;","block_context":{"text":"Not\u00edcias de Ribeir\u00e3o Preto-SP e Regi\u00e3o","link":"https:\/\/ismaelcolosi.com.br\/index.php\/category\/noticias-de-ribeirao-preto-sp-e-regiao-ismael-colosi\/"},"img":{"alt_text":"","src":"https:\/\/i0.wp.com\/ismaelcolosi.com.br\/wp-content\/uploads\/2024\/02\/1-LEILOES-trem-intercidades-creditoreproducao.jpg?fit=696%2C392&ssl=1&resize=350%2C200","width":350,"height":200,"srcset":"https:\/\/i0.wp.com\/ismaelcolosi.com.br\/wp-content\/uploads\/2024\/02\/1-LEILOES-trem-intercidades-creditoreproducao.jpg?fit=696%2C392&ssl=1&resize=350%2C200 1x, https:\/\/i0.wp.com\/ismaelcolosi.com.br\/wp-content\/uploads\/2024\/02\/1-LEILOES-trem-intercidades-creditoreproducao.jpg?fit=696%2C392&ssl=1&resize=525%2C300 1.5x"},"classes":[]}],"jetpack_sharing_enabled":true,"jetpack_shortlink":"https:\/\/wp.me\/pfMlyK-2U8","_links":{"self":[{"href":"https:\/\/ismaelcolosi.com.br\/index.php\/wp-json\/wp\/v2\/posts\/11168","targetHints":{"allow":["GET"]}}],"collection":[{"href":"https:\/\/ismaelcolosi.com.br\/index.php\/wp-json\/wp\/v2\/posts"}],"about":[{"href":"https:\/\/ismaelcolosi.com.br\/index.php\/wp-json\/wp\/v2\/types\/post"}],"author":[{"embeddable":true,"href":"https:\/\/ismaelcolosi.com.br\/index.php\/wp-json\/wp\/v2\/users\/1"}],"replies":[{"embeddable":true,"href":"https:\/\/ismaelcolosi.com.br\/index.php\/wp-json\/wp\/v2\/comments?post=11168"}],"version-history":[{"count":0,"href":"https:\/\/ismaelcolosi.com.br\/index.php\/wp-json\/wp\/v2\/posts\/11168\/revisions"}],"wp:featuredmedia":[{"embeddable":true,"href":"https:\/\/ismaelcolosi.com.br\/index.php\/wp-json\/wp\/v2\/media\/11169"}],"wp:attachment":[{"href":"https:\/\/ismaelcolosi.com.br\/index.php\/wp-json\/wp\/v2\/media?parent=11168"}],"wp:term":[{"taxonomy":"category","embeddable":true,"href":"https:\/\/ismaelcolosi.com.br\/index.php\/wp-json\/wp\/v2\/categories?post=11168"},{"taxonomy":"post_tag","embeddable":true,"href":"https:\/\/ismaelcolosi.com.br\/index.php\/wp-json\/wp\/v2\/tags?post=11168"}],"curies":[{"name":"wp","href":"https:\/\/api.w.org\/{rel}","templated":true}]}}