{"id":11158,"date":"2023-12-05T17:27:39","date_gmt":"2023-12-05T20:27:39","guid":{"rendered":"https:\/\/ismaelcolosi.com.br\/index.php\/2023\/12\/05\/concurso-publico-camara-de-porto-feliz-sp-tem-remuneracao-de-ate-r-55-mil\/"},"modified":"2023-12-05T17:27:39","modified_gmt":"2023-12-05T20:27:39","slug":"concurso-publico-camara-de-porto-feliz-sp-tem-remuneracao-de-ate-r-55-mil","status":"publish","type":"post","link":"https:\/\/ismaelcolosi.com.br\/index.php\/2023\/12\/05\/concurso-publico-camara-de-porto-feliz-sp-tem-remuneracao-de-ate-r-55-mil\/","title":{"rendered":"Concurso p\u00fablico C\u00e2mara de Porto Feliz (SP) tem remunera\u00e7\u00e3o de at\u00e9 R$ 5,5 mil"},"content":{"rendered":"<p> [ad_1]<br \/>\n<\/p>\n<div>\n<div id=\"attachment_2319810\" class=\"wp-caption alignnone\">\n<div class=\"d-flex justify-content-center\" data-attachment-id=\"2319810\">\n<div class=\"position-relative d-inline-block\"><img data-recalc-dims=\"1\" data-portal-copyright=\"IStock\" fetchpriority=\"high\" decoding=\"async\" class=\"size-medium wp-image-2319810\" src=\"https:\/\/i0.wp.com\/catracalivre.com.br\/wp-content\/uploads\/2023\/12\/istock-1361035512-450x300.jpg?resize=450%2C300&#038;ssl=1\" alt=\"Concurso P\u00fablico C\u00e2mara de Porto Feliz\" width=\"450\" height=\"300\" srcset=\"https:\/\/catracalivre.com.br\/wp-content\/uploads\/2023\/12\/istock-1361035512-450x300.jpg 450w, https:\/\/catracalivre.com.br\/wp-content\/uploads\/2023\/12\/istock-1361035512-910x607.jpg 910w, https:\/\/catracalivre.com.br\/wp-content\/uploads\/2023\/12\/istock-1361035512-768x512.jpg 768w, https:\/\/catracalivre.com.br\/wp-content\/uploads\/2023\/12\/istock-1361035512.jpg 1254w\" sizes=\"(max-width: 450px) 100vw, 450px\"\/><\/p>\n<p>Cr\u00e9ditos: IStock<\/p>\n<\/div>\n<\/div>\n<p><span class=\"post-imagem__legenda\">Concurso P\u00fablico C\u00e2mara de Porto Feliz<\/span><\/p>\n<\/div>\n<p>A C\u00e2mara de Porto Feliz,\u00a0no estado de\u00a0S\u00e3o Paulo, anuncia edital de n\u00ba 01\/2023 para <a href=\"https:\/\/catracalivre.com.br\/educacao\/concurso-publico-do-hcpa-oferece-cargos-de-niveis-fundamental-e-medio\/\" target=\"_blank\" rel=\"noopener\">concurso<\/a> p\u00fablico, que visa o preenchimento de nove vagas imediatas para contrata\u00e7\u00e3o pelo Regime Jur\u00eddico Estatut\u00e1rio. O edital tem oportunidades destinadas a profissionais com grau de escolaridade superior, m\u00e9dio e fundamental.<\/p>\n<p>A remunera\u00e7\u00e3o inicial ofertada aos profissionais contratados em <a href=\"https:\/\/catracalivre.com.br\/educacao\/concurso-publico-aberto-no-parana-para-pessoas-com-nivel-medio\/\" target=\"_blank\" rel=\"noopener\">concurso<\/a> p\u00fablico varia de\u00a0R$ 2.457,31 a R$ 5.503,91\u00a0para executar as atividades inerentes ao cargo em jornadas de 20 a 40 horas por semana.<\/p>\n<h2>As vagas destinadas aos seguintes cargos:<\/h2>\n<p>Agente de Manuten\u00e7\u00e3o e Zeladoria:\u00a0oportunidade para profissional com n\u00edvel fundamental completo;<\/p>\n<p>Controlador de \u00c1udio\/V\u00eddeo e Patrim\u00f4nio: oportunidade para profissional com n\u00edvel m\u00e9dio completo;<\/p>\n<p>Recepcionista\/Protocolista:\u00a0oportunidade para profissional com n\u00edvel m\u00e9dio completo;<\/p>\n<p>Agente de Licita\u00e7\u00f5es e Compras: oportunidade destinada a profissional com n\u00edvel superior;<\/p>\n<p>Agente Legislativo: oportunidade destinada a profissional com n\u00edvel superior;<\/p>\n<p>Analista em Tecnologia da Informa\u00e7\u00e3o: oportunidade destinada a profissional com n\u00edvel superior;<\/p>\n<p>Assessor de Imprensa e Comunica\u00e7\u00e3o:\u00a0oportunidade destinada a profissional com n\u00edvel superior;<\/p>\n<p>Contador: oportunidade destinada a profissional com n\u00edvel superior;<\/p>\n<p>Procurador Legislativo: oportunidade destinada a profissional com n\u00edvel superior.<\/p>\n<p>As inscri\u00e7\u00f5es devem ser realizadas atrav\u00e9s do <a href=\"https:\/\/www.aplicativagestao.com.br\/Projetos\/projeto-detalhes.aspx?id=2W8WobPNi5s=\" target=\"_blank\" rel=\"noopener\">site<\/a> oficial at\u00e9 a dia 8 de dezembro de 2023. \u00a0A taxa de inscri\u00e7\u00e3o tem o valor que varia de\u00a0R$ 30,00 a R$ 50,00, conforme a vaga em disputa.<\/p>\n<p>Para d\u00favidas e mais informa\u00e7\u00f5es entre em contato pelo endere\u00e7o de e-mail\u00a0contato@aplicativaassessoria.net.<\/p>\n<div class=\"partner d-flex rounded shadow-sm p-2 mb-3 align-items-center\" id=\"partner\" data-print=\"ignore\">\n<div class=\"image mr-2\">\n<img data-recalc-dims=\"1\" src=\"https:\/\/i0.wp.com\/robohash.org\/b730afd4cf5c5d237c7f93163ed023b6.png?resize=110%2C110&#038;ssl=1\" width=\"110\" height=\"110\" title=\"Thatyana Costa\" loading=\"lazy\" decoding=\"async\" class=\"rounded-circle\"\/>\n<\/div>\n<\/div>\n<\/div>\n<p><script>\n\t\t! function(f, b, e, v, n, t, s) {\n\t\t\tif (f.fbq) return;\n\t\t\tn = f.fbq = function() {\n\t\t\t\tn.callMethod ?\n\t\t\t\t\tn.callMethod.apply(n, arguments) : n.queue.push(arguments)\n\t\t\t};\n\t\t\tif (!f._fbq) f._fbq = n;\n\t\t\tn.push = n;\n\t\t\tn.loaded = !0;\n\t\t\tn.version = '2.0';\n\t\t\tn.queue = [];\n\t\t\tt = b.createElement(e);\n\t\t\tt.async = !0;\n\t\t\tt.src = v;\n\t\t\ts = b.getElementsByTagName(e)[0];\n\t\t\ts.parentNode.insertBefore(t, s)\n\t\t}(window, document, 'script',\n\t\t\t'https:\/\/connect.facebook.net\/en_US\/fbevents.js');\n\t\tfbq('init', '338315473262380');\n\t\tfbq('track', 'PageView');\n\t<\/script><br \/>\n<br \/>[ad_2]<br \/>\n<br \/><a href=\"https:\/\/catracalivre.com.br\/educacao\/concurso-publico-camara-de-porto-feliz-sp-tem-remuneracao-de-ate-r-55-mil\/\" target=\"_blank\" rel=\"noopener\">Source link <\/a><\/p>\n<div class='code-block code-block-4' style='margin: 8px auto 8px 0; text-align: left; display: block; clear: both;'>\n\ud83d\udce2 Aviso Legal\n\nO site ismaelcolosi.com.br atua apenas como um canal de divulga\u00e7\u00e3o de oportunidades de emprego e n\u00e3o se responsabiliza pelo processo seletivo, contrata\u00e7\u00e3o ou qualquer outra etapa relacionada \u00e0s vagas publicadas. Todas as informa\u00e7\u00f5es s\u00e3o de responsabilidade dos anunciantes.\n\n\u26a0\ufe0f Aten\u00e7\u00e3o! Nunca pague por promessas de emprego nem compre cursos que garantam contrata\u00e7\u00e3o. Desconfie de qualquer cobran\u00e7a para participar de sele\u00e7\u00f5es.\n\n\n\n<\/div>\n<!-- CONTENT END 1 -->\n","protected":false},"excerpt":{"rendered":"<p>[ad_1] Cr\u00e9ditos: IStock Concurso P\u00fablico C\u00e2mara de Porto Feliz A C\u00e2mara de Porto Feliz,\u00a0no estado de\u00a0S\u00e3o Paulo, anuncia edital de n\u00ba 01\/2023 para concurso p\u00fablico, que visa o preenchimento de nove vagas imediatas para contrata\u00e7\u00e3o pelo Regime Jur\u00eddico Estatut\u00e1rio. O edital tem oportunidades destinadas a profissionais com grau de escolaridade superior, m\u00e9dio e fundamental. A&hellip;&nbsp;<\/p>\n","protected":false},"author":1,"featured_media":11159,"comment_status":"open","ping_status":"open","sticky":false,"template":"","format":"standard","meta":{"_uag_custom_page_level_css":"","neve_meta_sidebar":"","neve_meta_container":"","neve_meta_enable_content_width":"","neve_meta_content_width":0,"neve_meta_title_alignment":"","neve_meta_author_avatar":"","neve_post_elements_order":"","neve_meta_disable_header":"","neve_meta_disable_footer":"","neve_meta_disable_title":"","_jetpack_newsletter_access":"","_jetpack_dont_email_post_to_subs":false,"_jetpack_newsletter_tier_id":0,"_jetpack_memberships_contains_paywalled_content":false,"_jetpack_memberships_contains_paid_content":false,"footnotes":""},"categories":[19],"tags":[],"class_list":["post-11158","post","type-post","status-publish","format-standard","has-post-thumbnail","hentry","category-variedades"],"uagb_featured_image_src":{"full":["https:\/\/i0.wp.com\/ismaelcolosi.com.br\/wp-content\/uploads\/2023\/12\/istock-1361035512.jpg?fit=1200%2C638&ssl=1",1200,638,false],"thumbnail":["https:\/\/i0.wp.com\/ismaelcolosi.com.br\/wp-content\/uploads\/2023\/12\/istock-1361035512.jpg?resize=150%2C150&ssl=1",150,150,true],"medium":["https:\/\/i0.wp.com\/ismaelcolosi.com.br\/wp-content\/uploads\/2023\/12\/istock-1361035512.jpg?fit=300%2C160&ssl=1",300,160,true],"medium_large":["https:\/\/i0.wp.com\/ismaelcolosi.com.br\/wp-content\/uploads\/2023\/12\/istock-1361035512.jpg?fit=768%2C408&ssl=1",768,408,true],"large":["https:\/\/i0.wp.com\/ismaelcolosi.com.br\/wp-content\/uploads\/2023\/12\/istock-1361035512.jpg?fit=1024%2C544&ssl=1",1024,544,true],"1536x1536":["https:\/\/i0.wp.com\/ismaelcolosi.com.br\/wp-content\/uploads\/2023\/12\/istock-1361035512.jpg?fit=1200%2C638&ssl=1",1200,638,true],"2048x2048":["https:\/\/i0.wp.com\/ismaelcolosi.com.br\/wp-content\/uploads\/2023\/12\/istock-1361035512.jpg?fit=1200%2C638&ssl=1",1200,638,true],"neve-blog":["https:\/\/i0.wp.com\/ismaelcolosi.com.br\/wp-content\/uploads\/2023\/12\/istock-1361035512.jpg?resize=930%2C620&ssl=1",930,620,true]},"uagb_author_info":{"display_name":"ismaelcolosi.com.br","author_link":"https:\/\/ismaelcolosi.com.br\/author\/vidareal-online\/"},"uagb_comment_info":0,"uagb_excerpt":"[ad_1] Cr\u00e9ditos: IStock Concurso P\u00fablico C\u00e2mara de Porto Feliz A C\u00e2mara de Porto Feliz,\u00a0no estado de\u00a0S\u00e3o Paulo, anuncia edital de n\u00ba 01\/2023 para concurso p\u00fablico, que visa o preenchimento de nove vagas imediatas para contrata\u00e7\u00e3o pelo Regime Jur\u00eddico Estatut\u00e1rio. O edital tem oportunidades destinadas a profissionais com grau de escolaridade superior, m\u00e9dio e fundamental. A&hellip;&nbsp;","jetpack-related-posts":[{"id":88398,"url":"https:\/\/ismaelcolosi.com.br\/index.php\/2025\/12\/03\/por-que-conhecidos-podem-impulsionar-sua-carreira-mais-do-que-amigos-proximos\/","url_meta":{"origin":11158,"position":0},"title":"Por Que Conhecidos Podem Impulsionar Sua Carreira Mais do Que Amigos Pr\u00f3ximos","author":"ismaelcolosi.com.br","date":"3 de Dezembro de 2025","format":false,"excerpt":"[ad_1] \r Getty Images\r Intera\u00e7\u00f5es cotidianas formam uma rede de conex\u00f5es sutis, mas significativas, que muitas vezes rendem frutos de maneiras inesperadas\r Acessibilidade \r L\r L\r A-\r A+\r \r \u25d0\r \r Quando voc\u00ea pensa em relacionamentos, conex\u00f5es ou pessoas importantes na sua vida, provavelmente lembra primeiro dos mais pr\u00f3ximos: seus\u2026","rel":"","context":"In &quot;Carreira e Sucesso&quot;","block_context":{"text":"Carreira e Sucesso","link":"https:\/\/ismaelcolosi.com.br\/index.php\/category\/carreira-e-sucesso-dicas-para-carreira\/"},"img":{"alt_text":"","src":"https:\/\/i0.wp.com\/ismaelcolosi.com.br\/wp-content\/uploads\/2025\/12\/carreira-networking-1-e1657232358916-1200x675.jpg?fit=1200%2C675&ssl=1&resize=350%2C200","width":350,"height":200,"srcset":"https:\/\/i0.wp.com\/ismaelcolosi.com.br\/wp-content\/uploads\/2025\/12\/carreira-networking-1-e1657232358916-1200x675.jpg?fit=1200%2C675&ssl=1&resize=350%2C200 1x, https:\/\/i0.wp.com\/ismaelcolosi.com.br\/wp-content\/uploads\/2025\/12\/carreira-networking-1-e1657232358916-1200x675.jpg?fit=1200%2C675&ssl=1&resize=525%2C300 1.5x, https:\/\/i0.wp.com\/ismaelcolosi.com.br\/wp-content\/uploads\/2025\/12\/carreira-networking-1-e1657232358916-1200x675.jpg?fit=1200%2C675&ssl=1&resize=700%2C400 2x, https:\/\/i0.wp.com\/ismaelcolosi.com.br\/wp-content\/uploads\/2025\/12\/carreira-networking-1-e1657232358916-1200x675.jpg?fit=1200%2C675&ssl=1&resize=1050%2C600 3x"},"classes":[]},{"id":17715,"url":"https:\/\/ismaelcolosi.com.br\/index.php\/2023\/12\/19\/camara-municipal-de-betim-mg-lanca-novo-edital-para-concurso-publico\/","url_meta":{"origin":11158,"position":1},"title":"C\u00e2mara Municipal de Betim (MG) lan\u00e7a novo edital para concurso p\u00fablico","author":"ismaelcolosi.com.br","date":"19 de Dezembro de 2023","format":false,"excerpt":"[ad_1] Cr\u00e9ditos: IStockConcurso p\u00fablico C\u00e2mara Municipal de Betim A C\u00e2mara Municipal de Vereadores de Betim, em Minas Gerais, acaba de abrir as portas para um novo concurso p\u00fablico atrav\u00e9s do edital n\u00ba 01\/2023. Com o objetivo de preencher 21 vagas imediatas e formar um cadastro reserva, esta \u00e9 uma oportunidade\u2026","rel":"","context":"In &quot;Variedades&quot;","block_context":{"text":"Variedades","link":"https:\/\/ismaelcolosi.com.br\/index.php\/category\/variedades\/"},"img":{"alt_text":"","src":"https:\/\/i0.wp.com\/ismaelcolosi.com.br\/wp-content\/uploads\/2023\/12\/istock-515862638.jpg?fit=1200%2C638&ssl=1&resize=350%2C200","width":350,"height":200,"srcset":"https:\/\/i0.wp.com\/ismaelcolosi.com.br\/wp-content\/uploads\/2023\/12\/istock-515862638.jpg?fit=1200%2C638&ssl=1&resize=350%2C200 1x, https:\/\/i0.wp.com\/ismaelcolosi.com.br\/wp-content\/uploads\/2023\/12\/istock-515862638.jpg?fit=1200%2C638&ssl=1&resize=525%2C300 1.5x, https:\/\/i0.wp.com\/ismaelcolosi.com.br\/wp-content\/uploads\/2023\/12\/istock-515862638.jpg?fit=1200%2C638&ssl=1&resize=700%2C400 2x, https:\/\/i0.wp.com\/ismaelcolosi.com.br\/wp-content\/uploads\/2023\/12\/istock-515862638.jpg?fit=1200%2C638&ssl=1&resize=1050%2C600 3x"},"classes":[]},{"id":90359,"url":"https:\/\/ismaelcolosi.com.br\/index.php\/2026\/06\/08\/vaga-de-operador-de-portaria-remota-salario-de-r-1-518-a-r-2-800-e-so-exige-ensino-medio-completo\/","url_meta":{"origin":11158,"position":2},"title":"Vaga de Operador de Portaria Remota. Sal\u00e1rio de R$ 1.518 a R$ 2.800 e s\u00f3 exige Ensino m\u00e9dio completo.","author":"Arthur Tijolo","date":"8 de Junho de 2026","format":false,"excerpt":"Resumo da vaga Oportunidade de emprego presencial para atuar no controle de acesso e seguran\u00e7a condominial \u00e0 dist\u00e2ncia. O profissional monitorar\u00e1 a entrada e sa\u00edda de moradores, visitantes e prestadores de servi\u00e7os utilizando sistemas de seguran\u00e7a e c\u00e2meras. A contrata\u00e7\u00e3o ocorre sob o regime efetivo (CLT) na cidade de Ribeir\u00e3o\u2026","rel":"","context":"In &quot;Vagas de Emprego Remoto - Home Office&quot;","block_context":{"text":"Vagas de Emprego Remoto - Home Office","link":"https:\/\/ismaelcolosi.com.br\/index.php\/category\/empregos-classificados-vagas-trabalho\/vagas-de-empregos-em-ribeirao-preto-regiao-brasil\/vagas-de-emprego-para-trabalhar-de-casa-home-office-remoto\/"},"img":{"alt_text":"","src":"https:\/\/i0.wp.com\/ismaelcolosi.com.br\/wp-content\/uploads\/2026\/05\/vagas-home-office-nivel-brasil-quero-home-ribeirao-preto-ismael-colosi-mutirao-TRABALHO.webp?fit=860%2C484&ssl=1&resize=350%2C200","width":350,"height":200,"srcset":"https:\/\/i0.wp.com\/ismaelcolosi.com.br\/wp-content\/uploads\/2026\/05\/vagas-home-office-nivel-brasil-quero-home-ribeirao-preto-ismael-colosi-mutirao-TRABALHO.webp?fit=860%2C484&ssl=1&resize=350%2C200 1x, https:\/\/i0.wp.com\/ismaelcolosi.com.br\/wp-content\/uploads\/2026\/05\/vagas-home-office-nivel-brasil-quero-home-ribeirao-preto-ismael-colosi-mutirao-TRABALHO.webp?fit=860%2C484&ssl=1&resize=525%2C300 1.5x, https:\/\/i0.wp.com\/ismaelcolosi.com.br\/wp-content\/uploads\/2026\/05\/vagas-home-office-nivel-brasil-quero-home-ribeirao-preto-ismael-colosi-mutirao-TRABALHO.webp?fit=860%2C484&ssl=1&resize=700%2C400 2x"},"classes":[]},{"id":977,"url":"https:\/\/ismaelcolosi.com.br\/index.php\/2023\/11\/09\/cameras-de-seguranca-registram-comerciante-da-regiao-de-ribeirao-sendo-furtada-pela-decima-vez\/","url_meta":{"origin":11158,"position":3},"title":"C\u00e2meras de seguran\u00e7a registram comerciante da regi\u00e3o de Ribeir\u00e3o sendo furtada pela d\u00e9cima vez","author":"ismaelcolosi.com.br","date":"9 de Novembro de 2023","format":false,"excerpt":"[ad_1] Uma comerciante est\u00e1 insegura ap\u00f3s ter sido furtada pela d\u00e9cima vez em Sert\u00e3ozinho, cidade a cerca de 20 quil\u00f4metros de Ribeir\u00e3o Preto. O \u00faltimo caso aconteceu na madrugada desta quinta-feira (9), no bairro L\u00facia Fabro, pr\u00f3ximo ao Jardim Jamaica. A a\u00e7\u00e3o durou cerca de 10 minutos e foi registrada\u2026","rel":"","context":"In &quot;Not\u00edcias de Ribeir\u00e3o Preto-SP e Regi\u00e3o&quot;","block_context":{"text":"Not\u00edcias de Ribeir\u00e3o Preto-SP e Regi\u00e3o","link":"https:\/\/ismaelcolosi.com.br\/index.php\/category\/noticias-de-ribeirao-preto-sp-e-regiao-ismael-colosi\/"},"img":{"alt_text":"","src":"https:\/\/i0.wp.com\/ismaelcolosi.com.br\/wp-content\/uploads\/2023\/11\/WhatsApp-Image-2023-11-09-at-20.32.31.jpeg?fit=750%2C423&ssl=1&resize=350%2C200","width":350,"height":200,"srcset":"https:\/\/i0.wp.com\/ismaelcolosi.com.br\/wp-content\/uploads\/2023\/11\/WhatsApp-Image-2023-11-09-at-20.32.31.jpeg?fit=750%2C423&ssl=1&resize=350%2C200 1x, https:\/\/i0.wp.com\/ismaelcolosi.com.br\/wp-content\/uploads\/2023\/11\/WhatsApp-Image-2023-11-09-at-20.32.31.jpeg?fit=750%2C423&ssl=1&resize=525%2C300 1.5x, https:\/\/i0.wp.com\/ismaelcolosi.com.br\/wp-content\/uploads\/2023\/11\/WhatsApp-Image-2023-11-09-at-20.32.31.jpeg?fit=750%2C423&ssl=1&resize=700%2C400 2x"},"classes":[]},{"id":42742,"url":"https:\/\/ismaelcolosi.com.br\/index.php\/2024\/03\/16\/camara-altera-artigo-da-lei-orcamentaria-anual\/","url_meta":{"origin":11158,"position":4},"title":"C\u00e2mara altera artigo da Lei Or\u00e7ament\u00e1ria Anual","author":"ismaelcolosi.com.br","date":"16 de Mar\u00e7o de 2024","format":false,"excerpt":"[ad_1] 16 de mar\u00e7o de 2024 | 13:0015 de mar\u00e7o de 2024 | 22:12 0A C\u00e2mara de Vereadores aprovou projeto de lei da prefeitura de Ribeir\u00e3o Preto que acaba com a exig\u00eancia da aprova\u00e7\u00e3o dos parlamentares para remanejamento de recursos acima de 15%. Nestes casos, a administra\u00e7\u00e3o municipal tinha de\u2026","rel":"","context":"In &quot;Not\u00edcias de Ribeir\u00e3o Preto-SP e Regi\u00e3o&quot;","block_context":{"text":"Not\u00edcias de Ribeir\u00e3o Preto-SP e Regi\u00e3o","link":"https:\/\/ismaelcolosi.com.br\/index.php\/category\/noticias-de-ribeirao-preto-sp-e-regiao-ismael-colosi\/"},"img":{"alt_text":"","src":"https:\/\/i0.wp.com\/ismaelcolosi.com.br\/wp-content\/uploads\/2024\/03\/OrcaLOA-Thaisa-Coroado-Camara-scaled.jpg?fit=967%2C645&ssl=1&resize=350%2C200","width":350,"height":200,"srcset":"https:\/\/i0.wp.com\/ismaelcolosi.com.br\/wp-content\/uploads\/2024\/03\/OrcaLOA-Thaisa-Coroado-Camara-scaled.jpg?fit=967%2C645&ssl=1&resize=350%2C200 1x, https:\/\/i0.wp.com\/ismaelcolosi.com.br\/wp-content\/uploads\/2024\/03\/OrcaLOA-Thaisa-Coroado-Camara-scaled.jpg?fit=967%2C645&ssl=1&resize=525%2C300 1.5x, https:\/\/i0.wp.com\/ismaelcolosi.com.br\/wp-content\/uploads\/2024\/03\/OrcaLOA-Thaisa-Coroado-Camara-scaled.jpg?fit=967%2C645&ssl=1&resize=700%2C400 2x"},"classes":[]},{"id":45076,"url":"https:\/\/ismaelcolosi.com.br\/index.php\/2024\/04\/02\/carros-da-camara-concessionaria-apresenta-recurso\/","url_meta":{"origin":11158,"position":5},"title":"Carros da C\u00e2mara:\u00a0concession\u00e1ria apresenta recurso\u00a0","author":"ismaelcolosi.com.br","date":"2 de Abril de 2024","format":false,"excerpt":"[ad_1] Ap\u00f3s ser notificada tr\u00eas vezes pela C\u00e2mara de Ribeir\u00e3o Preto, a concession\u00e1ria GT8 Ve\u00edculos e Pe\u00e7as Ltda., da cidade de Franca, respons\u00e1vel pela venda de doze novos ve\u00edculos para o Legislativo, apresentou recurso por n\u00e3o entregar o decalque dos motores e c\u00f3pia das notas fiscais de f\u00e1brica. A empresa\u2026","rel":"","context":"In &quot;Not\u00edcias de Ribeir\u00e3o Preto-SP e Regi\u00e3o&quot;","block_context":{"text":"Not\u00edcias de Ribeir\u00e3o Preto-SP e Regi\u00e3o","link":"https:\/\/ismaelcolosi.com.br\/index.php\/category\/noticias-de-ribeirao-preto-sp-e-regiao-ismael-colosi\/"},"img":{"alt_text":"","src":"https:\/\/i0.wp.com\/ismaelcolosi.com.br\/wp-content\/uploads\/2024\/04\/CarroCAM-Pre-Reproducao-01-2.jpg?fit=800%2C382&ssl=1&resize=350%2C200","width":350,"height":200,"srcset":"https:\/\/i0.wp.com\/ismaelcolosi.com.br\/wp-content\/uploads\/2024\/04\/CarroCAM-Pre-Reproducao-01-2.jpg?fit=800%2C382&ssl=1&resize=350%2C200 1x, https:\/\/i0.wp.com\/ismaelcolosi.com.br\/wp-content\/uploads\/2024\/04\/CarroCAM-Pre-Reproducao-01-2.jpg?fit=800%2C382&ssl=1&resize=525%2C300 1.5x, https:\/\/i0.wp.com\/ismaelcolosi.com.br\/wp-content\/uploads\/2024\/04\/CarroCAM-Pre-Reproducao-01-2.jpg?fit=800%2C382&ssl=1&resize=700%2C400 2x"},"classes":[]}],"jetpack_sharing_enabled":true,"jetpack_shortlink":"https:\/\/wp.me\/pfMlyK-2TY","jetpack_featured_media_url":"https:\/\/i0.wp.com\/ismaelcolosi.com.br\/wp-content\/uploads\/2023\/12\/istock-1361035512.jpg?fit=1200%2C638&ssl=1","_links":{"self":[{"href":"https:\/\/ismaelcolosi.com.br\/index.php\/wp-json\/wp\/v2\/posts\/11158","targetHints":{"allow":["GET"]}}],"collection":[{"href":"https:\/\/ismaelcolosi.com.br\/index.php\/wp-json\/wp\/v2\/posts"}],"about":[{"href":"https:\/\/ismaelcolosi.com.br\/index.php\/wp-json\/wp\/v2\/types\/post"}],"author":[{"embeddable":true,"href":"https:\/\/ismaelcolosi.com.br\/index.php\/wp-json\/wp\/v2\/users\/1"}],"replies":[{"embeddable":true,"href":"https:\/\/ismaelcolosi.com.br\/index.php\/wp-json\/wp\/v2\/comments?post=11158"}],"version-history":[{"count":0,"href":"https:\/\/ismaelcolosi.com.br\/index.php\/wp-json\/wp\/v2\/posts\/11158\/revisions"}],"wp:featuredmedia":[{"embeddable":true,"href":"https:\/\/ismaelcolosi.com.br\/index.php\/wp-json\/wp\/v2\/media\/11159"}],"wp:attachment":[{"href":"https:\/\/ismaelcolosi.com.br\/index.php\/wp-json\/wp\/v2\/media?parent=11158"}],"wp:term":[{"taxonomy":"category","embeddable":true,"href":"https:\/\/ismaelcolosi.com.br\/index.php\/wp-json\/wp\/v2\/categories?post=11158"},{"taxonomy":"post_tag","embeddable":true,"href":"https:\/\/ismaelcolosi.com.br\/index.php\/wp-json\/wp\/v2\/tags?post=11158"}],"curies":[{"name":"wp","href":"https:\/\/api.w.org\/{rel}","templated":true}]}}