{"id":11114,"date":"2023-12-05T16:15:40","date_gmt":"2023-12-05T19:15:40","guid":{"rendered":"https:\/\/ismaelcolosi.com.br\/index.php\/2023\/12\/05\/concurso-publico-de-artur-nogueira-sp-tem-salarios-de-ate-r-57-mil\/"},"modified":"2023-12-05T16:15:40","modified_gmt":"2023-12-05T19:15:40","slug":"concurso-publico-de-artur-nogueira-sp-tem-salarios-de-ate-r-57-mil","status":"publish","type":"post","link":"https:\/\/ismaelcolosi.com.br\/index.php\/2023\/12\/05\/concurso-publico-de-artur-nogueira-sp-tem-salarios-de-ate-r-57-mil\/","title":{"rendered":"Concurso p\u00fablico de Artur Nogueira (SP) tem sal\u00e1rios de at\u00e9 R$ 5,7 mil"},"content":{"rendered":"<p> [ad_1]<br \/>\n<\/p>\n<div>\n<div id=\"attachment_2319807\" class=\"wp-caption alignnone\">\n<div class=\"d-flex justify-content-center\" data-attachment-id=\"2319807\">\n<div class=\"position-relative d-inline-block\"><img data-recalc-dims=\"1\" data-portal-copyright=\"IStock\" fetchpriority=\"high\" decoding=\"async\" class=\"size-medium wp-image-2319807\" src=\"https:\/\/i0.wp.com\/catracalivre.com.br\/wp-content\/uploads\/2023\/12\/istock-1157091192-450x300.jpg?resize=450%2C300&#038;ssl=1\" alt=\"Concurso P\u00fablico de Artur Nogueira\" width=\"450\" height=\"300\" srcset=\"https:\/\/catracalivre.com.br\/wp-content\/uploads\/2023\/12\/istock-1157091192-450x300.jpg 450w, https:\/\/catracalivre.com.br\/wp-content\/uploads\/2023\/12\/istock-1157091192-910x607.jpg 910w, https:\/\/catracalivre.com.br\/wp-content\/uploads\/2023\/12\/istock-1157091192-768x512.jpg 768w, https:\/\/catracalivre.com.br\/wp-content\/uploads\/2023\/12\/istock-1157091192.jpg 1254w\" sizes=\"(max-width: 450px) 100vw, 450px\"\/><\/p>\n<p>Cr\u00e9ditos: IStock<\/p>\n<\/div>\n<\/div>\n<p><span class=\"post-imagem__legenda\">Concurso P\u00fablico de Artur Nogueira<\/span><\/p>\n<\/div>\n<p>A C\u00e2mara de Artur Nogueira, no estado de\u00a0S\u00e3o Paulo, anuncia edital de n\u00ba 001\/2023 para <a href=\"https:\/\/catracalivre.com.br\/educacao\/prefeitura-de-barras-abre-concurso-publico-para-professor-em-diferentes-disciplinas\/\" target=\"_blank\" rel=\"noopener\">concurso<\/a> p\u00fablico, que oferece tr\u00eas vagas imediatas para a contrata\u00e7\u00e3o de servidores efetivos. As oportunidades s\u00e3o para cargos de n\u00edvel fundamental e m\u00e9dio.<\/p>\n<p>Todos os contratados em <a href=\"https:\/\/catracalivre.com.br\/educacao\/prefeitura-de-brejo-santo-abre-concurso-publico-com-salario-de-ate-r-63-mil\/\" target=\"_blank\" rel=\"noopener\">concurso<\/a> p\u00fablico trabalhar\u00e3o em jornadas de 40 horas semanais e contar\u00e3o com vale alimenta\u00e7\u00e3o no valor de R$ 400,00.<\/p>\n<p>H\u00e1 uma vaga para o cargo de\u00a0Servi\u00e7os Gerais\u00a0(feminino), que requer n\u00edvel fundamental incompleto. A pessoa contratada ir\u00e1 receber sal\u00e1rio inicial de R$ 2.815,38 por m\u00eas.<\/p>\n<p>As outras duas vagas do concurso C\u00e2mara de Artur Nogueira s\u00e3o para cargos de n\u00edvel m\u00e9dio completo: Auxiliar Administrativo, com sal\u00e1rio de R$ 3.663,69; Auxiliar de Tecnologia da Informa\u00e7\u00e3o, com sal\u00e1rio de R$ 5.715,57. Para esses dois cargos ainda precisam ter carteira nacional de habilita\u00e7\u00e3o (CNH) na categoria B.<\/p>\n<p>As inscri\u00e7\u00f5es devem ser realizadas atrav\u00e9s do <a href=\"https:\/\/www.nossorumo.org.br\/View\/Concurso\/?id=454#home\" target=\"_blank\" rel=\"noopener\">site<\/a> oficial at\u00e9 05 de janeiro de 2024. A taxa de participa\u00e7\u00e3o tem o valor de: R$ 59 para n\u00edvel fundamental incompleto; ou R$ 72 para n\u00edvel m\u00e9dio completo.<\/p>\n<p>Para d\u00favidas e outras informa\u00e7\u00f5es entre em contato pelo telefone (11) 3964-4946, em dias \u00fateis, no hor\u00e1rio das 9h \u00e0s 16h.<\/p>\n<div class=\"partner d-flex rounded shadow-sm p-2 mb-3 align-items-center\" id=\"partner\" data-print=\"ignore\">\n<div class=\"image mr-2\">\n<img data-recalc-dims=\"1\" src=\"https:\/\/i0.wp.com\/robohash.org\/b730afd4cf5c5d237c7f93163ed023b6.png?resize=110%2C110&#038;ssl=1\" width=\"110\" height=\"110\" title=\"Thatyana Costa\" loading=\"lazy\" decoding=\"async\" class=\"rounded-circle\"\/>\n<\/div>\n<\/div>\n<\/div>\n<p><script>\n\t\t! function(f, b, e, v, n, t, s) {\n\t\t\tif (f.fbq) return;\n\t\t\tn = f.fbq = function() {\n\t\t\t\tn.callMethod ?\n\t\t\t\t\tn.callMethod.apply(n, arguments) : n.queue.push(arguments)\n\t\t\t};\n\t\t\tif (!f._fbq) f._fbq = n;\n\t\t\tn.push = n;\n\t\t\tn.loaded = !0;\n\t\t\tn.version = '2.0';\n\t\t\tn.queue = [];\n\t\t\tt = b.createElement(e);\n\t\t\tt.async = !0;\n\t\t\tt.src = v;\n\t\t\ts = b.getElementsByTagName(e)[0];\n\t\t\ts.parentNode.insertBefore(t, s)\n\t\t}(window, document, 'script',\n\t\t\t'https:\/\/connect.facebook.net\/en_US\/fbevents.js');\n\t\tfbq('init', '338315473262380');\n\t\tfbq('track', 'PageView');\n\t<\/script><br \/>\n<br \/>[ad_2]<br \/>\n<br \/><a href=\"https:\/\/catracalivre.com.br\/educacao\/concurso-publico-de-artur-nogueira-sp-tem-salarios-de-ate-r-57-mil\/\" target=\"_blank\" rel=\"noopener\">Source link <\/a><\/p>\n<div class='code-block code-block-4' style='margin: 8px auto 8px 0; text-align: left; display: block; clear: both;'>\n\ud83d\udce2 Aviso Legal\n\nO site ismaelcolosi.com.br atua apenas como um canal de divulga\u00e7\u00e3o de oportunidades de emprego e n\u00e3o se responsabiliza pelo processo seletivo, contrata\u00e7\u00e3o ou qualquer outra etapa relacionada \u00e0s vagas publicadas. Todas as informa\u00e7\u00f5es s\u00e3o de responsabilidade dos anunciantes.\n\n\u26a0\ufe0f Aten\u00e7\u00e3o! Nunca pague por promessas de emprego nem compre cursos que garantam contrata\u00e7\u00e3o. Desconfie de qualquer cobran\u00e7a para participar de sele\u00e7\u00f5es.\n\n\n\n<\/div>\n<!-- CONTENT END 1 -->\n","protected":false},"excerpt":{"rendered":"<p>[ad_1] Cr\u00e9ditos: IStock Concurso P\u00fablico de Artur Nogueira A C\u00e2mara de Artur Nogueira, no estado de\u00a0S\u00e3o Paulo, anuncia edital de n\u00ba 001\/2023 para concurso p\u00fablico, que oferece tr\u00eas vagas imediatas para a contrata\u00e7\u00e3o de servidores efetivos. As oportunidades s\u00e3o para cargos de n\u00edvel fundamental e m\u00e9dio. Todos os contratados em concurso p\u00fablico trabalhar\u00e3o em jornadas&hellip;&nbsp;<\/p>\n","protected":false},"author":1,"featured_media":11115,"comment_status":"open","ping_status":"open","sticky":false,"template":"","format":"standard","meta":{"_uag_custom_page_level_css":"","neve_meta_sidebar":"","neve_meta_container":"","neve_meta_enable_content_width":"","neve_meta_content_width":0,"neve_meta_title_alignment":"","neve_meta_author_avatar":"","neve_post_elements_order":"","neve_meta_disable_header":"","neve_meta_disable_footer":"","neve_meta_disable_title":"","_jetpack_newsletter_access":"","_jetpack_dont_email_post_to_subs":false,"_jetpack_newsletter_tier_id":0,"_jetpack_memberships_contains_paywalled_content":false,"_jetpack_memberships_contains_paid_content":false,"footnotes":""},"categories":[19],"tags":[],"class_list":["post-11114","post","type-post","status-publish","format-standard","has-post-thumbnail","hentry","category-variedades"],"uagb_featured_image_src":{"full":["https:\/\/i0.wp.com\/ismaelcolosi.com.br\/wp-content\/uploads\/2023\/12\/istock-1157091192.jpg?fit=1200%2C638&ssl=1",1200,638,false],"thumbnail":["https:\/\/i0.wp.com\/ismaelcolosi.com.br\/wp-content\/uploads\/2023\/12\/istock-1157091192.jpg?resize=150%2C150&ssl=1",150,150,true],"medium":["https:\/\/i0.wp.com\/ismaelcolosi.com.br\/wp-content\/uploads\/2023\/12\/istock-1157091192.jpg?fit=300%2C160&ssl=1",300,160,true],"medium_large":["https:\/\/i0.wp.com\/ismaelcolosi.com.br\/wp-content\/uploads\/2023\/12\/istock-1157091192.jpg?fit=768%2C408&ssl=1",768,408,true],"large":["https:\/\/i0.wp.com\/ismaelcolosi.com.br\/wp-content\/uploads\/2023\/12\/istock-1157091192.jpg?fit=1024%2C544&ssl=1",1024,544,true],"1536x1536":["https:\/\/i0.wp.com\/ismaelcolosi.com.br\/wp-content\/uploads\/2023\/12\/istock-1157091192.jpg?fit=1200%2C638&ssl=1",1200,638,true],"2048x2048":["https:\/\/i0.wp.com\/ismaelcolosi.com.br\/wp-content\/uploads\/2023\/12\/istock-1157091192.jpg?fit=1200%2C638&ssl=1",1200,638,true],"neve-blog":["https:\/\/i0.wp.com\/ismaelcolosi.com.br\/wp-content\/uploads\/2023\/12\/istock-1157091192.jpg?resize=930%2C620&ssl=1",930,620,true]},"uagb_author_info":{"display_name":"ismaelcolosi.com.br","author_link":"https:\/\/ismaelcolosi.com.br\/author\/vidareal-online\/"},"uagb_comment_info":0,"uagb_excerpt":"[ad_1] Cr\u00e9ditos: IStock Concurso P\u00fablico de Artur Nogueira A C\u00e2mara de Artur Nogueira, no estado de\u00a0S\u00e3o Paulo, anuncia edital de n\u00ba 001\/2023 para concurso p\u00fablico, que oferece tr\u00eas vagas imediatas para a contrata\u00e7\u00e3o de servidores efetivos. As oportunidades s\u00e3o para cargos de n\u00edvel fundamental e m\u00e9dio. Todos os contratados em concurso p\u00fablico trabalhar\u00e3o em jornadas&hellip;&nbsp;","jetpack-related-posts":[{"id":19768,"url":"https:\/\/ismaelcolosi.com.br\/index.php\/2023\/12\/23\/oportunidades-na-camara-de-artur-nogueira-com-salarios-atrativos-em-concurso-publico\/","url_meta":{"origin":11114,"position":0},"title":"Oportunidades na C\u00e2mara de Artur Nogueira com sal\u00e1rios atrativos em concurso p\u00fablico","author":"ismaelcolosi.com.br","date":"23 de Dezembro de 2023","format":false,"excerpt":"[ad_1] Cr\u00e9ditos: IStockConcurso p\u00fablico C\u00e2mara de Artur Nogueira A busca por servidores efetivos na C\u00e2mara de Artur Nogueira, S\u00e3o Paulo, ganha destaque com o edital de n\u00famero 001\/2023 para concurso p\u00fablico, oferecendo tr\u00eas vagas imediatas para diferentes n\u00edveis de escolaridade. Essa \u00e9 a chance para aspirantes a cargos p\u00fablicos na\u2026","rel":"","context":"In &quot;Variedades&quot;","block_context":{"text":"Variedades","link":"https:\/\/ismaelcolosi.com.br\/index.php\/category\/variedades\/"},"img":{"alt_text":"","src":"https:\/\/i0.wp.com\/ismaelcolosi.com.br\/wp-content\/uploads\/2023\/12\/istock-182059956-1.jpg?fit=1200%2C638&ssl=1&resize=350%2C200","width":350,"height":200,"srcset":"https:\/\/i0.wp.com\/ismaelcolosi.com.br\/wp-content\/uploads\/2023\/12\/istock-182059956-1.jpg?fit=1200%2C638&ssl=1&resize=350%2C200 1x, https:\/\/i0.wp.com\/ismaelcolosi.com.br\/wp-content\/uploads\/2023\/12\/istock-182059956-1.jpg?fit=1200%2C638&ssl=1&resize=525%2C300 1.5x, https:\/\/i0.wp.com\/ismaelcolosi.com.br\/wp-content\/uploads\/2023\/12\/istock-182059956-1.jpg?fit=1200%2C638&ssl=1&resize=700%2C400 2x, https:\/\/i0.wp.com\/ismaelcolosi.com.br\/wp-content\/uploads\/2023\/12\/istock-182059956-1.jpg?fit=1200%2C638&ssl=1&resize=1050%2C600 3x"},"classes":[]},{"id":7005,"url":"https:\/\/ismaelcolosi.com.br\/index.php\/2023\/11\/27\/concurso-publico-para-a-camara-de-artur-nogueira-oferece-salario-de-ate-r-57-mil\/","url_meta":{"origin":11114,"position":1},"title":"Concurso P\u00fablico para a C\u00e2mara de Artur Nogueira oferece sal\u00e1rio de at\u00e9 R$ 5,7 mil","author":"ismaelcolosi.com.br","date":"27 de Novembro de 2023","format":false,"excerpt":"[ad_1] Cr\u00e9ditos: IStockConcurso P\u00fablico C\u00e2mara de Artur Nogueira A C\u00e2mara de Artur Nogueira, no estado de\u00a0S\u00e3o Paulo, anuncia edital de n\u00ba 001\/2023 para concurso p\u00fablico, que oferece tr\u00eas vagas imediatas para a contrata\u00e7\u00e3o de servidores efetivos. As oportunidades s\u00e3o para cargos de n\u00edvel fundamental e m\u00e9dio. H\u00e1 uma vaga para\u2026","rel":"","context":"In &quot;Variedades&quot;","block_context":{"text":"Variedades","link":"https:\/\/ismaelcolosi.com.br\/index.php\/category\/variedades\/"},"img":{"alt_text":"","src":"https:\/\/i0.wp.com\/ismaelcolosi.com.br\/wp-content\/uploads\/2023\/11\/istock-179493846.jpg?fit=1200%2C638&ssl=1&resize=350%2C200","width":350,"height":200,"srcset":"https:\/\/i0.wp.com\/ismaelcolosi.com.br\/wp-content\/uploads\/2023\/11\/istock-179493846.jpg?fit=1200%2C638&ssl=1&resize=350%2C200 1x, https:\/\/i0.wp.com\/ismaelcolosi.com.br\/wp-content\/uploads\/2023\/11\/istock-179493846.jpg?fit=1200%2C638&ssl=1&resize=525%2C300 1.5x, https:\/\/i0.wp.com\/ismaelcolosi.com.br\/wp-content\/uploads\/2023\/11\/istock-179493846.jpg?fit=1200%2C638&ssl=1&resize=700%2C400 2x, https:\/\/i0.wp.com\/ismaelcolosi.com.br\/wp-content\/uploads\/2023\/11\/istock-179493846.jpg?fit=1200%2C638&ssl=1&resize=1050%2C600 3x"},"classes":[]},{"id":69756,"url":"https:\/\/ismaelcolosi.com.br\/index.php\/2024\/10\/07\/rede-de-supermercados-anuncia-chegada-a-ribeirao-preto\/","url_meta":{"origin":11114,"position":2},"title":"Rede de supermercados anuncia chegada a Ribeir\u00e3o Preto","author":"ismaelcolosi.com.br","date":"7 de Outubro de 2024","format":false,"excerpt":"[ad_1] A Rede de Supermercados Pague Menos, com sede em Santa B\u00e1rbara d\u2019Oeste, anunciou nesta segunda-feira (7) que vai abrir uma loja em Ribeir\u00e3o Preto. A rede conta com 36 lojas f\u00edsicas em 20 cidades do interior de S\u00e3o Paulo, principalmente nas regi\u00f5es de Piracicaba e Campinas. A rede informou\u2026","rel":"","context":"In &quot;Not\u00edcias de Ribeir\u00e3o Preto-SP e Regi\u00e3o&quot;","block_context":{"text":"Not\u00edcias de Ribeir\u00e3o Preto-SP e Regi\u00e3o","link":"https:\/\/ismaelcolosi.com.br\/index.php\/category\/noticias-de-ribeirao-preto-sp-e-regiao-ismael-colosi\/"},"img":{"alt_text":"","src":"https:\/\/i0.wp.com\/ismaelcolosi.com.br\/wp-content\/uploads\/2024\/10\/shopping-1165437_1280-1.jpg?fit=1200%2C690&ssl=1&resize=350%2C200","width":350,"height":200,"srcset":"https:\/\/i0.wp.com\/ismaelcolosi.com.br\/wp-content\/uploads\/2024\/10\/shopping-1165437_1280-1.jpg?fit=1200%2C690&ssl=1&resize=350%2C200 1x, https:\/\/i0.wp.com\/ismaelcolosi.com.br\/wp-content\/uploads\/2024\/10\/shopping-1165437_1280-1.jpg?fit=1200%2C690&ssl=1&resize=525%2C300 1.5x, https:\/\/i0.wp.com\/ismaelcolosi.com.br\/wp-content\/uploads\/2024\/10\/shopping-1165437_1280-1.jpg?fit=1200%2C690&ssl=1&resize=700%2C400 2x, https:\/\/i0.wp.com\/ismaelcolosi.com.br\/wp-content\/uploads\/2024\/10\/shopping-1165437_1280-1.jpg?fit=1200%2C690&ssl=1&resize=1050%2C600 3x"},"classes":[]},{"id":9579,"url":"https:\/\/ismaelcolosi.com.br\/index.php\/2023\/12\/02\/rp-tera-nova-delegacia-da-mulher\/","url_meta":{"origin":11114,"position":3},"title":"RP ter\u00e1 nova Delegacia da Mulher\u00a0","author":"ismaelcolosi.com.br","date":"2 de Dezembro de 2023","format":false,"excerpt":"[ad_1] O deputado federal Ricardo Silva (PSD) anunciou na quinta-feira, 30 de novembro, a constru\u00e7\u00e3o de uma nova Delegacia de Defesa da Mulher em Ribeir\u00e3o Preto, que funcionar\u00e1 ininterruptamente, 24 horas por dia. O an\u00fancio ocorreu ap\u00f3s reuni\u00e3o com o secret\u00e1rio de Seguran\u00e7a P\u00fablica do Estado de S\u00e3o Paulo, Guilherme\u2026","rel":"","context":"In &quot;Not\u00edcias de Ribeir\u00e3o Preto-SP e Regi\u00e3o&quot;","block_context":{"text":"Not\u00edcias de Ribeir\u00e3o Preto-SP e Regi\u00e3o","link":"https:\/\/ismaelcolosi.com.br\/index.php\/category\/noticias-de-ribeirao-preto-sp-e-regiao-ismael-colosi\/"},"img":{"alt_text":"","src":"https:\/\/i0.wp.com\/ismaelcolosi.com.br\/wp-content\/uploads\/2023\/12\/ddm-scaled.jpg?fit=1000%2C609&ssl=1&resize=350%2C200","width":350,"height":200,"srcset":"https:\/\/i0.wp.com\/ismaelcolosi.com.br\/wp-content\/uploads\/2023\/12\/ddm-scaled.jpg?fit=1000%2C609&ssl=1&resize=350%2C200 1x, https:\/\/i0.wp.com\/ismaelcolosi.com.br\/wp-content\/uploads\/2023\/12\/ddm-scaled.jpg?fit=1000%2C609&ssl=1&resize=525%2C300 1.5x, https:\/\/i0.wp.com\/ismaelcolosi.com.br\/wp-content\/uploads\/2023\/12\/ddm-scaled.jpg?fit=1000%2C609&ssl=1&resize=700%2C400 2x"},"classes":[]},{"id":8227,"url":"https:\/\/ismaelcolosi.com.br\/index.php\/2023\/11\/29\/trio-vai-tocar-djavan-em-rp\/","url_meta":{"origin":11114,"position":4},"title":"Trio vai tocar Djavan em RP\u00a0","author":"ismaelcolosi.com.br","date":"29 de Novembro de 2023","format":false,"excerpt":"[ad_1] 29 de novembro de 2023 | 17:3029 de novembro de 2023 | 16:06 0O Trio Zaz traz para a Pra\u00e7a de Eventos do Sesi de Ribeir\u00e3o Preto, nesta quinta-feira, 30 de novembro, \u00e0s 20 horas, o show \u201cDjavanear\u201d uma releitura instrumental dos grandes sucessos, homenageando um dos \u00edcones da\u2026","rel":"","context":"In &quot;Not\u00edcias de Ribeir\u00e3o Preto-SP e Regi\u00e3o&quot;","block_context":{"text":"Not\u00edcias de Ribeir\u00e3o Preto-SP e Regi\u00e3o","link":"https:\/\/ismaelcolosi.com.br\/index.php\/category\/noticias-de-ribeirao-preto-sp-e-regiao-ismael-colosi\/"},"img":{"alt_text":"","src":"https:\/\/i0.wp.com\/ismaelcolosi.com.br\/wp-content\/uploads\/2023\/11\/Djavan.png?fit=1000%2C563&ssl=1&resize=350%2C200","width":350,"height":200,"srcset":"https:\/\/i0.wp.com\/ismaelcolosi.com.br\/wp-content\/uploads\/2023\/11\/Djavan.png?fit=1000%2C563&ssl=1&resize=350%2C200 1x, https:\/\/i0.wp.com\/ismaelcolosi.com.br\/wp-content\/uploads\/2023\/11\/Djavan.png?fit=1000%2C563&ssl=1&resize=525%2C300 1.5x, https:\/\/i0.wp.com\/ismaelcolosi.com.br\/wp-content\/uploads\/2023\/11\/Djavan.png?fit=1000%2C563&ssl=1&resize=700%2C400 2x"},"classes":[]},{"id":45353,"url":"https:\/\/ismaelcolosi.com.br\/index.php\/2024\/04\/03\/em-ano-de-eleicao-nomes-do-alto-escalao-da-prefeitura-de-ribeirao-sao-exonerados\/","url_meta":{"origin":11114,"position":5},"title":"Em ano de elei\u00e7\u00e3o, nomes do alto escal\u00e3o da Prefeitura de Ribeir\u00e3o s\u00e3o exonerados","author":"ismaelcolosi.com.br","date":"3 de Abril de 2024","format":false,"excerpt":"[ad_1] Foram publicados no Di\u00e1rio Oficial do Munic\u00edpio (DOM) desta quarta-feira (3), os pedidos de exonera\u00e7\u00f5es de nove nomes do alto escal\u00e3o da Prefeitura de Ribeir\u00e3o Preto. \u00a0 Entre os desligamentos da administra\u00e7\u00e3o municipal est\u00e3o tr\u00eas secret\u00e1rios municipais, superintendente, diretores e administradores regionais (veja abaixo). Prazos para disputa eleitoral Os\u2026","rel":"","context":"In &quot;Not\u00edcias de Ribeir\u00e3o Preto-SP e Regi\u00e3o&quot;","block_context":{"text":"Not\u00edcias de Ribeir\u00e3o Preto-SP e Regi\u00e3o","link":"https:\/\/ismaelcolosi.com.br\/index.php\/category\/noticias-de-ribeirao-preto-sp-e-regiao-ismael-colosi\/"},"img":{"alt_text":"","src":"https:\/\/i0.wp.com\/ismaelcolosi.com.br\/wp-content\/uploads\/2024\/04\/Copia-de-Copia-de-TAMANHO-EXATO-PARA-FOTOS-NO-SISTEMA-NOVO-24.jpg?fit=1200%2C675&ssl=1&resize=350%2C200","width":350,"height":200,"srcset":"https:\/\/i0.wp.com\/ismaelcolosi.com.br\/wp-content\/uploads\/2024\/04\/Copia-de-Copia-de-TAMANHO-EXATO-PARA-FOTOS-NO-SISTEMA-NOVO-24.jpg?fit=1200%2C675&ssl=1&resize=350%2C200 1x, https:\/\/i0.wp.com\/ismaelcolosi.com.br\/wp-content\/uploads\/2024\/04\/Copia-de-Copia-de-TAMANHO-EXATO-PARA-FOTOS-NO-SISTEMA-NOVO-24.jpg?fit=1200%2C675&ssl=1&resize=525%2C300 1.5x, https:\/\/i0.wp.com\/ismaelcolosi.com.br\/wp-content\/uploads\/2024\/04\/Copia-de-Copia-de-TAMANHO-EXATO-PARA-FOTOS-NO-SISTEMA-NOVO-24.jpg?fit=1200%2C675&ssl=1&resize=700%2C400 2x, https:\/\/i0.wp.com\/ismaelcolosi.com.br\/wp-content\/uploads\/2024\/04\/Copia-de-Copia-de-TAMANHO-EXATO-PARA-FOTOS-NO-SISTEMA-NOVO-24.jpg?fit=1200%2C675&ssl=1&resize=1050%2C600 3x"},"classes":[]}],"jetpack_sharing_enabled":true,"jetpack_shortlink":"https:\/\/wp.me\/pfMlyK-2Tg","jetpack_featured_media_url":"https:\/\/i0.wp.com\/ismaelcolosi.com.br\/wp-content\/uploads\/2023\/12\/istock-1157091192.jpg?fit=1200%2C638&ssl=1","_links":{"self":[{"href":"https:\/\/ismaelcolosi.com.br\/index.php\/wp-json\/wp\/v2\/posts\/11114","targetHints":{"allow":["GET"]}}],"collection":[{"href":"https:\/\/ismaelcolosi.com.br\/index.php\/wp-json\/wp\/v2\/posts"}],"about":[{"href":"https:\/\/ismaelcolosi.com.br\/index.php\/wp-json\/wp\/v2\/types\/post"}],"author":[{"embeddable":true,"href":"https:\/\/ismaelcolosi.com.br\/index.php\/wp-json\/wp\/v2\/users\/1"}],"replies":[{"embeddable":true,"href":"https:\/\/ismaelcolosi.com.br\/index.php\/wp-json\/wp\/v2\/comments?post=11114"}],"version-history":[{"count":0,"href":"https:\/\/ismaelcolosi.com.br\/index.php\/wp-json\/wp\/v2\/posts\/11114\/revisions"}],"wp:featuredmedia":[{"embeddable":true,"href":"https:\/\/ismaelcolosi.com.br\/index.php\/wp-json\/wp\/v2\/media\/11115"}],"wp:attachment":[{"href":"https:\/\/ismaelcolosi.com.br\/index.php\/wp-json\/wp\/v2\/media?parent=11114"}],"wp:term":[{"taxonomy":"category","embeddable":true,"href":"https:\/\/ismaelcolosi.com.br\/index.php\/wp-json\/wp\/v2\/categories?post=11114"},{"taxonomy":"post_tag","embeddable":true,"href":"https:\/\/ismaelcolosi.com.br\/index.php\/wp-json\/wp\/v2\/tags?post=11114"}],"curies":[{"name":"wp","href":"https:\/\/api.w.org\/{rel}","templated":true}]}}