{"id":11097,"date":"2023-12-05T15:46:24","date_gmt":"2023-12-05T18:46:24","guid":{"rendered":"https:\/\/ismaelcolosi.com.br\/index.php\/2023\/12\/05\/empresa-que-gere-carreira-de-alexandre-pires-faz-pronunciamento-sobre-suposto-esquema-em-garimpo-ilegal\/"},"modified":"2023-12-05T15:46:24","modified_gmt":"2023-12-05T18:46:24","slug":"empresa-que-gere-carreira-de-alexandre-pires-faz-pronunciamento-sobre-suposto-esquema-em-garimpo-ilegal","status":"publish","type":"post","link":"https:\/\/ismaelcolosi.com.br\/index.php\/2023\/12\/05\/empresa-que-gere-carreira-de-alexandre-pires-faz-pronunciamento-sobre-suposto-esquema-em-garimpo-ilegal\/","title":{"rendered":"Empresa que gere carreira de Alexandre Pires faz pronunciamento sobre suposto esquema em garimpo ilegal"},"content":{"rendered":"<p> [ad_1]<br \/>\n<\/p>\n<div itemprop=\"text\">\n<p>Na \u00faltima segunda feira, o cantor Alexandre Pires recebeu a pol\u00edcia a Pol\u00edcia Federal para o cumprimento de uma ordem de busca e apreens\u00e3o recorrente a uma investiga\u00e7\u00e3o.<\/p>\n<p>A opera\u00e7\u00e3o da Pol\u00edcia Federal \u00e9 referente a um suposto esquema de financiamento de garimpo ilegal na Terra Ind\u00edgena Ianom\u00e2mi, localizadas nos Estados do Amazonas e Roraima.<\/p>\n<p>A \u00e1rea sobrep\u00f5e-se de v\u00e1rias unidades de conserva\u00e7\u00e3o federais ou estaduais e, de acordo com o site Terras Ind\u00edgenas, 31223 pessoas vivem nessa \u00e1rea.<\/p>\n<p>Segundo informa\u00e7\u00f5es do jornal O Globo, o inqu\u00e9rito estava apontando que o cantor teria recebido R$ 1 milh\u00e3o de uma mineradora onde o respons\u00e1vel seria um empres\u00e1rio tamb\u00e9m do ramo musical.<\/p>\n<p>Nesta ter\u00e7a feira, 5 de dezembro, a empresa respons\u00e1vel pela vida art\u00edstica de Alexandre, enviou uma nota a revista Quem respondendo as pol\u00eamicas envolvendo o famoso.<\/p>\n<p><strong>\u201cA Opus Entretenimento, presente h\u00e1 47 anos no mercado de eventos, fomentando h\u00e1 d\u00e9cadas a cultura e o entretenimento no pa\u00eds, vem a p\u00fablico informar que desconhece qualquer atividade ilegal supostamente relacionada a colaboradores e parceiros da empresa\u201d<\/strong>, diz trecho do documento.<\/p>\n<p>Ainda em nota, a Opus refor\u00e7ou a refer\u00eancia de Alexandre no mundo da m\u00fasica, afirmou confiar no artista e ainda prestar solidariedade ao cantor mantendo o trabalho com o entretenimento.<\/p>\n<p>O irm\u00e3o do cantor, Fernando Pires, postou em suas redes sociais uma reflex\u00e3o ao momento falando sobre os pr\u00e9 julgamentos sem conhecerem verdadeiramente os fatos, fazendo alus\u00e3o a uma capa de um livro.<\/p>\n<\/div>\n<p>[ad_2]<br \/>\n<br \/><a href=\"https:\/\/fnmais.com\/empresa-que-gere-carreira-alexandre-pires-faz-pronunciamento-sobre-suposto-esquema-em-garimpo-ilegal\/\" target=\"_blank\" rel=\"noopener\">Source link <\/a><\/p>\n<div class='code-block code-block-4' style='margin: 8px auto 8px 0; text-align: left; display: block; clear: both;'>\n\ud83d\udce2 Aviso Legal\n\nO site ismaelcolosi.com.br atua apenas como um canal de divulga\u00e7\u00e3o de oportunidades de emprego e n\u00e3o se responsabiliza pelo processo seletivo, contrata\u00e7\u00e3o ou qualquer outra etapa relacionada \u00e0s vagas publicadas. Todas as informa\u00e7\u00f5es s\u00e3o de responsabilidade dos anunciantes.\n\n\u26a0\ufe0f Aten\u00e7\u00e3o! Nunca pague por promessas de emprego nem compre cursos que garantam contrata\u00e7\u00e3o. Desconfie de qualquer cobran\u00e7a para participar de sele\u00e7\u00f5es.\n\n\n\n<\/div>\n<!-- CONTENT END 1 -->\n","protected":false},"excerpt":{"rendered":"<p>[ad_1] Na \u00faltima segunda feira, o cantor Alexandre Pires recebeu a pol\u00edcia a Pol\u00edcia Federal para o cumprimento de uma ordem de busca e apreens\u00e3o recorrente a uma investiga\u00e7\u00e3o. A opera\u00e7\u00e3o da Pol\u00edcia Federal \u00e9 referente a um suposto esquema de financiamento de garimpo ilegal na Terra Ind\u00edgena Ianom\u00e2mi, localizadas nos Estados do Amazonas e&hellip;&nbsp;<\/p>\n","protected":false},"author":1,"featured_media":11098,"comment_status":"open","ping_status":"open","sticky":false,"template":"","format":"standard","meta":{"_uag_custom_page_level_css":"","neve_meta_sidebar":"","neve_meta_container":"","neve_meta_enable_content_width":"","neve_meta_content_width":0,"neve_meta_title_alignment":"","neve_meta_author_avatar":"","neve_post_elements_order":"","neve_meta_disable_header":"","neve_meta_disable_footer":"","neve_meta_disable_title":"","_jetpack_newsletter_access":"","_jetpack_dont_email_post_to_subs":false,"_jetpack_newsletter_tier_id":0,"_jetpack_memberships_contains_paywalled_content":false,"_jetpack_memberships_contains_paid_content":false,"footnotes":""},"categories":[1],"tags":[],"class_list":["post-11097","post","type-post","status-publish","format-standard","has-post-thumbnail","hentry","category-blog"],"uagb_featured_image_src":{"full":["https:\/\/i0.wp.com\/ismaelcolosi.com.br\/wp-content\/uploads\/2023\/12\/postimg-656f65eceb3812444.jpg?fit=1200%2C628&ssl=1",1200,628,false],"thumbnail":["https:\/\/i0.wp.com\/ismaelcolosi.com.br\/wp-content\/uploads\/2023\/12\/postimg-656f65eceb3812444.jpg?resize=150%2C150&ssl=1",150,150,true],"medium":["https:\/\/i0.wp.com\/ismaelcolosi.com.br\/wp-content\/uploads\/2023\/12\/postimg-656f65eceb3812444.jpg?fit=300%2C157&ssl=1",300,157,true],"medium_large":["https:\/\/i0.wp.com\/ismaelcolosi.com.br\/wp-content\/uploads\/2023\/12\/postimg-656f65eceb3812444.jpg?fit=768%2C402&ssl=1",768,402,true],"large":["https:\/\/i0.wp.com\/ismaelcolosi.com.br\/wp-content\/uploads\/2023\/12\/postimg-656f65eceb3812444.jpg?fit=1024%2C536&ssl=1",1024,536,true],"1536x1536":["https:\/\/i0.wp.com\/ismaelcolosi.com.br\/wp-content\/uploads\/2023\/12\/postimg-656f65eceb3812444.jpg?fit=1200%2C628&ssl=1",1200,628,true],"2048x2048":["https:\/\/i0.wp.com\/ismaelcolosi.com.br\/wp-content\/uploads\/2023\/12\/postimg-656f65eceb3812444.jpg?fit=1200%2C628&ssl=1",1200,628,true],"neve-blog":["https:\/\/i0.wp.com\/ismaelcolosi.com.br\/wp-content\/uploads\/2023\/12\/postimg-656f65eceb3812444.jpg?resize=930%2C620&ssl=1",930,620,true]},"uagb_author_info":{"display_name":"ismaelcolosi.com.br","author_link":"https:\/\/ismaelcolosi.com.br\/author\/vidareal-online\/"},"uagb_comment_info":0,"uagb_excerpt":"[ad_1] Na \u00faltima segunda feira, o cantor Alexandre Pires recebeu a pol\u00edcia a Pol\u00edcia Federal para o cumprimento de uma ordem de busca e apreens\u00e3o recorrente a uma investiga\u00e7\u00e3o. A opera\u00e7\u00e3o da Pol\u00edcia Federal \u00e9 referente a um suposto esquema de financiamento de garimpo ilegal na Terra Ind\u00edgena Ianom\u00e2mi, localizadas nos Estados do Amazonas e&hellip;&nbsp;","jetpack-related-posts":[{"id":12934,"url":"https:\/\/ismaelcolosi.com.br\/index.php\/2023\/12\/08\/show-gratuito-de-alexandre-pires-na-regiao-de-ribeirao-e-remarcado-veja-a-nova-data\/","url_meta":{"origin":11097,"position":0},"title":"Show gratuito de Alexandre Pires na regi\u00e3o de Ribeir\u00e3o \u00e9 remarcado; Veja a nova data","author":"ismaelcolosi.com.br","date":"8 de Dezembro de 2023","format":false,"excerpt":"[ad_1] A Prefeitura de Sert\u00e3ozinho informou, na noite desta sexta-feira (8), que o show do cantor Alexandre Pires foi remarcado. A apresenta\u00e7\u00e3o faz parte das comemora\u00e7\u00f5es de anivers\u00e1rio da cidade na regi\u00e3o de Ribeir\u00e3o Preto. O show deveria ter acontecido na \u00faltima ter\u00e7a-feira (5), contudo, foi cancelado devido \u00e0 chuva\u2026","rel":"","context":"In &quot;Not\u00edcias de Ribeir\u00e3o Preto-SP e Regi\u00e3o&quot;","block_context":{"text":"Not\u00edcias de Ribeir\u00e3o Preto-SP e Regi\u00e3o","link":"https:\/\/ismaelcolosi.com.br\/index.php\/category\/noticias-de-ribeirao-preto-sp-e-regiao-ismael-colosi\/"},"img":{"alt_text":"","src":"https:\/\/i0.wp.com\/ismaelcolosi.com.br\/wp-content\/uploads\/2023\/12\/alexandre-pires-reproducao-facebook.jpg?fit=1068%2C712&ssl=1&resize=350%2C200","width":350,"height":200,"srcset":"https:\/\/i0.wp.com\/ismaelcolosi.com.br\/wp-content\/uploads\/2023\/12\/alexandre-pires-reproducao-facebook.jpg?fit=1068%2C712&ssl=1&resize=350%2C200 1x, https:\/\/i0.wp.com\/ismaelcolosi.com.br\/wp-content\/uploads\/2023\/12\/alexandre-pires-reproducao-facebook.jpg?fit=1068%2C712&ssl=1&resize=525%2C300 1.5x, https:\/\/i0.wp.com\/ismaelcolosi.com.br\/wp-content\/uploads\/2023\/12\/alexandre-pires-reproducao-facebook.jpg?fit=1068%2C712&ssl=1&resize=700%2C400 2x, https:\/\/i0.wp.com\/ismaelcolosi.com.br\/wp-content\/uploads\/2023\/12\/alexandre-pires-reproducao-facebook.jpg?fit=1068%2C712&ssl=1&resize=1050%2C600 3x"},"classes":[]},{"id":15951,"url":"https:\/\/ismaelcolosi.com.br\/index.php\/2023\/12\/14\/empresa-ribeirao-pretana-e-investigada-por-exploracao-de-garimpo-ilegal-em-roraima\/","url_meta":{"origin":11097,"position":1},"title":"Empresa ribeir\u00e3o-pretana \u00e9 investigada por explora\u00e7\u00e3o de garimpo ilegal em Roraima","author":"ismaelcolosi.com.br","date":"14 de Dezembro de 2023","format":false,"excerpt":"[ad_1] A\u00e7\u00e3o fez parte da opera\u00e7\u00e3o Forja de Hefesto, para combater a venda de cassiterita extra\u00edda ilegalmente na Terra Ind\u00edgena Yanomami 14 de dezembro de 2023 | 16:29 2Por: Adalberto LuqueUma empresa de Ribeir\u00e3o Preto foi um dos alvos, na manh\u00e3 desta quinta-feira (12), de uma opera\u00e7\u00e3o realizada pela Pol\u00edcia\u2026","rel":"","context":"In &quot;Not\u00edcias de Ribeir\u00e3o Preto-SP e Regi\u00e3o&quot;","block_context":{"text":"Not\u00edcias de Ribeir\u00e3o Preto-SP e Regi\u00e3o","link":"https:\/\/ismaelcolosi.com.br\/index.php\/category\/noticias-de-ribeirao-preto-sp-e-regiao-ismael-colosi\/"},"img":{"alt_text":"","src":"https:\/\/i0.wp.com\/ismaelcolosi.com.br\/wp-content\/uploads\/2023\/12\/00-14-dez-2023-garimpo-ilegal-foto-pf.jpg?fit=768%2C576&ssl=1&resize=350%2C200","width":350,"height":200,"srcset":"https:\/\/i0.wp.com\/ismaelcolosi.com.br\/wp-content\/uploads\/2023\/12\/00-14-dez-2023-garimpo-ilegal-foto-pf.jpg?fit=768%2C576&ssl=1&resize=350%2C200 1x, https:\/\/i0.wp.com\/ismaelcolosi.com.br\/wp-content\/uploads\/2023\/12\/00-14-dez-2023-garimpo-ilegal-foto-pf.jpg?fit=768%2C576&ssl=1&resize=525%2C300 1.5x, https:\/\/i0.wp.com\/ismaelcolosi.com.br\/wp-content\/uploads\/2023\/12\/00-14-dez-2023-garimpo-ilegal-foto-pf.jpg?fit=768%2C576&ssl=1&resize=700%2C400 2x"},"classes":[]},{"id":16962,"url":"https:\/\/ismaelcolosi.com.br\/index.php\/2023\/12\/17\/utm_sourcerssutm_mediumrssutm_campaignempresa-de-ribeirao-preto-e-investigada-por-exploracao-de-garimpo-ilegal-em-roraima\/","url_meta":{"origin":11097,"position":2},"title":"Empresa de Ribeir\u00e3o Preto \u00e9 investigada por explora\u00e7\u00e3o de garimpo ilegal em Roraima \u2013 X Tudo Ribeir\u00e3o","author":"ismaelcolosi.com.br","date":"17 de Dezembro de 2023","format":false,"excerpt":"[ad_1] Uma empresa de Ribeir\u00e3o Preto foi um dos alvos, na manh\u00e3 da \u00faltima quinta-feira (12\/12), de uma opera\u00e7\u00e3o realizada pela Pol\u00edcia Federal em duas cidades da regi\u00e3o Norte do Brasil e no estado de S\u00e3o Paulo. A Opera\u00e7\u00e3o Forja de Hefesto foi realizada para desarticular um esquema de financiamento\u2026","rel":"","context":"In &quot;Not\u00edcias de Ribeir\u00e3o Preto-SP e Regi\u00e3o&quot;","block_context":{"text":"Not\u00edcias de Ribeir\u00e3o Preto-SP e Regi\u00e3o","link":"https:\/\/ismaelcolosi.com.br\/index.php\/category\/noticias-de-ribeirao-preto-sp-e-regiao-ismael-colosi\/"},"img":{"alt_text":"","src":"https:\/\/i0.wp.com\/ismaelcolosi.com.br\/wp-content\/uploads\/2023\/12\/gazeta-do-povo-blog-concurseiros-pf-900x600.jpg?fit=900%2C600&ssl=1&resize=350%2C200","width":350,"height":200,"srcset":"https:\/\/i0.wp.com\/ismaelcolosi.com.br\/wp-content\/uploads\/2023\/12\/gazeta-do-povo-blog-concurseiros-pf-900x600.jpg?fit=900%2C600&ssl=1&resize=350%2C200 1x, https:\/\/i0.wp.com\/ismaelcolosi.com.br\/wp-content\/uploads\/2023\/12\/gazeta-do-povo-blog-concurseiros-pf-900x600.jpg?fit=900%2C600&ssl=1&resize=525%2C300 1.5x, https:\/\/i0.wp.com\/ismaelcolosi.com.br\/wp-content\/uploads\/2023\/12\/gazeta-do-povo-blog-concurseiros-pf-900x600.jpg?fit=900%2C600&ssl=1&resize=700%2C400 2x"},"classes":[]},{"id":85633,"url":"https:\/\/ismaelcolosi.com.br\/index.php\/2025\/05\/22\/governo-autoriza-funai-a-contratar-19-mil-servidores-temporarios-veja-vagas-2\/","url_meta":{"origin":11097,"position":3},"title":"Governo autoriza Funai a contratar 1,9 mil servidores tempor\u00e1rios; veja vagas","author":"ismaelcolosi.com.br","date":"22 de Maio de 2025","format":false,"excerpt":"[ad_1] Coordenadora e principal executora da pol\u00edtica indigenista do governo federal, a Funda\u00e7\u00e3o Nacional dos Povos Ind\u00edgenas (Funai) receber\u00e1, em breve, o refor\u00e7o de 1.938 novos servidores tempor\u00e1rios. A contrata\u00e7\u00e3o provis\u00f3ria foi autorizada pelos minist\u00e9rios da Gest\u00e3o e da Inova\u00e7\u00e3o em Servi\u00e7os P\u00fablicos e dos Povos Ind\u00edgenas, na semana passada.\u2026","rel":"","context":"In &quot;Empregos - Classificados&quot;","block_context":{"text":"Empregos - Classificados","link":"https:\/\/ismaelcolosi.com.br\/index.php\/category\/empregos-classificados-vagas-trabalho\/"},"img":{"alt_text":"","src":"","width":0,"height":0},"classes":[]},{"id":11533,"url":"https:\/\/ismaelcolosi.com.br\/index.php\/2023\/12\/06\/ribeirao-preto-tem-evento-de-rock-cerveja-e-food-truck\/","url_meta":{"origin":11097,"position":4},"title":"Ribeir\u00e3o Preto tem evento de rock, cerveja e food truck","author":"ismaelcolosi.com.br","date":"6 de Dezembro de 2023","format":false,"excerpt":"[ad_1] Ribeir\u00e3o Preto ir\u00e1 receber, nos dias 8, 9 e 10 de dezembro, a primeira edi\u00e7\u00e3o do evento \u2018Cover Fest\u2019, na Recra Cidade, localizada na avenida Nove de Julho. A entrada \u00e9 gratuita.\u00a0\u00a0 O evento re\u00fane bandas covers de rock, pista gastron\u00f4mica com food trucks e cervejas Germ\u00e2nia, Gr\u00e3\u00e3os e\u2026","rel":"","context":"In &quot;Not\u00edcias de Ribeir\u00e3o Preto-SP e Regi\u00e3o&quot;","block_context":{"text":"Not\u00edcias de Ribeir\u00e3o Preto-SP e Regi\u00e3o","link":"https:\/\/ismaelcolosi.com.br\/index.php\/category\/noticias-de-ribeirao-preto-sp-e-regiao-ismael-colosi\/"},"img":{"alt_text":"","src":"https:\/\/i0.wp.com\/ismaelcolosi.com.br\/wp-content\/uploads\/2023\/12\/dancando-em-um-show-enquanto-a-cantora-se-apresenta-cercada-de-luzes-scaled.jpg?fit=1200%2C800&ssl=1&resize=350%2C200","width":350,"height":200,"srcset":"https:\/\/i0.wp.com\/ismaelcolosi.com.br\/wp-content\/uploads\/2023\/12\/dancando-em-um-show-enquanto-a-cantora-se-apresenta-cercada-de-luzes-scaled.jpg?fit=1200%2C800&ssl=1&resize=350%2C200 1x, https:\/\/i0.wp.com\/ismaelcolosi.com.br\/wp-content\/uploads\/2023\/12\/dancando-em-um-show-enquanto-a-cantora-se-apresenta-cercada-de-luzes-scaled.jpg?fit=1200%2C800&ssl=1&resize=525%2C300 1.5x, https:\/\/i0.wp.com\/ismaelcolosi.com.br\/wp-content\/uploads\/2023\/12\/dancando-em-um-show-enquanto-a-cantora-se-apresenta-cercada-de-luzes-scaled.jpg?fit=1200%2C800&ssl=1&resize=700%2C400 2x, https:\/\/i0.wp.com\/ismaelcolosi.com.br\/wp-content\/uploads\/2023\/12\/dancando-em-um-show-enquanto-a-cantora-se-apresenta-cercada-de-luzes-scaled.jpg?fit=1200%2C800&ssl=1&resize=1050%2C600 3x"},"classes":[]},{"id":80996,"url":"https:\/\/ismaelcolosi.com.br\/index.php\/2025\/01\/06\/governo-autoriza-funai-a-contratar-19-mil-servidores-temporarios-veja-vagas\/","url_meta":{"origin":11097,"position":5},"title":"Governo autoriza Funai a contratar 1,9 mil servidores tempor\u00e1rios; veja vagas","author":"ismaelcolosi.com.br","date":"6 de Janeiro de 2025","format":false,"excerpt":"[ad_1] Da reda\u00e7\u00e3o com Ag\u00eancia Brasili Da reda\u00e7\u00e3o com Ag\u00eancia Brasil 06\/01\/2025 - 16:18 Coordenadora e principal executora da pol\u00edtica indigenista do governo federal, a Funda\u00e7\u00e3o Nacional dos Povos Ind\u00edgenas (Funai) receber\u00e1, em breve, o refor\u00e7o de 1.938 novos servidores tempor\u00e1rios.A contrata\u00e7\u00e3o provis\u00f3ria foi autorizada pelos minist\u00e9rios da Gest\u00e3o e\u2026","rel":"","context":"In &quot;Empregos - Classificados&quot;","block_context":{"text":"Empregos - Classificados","link":"https:\/\/ismaelcolosi.com.br\/index.php\/category\/empregos-classificados-vagas-trabalho\/"},"img":{"alt_text":"","src":"https:\/\/i0.wp.com\/ismaelcolosi.com.br\/wp-content\/uploads\/2025\/01\/concurso-publico-1.jpg?fit=883%2C510&ssl=1&resize=350%2C200","width":350,"height":200,"srcset":"https:\/\/i0.wp.com\/ismaelcolosi.com.br\/wp-content\/uploads\/2025\/01\/concurso-publico-1.jpg?fit=883%2C510&ssl=1&resize=350%2C200 1x, https:\/\/i0.wp.com\/ismaelcolosi.com.br\/wp-content\/uploads\/2025\/01\/concurso-publico-1.jpg?fit=883%2C510&ssl=1&resize=525%2C300 1.5x, https:\/\/i0.wp.com\/ismaelcolosi.com.br\/wp-content\/uploads\/2025\/01\/concurso-publico-1.jpg?fit=883%2C510&ssl=1&resize=700%2C400 2x"},"classes":[]}],"jetpack_sharing_enabled":true,"jetpack_shortlink":"https:\/\/wp.me\/pfMlyK-2SZ","jetpack_featured_media_url":"https:\/\/i0.wp.com\/ismaelcolosi.com.br\/wp-content\/uploads\/2023\/12\/postimg-656f65eceb3812444.jpg?fit=1200%2C628&ssl=1","_links":{"self":[{"href":"https:\/\/ismaelcolosi.com.br\/index.php\/wp-json\/wp\/v2\/posts\/11097","targetHints":{"allow":["GET"]}}],"collection":[{"href":"https:\/\/ismaelcolosi.com.br\/index.php\/wp-json\/wp\/v2\/posts"}],"about":[{"href":"https:\/\/ismaelcolosi.com.br\/index.php\/wp-json\/wp\/v2\/types\/post"}],"author":[{"embeddable":true,"href":"https:\/\/ismaelcolosi.com.br\/index.php\/wp-json\/wp\/v2\/users\/1"}],"replies":[{"embeddable":true,"href":"https:\/\/ismaelcolosi.com.br\/index.php\/wp-json\/wp\/v2\/comments?post=11097"}],"version-history":[{"count":0,"href":"https:\/\/ismaelcolosi.com.br\/index.php\/wp-json\/wp\/v2\/posts\/11097\/revisions"}],"wp:featuredmedia":[{"embeddable":true,"href":"https:\/\/ismaelcolosi.com.br\/index.php\/wp-json\/wp\/v2\/media\/11098"}],"wp:attachment":[{"href":"https:\/\/ismaelcolosi.com.br\/index.php\/wp-json\/wp\/v2\/media?parent=11097"}],"wp:term":[{"taxonomy":"category","embeddable":true,"href":"https:\/\/ismaelcolosi.com.br\/index.php\/wp-json\/wp\/v2\/categories?post=11097"},{"taxonomy":"post_tag","embeddable":true,"href":"https:\/\/ismaelcolosi.com.br\/index.php\/wp-json\/wp\/v2\/tags?post=11097"}],"curies":[{"name":"wp","href":"https:\/\/api.w.org\/{rel}","templated":true}]}}