{"id":11042,"date":"2023-12-05T14:14:49","date_gmt":"2023-12-05T17:14:49","guid":{"rendered":"https:\/\/ismaelcolosi.com.br\/index.php\/2023\/12\/05\/schynaider-moura-abre-o-jogo-sobre-termino-de-namoro-com-joao-silva\/"},"modified":"2023-12-05T14:14:49","modified_gmt":"2023-12-05T17:14:49","slug":"schynaider-moura-abre-o-jogo-sobre-termino-de-namoro-com-joao-silva","status":"publish","type":"post","link":"https:\/\/ismaelcolosi.com.br\/index.php\/2023\/12\/05\/schynaider-moura-abre-o-jogo-sobre-termino-de-namoro-com-joao-silva\/","title":{"rendered":"Schynaider Moura abre o jogo sobre t\u00e9rmino de namoro com Jo\u00e3o Silva"},"content":{"rendered":"<p> <br \/>\n<\/p>\n<div itemprop=\"text\">\n<p>Jo\u00e3o Silva, filho de Faust\u00e3o, alcan\u00e7ou novos p\u00fablicos com seus recentes trabalhos. O jovem viveu sob os holofotes como nunca antes desde que estreou como apresentador de TV.<\/p>\n<p>Com isso, muito de sua vida pessoal tamb\u00e9m passou a ser do interesse do p\u00fablico. Um exemplo disso foi seu relacionamento com Schynaider Moura, com quem ficou por cerca de dois anos.<\/p>\n<p>Os dois tiveram um relacionamento bastante marcado pelo ass\u00e9dio do p\u00fablico, especialmente pela diferen\u00e7a de idade entre eles, com Jo\u00e3o sendo bem mais novo que a modelo.<\/p>\n<p>Da mesma forma, assim como o relacionamento foi alvo de bastante assedio, o t\u00e9rmino tamb\u00e9m n\u00e3o escapou disso. Os dois terminaram e passaram a ser questionado sobre isso, mas mantiveram a postura discreta.<\/p>\n<p>Nesta semana, Schynaider Moura falou pela primeira vez sobre o assunto e esclareceu que a decis\u00e3o foi m\u00fatua. Ainda segundo a modelo, o clima entre eles continua muito positivo.<\/p>\n<p>\u201c<b>Mantemos a amizade. Nosso relacionamento foi muito tranquilo e leve. O t\u00e9rmino foi da mesma maneira, com muito respeito e amor<\/b>\u201d, afirmou a modelo, em entrevista \u00e0 Quem.<\/p>\n<p>Na entrevista, a modelo tamb\u00e9m falou sobre as expectativas para o ano que vem e explicou que tem tido muito trabalho. Feliz com o bom momento, ela tamb\u00e9m falou sobre o que pensa sobre o futuro.<\/p>\n<p>\u201c<b>Trabalhar com viagem para mim seria \u00f3timo. Adoraria apresentar um programa sobre isso. J\u00e1 fiz cobertura da SPFW como rep\u00f3rter pela FashionTV e adorei a experi\u00eancia. \u00c9 um caminho que com certeza gostaria de explorar\u201d<\/b>, disse.<\/p>\n<\/div>\n<p><br \/>\n<br \/><a href=\"https:\/\/fnmais.com\/schynaider-moura-abre-jogo-sobre-termino-namoro-com-joao-silva\/\">Source link <\/a><\/p>\n<div class='code-block code-block-4' style='margin: 8px auto 8px 0; text-align: left; display: block; clear: both;'>\n\ud83d\udce2 Aviso Legal\n\nO site ismaelcolosi.com.br atua apenas como um canal de divulga\u00e7\u00e3o de oportunidades de emprego e n\u00e3o se responsabiliza pelo processo seletivo, contrata\u00e7\u00e3o ou qualquer outra etapa relacionada \u00e0s vagas publicadas. Todas as informa\u00e7\u00f5es s\u00e3o de responsabilidade dos anunciantes.\n\n\u26a0\ufe0f Aten\u00e7\u00e3o! Nunca pague por promessas de emprego nem compre cursos que garantam contrata\u00e7\u00e3o. Desconfie de qualquer cobran\u00e7a para participar de sele\u00e7\u00f5es.\n\n\n\n<\/div>\n<!-- CONTENT END 1 -->\n","protected":false},"excerpt":{"rendered":"<p>Jo\u00e3o Silva, filho de Faust\u00e3o, alcan\u00e7ou novos p\u00fablicos com seus recentes trabalhos. O jovem viveu sob os holofotes como nunca antes desde que estreou como&#8230;<\/p>\n","protected":false},"author":1,"featured_media":11043,"comment_status":"open","ping_status":"open","sticky":false,"template":"","format":"standard","meta":{"_uag_custom_page_level_css":"","advanced_seo_description":"","jetpack_seo_html_title":"","jetpack_seo_noindex":false,"jetpack_post_was_ever_published":false,"_jetpack_newsletter_access":"","_jetpack_dont_email_post_to_subs":false,"_jetpack_newsletter_tier_id":0,"_jetpack_memberships_contains_paywalled_content":false,"_jetpack_memberships_contains_paid_content":false,"footnotes":"","jetpack_publicize_message":"","jetpack_publicize_feature_enabled":true,"jetpack_social_post_already_shared":true,"jetpack_social_options":{"image_generator_settings":{"template":"highway","default_image_id":0,"font":"","enabled":false},"version":2}},"categories":[1],"tags":[],"class_list":["post-11042","post","type-post","status-publish","format-standard","has-post-thumbnail","hentry","category-blog"],"jetpack_publicize_connections":[],"jetpack_featured_media_url":"https:\/\/i0.wp.com\/ismaelcolosi.com.br\/wp-content\/uploads\/2023\/12\/postimg-656f57844d0d97990.jpg?fit=1200%2C628&ssl=1","uagb_featured_image_src":{"full":["https:\/\/i0.wp.com\/ismaelcolosi.com.br\/wp-content\/uploads\/2023\/12\/postimg-656f57844d0d97990.jpg?fit=1200%2C628&ssl=1",1200,628,false],"thumbnail":["https:\/\/i0.wp.com\/ismaelcolosi.com.br\/wp-content\/uploads\/2023\/12\/postimg-656f57844d0d97990.jpg?resize=150%2C150&ssl=1",150,150,true],"medium":["https:\/\/i0.wp.com\/ismaelcolosi.com.br\/wp-content\/uploads\/2023\/12\/postimg-656f57844d0d97990.jpg?fit=300%2C157&ssl=1",300,157,true],"medium_large":["https:\/\/i0.wp.com\/ismaelcolosi.com.br\/wp-content\/uploads\/2023\/12\/postimg-656f57844d0d97990.jpg?fit=768%2C402&ssl=1",768,402,true],"large":["https:\/\/i0.wp.com\/ismaelcolosi.com.br\/wp-content\/uploads\/2023\/12\/postimg-656f57844d0d97990.jpg?fit=1024%2C536&ssl=1",1024,536,true],"1536x1536":["https:\/\/i0.wp.com\/ismaelcolosi.com.br\/wp-content\/uploads\/2023\/12\/postimg-656f57844d0d97990.jpg?fit=1200%2C628&ssl=1",1200,628,true],"2048x2048":["https:\/\/i0.wp.com\/ismaelcolosi.com.br\/wp-content\/uploads\/2023\/12\/postimg-656f57844d0d97990.jpg?fit=1200%2C628&ssl=1",1200,628,true],"really-simple-thumb":["https:\/\/i0.wp.com\/ismaelcolosi.com.br\/wp-content\/uploads\/2023\/12\/postimg-656f57844d0d97990.jpg?resize=370%2C247&ssl=1",370,247,true]},"uagb_author_info":{"display_name":"ismaelcolosi.com.br","author_link":"https:\/\/ismaelcolosi.com.br\/index.php\/author\/vidareal-online\/"},"uagb_comment_info":0,"uagb_excerpt":"Jo\u00e3o Silva, filho de Faust\u00e3o, alcan\u00e7ou novos p\u00fablicos com seus recentes trabalhos. O jovem viveu sob os holofotes como nunca antes desde que estreou como...","jetpack-related-posts":[{"id":37905,"url":"https:\/\/ismaelcolosi.com.br\/index.php\/2024\/02\/19\/ana-hickmann-se-cansa-e-decide-falar-a-verdade-sobre-seu-relacionamento-amoroso-com-edu-guedes-eu-estouver-mais\/","url_meta":{"origin":11042,"position":0},"title":"Ana Hickmann SE CANSA e decide falar a verdade sobre seu RELACIONAMENTO AMOROSO com Edu Guedes: \u201cEu estou\u2026Ver mais","author":"ismaelcolosi.com.br","date":"19 de February de 2024","format":false,"excerpt":"Uma not\u00edcia bomb\u00e1stica sobre a apresentadora Ana Hickmann foi divulgada nesta Segunda-Feira (15) e a artista veio a se pronunciar sobre os rumores de um novo relacionamento. Depois de sair de um casamento conturbado com o seu ex Alexandre Correa, o jornalista Ricardo Feltrin soltou uma exclusiva e revelou que\u2026","rel":"","context":"In &quot;Variedades&quot;","block_context":{"text":"Variedades","link":"https:\/\/ismaelcolosi.com.br\/index.php\/category\/variedades\/"},"img":{"alt_text":"","src":"https:\/\/i0.wp.com\/ismaelcolosi.com.br\/wp-content\/uploads\/2024\/02\/Apresentacao-sem-titulo-1.png?fit=960%2C540&ssl=1&resize=350%2C200","width":350,"height":200,"srcset":"https:\/\/i0.wp.com\/ismaelcolosi.com.br\/wp-content\/uploads\/2024\/02\/Apresentacao-sem-titulo-1.png?fit=960%2C540&ssl=1&resize=350%2C200 1x, https:\/\/i0.wp.com\/ismaelcolosi.com.br\/wp-content\/uploads\/2024\/02\/Apresentacao-sem-titulo-1.png?fit=960%2C540&ssl=1&resize=525%2C300 1.5x, https:\/\/i0.wp.com\/ismaelcolosi.com.br\/wp-content\/uploads\/2024\/02\/Apresentacao-sem-titulo-1.png?fit=960%2C540&ssl=1&resize=700%2C400 2x"},"classes":[]},{"id":4492,"url":"https:\/\/ismaelcolosi.com.br\/index.php\/2023\/11\/21\/ele-nao-consegue-seguir-em-frente\/","url_meta":{"origin":11042,"position":1},"title":"Ele n\u00e3o consegue seguir em frente","author":"ismaelcolosi.com.br","date":"21 de November de 2023","format":false,"excerpt":"Para muitos casais, ap\u00f3s a separa\u00e7\u00e3o \u00e9 \u2018 cada um pro seu lado\u2019. Mas na pr\u00e1tica, isso fica muito dif\u00edcil se tratando de alguns famosos que se envolvem cada vez mais em exposi\u00e7\u00f5es na m\u00eddia.O ex casal Lucas Souza e Jojo Todynho s\u00e3o um exemplo de que n\u00e3o conseguem estar\u2026","rel":"","context":"In &quot;Blog&quot;","block_context":{"text":"Blog","link":"https:\/\/ismaelcolosi.com.br\/index.php\/category\/blog\/"},"img":{"alt_text":"","src":"https:\/\/i0.wp.com\/ismaelcolosi.com.br\/wp-content\/uploads\/2023\/11\/postimg-655cf2e5a4fc87740.jpg?fit=1200%2C628&ssl=1&resize=350%2C200","width":350,"height":200,"srcset":"https:\/\/i0.wp.com\/ismaelcolosi.com.br\/wp-content\/uploads\/2023\/11\/postimg-655cf2e5a4fc87740.jpg?fit=1200%2C628&ssl=1&resize=350%2C200 1x, https:\/\/i0.wp.com\/ismaelcolosi.com.br\/wp-content\/uploads\/2023\/11\/postimg-655cf2e5a4fc87740.jpg?fit=1200%2C628&ssl=1&resize=525%2C300 1.5x, https:\/\/i0.wp.com\/ismaelcolosi.com.br\/wp-content\/uploads\/2023\/11\/postimg-655cf2e5a4fc87740.jpg?fit=1200%2C628&ssl=1&resize=700%2C400 2x, https:\/\/i0.wp.com\/ismaelcolosi.com.br\/wp-content\/uploads\/2023\/11\/postimg-655cf2e5a4fc87740.jpg?fit=1200%2C628&ssl=1&resize=1050%2C600 3x"},"classes":[]},{"id":26457,"url":"https:\/\/ismaelcolosi.com.br\/index.php\/2024\/01\/10\/no-bbb-wanessa-entrega-detalhes-do-relacionamento-com-dado-dolabella\/","url_meta":{"origin":11042,"position":2},"title":"no BBB, Wanessa entrega detalhes do relacionamento com Dado Dolabella","author":"ismaelcolosi.com.br","date":"10 de January de 2024","format":false,"excerpt":"Wanessa e Dado Dolabella se reconectaram no segundo semestre de 2022, ap\u00f3s a cantora se divorciar do ex-marido, Marcus Buaiz. Wanessa e Dado j\u00e1 viveram um romance, nos anos 2000, mas se afastaram depois disso.A confirma\u00e7\u00e3o do relacionamento surpreendeu muita gente e, al\u00e9m disso, acabou colocando a cantora em evid\u00eancia.\u2026","rel":"","context":"In &quot;Blog&quot;","block_context":{"text":"Blog","link":"https:\/\/ismaelcolosi.com.br\/index.php\/category\/blog\/"},"img":{"alt_text":"","src":"https:\/\/i0.wp.com\/ismaelcolosi.com.br\/wp-content\/uploads\/2024\/01\/postimg-659e16336f3846286.jpg?fit=1200%2C628&ssl=1&resize=350%2C200","width":350,"height":200,"srcset":"https:\/\/i0.wp.com\/ismaelcolosi.com.br\/wp-content\/uploads\/2024\/01\/postimg-659e16336f3846286.jpg?fit=1200%2C628&ssl=1&resize=350%2C200 1x, https:\/\/i0.wp.com\/ismaelcolosi.com.br\/wp-content\/uploads\/2024\/01\/postimg-659e16336f3846286.jpg?fit=1200%2C628&ssl=1&resize=525%2C300 1.5x, https:\/\/i0.wp.com\/ismaelcolosi.com.br\/wp-content\/uploads\/2024\/01\/postimg-659e16336f3846286.jpg?fit=1200%2C628&ssl=1&resize=700%2C400 2x, https:\/\/i0.wp.com\/ismaelcolosi.com.br\/wp-content\/uploads\/2024\/01\/postimg-659e16336f3846286.jpg?fit=1200%2C628&ssl=1&resize=1050%2C600 3x"},"classes":[]},{"id":69172,"url":"https:\/\/ismaelcolosi.com.br\/index.php\/2024\/10\/03\/o-que-se-sabe-sobre-caso-de-pm-suspeito-de-matar-comerciante-na-regiao-de-ribeirao\/","url_meta":{"origin":11042,"position":3},"title":"O que se sabe sobre caso de PM suspeito de matar comerciante na regi\u00e3o de Ribeir\u00e3o","author":"ismaelcolosi.com.br","date":"3 de October de 2024","format":false,"excerpt":"O Tribunal de Justi\u00e7a Militar (TJMSP) informou, nesta quinta-feira (3), que o policial acusado de atirar e matar um comerciante de 27 anos, em Orl\u00e2ndia, cidade na regi\u00e3o de Ribeir\u00e3o Preto, foi solto novamente. O cabo Artur Filgueiras Cintra, de 28 anos, teve a pris\u00e3o preventiva decretada pelo tribunal na\u2026","rel":"","context":"In &quot;Not\u00edcias de Ribeir\u00e3o Preto-SP e Regi\u00e3o&quot;","block_context":{"text":"Not\u00edcias de Ribeir\u00e3o Preto-SP e Regi\u00e3o","link":"https:\/\/ismaelcolosi.com.br\/index.php\/category\/noticias-de-ribeirao-preto-sp-e-regiao-ismael-colosi\/"},"img":{"alt_text":"","src":"https:\/\/i0.wp.com\/ismaelcolosi.com.br\/wp-content\/uploads\/2024\/10\/Copia-de-Copia-de-Copia-de-TAMANHO-EXATO-PARA-FOTOS-NO-SISTEMA-NOVO-92_2024-10-03_23-07-34_png_2024-10-03_23-07-34.webp.webp?fit=1200%2C675&ssl=1&resize=350%2C200","width":350,"height":200,"srcset":"https:\/\/i0.wp.com\/ismaelcolosi.com.br\/wp-content\/uploads\/2024\/10\/Copia-de-Copia-de-Copia-de-TAMANHO-EXATO-PARA-FOTOS-NO-SISTEMA-NOVO-92_2024-10-03_23-07-34_png_2024-10-03_23-07-34.webp.webp?fit=1200%2C675&ssl=1&resize=350%2C200 1x, https:\/\/i0.wp.com\/ismaelcolosi.com.br\/wp-content\/uploads\/2024\/10\/Copia-de-Copia-de-Copia-de-TAMANHO-EXATO-PARA-FOTOS-NO-SISTEMA-NOVO-92_2024-10-03_23-07-34_png_2024-10-03_23-07-34.webp.webp?fit=1200%2C675&ssl=1&resize=525%2C300 1.5x, https:\/\/i0.wp.com\/ismaelcolosi.com.br\/wp-content\/uploads\/2024\/10\/Copia-de-Copia-de-Copia-de-TAMANHO-EXATO-PARA-FOTOS-NO-SISTEMA-NOVO-92_2024-10-03_23-07-34_png_2024-10-03_23-07-34.webp.webp?fit=1200%2C675&ssl=1&resize=700%2C400 2x, https:\/\/i0.wp.com\/ismaelcolosi.com.br\/wp-content\/uploads\/2024\/10\/Copia-de-Copia-de-Copia-de-TAMANHO-EXATO-PARA-FOTOS-NO-SISTEMA-NOVO-92_2024-10-03_23-07-34_png_2024-10-03_23-07-34.webp.webp?fit=1200%2C675&ssl=1&resize=1050%2C600 3x"},"classes":[]},{"id":17190,"url":"https:\/\/ismaelcolosi.com.br\/index.php\/2023\/12\/17\/isis-valverde-e-marcus-buaiz-ficam-noivos-apos-seis-meses-de-namoro\/","url_meta":{"origin":11042,"position":4},"title":"Isis Valverde e Marcus Buaiz ficam noivos ap\u00f3s seis meses de namoro","author":"ismaelcolosi.com.br","date":"17 de December de 2023","format":false,"excerpt":"A atriz Isis Valverde e o empres\u00e1rio Marcus Buaiz est\u00e3o noivos. O casal, que tornou p\u00fablico o namoro no m\u00eas de junho deste ano, celebrou a decis\u00e3o de dar mais um passo em seu relacionamento com uma festa realizada em Angra dos Reis, na Costa Verde do Rio de Janeiro,\u2026","rel":"","context":"In &quot;Blog&quot;","block_context":{"text":"Blog","link":"https:\/\/ismaelcolosi.com.br\/index.php\/category\/blog\/"},"img":{"alt_text":"","src":"https:\/\/i0.wp.com\/ismaelcolosi.com.br\/wp-content\/uploads\/2023\/12\/postimg-657f60a2f38c48505.jpg?fit=1200%2C628&ssl=1&resize=350%2C200","width":350,"height":200,"srcset":"https:\/\/i0.wp.com\/ismaelcolosi.com.br\/wp-content\/uploads\/2023\/12\/postimg-657f60a2f38c48505.jpg?fit=1200%2C628&ssl=1&resize=350%2C200 1x, https:\/\/i0.wp.com\/ismaelcolosi.com.br\/wp-content\/uploads\/2023\/12\/postimg-657f60a2f38c48505.jpg?fit=1200%2C628&ssl=1&resize=525%2C300 1.5x, https:\/\/i0.wp.com\/ismaelcolosi.com.br\/wp-content\/uploads\/2023\/12\/postimg-657f60a2f38c48505.jpg?fit=1200%2C628&ssl=1&resize=700%2C400 2x, https:\/\/i0.wp.com\/ismaelcolosi.com.br\/wp-content\/uploads\/2023\/12\/postimg-657f60a2f38c48505.jpg?fit=1200%2C628&ssl=1&resize=1050%2C600 3x"},"classes":[]},{"id":34037,"url":"https:\/\/ismaelcolosi.com.br\/index.php\/2024\/01\/31\/vereador-de-ribeirao-preto-vira-reu-por-perseguicao-contra-ex-namorada\/","url_meta":{"origin":11042,"position":5},"title":"Vereador de Ribeir\u00e3o Preto vira r\u00e9u por persegui\u00e7\u00e3o contra ex-namorada","author":"ismaelcolosi.com.br","date":"31 de January de 2024","format":false,"excerpt":"O vereador de Ribeir\u00e3o Preto, Ramon Fernandes Faustino (Psol), se tornou r\u00e9u em um processo da Vara de Viol\u00eancia Dom\u00e9stica e Familiar contra a Mulher por persegui\u00e7\u00e3o contra a ex-namorada (Artigo 147-A do CP), que tamb\u00e9m \u00e9 sua ex-assessora na C\u00e2mara Municipal. A audi\u00eancia de instru\u00e7\u00e3o, debates e julgamento foi\u2026","rel":"","context":"In &quot;Not\u00edcias de Ribeir\u00e3o Preto-SP e Regi\u00e3o&quot;","block_context":{"text":"Not\u00edcias de Ribeir\u00e3o Preto-SP e Regi\u00e3o","link":"https:\/\/ismaelcolosi.com.br\/index.php\/category\/noticias-de-ribeirao-preto-sp-e-regiao-ismael-colosi\/"},"img":{"alt_text":"","src":"https:\/\/i0.wp.com\/ismaelcolosi.com.br\/wp-content\/uploads\/2024\/01\/ramon.jpg?fit=1200%2C800&ssl=1&resize=350%2C200","width":350,"height":200,"srcset":"https:\/\/i0.wp.com\/ismaelcolosi.com.br\/wp-content\/uploads\/2024\/01\/ramon.jpg?fit=1200%2C800&ssl=1&resize=350%2C200 1x, https:\/\/i0.wp.com\/ismaelcolosi.com.br\/wp-content\/uploads\/2024\/01\/ramon.jpg?fit=1200%2C800&ssl=1&resize=525%2C300 1.5x, https:\/\/i0.wp.com\/ismaelcolosi.com.br\/wp-content\/uploads\/2024\/01\/ramon.jpg?fit=1200%2C800&ssl=1&resize=700%2C400 2x, https:\/\/i0.wp.com\/ismaelcolosi.com.br\/wp-content\/uploads\/2024\/01\/ramon.jpg?fit=1200%2C800&ssl=1&resize=1050%2C600 3x"},"classes":[]}],"jetpack_sharing_enabled":true,"jetpack_shortlink":"https:\/\/wp.me\/pfMlyK-2S6","_links":{"self":[{"href":"https:\/\/ismaelcolosi.com.br\/index.php\/wp-json\/wp\/v2\/posts\/11042","targetHints":{"allow":["GET"]}}],"collection":[{"href":"https:\/\/ismaelcolosi.com.br\/index.php\/wp-json\/wp\/v2\/posts"}],"about":[{"href":"https:\/\/ismaelcolosi.com.br\/index.php\/wp-json\/wp\/v2\/types\/post"}],"author":[{"embeddable":true,"href":"https:\/\/ismaelcolosi.com.br\/index.php\/wp-json\/wp\/v2\/users\/1"}],"replies":[{"embeddable":true,"href":"https:\/\/ismaelcolosi.com.br\/index.php\/wp-json\/wp\/v2\/comments?post=11042"}],"version-history":[{"count":0,"href":"https:\/\/ismaelcolosi.com.br\/index.php\/wp-json\/wp\/v2\/posts\/11042\/revisions"}],"wp:featuredmedia":[{"embeddable":true,"href":"https:\/\/ismaelcolosi.com.br\/index.php\/wp-json\/wp\/v2\/media\/11043"}],"wp:attachment":[{"href":"https:\/\/ismaelcolosi.com.br\/index.php\/wp-json\/wp\/v2\/media?parent=11042"}],"wp:term":[{"taxonomy":"category","embeddable":true,"href":"https:\/\/ismaelcolosi.com.br\/index.php\/wp-json\/wp\/v2\/categories?post=11042"},{"taxonomy":"post_tag","embeddable":true,"href":"https:\/\/ismaelcolosi.com.br\/index.php\/wp-json\/wp\/v2\/tags?post=11042"}],"curies":[{"name":"wp","href":"https:\/\/api.w.org\/{rel}","templated":true}]}}