{"id":11040,"date":"2023-12-05T14:12:33","date_gmt":"2023-12-05T17:12:33","guid":{"rendered":"https:\/\/ismaelcolosi.com.br\/index.php\/2023\/12\/05\/escritora-claudia-jordao-lanca-o-livro-eu-tu-elas-na-livraria-alpharrabio-em-santo-andre\/"},"modified":"2023-12-05T14:12:33","modified_gmt":"2023-12-05T17:12:33","slug":"escritora-claudia-jordao-lanca-o-livro-eu-tu-elas-na-livraria-alpharrabio-em-santo-andre","status":"publish","type":"post","link":"https:\/\/ismaelcolosi.com.br\/index.php\/2023\/12\/05\/escritora-claudia-jordao-lanca-o-livro-eu-tu-elas-na-livraria-alpharrabio-em-santo-andre\/","title":{"rendered":"Escritora Claudia Jord\u00e3o lan\u00e7a o livro \u201ceu tu elas\u201d na Livraria Alpharrabio em Santo Andr\u00e9"},"content":{"rendered":"<p> <br \/>\n<\/p>\n<div>\n<p>No pr\u00f3ximo s\u00e1bado (09\/12) acontecer\u00e1 o lan\u00e7amento do livro \u201ceu tu elas\u201d, da autora e dramaturga Claudia Jord\u00e3o, de S\u00e3o Bernardo do Campo. O evento est\u00e1 programado para come\u00e7ar \u00e0s 11h, na Livraria Alpharrabio, localizada na Rua Eduardo Monteiro, 151, no Jardim Bela Vista, de Santo Andr\u00e9 (SP). Durante o evento haver\u00e1 um bate-papo com a autora e outras mulheres que participaram da obra. O livro estar\u00e1 dispon\u00edvel para compra no local.<\/p>\n<p>Ap\u00f3s o reconhecimento como v\u00edtima de abuso e viol\u00eancia sexual, Claudia empreende uma pesquisa profunda, a fim de estabelecer di\u00e1logo com outras mulheres para desmistificar os sentimentos corrosivos da culpa e da vergonha que permeiam a vida de v\u00edtimas de abuso sexual. Desta imers\u00e3o, surge \u201ceu tu elas\u201d, uma obra intensa, po\u00e9tica e que convoca a reflex\u00e3o sobre essa viol\u00eancia perversa que atravessa, principalmente as mulheres, transformando a vida de muitas delas num sofrimento silencioso e devastador.<\/p>\n<p>A obra est\u00e1 dividida em duas partes. A primeira consiste em tr\u00eas cap\u00edtulos: \u201ceu\u201d, \u201ctu\u201d e \u201celas\u201d. No cap\u00edtulo \u201ceu\u201d, por meio de uma narrativa que se entrela\u00e7a com elementos de fic\u00e7\u00e3o, Claudia Jord\u00e3o relata as hist\u00f3rias de uma mulher que sofreu diferentes formas de abuso dos nove aos vinte um anos. A autora encontrou na figura dessa personagem a ferramenta necess\u00e1ria, para narrar hist\u00f3rias de sua inf\u00e2ncia e adolesc\u00eancia, assim como o enfrentamento dos traumas decorrentes dessas viol\u00eancias.<\/p>\n<p>O cap\u00edtulo \u201celas\u201d apresenta hist\u00f3rias de outras mulheres que, durante o processo de pesquisa procuraram a autora para expor suas narrativas e utilizar o livro como uma ferramenta de den\u00fancia. O cap\u00edtulo \u201ctu\u201d se apresenta como um convite ao rompimento do sil\u00eancio, \u00e9 um chamado para que a obra continue a registrar e contar hist\u00f3rias de outras mulheres.<\/p>\n<p>A segunda parte da obra \u00e9 um cap\u00edtulo adicional composto por entrevistas, pesquisas e resultados de um question\u00e1rio realizado pela autora em fevereiro deste ano, abordando o tema do abuso e viol\u00eancia sexual.<\/p>\n<p>\u201ceu tu elas\u201d \u00e9 a segunda publica\u00e7\u00e3o de Claudia Jord\u00e3o, que lan\u00e7ou em 2021 a obra \u201cMulheres que me habitam\u201d. Em sua trajet\u00f3ria na dramaturgia, destaca-se a premiada Trilogia Flores, composta pelos espet\u00e1culos \u201cFlores Amarelas\u201d, \u201cFlores Vermelhas\u201d e \u201cFlores Brancas\u201d.<\/p>\n<p>O livro conta com pref\u00e1cio assinado por Denise Hyginio, ilustra\u00e7\u00f5es de Lu\u00edza Marcon, texto de orelha e projeto gr\u00e1fico assinados por Isabela A. Teles Veras, do est\u00fadio Fabricando Ideias.<\/p>\n<p>A publica\u00e7\u00e3o de \u201ceu tu elas\u201d \u00e9 uma realiza\u00e7\u00e3o da Alpharrabio Edi\u00e7\u00f5es e foi contemplada pelo PROAC Editais Literatura de N\u00e3o Fic\u00e7\u00e3o em 2022. O projeto inclui entrevistas dispon\u00edveis no perfil do Instagram @mulheresquemehabitam e em tocadores de podcasts. Para obter mais informa\u00e7\u00f5es, acesse o Instagram @mulheresquemehabitam.<\/p>\n<p>Servi\u00e7o: Lan\u00e7amento do livro \u201ceu tu elas\u201d<\/p>\n<p>Autora: Claudia Jord\u00e3o<\/p>\n<p>Quando: 09 de dezembro de 2023 (s\u00e1bado) \u2013 11h \u00e0s 13h<\/p>\n<p>Onde: Livraria Alpharrabio \u2013 Rua Eduardo Monteiro, 151, no Jardim Bela Vista, de Santo Andr\u00e9 (SP)<\/p>\n<p>Mais informa\u00e7\u00f5es: @mulheresquemehabitam<\/p>\n<\/div>\n<p><script>\n\t\t! function(f, b, e, v, n, t, s) {\n\t\t\tif (f.fbq) return;\n\t\t\tn = f.fbq = function() {\n\t\t\t\tn.callMethod ?\n\t\t\t\t\tn.callMethod.apply(n, arguments) : n.queue.push(arguments)\n\t\t\t};\n\t\t\tif (!f._fbq) f._fbq = n;\n\t\t\tn.push = n;\n\t\t\tn.loaded = !0;\n\t\t\tn.version = '2.0';\n\t\t\tn.queue = [];\n\t\t\tt = b.createElement(e);\n\t\t\tt.async = !0;\n\t\t\tt.src = v;\n\t\t\ts = b.getElementsByTagName(e)[0];\n\t\t\ts.parentNode.insertBefore(t, s)\n\t\t}(window, document, 'script',\n\t\t\t'https:\/\/connect.facebook.net\/en_US\/fbevents.js');\n\t\tfbq('init', '338315473262380');\n\t\tfbq('track', 'PageView');\n\t<\/script><br \/>\n<br \/><br \/>\n<br \/><a href=\"https:\/\/catracalivre.com.br\/vila-mundo\/escritora-claudia-jordao-lanca-o-livro-eu-tu-elas-na-livraria-alpharrabio-em-santo-andre\/\">Source link <\/a><\/p>\n<div class='code-block code-block-4' style='margin: 8px auto 8px 0; text-align: left; display: block; clear: both;'>\n\ud83d\udce2 Aviso Legal\n\nO site ismaelcolosi.com.br atua apenas como um canal de divulga\u00e7\u00e3o de oportunidades de emprego e n\u00e3o se responsabiliza pelo processo seletivo, contrata\u00e7\u00e3o ou qualquer outra etapa relacionada \u00e0s vagas publicadas. Todas as informa\u00e7\u00f5es s\u00e3o de responsabilidade dos anunciantes.\n\n\u26a0\ufe0f Aten\u00e7\u00e3o! Nunca pague por promessas de emprego nem compre cursos que garantam contrata\u00e7\u00e3o. Desconfie de qualquer cobran\u00e7a para participar de sele\u00e7\u00f5es.\n\n\n\n<\/div>\n<!-- CONTENT END 1 -->\n","protected":false},"excerpt":{"rendered":"<p>No pr\u00f3ximo s\u00e1bado (09\/12) acontecer\u00e1 o lan\u00e7amento do livro \u201ceu tu elas\u201d, da autora e dramaturga Claudia Jord\u00e3o, de S\u00e3o Bernardo do Campo. O evento&#8230;<\/p>\n","protected":false},"author":1,"featured_media":11041,"comment_status":"open","ping_status":"open","sticky":false,"template":"","format":"standard","meta":{"_uag_custom_page_level_css":"","advanced_seo_description":"","jetpack_seo_html_title":"","jetpack_seo_noindex":false,"jetpack_post_was_ever_published":false,"_jetpack_newsletter_access":"","_jetpack_dont_email_post_to_subs":false,"_jetpack_newsletter_tier_id":0,"_jetpack_memberships_contains_paywalled_content":false,"_jetpack_memberships_contains_paid_content":false,"footnotes":"","jetpack_publicize_message":"","jetpack_publicize_feature_enabled":true,"jetpack_social_post_already_shared":true,"jetpack_social_options":{"image_generator_settings":{"template":"highway","default_image_id":0,"font":"","enabled":false},"version":2}},"categories":[19],"tags":[],"class_list":["post-11040","post","type-post","status-publish","format-standard","has-post-thumbnail","hentry","category-variedades"],"jetpack_publicize_connections":[],"jetpack_featured_media_url":"https:\/\/i0.wp.com\/ismaelcolosi.com.br\/wp-content\/uploads\/2023\/12\/capa-eu-tu-elas-claudia-jordao-1.png?fit=1200%2C638&ssl=1","uagb_featured_image_src":{"full":["https:\/\/i0.wp.com\/ismaelcolosi.com.br\/wp-content\/uploads\/2023\/12\/capa-eu-tu-elas-claudia-jordao-1.png?fit=1200%2C638&ssl=1",1200,638,false],"thumbnail":["https:\/\/i0.wp.com\/ismaelcolosi.com.br\/wp-content\/uploads\/2023\/12\/capa-eu-tu-elas-claudia-jordao-1.png?resize=150%2C150&ssl=1",150,150,true],"medium":["https:\/\/i0.wp.com\/ismaelcolosi.com.br\/wp-content\/uploads\/2023\/12\/capa-eu-tu-elas-claudia-jordao-1.png?fit=300%2C160&ssl=1",300,160,true],"medium_large":["https:\/\/i0.wp.com\/ismaelcolosi.com.br\/wp-content\/uploads\/2023\/12\/capa-eu-tu-elas-claudia-jordao-1.png?fit=768%2C408&ssl=1",768,408,true],"large":["https:\/\/i0.wp.com\/ismaelcolosi.com.br\/wp-content\/uploads\/2023\/12\/capa-eu-tu-elas-claudia-jordao-1.png?fit=1024%2C544&ssl=1",1024,544,true],"1536x1536":["https:\/\/i0.wp.com\/ismaelcolosi.com.br\/wp-content\/uploads\/2023\/12\/capa-eu-tu-elas-claudia-jordao-1.png?fit=1200%2C638&ssl=1",1200,638,true],"2048x2048":["https:\/\/i0.wp.com\/ismaelcolosi.com.br\/wp-content\/uploads\/2023\/12\/capa-eu-tu-elas-claudia-jordao-1.png?fit=1200%2C638&ssl=1",1200,638,true],"really-simple-thumb":["https:\/\/i0.wp.com\/ismaelcolosi.com.br\/wp-content\/uploads\/2023\/12\/capa-eu-tu-elas-claudia-jordao-1.png?resize=370%2C247&ssl=1",370,247,true]},"uagb_author_info":{"display_name":"ismaelcolosi.com.br","author_link":"https:\/\/ismaelcolosi.com.br\/index.php\/author\/vidareal-online\/"},"uagb_comment_info":0,"uagb_excerpt":"No pr\u00f3ximo s\u00e1bado (09\/12) acontecer\u00e1 o lan\u00e7amento do livro \u201ceu tu elas\u201d, da autora e dramaturga Claudia Jord\u00e3o, de S\u00e3o Bernardo do Campo. O evento...","jetpack-related-posts":[{"id":32483,"url":"https:\/\/ismaelcolosi.com.br\/index.php\/2024\/01\/25\/livro-reportagem-sobre-violencia-sexual-sera-lancado-nesta-quinta-em-rp\/","url_meta":{"origin":11040,"position":0},"title":"Livro-reportagem sobre viol\u00eancia sexual ser\u00e1 lan\u00e7ado nesta quinta em RP","author":"ismaelcolosi.com.br","date":"25 de January de 2024","format":false,"excerpt":"25 de janeiro de 2024 | 11:4025 de janeiro de 2024 | 11:41 0O livro-reportagem \u201cQuando as vozes se calam\u201d, com hist\u00f3rias reais de mulheres v\u00edtimas de viol\u00eancia sexual na regi\u00e3o de Ribeir\u00e3o Preto, ser\u00e1 lan\u00e7ado nesta quinta-feira, 25, \u00e0s 19h na Livraria Travessa no Ribeir\u00e3o Shopping.O projeto nasceu para\u2026","rel":"","context":"In &quot;Not\u00edcias de Ribeir\u00e3o Preto-SP e Regi\u00e3o&quot;","block_context":{"text":"Not\u00edcias de Ribeir\u00e3o Preto-SP e Regi\u00e3o","link":"https:\/\/ismaelcolosi.com.br\/index.php\/category\/noticias-de-ribeirao-preto-sp-e-regiao-ismael-colosi\/"},"img":{"alt_text":"","src":"https:\/\/i0.wp.com\/ismaelcolosi.com.br\/wp-content\/uploads\/2024\/01\/e53bd033-99f9-4257-b389-e98156f3380b-scaled.jpg?fit=454%2C645&ssl=1&resize=350%2C200","width":350,"height":200},"classes":[]},{"id":46266,"url":"https:\/\/ismaelcolosi.com.br\/index.php\/2024\/04\/10\/jornalista-lanca-livro-de-poesias-em-livraria-de-ribeirao-preto\/","url_meta":{"origin":11040,"position":1},"title":"Jornalista lan\u00e7a livro de poesias em livraria de Ribeir\u00e3o Preto","author":"ismaelcolosi.com.br","date":"10 de April de 2024","format":false,"excerpt":"A jornalista Ana L\u00edgia Vasconcellos Farath realiza neste s\u00e1bado (13), a partir das 19 horas, na livraria da Travessa do Ribeir\u00e3o Shopping, uma noite de aut\u00f3grafos para o lan\u00e7amento do livro de poesias \u201cO Papel Que Me Cabe: Relatos de Uma Mulher em Busca de Si\u201d. Ana L\u00edgia foi rep\u00f3rter\u2026","rel":"","context":"In &quot;Not\u00edcias de Ribeir\u00e3o Preto-SP e Regi\u00e3o&quot;","block_context":{"text":"Not\u00edcias de Ribeir\u00e3o Preto-SP e Regi\u00e3o","link":"https:\/\/ismaelcolosi.com.br\/index.php\/category\/noticias-de-ribeirao-preto-sp-e-regiao-ismael-colosi\/"},"img":{"alt_text":"","src":"https:\/\/i0.wp.com\/ismaelcolosi.com.br\/wp-content\/uploads\/2024\/04\/Copia-de-Copia-de-TAMANHO-EXATO-PARA-FOTOS-NO-SISTEMA-NOVO-7-2.jpg?fit=1200%2C675&ssl=1&resize=350%2C200","width":350,"height":200,"srcset":"https:\/\/i0.wp.com\/ismaelcolosi.com.br\/wp-content\/uploads\/2024\/04\/Copia-de-Copia-de-TAMANHO-EXATO-PARA-FOTOS-NO-SISTEMA-NOVO-7-2.jpg?fit=1200%2C675&ssl=1&resize=350%2C200 1x, https:\/\/i0.wp.com\/ismaelcolosi.com.br\/wp-content\/uploads\/2024\/04\/Copia-de-Copia-de-TAMANHO-EXATO-PARA-FOTOS-NO-SISTEMA-NOVO-7-2.jpg?fit=1200%2C675&ssl=1&resize=525%2C300 1.5x, https:\/\/i0.wp.com\/ismaelcolosi.com.br\/wp-content\/uploads\/2024\/04\/Copia-de-Copia-de-TAMANHO-EXATO-PARA-FOTOS-NO-SISTEMA-NOVO-7-2.jpg?fit=1200%2C675&ssl=1&resize=700%2C400 2x, https:\/\/i0.wp.com\/ismaelcolosi.com.br\/wp-content\/uploads\/2024\/04\/Copia-de-Copia-de-TAMANHO-EXATO-PARA-FOTOS-NO-SISTEMA-NOVO-7-2.jpg?fit=1200%2C675&ssl=1&resize=1050%2C600 3x"},"classes":[]},{"id":57057,"url":"https:\/\/ismaelcolosi.com.br\/index.php\/2024\/07\/17\/moradoras-de-ribeirao-preto-publicam-livro-que-une-fantasia-e-autoconhecimento\/","url_meta":{"origin":11040,"position":2},"title":"Moradoras de Ribeir\u00e3o Preto publicam livro que une fantasia e autoconhecimento","author":"ismaelcolosi.com.br","date":"17 de July de 2024","format":false,"excerpt":"A escritora e publicit\u00e1ria Mait\u00ea Malvasi, moradora de Ribeir\u00e3o Preto, realizou nesta semana, o relan\u00e7amento do livro \u201cOs Elementais \u2013 Ato 1: Novos Princ\u00edpios\u201d. Com colabora\u00e7\u00e3o ilustrativa e de desenvolvimento da tamb\u00e9m publicit\u00e1ria Mariana Riul, natural de Ribeir\u00e3o, o primeiro volume da trilogia mistura fantasia com teorias filos\u00f3ficas, mitologias de\u2026","rel":"","context":"In &quot;Not\u00edcias de Ribeir\u00e3o Preto-SP e Regi\u00e3o&quot;","block_context":{"text":"Not\u00edcias de Ribeir\u00e3o Preto-SP e Regi\u00e3o","link":"https:\/\/ismaelcolosi.com.br\/index.php\/category\/noticias-de-ribeirao-preto-sp-e-regiao-ismael-colosi\/"},"img":{"alt_text":"","src":"https:\/\/i0.wp.com\/ismaelcolosi.com.br\/wp-content\/uploads\/2024\/07\/escritora-ribeirao-preto_2024-07-17_17-56-25_jpeg_2024-07-17_17-56-26.webp.webp?fit=1200%2C675&ssl=1&resize=350%2C200","width":350,"height":200,"srcset":"https:\/\/i0.wp.com\/ismaelcolosi.com.br\/wp-content\/uploads\/2024\/07\/escritora-ribeirao-preto_2024-07-17_17-56-25_jpeg_2024-07-17_17-56-26.webp.webp?fit=1200%2C675&ssl=1&resize=350%2C200 1x, https:\/\/i0.wp.com\/ismaelcolosi.com.br\/wp-content\/uploads\/2024\/07\/escritora-ribeirao-preto_2024-07-17_17-56-25_jpeg_2024-07-17_17-56-26.webp.webp?fit=1200%2C675&ssl=1&resize=525%2C300 1.5x, https:\/\/i0.wp.com\/ismaelcolosi.com.br\/wp-content\/uploads\/2024\/07\/escritora-ribeirao-preto_2024-07-17_17-56-25_jpeg_2024-07-17_17-56-26.webp.webp?fit=1200%2C675&ssl=1&resize=700%2C400 2x, https:\/\/i0.wp.com\/ismaelcolosi.com.br\/wp-content\/uploads\/2024\/07\/escritora-ribeirao-preto_2024-07-17_17-56-25_jpeg_2024-07-17_17-56-26.webp.webp?fit=1200%2C675&ssl=1&resize=1050%2C600 3x"},"classes":[]},{"id":1131,"url":"https:\/\/ismaelcolosi.com.br\/index.php\/2023\/11\/10\/jurado-do-jabuti-diz-que-nao-indicaria-livro-se-soubesse-que-ilustracao-foi-feita-por-ia\/","url_meta":{"origin":11040,"position":3},"title":"Jurado do Jabuti diz que n\u00e3o indicaria livro se soubesse que ilustra\u00e7\u00e3o foi feita por IA","author":"ismaelcolosi.com.br","date":"10 de November de 2023","format":false,"excerpt":"O Pr\u00eamio Jabuti, uma das mais importantes premia\u00e7\u00f5es da literatura brasileira, indicou um livro feito a partir de intelig\u00eancia artificial para a categoria de melhor ilustra\u00e7\u00e3o do ano. Os semifinalistas de 2023 foram anunciados nesta quinta-feira, 9.A obra em quest\u00e3o \u00e9 uma edi\u00e7\u00e3o do cl\u00e1ssico\u00a0Frankenstein, de Mary Shelley, lan\u00e7ado pela\u2026","rel":"","context":"In &quot;Not\u00edcias de Ribeir\u00e3o Preto-SP e Regi\u00e3o&quot;","block_context":{"text":"Not\u00edcias de Ribeir\u00e3o Preto-SP e Regi\u00e3o","link":"https:\/\/ismaelcolosi.com.br\/index.php\/category\/noticias-de-ribeirao-preto-sp-e-regiao-ismael-colosi\/"},"img":{"alt_text":"","src":"https:\/\/i0.wp.com\/ismaelcolosi.com.br\/wp-content\/uploads\/2023\/11\/inteligencia-artificial.jpg?fit=968%2C645&ssl=1&resize=350%2C200","width":350,"height":200,"srcset":"https:\/\/i0.wp.com\/ismaelcolosi.com.br\/wp-content\/uploads\/2023\/11\/inteligencia-artificial.jpg?fit=968%2C645&ssl=1&resize=350%2C200 1x, https:\/\/i0.wp.com\/ismaelcolosi.com.br\/wp-content\/uploads\/2023\/11\/inteligencia-artificial.jpg?fit=968%2C645&ssl=1&resize=525%2C300 1.5x, https:\/\/i0.wp.com\/ismaelcolosi.com.br\/wp-content\/uploads\/2023\/11\/inteligencia-artificial.jpg?fit=968%2C645&ssl=1&resize=700%2C400 2x"},"classes":[]},{"id":42296,"url":"https:\/\/ismaelcolosi.com.br\/index.php\/2024\/03\/13\/artistas-podem-se-cadastrar-para-a-23a-feira-internacional-do-livro\/","url_meta":{"origin":11040,"position":4},"title":"Artistas podem se cadastrar para a 23\u00aa Feira Internacional do Livro","author":"ismaelcolosi.com.br","date":"13 de March de 2024","format":false,"excerpt":"13 de mar\u00e7o de 2024 | 16:37 0A Funda\u00e7\u00e3o do Livro e Leitura, em parceria com a Secretaria da Cultura e Turismo de Ribeir\u00e3o Preto, ir\u00e1 selecionar artistas que tenham interesse em participar da programa\u00e7\u00e3o da 23\u00aa edi\u00e7\u00e3o da FIL \u2013 Feira Internacional do Livro de Ribeir\u00e3o Preto, que acontece\u2026","rel":"","context":"In &quot;Not\u00edcias de Ribeir\u00e3o Preto-SP e Regi\u00e3o&quot;","block_context":{"text":"Not\u00edcias de Ribeir\u00e3o Preto-SP e Regi\u00e3o","link":"https:\/\/ismaelcolosi.com.br\/index.php\/category\/noticias-de-ribeirao-preto-sp-e-regiao-ismael-colosi\/"},"img":{"alt_text":"","src":"https:\/\/i0.wp.com\/ismaelcolosi.com.br\/wp-content\/uploads\/2024\/03\/artistas_se_apresentam_durante_a_22_edicao_da_fil_em_2023_2-scaled.jpg?fit=967%2C645&ssl=1&resize=350%2C200","width":350,"height":200,"srcset":"https:\/\/i0.wp.com\/ismaelcolosi.com.br\/wp-content\/uploads\/2024\/03\/artistas_se_apresentam_durante_a_22_edicao_da_fil_em_2023_2-scaled.jpg?fit=967%2C645&ssl=1&resize=350%2C200 1x, https:\/\/i0.wp.com\/ismaelcolosi.com.br\/wp-content\/uploads\/2024\/03\/artistas_se_apresentam_durante_a_22_edicao_da_fil_em_2023_2-scaled.jpg?fit=967%2C645&ssl=1&resize=525%2C300 1.5x, https:\/\/i0.wp.com\/ismaelcolosi.com.br\/wp-content\/uploads\/2024\/03\/artistas_se_apresentam_durante_a_22_edicao_da_fil_em_2023_2-scaled.jpg?fit=967%2C645&ssl=1&resize=700%2C400 2x"},"classes":[]},{"id":72797,"url":"https:\/\/ismaelcolosi.com.br\/index.php\/2024\/10\/23\/primeiro-livro-sobre-branding-verbal-do-brasil-tera-lancamento-em-ribeirao-preto\/","url_meta":{"origin":11040,"position":5},"title":"Primeiro livro sobre branding verbal do Brasil ter\u00e1 lan\u00e7amento em Ribeir\u00e3o Preto","author":"ismaelcolosi.com.br","date":"23 de October de 2024","format":false,"excerpt":"Nesta quarta-feira (23), a partir das 18h30, a Livraria da Travessa, em Ribeir\u00e3o Preto recebe o lan\u00e7amento nacional do livro \u201cCada Palavra Importa\u201d, escrito pela jornalista Cibele Costa. A obra \u00e9 a primeira publica\u00e7\u00e3o no Brasil e em l\u00edngua portuguesa sobre branding verbal. A profissional iniciou sua carreira como rep\u00f3rter\u2026","rel":"","context":"In &quot;Not\u00edcias de Ribeir\u00e3o Preto-SP e Regi\u00e3o&quot;","block_context":{"text":"Not\u00edcias de Ribeir\u00e3o Preto-SP e Regi\u00e3o","link":"https:\/\/ismaelcolosi.com.br\/index.php\/category\/noticias-de-ribeirao-preto-sp-e-regiao-ismael-colosi\/"},"img":{"alt_text":"","src":"https:\/\/i0.wp.com\/ismaelcolosi.com.br\/wp-content\/uploads\/2024\/10\/Copia-de-Copia-de-Copia-de-TAMANHO-EXATO-PARA-FOTOS-NO-SISTEMA-NOVO-18_2024-10-23_13-18-48_jpg_2024-10-23_13-18-48.webp.webp?fit=1200%2C675&ssl=1&resize=350%2C200","width":350,"height":200,"srcset":"https:\/\/i0.wp.com\/ismaelcolosi.com.br\/wp-content\/uploads\/2024\/10\/Copia-de-Copia-de-Copia-de-TAMANHO-EXATO-PARA-FOTOS-NO-SISTEMA-NOVO-18_2024-10-23_13-18-48_jpg_2024-10-23_13-18-48.webp.webp?fit=1200%2C675&ssl=1&resize=350%2C200 1x, https:\/\/i0.wp.com\/ismaelcolosi.com.br\/wp-content\/uploads\/2024\/10\/Copia-de-Copia-de-Copia-de-TAMANHO-EXATO-PARA-FOTOS-NO-SISTEMA-NOVO-18_2024-10-23_13-18-48_jpg_2024-10-23_13-18-48.webp.webp?fit=1200%2C675&ssl=1&resize=525%2C300 1.5x, https:\/\/i0.wp.com\/ismaelcolosi.com.br\/wp-content\/uploads\/2024\/10\/Copia-de-Copia-de-Copia-de-TAMANHO-EXATO-PARA-FOTOS-NO-SISTEMA-NOVO-18_2024-10-23_13-18-48_jpg_2024-10-23_13-18-48.webp.webp?fit=1200%2C675&ssl=1&resize=700%2C400 2x, https:\/\/i0.wp.com\/ismaelcolosi.com.br\/wp-content\/uploads\/2024\/10\/Copia-de-Copia-de-Copia-de-TAMANHO-EXATO-PARA-FOTOS-NO-SISTEMA-NOVO-18_2024-10-23_13-18-48_jpg_2024-10-23_13-18-48.webp.webp?fit=1200%2C675&ssl=1&resize=1050%2C600 3x"},"classes":[]}],"jetpack_sharing_enabled":true,"jetpack_shortlink":"https:\/\/wp.me\/pfMlyK-2S4","_links":{"self":[{"href":"https:\/\/ismaelcolosi.com.br\/index.php\/wp-json\/wp\/v2\/posts\/11040","targetHints":{"allow":["GET"]}}],"collection":[{"href":"https:\/\/ismaelcolosi.com.br\/index.php\/wp-json\/wp\/v2\/posts"}],"about":[{"href":"https:\/\/ismaelcolosi.com.br\/index.php\/wp-json\/wp\/v2\/types\/post"}],"author":[{"embeddable":true,"href":"https:\/\/ismaelcolosi.com.br\/index.php\/wp-json\/wp\/v2\/users\/1"}],"replies":[{"embeddable":true,"href":"https:\/\/ismaelcolosi.com.br\/index.php\/wp-json\/wp\/v2\/comments?post=11040"}],"version-history":[{"count":0,"href":"https:\/\/ismaelcolosi.com.br\/index.php\/wp-json\/wp\/v2\/posts\/11040\/revisions"}],"wp:featuredmedia":[{"embeddable":true,"href":"https:\/\/ismaelcolosi.com.br\/index.php\/wp-json\/wp\/v2\/media\/11041"}],"wp:attachment":[{"href":"https:\/\/ismaelcolosi.com.br\/index.php\/wp-json\/wp\/v2\/media?parent=11040"}],"wp:term":[{"taxonomy":"category","embeddable":true,"href":"https:\/\/ismaelcolosi.com.br\/index.php\/wp-json\/wp\/v2\/categories?post=11040"},{"taxonomy":"post_tag","embeddable":true,"href":"https:\/\/ismaelcolosi.com.br\/index.php\/wp-json\/wp\/v2\/tags?post=11040"}],"curies":[{"name":"wp","href":"https:\/\/api.w.org\/{rel}","templated":true}]}}