{"id":11036,"date":"2023-12-05T14:04:30","date_gmt":"2023-12-05T17:04:30","guid":{"rendered":"https:\/\/ismaelcolosi.com.br\/index.php\/2023\/12\/05\/poupatempo-de-rp-completa-20-anos\/"},"modified":"2023-12-05T14:04:30","modified_gmt":"2023-12-05T17:04:30","slug":"poupatempo-de-rp-completa-20-anos","status":"publish","type":"post","link":"https:\/\/ismaelcolosi.com.br\/index.php\/2023\/12\/05\/poupatempo-de-rp-completa-20-anos\/","title":{"rendered":"Poupatempo de RP completa 20 anos \u00a0"},"content":{"rendered":"<p> <br \/>\n<\/p>\n<div id=\"post-366259\">\n<header class=\"entry-header penci-entry-header penci-title-center\">\n<p> <span class=\"entry-meta-item penci-posted-on\"><i class=\"fa fa-clock-o\"\/><time class=\"entry-date published\" datetime=\"2023-12-05T14:00:28-03:00\">5 de dezembro de 2023 | 14:00<\/time><time class=\"updated\" datetime=\"2023-12-05T10:17:34-03:00\">5 de dezembro de 2023 | 10:17<\/time><\/span><\/p>\n<p> <span class=\"penci-social-buttons penci-social-share-footer\"><a href=\"#\" class=\"penci-post-like penci_post-meta_item  single-like-button penci-social-item like\" data-post_id=\"366259\" title=\"Like\" data-like=\"Like\" data-unlike=\"Unlike\"><i class=\"fa fa-thumbs-o-up\"\/><span class=\"penci-share-number\">0<\/span><\/a><i class=\"fa fa-facebook\"\/><a class=\"penci-social-item twitter\" target=\"_blank\" rel=\"noopener\" title=\"\" href=\"https:\/\/twitter.com\/intent\/tweet?text=Poupatempo%20de%20RP%20completa%2020%20anos%20\u00a0%20-%20https:\/\/www.tribunaribeirao.com.br\/site\/poupatempo-de-rp-completa-20-anos\/\"><i class=\"fa fa-twitter\"\/><\/a><i class=\"fa fa-whatsapp\"\/><\/span><\/header>\n<div class=\"penci-entry-content entry-content\">\n<p><span class=\"TextRun SCXW116754955 BCX0\" lang=\"PT-BR\" xml:lang=\"PT-BR\" data-contrast=\"auto\"><span class=\"NormalTextRun SCXW116754955 BCX0\">O <\/span><span class=\"NormalTextRun SCXW116754955 BCX0\">Poupatempo<\/span><span class=\"NormalTextRun SCXW116754955 BCX0\"> de Ribeir\u00e3o Preto completa 20 anos de funcionamento nesta ter\u00e7a-feira<\/span><span class=\"NormalTextRun SCXW116754955 BCX0\">,<\/span> <span class=\"NormalTextRun SCXW116754955 BCX0\">5<\/span><span class=\"NormalTextRun SCXW116754955 BCX0\"> de dezembro. Desde sua abertura, o posto j\u00e1 realizou cerca de 27 milh\u00f5es de atendimen<\/span><span class=\"NormalTextRun SCXW116754955 BCX0\">to, sendo 409 mil s\u00f3 este ano. Fica no Novo Shopping, <\/span><span class=\"NormalTextRun SCXW116754955 BCX0\">na <\/span><span class=\"NormalTextRun SCXW116754955 BCX0\">a<\/span><span class=\"NormalTextRun SCXW116754955 BCX0\">venida<\/span><span class=\"NormalTextRun SCXW116754955 BCX0\"> Presidente Kennedy<\/span><span class=\"NormalTextRun SCXW116754955 BCX0\"> n\u00ba <\/span><span class=\"NormalTextRun SCXW116754955 BCX0\">1.500, <\/span><span class=\"NormalTextRun SpellingErrorV2Themed SCXW116754955 BCX0\">Ribeir\u00e2nia<\/span><span class=\"NormalTextRun SCXW116754955 BCX0\">, e o hor\u00e1rio de funcionamento \u00e9 de segunda \u00e0 sexta<\/span><span class=\"NormalTextRun SCXW116754955 BCX0\">-feira<\/span><span class=\"NormalTextRun SCXW116754955 BCX0\">, das <\/span><span class=\"NormalTextRun SCXW116754955 BCX0\">nove <\/span><span class=\"NormalTextRun SCXW116754955 BCX0\">\u00e0s 17<\/span> <span class=\"NormalTextRun SCXW116754955 BCX0\">h<\/span><span class=\"NormalTextRun SCXW116754955 BCX0\">oras<\/span><span class=\"NormalTextRun SCXW116754955 BCX0\">, e aos s\u00e1bados, das <\/span><span class=\"NormalTextRun SCXW116754955 BCX0\">nove <\/span><span class=\"NormalTextRun SCXW116754955 BCX0\">\u00e0s 13<\/span> <span class=\"NormalTextRun SCXW116754955 BCX0\">h<\/span><span class=\"NormalTextRun SCXW116754955 BCX0\">oras<\/span><\/span><span class=\"LineBreakBlob BlobObject DragDrop SCXW116754955 BCX0\"><span class=\"SCXW116754955 BCX0\">\u00a0<\/span><br class=\"SCXW116754955 BCX0\"\/><\/span><span class=\"LineBreakBlob BlobObject DragDrop SCXW116754955 BCX0\"><span class=\"SCXW116754955 BCX0\">\u00a0<\/span><br class=\"SCXW116754955 BCX0\"\/><\/span><span class=\"TextRun SCXW116754955 BCX0\" lang=\"PT-BR\" xml:lang=\"PT-BR\" data-contrast=\"auto\"><span class=\"NormalTextRun SCXW116754955 BCX0\">Importante: para ser atendido presencialmente no <\/span><span class=\"NormalTextRun SCXW116754955 BCX0\">Poupatempo<\/span><span class=\"NormalTextRun SCXW116754955 BCX0\">, \u00e9 obrigat\u00f3rio agendamento pr\u00e9vio de data e hora, sem nenhum custo pelo portal (www.poupatempo.sp.gov.br), aplicativo <\/span><span class=\"NormalTextRun SCXW116754955 BCX0\">Poupatempo<\/span><span class=\"NormalTextRun SCXW116754955 BCX0\"> Digital, totens de <\/span><span class=\"NormalTextRun SCXW116754955 BCX0\">autoatendimento<\/span><span class=\"NormalTextRun SCXW116754955 BCX0\"> ou ainda pelo <\/span><span class=\"NormalTextRun SCXW116754955 BCX0\">WhatsApp<\/span><span class=\"NormalTextRun SCXW116754955 BCX0\">, no n\u00famero (11) 95220-2974.<\/span><\/span><span class=\"LineBreakBlob BlobObject DragDrop SCXW116754955 BCX0\"><span class=\"SCXW116754955 BCX0\">\u00a0<\/span><br class=\"SCXW116754955 BCX0\"\/><\/span><span class=\"LineBreakBlob BlobObject DragDrop SCXW116754955 BCX0\"><span class=\"SCXW116754955 BCX0\">\u00a0<\/span><br class=\"SCXW116754955 BCX0\"\/><\/span><span class=\"TextRun SCXW116754955 BCX0\" lang=\"PT-BR\" xml:lang=\"PT-BR\" data-contrast=\"auto\"><span class=\"NormalTextRun SCXW116754955 BCX0\">Entre as op\u00e7\u00f5es aos cidad\u00e3os, a renova\u00e7\u00e3o de <\/span><span class=\"NormalTextRun SCXW116754955 BCX0\">Carteira Nacional de <\/span><span class=\"NormalTextRun ContextualSpellingAndGrammarErrorV2Themed SCXW116754955 BCX0\">Habilita\u00e7\u00e3o(<\/span><span class=\"NormalTextRun SCXW116754955 BCX0\">CNH)<\/span><span class=\"NormalTextRun SCXW116754955 BCX0\">, licenciamento de ve\u00edculos, consulta de <\/span><span class=\"NormalTextRun SCXW116754955 BCX0\">Imposto sobre Propriedade de Ve\u00edculos Automotores (<\/span><span class=\"NormalTextRun SCXW116754955 BCX0\">IPVA<\/span><span class=\"NormalTextRun SCXW116754955 BCX0\">)<\/span><span class=\"NormalTextRun SCXW116754955 BCX0\">, Carteira de Trabalho Digital, seguro-desemprego, atestado de antecedentes criminais, pesquisa de d\u00e9bitos de ve\u00edculos, entre outros.<\/span><\/span><span class=\"LineBreakBlob BlobObject DragDrop SCXW116754955 BCX0\"><span class=\"SCXW116754955 BCX0\">\u00a0<\/span><br class=\"SCXW116754955 BCX0\"\/><\/span><span class=\"LineBreakBlob BlobObject DragDrop SCXW116754955 BCX0\"><span class=\"SCXW116754955 BCX0\">\u00a0<\/span><br class=\"SCXW116754955 BCX0\"\/><\/span><span class=\"TextRun SCXW116754955 BCX0\" lang=\"PT-BR\" xml:lang=\"PT-BR\" data-contrast=\"auto\"><span class=\"NormalTextRun SCXW116754955 BCX0\">Sert\u00e3ozinho <\/span><span class=\"NormalTextRun ContextualSpellingAndGrammarErrorV2Themed SCXW116754955 BCX0\">\u2013\u00a0 <\/span><\/span><span class=\"TextRun SCXW116754955 BCX0\" lang=\"PT-BR\" xml:lang=\"PT-BR\" data-contrast=\"auto\"><span class=\"NormalTextRun ContextualSpellingAndGrammarErrorV2Themed SCXW116754955 BCX0\">O<\/span> <span class=\"NormalTextRun SCXW116754955 BCX0\">Poupatempo<\/span><span class=\"NormalTextRun SCXW116754955 BCX0\"> de Sert\u00e3ozinho <\/span><span class=\"NormalTextRun SCXW116754955 BCX0\">fecha <\/span><span class=\"NormalTextRun SCXW116754955 BCX0\">nesta ter\u00e7a-feira (5) devido \u00e0 comemora\u00e7\u00e3o do anivers\u00e1rio da cidade. Os atendimentos presenciais ser\u00e3o retomados na quarta-feira (6), mediante <\/span><span class=\"NormalTextRun SCXW116754955 BCX0\">a agendamento<\/span><span class=\"NormalTextRun SCXW116754955 BCX0\"> pr\u00e9vio e obrigat\u00f3rio, feito de maneira totalmente gratuita pelos canais oficiais.<\/span><\/span><span class=\"LineBreakBlob BlobObject DragDrop SCXW116754955 BCX0\"><span class=\"SCXW116754955 BCX0\">\u00a0<\/span><br class=\"SCXW116754955 BCX0\"\/><\/span><span class=\"LineBreakBlob BlobObject DragDrop SCXW116754955 BCX0\"><span class=\"SCXW116754955 BCX0\">\u00a0<\/span><br class=\"SCXW116754955 BCX0\"\/><\/span><span class=\"TextRun SCXW116754955 BCX0\" lang=\"PT-BR\" xml:lang=\"PT-BR\" data-contrast=\"auto\"><span class=\"NormalTextRun SCXW116754955 BCX0\">Durante o feriado, as op\u00e7\u00f5es digitais continuam dispon\u00edveis no portal, aplicativo <\/span><span class=\"NormalTextRun SCXW116754955 BCX0\">Poupatempo<\/span><span class=\"NormalTextRun SCXW116754955 BCX0\"> Digital, totens de <\/span><span class=\"NormalTextRun SCXW116754955 BCX0\">autoatendimento<\/span><span class=\"NormalTextRun SCXW116754955 BCX0\"> ou ainda pelo <\/span><span class=\"NormalTextRun SCXW116754955 BCX0\">WhatsApp<\/span><span class=\"NormalTextRun SCXW116754955 BCX0\">. A unidade fica <\/span><span class=\"NormalTextRun SCXW116754955 BCX0\">na <\/span><span class=\"NormalTextRun SCXW116754955 BCX0\">0r<\/span><span class=\"NormalTextRun SCXW116754955 BCX0\">ua Jord\u00e3o Borghetti<\/span><span class=\"NormalTextRun SCXW116754955 BCX0\"> n\u00ba <\/span><span class=\"NormalTextRun SCXW116754955 BCX0\">1<\/span><span class=\"NormalTextRun SCXW116754955 BCX0\">.<\/span><span class=\"NormalTextRun SCXW116754955 BCX0\">661, J<\/span><span class=\"NormalTextRun SCXW116754955 BCX0\">ardim <\/span><span class=\"NormalTextRun SCXW116754955 BCX0\">S\u00e3o Jos\u00e9, e o hor\u00e1rio de funcionamento <\/span><span class=\"NormalTextRun SCXW116754955 BCX0\">\u00e9<\/span><span class=\"NormalTextRun SCXW116754955 BCX0\"> de segunda a sexta-feira, das <\/span><span class=\"NormalTextRun SCXW116754955 BCX0\">nove <\/span><span class=\"NormalTextRun SCXW116754955 BCX0\">\u00e0s 17<\/span> <span class=\"NormalTextRun SCXW116754955 BCX0\">h<\/span><span class=\"NormalTextRun SCXW116754955 BCX0\">oras<\/span><span class=\"NormalTextRun SCXW116754955 BCX0\">, e aos s\u00e1bados, das <\/span><span class=\"NormalTextRun SCXW116754955 BCX0\">nove <\/span><span class=\"NormalTextRun SCXW116754955 BCX0\">\u00e0s 13<\/span> <span class=\"NormalTextRun SCXW116754955 BCX0\">h<\/span><span class=\"NormalTextRun SCXW116754955 BCX0\">oras<\/span><span class=\"NormalTextRun SCXW116754955 BCX0\">.<\/span><\/span><span class=\"LineBreakBlob BlobObject DragDrop SCXW116754955 BCX0\"><span class=\"SCXW116754955 BCX0\">\u00a0<\/span><br class=\"SCXW116754955 BCX0\"\/><\/span><span class=\"LineBreakBlob BlobObject DragDrop SCXW116754955 BCX0\"><span class=\"SCXW116754955 BCX0\">\u00a0<\/span><br class=\"SCXW116754955 BCX0\"\/><\/span><\/p>\n<\/div>\n<footer class=\"penci-entry-footer\"\/><\/div>\n<p><script async src=\"\/\/platform.twitter.com\/widgets.js\" charset=\"utf-8\"><\/script><br \/>\n<br \/><br \/>\n<br \/><a href=\"https:\/\/www.tribunaribeirao.com.br\/site\/poupatempo-de-rp-completa-20-anos\/\">Source link <\/a><\/p>\n<div class='code-block code-block-4' style='margin: 8px auto 8px 0; text-align: left; display: block; clear: both;'>\n\ud83d\udce2 Aviso Legal\n\nO site ismaelcolosi.com.br atua apenas como um canal de divulga\u00e7\u00e3o de oportunidades de emprego e n\u00e3o se responsabiliza pelo processo seletivo, contrata\u00e7\u00e3o ou qualquer outra etapa relacionada \u00e0s vagas publicadas. Todas as informa\u00e7\u00f5es s\u00e3o de responsabilidade dos anunciantes.\n\n\u26a0\ufe0f Aten\u00e7\u00e3o! Nunca pague por promessas de emprego nem compre cursos que garantam contrata\u00e7\u00e3o. Desconfie de qualquer cobran\u00e7a para participar de sele\u00e7\u00f5es.\n\n\n\n<\/div>\n<!-- CONTENT END 1 -->\n","protected":false},"excerpt":{"rendered":"<p>5 de dezembro de 2023 | 14:005 de dezembro de 2023 | 10:17 0 O Poupatempo de Ribeir\u00e3o Preto completa 20 anos de funcionamento nesta&#8230;<\/p>\n","protected":false},"author":1,"featured_media":11037,"comment_status":"open","ping_status":"open","sticky":false,"template":"","format":"standard","meta":{"_uag_custom_page_level_css":"","advanced_seo_description":"","jetpack_seo_html_title":"","jetpack_seo_noindex":false,"jetpack_post_was_ever_published":false,"_jetpack_newsletter_access":"","_jetpack_dont_email_post_to_subs":false,"_jetpack_newsletter_tier_id":0,"_jetpack_memberships_contains_paywalled_content":false,"_jetpack_memberships_contains_paid_content":false,"footnotes":"","jetpack_publicize_message":"","jetpack_publicize_feature_enabled":true,"jetpack_social_post_already_shared":true,"jetpack_social_options":{"image_generator_settings":{"template":"highway","default_image_id":0,"font":"","enabled":false},"version":2}},"categories":[11],"tags":[84,1528,1527],"class_list":["post-11036","post","type-post","status-publish","format-standard","has-post-thumbnail","hentry","category-noticias-de-ribeirao-preto-sp-e-regiao-ismael-colosi","tag-anos","tag-completa","tag-poupatempo"],"jetpack_publicize_connections":[],"jetpack_featured_media_url":"https:\/\/i0.wp.com\/ismaelcolosi.com.br\/wp-content\/uploads\/2023\/12\/poupatempo-scaled.jpg?fit=967%2C645&ssl=1","uagb_featured_image_src":{"full":["https:\/\/i0.wp.com\/ismaelcolosi.com.br\/wp-content\/uploads\/2023\/12\/poupatempo-scaled.jpg?fit=967%2C645&ssl=1",967,645,false],"thumbnail":["https:\/\/i0.wp.com\/ismaelcolosi.com.br\/wp-content\/uploads\/2023\/12\/poupatempo-scaled.jpg?resize=150%2C150&ssl=1",150,150,true],"medium":["https:\/\/i0.wp.com\/ismaelcolosi.com.br\/wp-content\/uploads\/2023\/12\/poupatempo-scaled.jpg?fit=300%2C200&ssl=1",300,200,true],"medium_large":["https:\/\/i0.wp.com\/ismaelcolosi.com.br\/wp-content\/uploads\/2023\/12\/poupatempo-scaled.jpg?fit=768%2C512&ssl=1",768,512,true],"large":["https:\/\/i0.wp.com\/ismaelcolosi.com.br\/wp-content\/uploads\/2023\/12\/poupatempo-scaled.jpg?fit=967%2C645&ssl=1",967,645,true],"1536x1536":["https:\/\/i0.wp.com\/ismaelcolosi.com.br\/wp-content\/uploads\/2023\/12\/poupatempo-scaled.jpg?fit=967%2C645&ssl=1",967,645,true],"2048x2048":["https:\/\/i0.wp.com\/ismaelcolosi.com.br\/wp-content\/uploads\/2023\/12\/poupatempo-scaled.jpg?fit=967%2C645&ssl=1",967,645,true],"really-simple-thumb":["https:\/\/i0.wp.com\/ismaelcolosi.com.br\/wp-content\/uploads\/2023\/12\/poupatempo-scaled.jpg?resize=370%2C247&ssl=1",370,247,true]},"uagb_author_info":{"display_name":"ismaelcolosi.com.br","author_link":"https:\/\/ismaelcolosi.com.br\/index.php\/author\/vidareal-online\/"},"uagb_comment_info":0,"uagb_excerpt":"5 de dezembro de 2023 | 14:005 de dezembro de 2023 | 10:17 0 O Poupatempo de Ribeir\u00e3o Preto completa 20 anos de funcionamento nesta...","jetpack-related-posts":[{"id":22289,"url":"https:\/\/ismaelcolosi.com.br\/index.php\/2023\/12\/29\/feriado-de-ano-novo-altera-funcionamento-dos-orgaos-municipais\/","url_meta":{"origin":11036,"position":0},"title":"Feriado de Ano Novo altera funcionamento dos \u00f3rg\u00e3os municipais\u00a0","author":"ismaelcolosi.com.br","date":"29 de December de 2023","format":false,"excerpt":"Com feriado prolongado de Ano Novo, do dia 30 de dezembro de 2023 at\u00e9 2 de janeiro de 2024, os \u00f3rg\u00e3os municipais ter\u00e3o altera\u00e7\u00f5es nos hor\u00e1rios de atendimento. \u00c9 o caso do Poupatempo, que ir\u00e1 funcionar normalmente at\u00e9 quinta-feira, 28 de dezembro, tendo seu atendimento suspenso nos dias 29 e\u2026","rel":"","context":"In &quot;Not\u00edcias de Ribeir\u00e3o Preto-SP e Regi\u00e3o&quot;","block_context":{"text":"Not\u00edcias de Ribeir\u00e3o Preto-SP e Regi\u00e3o","link":"https:\/\/ismaelcolosi.com.br\/index.php\/category\/noticias-de-ribeirao-preto-sp-e-regiao-ismael-colosi\/"},"img":{"alt_text":"","src":"https:\/\/i0.wp.com\/ismaelcolosi.com.br\/wp-content\/uploads\/2023\/12\/2-abre_e_fecha_-_foto_fernando_gonzaga_1-scaled.jpg?fit=860%2C645&ssl=1&resize=350%2C200","width":350,"height":200,"srcset":"https:\/\/i0.wp.com\/ismaelcolosi.com.br\/wp-content\/uploads\/2023\/12\/2-abre_e_fecha_-_foto_fernando_gonzaga_1-scaled.jpg?fit=860%2C645&ssl=1&resize=350%2C200 1x, https:\/\/i0.wp.com\/ismaelcolosi.com.br\/wp-content\/uploads\/2023\/12\/2-abre_e_fecha_-_foto_fernando_gonzaga_1-scaled.jpg?fit=860%2C645&ssl=1&resize=525%2C300 1.5x, https:\/\/i0.wp.com\/ismaelcolosi.com.br\/wp-content\/uploads\/2023\/12\/2-abre_e_fecha_-_foto_fernando_gonzaga_1-scaled.jpg?fit=860%2C645&ssl=1&resize=700%2C400 2x"},"classes":[]},{"id":67008,"url":"https:\/\/ismaelcolosi.com.br\/index.php\/2024\/09\/20\/entenda-o-que-e-o-golpe-do-agendamento-poupatempo-faz-alerta\/","url_meta":{"origin":11036,"position":1},"title":"Entenda o que \u00e9 o &#8216;Golpe do Agendamento&#8217;; Poupatempo faz alerta","author":"ismaelcolosi.com.br","date":"20 de September de 2024","format":false,"excerpt":"O Poupatempo alerta a popula\u00e7\u00e3o de que n\u00e3o \u00e9 preciso pagar para realizar agendamento de servi\u00e7os\u00a0oferecidos pelo \u00f3rg\u00e3o. De acordo com a assessoria, alguns sites falsos est\u00e3o cobrando para realizar agendamentos de servi\u00e7os que s\u00e3o gratuitos. Caso algu\u00e9m se depare com sites que exijam pagamento, a orienta\u00e7\u00e3o \u00e9 desconfiar e\u2026","rel":"","context":"In &quot;Not\u00edcias de Ribeir\u00e3o Preto-SP e Regi\u00e3o&quot;","block_context":{"text":"Not\u00edcias de Ribeir\u00e3o Preto-SP e Regi\u00e3o","link":"https:\/\/ismaelcolosi.com.br\/index.php\/category\/noticias-de-ribeirao-preto-sp-e-regiao-ismael-colosi\/"},"img":{"alt_text":"","src":"https:\/\/i0.wp.com\/ismaelcolosi.com.br\/wp-content\/uploads\/2024\/09\/Copia-de-Copia-de-Copia-de-TAMANHO-EXATO-PARA-FOTOS-NO-SISTEMA-NOVO-32_2024-09-20_14-10-44_png_2024-09-20_14-10-45.webp.webp?fit=1200%2C675&ssl=1&resize=350%2C200","width":350,"height":200,"srcset":"https:\/\/i0.wp.com\/ismaelcolosi.com.br\/wp-content\/uploads\/2024\/09\/Copia-de-Copia-de-Copia-de-TAMANHO-EXATO-PARA-FOTOS-NO-SISTEMA-NOVO-32_2024-09-20_14-10-44_png_2024-09-20_14-10-45.webp.webp?fit=1200%2C675&ssl=1&resize=350%2C200 1x, https:\/\/i0.wp.com\/ismaelcolosi.com.br\/wp-content\/uploads\/2024\/09\/Copia-de-Copia-de-Copia-de-TAMANHO-EXATO-PARA-FOTOS-NO-SISTEMA-NOVO-32_2024-09-20_14-10-44_png_2024-09-20_14-10-45.webp.webp?fit=1200%2C675&ssl=1&resize=525%2C300 1.5x, https:\/\/i0.wp.com\/ismaelcolosi.com.br\/wp-content\/uploads\/2024\/09\/Copia-de-Copia-de-Copia-de-TAMANHO-EXATO-PARA-FOTOS-NO-SISTEMA-NOVO-32_2024-09-20_14-10-44_png_2024-09-20_14-10-45.webp.webp?fit=1200%2C675&ssl=1&resize=700%2C400 2x, https:\/\/i0.wp.com\/ismaelcolosi.com.br\/wp-content\/uploads\/2024\/09\/Copia-de-Copia-de-Copia-de-TAMANHO-EXATO-PARA-FOTOS-NO-SISTEMA-NOVO-32_2024-09-20_14-10-44_png_2024-09-20_14-10-45.webp.webp?fit=1200%2C675&ssl=1&resize=1050%2C600 3x"},"classes":[]},{"id":19594,"url":"https:\/\/ismaelcolosi.com.br\/index.php\/2023\/12\/22\/servicos-essenciais-serao-mantidos-no-feriado-de-natal\/","url_meta":{"origin":11036,"position":2},"title":"Servi\u00e7os essenciais ser\u00e3o mantidos no feriado de Natal\u00a0","author":"ismaelcolosi.com.br","date":"22 de December de 2023","format":false,"excerpt":"A prefeitura de Ribeir\u00e3o Preto manter\u00e1 em funcionamento os servi\u00e7os p\u00fablicos essenciais na segunda-feira, dia 25 de dezembro. Atender\u00e3o normalmente servi\u00e7os como urg\u00eancias e emerg\u00eancias em sa\u00fade e Guarda Civil Metropolitana.\u00a0Reparti\u00e7\u00f5es p\u00fablicas permanecer\u00e3o fechadas na segunda, 25, retornando \u00e0 normalidade na ter\u00e7a-feira, dia 26, ap\u00f3s \u00e0s 12h. Confira o que\u2026","rel":"","context":"In &quot;Not\u00edcias de Ribeir\u00e3o Preto-SP e Regi\u00e3o&quot;","block_context":{"text":"Not\u00edcias de Ribeir\u00e3o Preto-SP e Regi\u00e3o","link":"https:\/\/ismaelcolosi.com.br\/index.php\/category\/noticias-de-ribeirao-preto-sp-e-regiao-ismael-colosi\/"},"img":{"alt_text":"","src":"https:\/\/i0.wp.com\/ismaelcolosi.com.br\/wp-content\/uploads\/2023\/12\/OrcaRP-Guilherme-Sircili-02-scaled.jpg?fit=872%2C645&ssl=1&resize=350%2C200","width":350,"height":200,"srcset":"https:\/\/i0.wp.com\/ismaelcolosi.com.br\/wp-content\/uploads\/2023\/12\/OrcaRP-Guilherme-Sircili-02-scaled.jpg?fit=872%2C645&ssl=1&resize=350%2C200 1x, https:\/\/i0.wp.com\/ismaelcolosi.com.br\/wp-content\/uploads\/2023\/12\/OrcaRP-Guilherme-Sircili-02-scaled.jpg?fit=872%2C645&ssl=1&resize=525%2C300 1.5x, https:\/\/i0.wp.com\/ismaelcolosi.com.br\/wp-content\/uploads\/2023\/12\/OrcaRP-Guilherme-Sircili-02-scaled.jpg?fit=872%2C645&ssl=1&resize=700%2C400 2x"},"classes":[]},{"id":28682,"url":"https:\/\/ismaelcolosi.com.br\/index.php\/2024\/01\/16\/poupatempo-ribeirao-preto-ficara-fechado-neste-sabado-veja-o-motivo\/","url_meta":{"origin":11036,"position":3},"title":"Poupatempo de Ribeir\u00e3o Preto ficar\u00e1 fechado neste s\u00e1bado; Veja o motivo","author":"ismaelcolosi.com.br","date":"16 de January de 2024","format":false,"excerpt":"Neste s\u00e1bado (20), \u00e9 comemorado o feriado de S\u00e3o Sebasti\u00e3o em Ribeir\u00e3o Preto, o santo padroeiro da cidade. Em raz\u00e3o da data, o Poupatempo de Ribeir\u00e3o Preto n\u00e3o realizar\u00e1 suas atividades no dia. As atividades ser\u00e3o retomadas normalmente na segunda-feira (22). O Poupatempo funciona de segunda-feira a sexta-feira das 9\u2026","rel":"","context":"In &quot;Not\u00edcias de Ribeir\u00e3o Preto-SP e Regi\u00e3o&quot;","block_context":{"text":"Not\u00edcias de Ribeir\u00e3o Preto-SP e Regi\u00e3o","link":"https:\/\/ismaelcolosi.com.br\/index.php\/category\/noticias-de-ribeirao-preto-sp-e-regiao-ismael-colosi\/"},"img":{"alt_text":"","src":"https:\/\/i0.wp.com\/ismaelcolosi.com.br\/wp-content\/uploads\/2024\/01\/poupatempo-ribeirao-preto.jpg?fit=1200%2C752&ssl=1&resize=350%2C200","width":350,"height":200,"srcset":"https:\/\/i0.wp.com\/ismaelcolosi.com.br\/wp-content\/uploads\/2024\/01\/poupatempo-ribeirao-preto.jpg?fit=1200%2C752&ssl=1&resize=350%2C200 1x, https:\/\/i0.wp.com\/ismaelcolosi.com.br\/wp-content\/uploads\/2024\/01\/poupatempo-ribeirao-preto.jpg?fit=1200%2C752&ssl=1&resize=525%2C300 1.5x, https:\/\/i0.wp.com\/ismaelcolosi.com.br\/wp-content\/uploads\/2024\/01\/poupatempo-ribeirao-preto.jpg?fit=1200%2C752&ssl=1&resize=700%2C400 2x, https:\/\/i0.wp.com\/ismaelcolosi.com.br\/wp-content\/uploads\/2024\/01\/poupatempo-ribeirao-preto.jpg?fit=1200%2C752&ssl=1&resize=1050%2C600 3x"},"classes":[]},{"id":77246,"url":"https:\/\/ismaelcolosi.com.br\/index.php\/2024\/11\/22\/mutirao-no-poupatempo-de-ribeirao-renegocia-dividas-do-ipva-veja-quando\/","url_meta":{"origin":11036,"position":4},"title":"Mutir\u00e3o no Poupatempo de Ribeir\u00e3o renegocia d\u00edvidas do IPVA; Veja quando","author":"ismaelcolosi.com.br","date":"22 de November de 2024","format":false,"excerpt":"O Governo de S\u00e3o Paulo promove um mutir\u00e3o presencial do programa Acordo Paulista para a renegocia\u00e7\u00e3o de d\u00edvidas com mais de dois anos de atraso, principalmente do IPVA (Imposto sobre a Propriedade de Ve\u00edculos Automotores). A a\u00e7\u00e3o, por meio da Procuradoria Geral do Estado de S\u00e3o Paulo (PGE\/SP), ser\u00e1 realizada\u2026","rel":"","context":"In &quot;Not\u00edcias de Ribeir\u00e3o Preto-SP e Regi\u00e3o&quot;","block_context":{"text":"Not\u00edcias de Ribeir\u00e3o Preto-SP e Regi\u00e3o","link":"https:\/\/ismaelcolosi.com.br\/index.php\/category\/noticias-de-ribeirao-preto-sp-e-regiao-ismael-colosi\/"},"img":{"alt_text":"","src":"https:\/\/i0.wp.com\/ismaelcolosi.com.br\/wp-content\/uploads\/2024\/11\/poupatempo_ribeirao_1024x576_03092020171438.jpg?fit=1024%2C576&ssl=1&resize=350%2C200","width":350,"height":200,"srcset":"https:\/\/i0.wp.com\/ismaelcolosi.com.br\/wp-content\/uploads\/2024\/11\/poupatempo_ribeirao_1024x576_03092020171438.jpg?fit=1024%2C576&ssl=1&resize=350%2C200 1x, https:\/\/i0.wp.com\/ismaelcolosi.com.br\/wp-content\/uploads\/2024\/11\/poupatempo_ribeirao_1024x576_03092020171438.jpg?fit=1024%2C576&ssl=1&resize=525%2C300 1.5x, https:\/\/i0.wp.com\/ismaelcolosi.com.br\/wp-content\/uploads\/2024\/11\/poupatempo_ribeirao_1024x576_03092020171438.jpg?fit=1024%2C576&ssl=1&resize=700%2C400 2x"},"classes":[]},{"id":66998,"url":"https:\/\/ismaelcolosi.com.br\/index.php\/2024\/09\/20\/entenda-o-que-e-golpe-do-agendamento\/","url_meta":{"origin":11036,"position":5},"title":"Entenda o que \u00e9 \u2018Golpe do Agendamento\u2019","author":"ismaelcolosi.com.br","date":"20 de September de 2024","format":false,"excerpt":"O Poupatempo alerta a popula\u00e7\u00e3o de que n\u00e3o \u00e9 preciso pagar para realizar agendamento de servi\u00e7os\u00a0oferecidos pelo \u00f3rg\u00e3o. De acordo com a assessoria, alguns sites falsos est\u00e3o cobrando para realizar agendamentos de servi\u00e7os que s\u00e3o gratuitos. Caso algu\u00e9m se depare com sites que exijam pagamento, a orienta\u00e7\u00e3o \u00e9 desconfiar e\u2026","rel":"","context":"In &quot;Not\u00edcias de Ribeir\u00e3o Preto-SP e Regi\u00e3o&quot;","block_context":{"text":"Not\u00edcias de Ribeir\u00e3o Preto-SP e Regi\u00e3o","link":"https:\/\/ismaelcolosi.com.br\/index.php\/category\/noticias-de-ribeirao-preto-sp-e-regiao-ismael-colosi\/"},"img":{"alt_text":"","src":"https:\/\/i0.wp.com\/ismaelcolosi.com.br\/wp-content\/uploads\/2024\/09\/Copia-de-Copia-de-Copia-de-TAMANHO-EXATO-PARA-FOTOS-NO-SISTEMA-NOVO-32_2024-09-20_14-10-44_png_2024-09-20_14-10-45.webp.webp?fit=1200%2C675&ssl=1&resize=350%2C200","width":350,"height":200,"srcset":"https:\/\/i0.wp.com\/ismaelcolosi.com.br\/wp-content\/uploads\/2024\/09\/Copia-de-Copia-de-Copia-de-TAMANHO-EXATO-PARA-FOTOS-NO-SISTEMA-NOVO-32_2024-09-20_14-10-44_png_2024-09-20_14-10-45.webp.webp?fit=1200%2C675&ssl=1&resize=350%2C200 1x, https:\/\/i0.wp.com\/ismaelcolosi.com.br\/wp-content\/uploads\/2024\/09\/Copia-de-Copia-de-Copia-de-TAMANHO-EXATO-PARA-FOTOS-NO-SISTEMA-NOVO-32_2024-09-20_14-10-44_png_2024-09-20_14-10-45.webp.webp?fit=1200%2C675&ssl=1&resize=525%2C300 1.5x, https:\/\/i0.wp.com\/ismaelcolosi.com.br\/wp-content\/uploads\/2024\/09\/Copia-de-Copia-de-Copia-de-TAMANHO-EXATO-PARA-FOTOS-NO-SISTEMA-NOVO-32_2024-09-20_14-10-44_png_2024-09-20_14-10-45.webp.webp?fit=1200%2C675&ssl=1&resize=700%2C400 2x, https:\/\/i0.wp.com\/ismaelcolosi.com.br\/wp-content\/uploads\/2024\/09\/Copia-de-Copia-de-Copia-de-TAMANHO-EXATO-PARA-FOTOS-NO-SISTEMA-NOVO-32_2024-09-20_14-10-44_png_2024-09-20_14-10-45.webp.webp?fit=1200%2C675&ssl=1&resize=1050%2C600 3x"},"classes":[]}],"jetpack_sharing_enabled":true,"jetpack_shortlink":"https:\/\/wp.me\/pfMlyK-2S0","_links":{"self":[{"href":"https:\/\/ismaelcolosi.com.br\/index.php\/wp-json\/wp\/v2\/posts\/11036","targetHints":{"allow":["GET"]}}],"collection":[{"href":"https:\/\/ismaelcolosi.com.br\/index.php\/wp-json\/wp\/v2\/posts"}],"about":[{"href":"https:\/\/ismaelcolosi.com.br\/index.php\/wp-json\/wp\/v2\/types\/post"}],"author":[{"embeddable":true,"href":"https:\/\/ismaelcolosi.com.br\/index.php\/wp-json\/wp\/v2\/users\/1"}],"replies":[{"embeddable":true,"href":"https:\/\/ismaelcolosi.com.br\/index.php\/wp-json\/wp\/v2\/comments?post=11036"}],"version-history":[{"count":0,"href":"https:\/\/ismaelcolosi.com.br\/index.php\/wp-json\/wp\/v2\/posts\/11036\/revisions"}],"wp:featuredmedia":[{"embeddable":true,"href":"https:\/\/ismaelcolosi.com.br\/index.php\/wp-json\/wp\/v2\/media\/11037"}],"wp:attachment":[{"href":"https:\/\/ismaelcolosi.com.br\/index.php\/wp-json\/wp\/v2\/media?parent=11036"}],"wp:term":[{"taxonomy":"category","embeddable":true,"href":"https:\/\/ismaelcolosi.com.br\/index.php\/wp-json\/wp\/v2\/categories?post=11036"},{"taxonomy":"post_tag","embeddable":true,"href":"https:\/\/ismaelcolosi.com.br\/index.php\/wp-json\/wp\/v2\/tags?post=11036"}],"curies":[{"name":"wp","href":"https:\/\/api.w.org\/{rel}","templated":true}]}}