{"id":11000,"date":"2023-12-05T13:03:07","date_gmt":"2023-12-05T16:03:07","guid":{"rendered":"https:\/\/ismaelcolosi.com.br\/index.php\/2023\/12\/05\/concurso-publico-da-pm-sp-abre-vagas-para-o-cargo-de-soldado-pm-de-2a-classe\/"},"modified":"2023-12-05T13:03:07","modified_gmt":"2023-12-05T16:03:07","slug":"concurso-publico-da-pm-sp-abre-vagas-para-o-cargo-de-soldado-pm-de-2a-classe","status":"publish","type":"post","link":"https:\/\/ismaelcolosi.com.br\/index.php\/2023\/12\/05\/concurso-publico-da-pm-sp-abre-vagas-para-o-cargo-de-soldado-pm-de-2a-classe\/","title":{"rendered":"Concurso p\u00fablico da PM SP abre vagas para o cargo de Soldado PM de 2\u00aa Classe"},"content":{"rendered":"<p> [ad_1]<br \/>\n<\/p>\n<div>\n<div id=\"attachment_2319803\" class=\"wp-caption alignnone\">\n<div class=\"d-flex justify-content-center\" data-attachment-id=\"2319803\">\n<div class=\"position-relative d-inline-block\"><img data-recalc-dims=\"1\" data-portal-copyright=\"IStock\" fetchpriority=\"high\" decoding=\"async\" class=\"size-medium wp-image-2319803\" src=\"https:\/\/i0.wp.com\/catracalivre.com.br\/wp-content\/uploads\/2023\/12\/istock-958856524-450x300.jpg?resize=450%2C300&#038;ssl=1\" alt=\"Concurso p\u00fablico da PM SP\" width=\"450\" height=\"300\" srcset=\"https:\/\/catracalivre.com.br\/wp-content\/uploads\/2023\/12\/istock-958856524-450x300.jpg 450w, https:\/\/catracalivre.com.br\/wp-content\/uploads\/2023\/12\/istock-958856524-910x607.jpg 910w, https:\/\/catracalivre.com.br\/wp-content\/uploads\/2023\/12\/istock-958856524-768x512.jpg 768w, https:\/\/catracalivre.com.br\/wp-content\/uploads\/2023\/12\/istock-958856524.jpg 1254w\" sizes=\"(max-width: 450px) 100vw, 450px\"\/><\/p>\n<p>Cr\u00e9ditos: IStock<\/p>\n<\/div>\n<\/div>\n<p><span class=\"post-imagem__legenda\">Concurso p\u00fablico da PM SP<\/span><\/p>\n<\/div>\n<p>A Pol\u00edcia Militar do Estado de\u00a0S\u00e3o Paulo anuncia \u00a0edital de n\u00ba DP-3\/321\/23 para <a href=\"https:\/\/catracalivre.com.br\/educacao\/cetem-do-rio-de-janeiro-oferece-remuneracoes-de-ate-r-126-mil-em-concurso-publico\/\" target=\"_blank\" rel=\"noopener\">concurso<\/a> p\u00fablico, com objetivo de preencher\u00a02.700 vagas\u00a0com profissionais de n\u00edvel m\u00e9dio completo para os cargos de Soldado PM de 2\u00aa Classe do Quadro de Pra\u00e7as de Pol\u00edcia Militar (QPPM), destinados a candidatos do sexo masculino e feminino.<\/p>\n<p>No total, ser\u00e3o preenchidas\u00a02.700 vagas\u00a0no cargo de Soldado PM de 2\u00aa Classe, destinados a candidatos do sexo masculino e feminino.<\/p>\n<p>As provas objetivas e dissertativas do <a href=\"https:\/\/catracalivre.com.br\/educacao\/caixa-economica-federal-anuncia-novo-concurso-publico\/\" target=\"_blank\" rel=\"noopener\">concurso<\/a> p\u00fablico est\u00e3o previstas para serem aplicadas em 51 munic\u00edpios de S\u00e3o Paulo, al\u00e9m de outras unidades da federa\u00e7\u00e3o.<\/p>\n<p>Aquele que for contratado ter\u00e1 direito a remunera\u00e7\u00e3o total no valor de\u00a0R$ 4.852,21, sendo que as parcelas que a comp\u00f5em s\u00e3o padr\u00e3o no valor de R$ 2.033,27, Regime Especial de Trabalho Policial (RETP) de R$ 2.033,27, e insalubridade na quantia de R$ 785,67.<\/p>\n<p>As\u00a0provas est\u00e3o previstas para serem aplicadas nos seguintes munic\u00edpios, que o candidato dever\u00e1 informar no ato de inscri\u00e7\u00e3o a sua escolha:<\/p>\n<h2>Estado de S\u00e3o Paulo<\/h2>\n<p>Andradina;<\/p>\n<p>Ara\u00e7atuba;<\/p>\n<p>Araraquara;<\/p>\n<p>Avar\u00e9;<\/p>\n<p>Bauru;<\/p>\n<p>Bragan\u00e7a Paulista;<\/p>\n<p>Campinas;<\/p>\n<p>Caraguatatuba;<\/p>\n<p>Catanduva;<\/p>\n<p>Cotia;<\/p>\n<p>Dracena;<\/p>\n<p>Franca;<\/p>\n<p>Franco da Rocha;<\/p>\n<p>Guarulhos;<\/p>\n<p>Itapetininga;<\/p>\n<p>Jundia\u00ed;<\/p>\n<p>Mar\u00edlia;<\/p>\n<p>Mogi das Cruzes;<\/p>\n<p>Mongagu\u00e1;<\/p>\n<p>Osasco;<\/p>\n<p>Ourinhos;<\/p>\n<p>Piracicaba;<\/p>\n<p>Pirassununga;<\/p>\n<p>Praia Grande;<\/p>\n<p>Presidente Prudente;<\/p>\n<p>Presidente Venceslau;<\/p>\n<p>Registro;<\/p>\n<p>Ribeir\u00e3o Preto;<\/p>\n<p>Rio Claro;<\/p>\n<p>S\u00e3o Paulo;<\/p>\n<p>Santos;<\/p>\n<p>S\u00e3o Bernardo do Campo;<\/p>\n<p>S\u00e3o Jos\u00e9 do Rio Preto;<\/p>\n<p>S\u00e3o Jos\u00e9 dos Campos;<\/p>\n<p>Sorocaba;<\/p>\n<p>Taubat\u00e9;<\/p>\n<p>Votuporanga.<\/p>\n<h3>Cidades de outros estados<\/h3>\n<p>Belo Horizonte\u00a0\u2013 MG;<\/p>\n<p>Bras\u00edlia \u2013 DF;<\/p>\n<p>Campo Grande \u2013 MS;<\/p>\n<p>Cuiab\u00e1 \u2013 MT;<\/p>\n<p>Curitiba \u2013 PR;<\/p>\n<p>Florian\u00f3polis \u2013 SC;<\/p>\n<p>Fortaleza \u2013 CE;<\/p>\n<p>Goi\u00e2nia\u00a0\u2013 GO;<\/p>\n<p>Manaus \u2013 AM;<\/p>\n<p>Porto Alegre \u2013 RS;<\/p>\n<p>Recife \u2013 PE;<\/p>\n<p>Rio de Janeiro \u2013 RJ;<\/p>\n<p>Salvador \u2013 BA;<\/p>\n<p>Vit\u00f3ria \u2013 ES.<\/p>\n<p>As inscri\u00e7\u00f5es devem ser realizadas atrav\u00e9s do <a href=\"https:\/\/www.vunesp.com.br\/PMES2304\" target=\"_blank\" rel=\"noopener\">site<\/a> oficial at\u00e9 as 23h59 de 20 de dezembro de 2023. A taxa de inscri\u00e7\u00e3o tem o\u00a0valor de R$ 85,00.<\/p>\n<div class=\"partner d-flex rounded shadow-sm p-2 mb-3 align-items-center\" id=\"partner\" data-print=\"ignore\">\n<div class=\"image mr-2\">\n<img data-recalc-dims=\"1\" src=\"https:\/\/i0.wp.com\/robohash.org\/b730afd4cf5c5d237c7f93163ed023b6.png?resize=110%2C110&#038;ssl=1\" width=\"110\" height=\"110\" title=\"Thatyana Costa\" loading=\"lazy\" decoding=\"async\" class=\"rounded-circle\"\/>\n<\/div>\n<\/div>\n<\/div>\n<p><script>\n\t\t! function(f, b, e, v, n, t, s) {\n\t\t\tif (f.fbq) return;\n\t\t\tn = f.fbq = function() {\n\t\t\t\tn.callMethod ?\n\t\t\t\t\tn.callMethod.apply(n, arguments) : n.queue.push(arguments)\n\t\t\t};\n\t\t\tif (!f._fbq) f._fbq = n;\n\t\t\tn.push = n;\n\t\t\tn.loaded = !0;\n\t\t\tn.version = '2.0';\n\t\t\tn.queue = [];\n\t\t\tt = b.createElement(e);\n\t\t\tt.async = !0;\n\t\t\tt.src = v;\n\t\t\ts = b.getElementsByTagName(e)[0];\n\t\t\ts.parentNode.insertBefore(t, s)\n\t\t}(window, document, 'script',\n\t\t\t'https:\/\/connect.facebook.net\/en_US\/fbevents.js');\n\t\tfbq('init', '338315473262380');\n\t\tfbq('track', 'PageView');\n\t<\/script><br \/>\n<br \/>[ad_2]<br \/>\n<br \/><a href=\"https:\/\/catracalivre.com.br\/educacao\/concurso-publico-da-pm-sp-abre-vagas-para-o-cargo-de-soldado-pm-de-2a-classe\/\" target=\"_blank\" rel=\"noopener\">Source link <\/a><\/p>\n<div class='code-block code-block-4' style='margin: 8px auto 8px 0; text-align: left; display: block; clear: both;'>\n\ud83d\udce2 Aviso Legal\n\nO site ismaelcolosi.com.br atua apenas como um canal de divulga\u00e7\u00e3o de oportunidades de emprego e n\u00e3o se responsabiliza pelo processo seletivo, contrata\u00e7\u00e3o ou qualquer outra etapa relacionada \u00e0s vagas publicadas. Todas as informa\u00e7\u00f5es s\u00e3o de responsabilidade dos anunciantes.\n\n\u26a0\ufe0f Aten\u00e7\u00e3o! Nunca pague por promessas de emprego nem compre cursos que garantam contrata\u00e7\u00e3o. Desconfie de qualquer cobran\u00e7a para participar de sele\u00e7\u00f5es.\n\n\n\n<\/div>\n<!-- CONTENT END 1 -->\n","protected":false},"excerpt":{"rendered":"<p>[ad_1] Cr\u00e9ditos: IStock Concurso p\u00fablico da PM SP A Pol\u00edcia Militar do Estado de\u00a0S\u00e3o Paulo anuncia \u00a0edital de n\u00ba DP-3\/321\/23 para concurso p\u00fablico, com objetivo de preencher\u00a02.700 vagas\u00a0com profissionais de n\u00edvel m\u00e9dio completo para os cargos de Soldado PM de 2\u00aa Classe do Quadro de Pra\u00e7as de Pol\u00edcia Militar (QPPM), destinados a candidatos do sexo&hellip;&nbsp;<\/p>\n","protected":false},"author":1,"featured_media":11001,"comment_status":"open","ping_status":"open","sticky":false,"template":"","format":"standard","meta":{"_uag_custom_page_level_css":"","neve_meta_sidebar":"","neve_meta_container":"","neve_meta_enable_content_width":"","neve_meta_content_width":0,"neve_meta_title_alignment":"","neve_meta_author_avatar":"","neve_post_elements_order":"","neve_meta_disable_header":"","neve_meta_disable_footer":"","neve_meta_disable_title":"","_jetpack_newsletter_access":"","_jetpack_dont_email_post_to_subs":false,"_jetpack_newsletter_tier_id":0,"_jetpack_memberships_contains_paywalled_content":false,"_jetpack_memberships_contains_paid_content":false,"footnotes":""},"categories":[19],"tags":[],"class_list":["post-11000","post","type-post","status-publish","format-standard","has-post-thumbnail","hentry","category-variedades"],"uagb_featured_image_src":{"full":["https:\/\/i0.wp.com\/ismaelcolosi.com.br\/wp-content\/uploads\/2023\/12\/istock-958856524.jpg?fit=1200%2C638&ssl=1",1200,638,false],"thumbnail":["https:\/\/i0.wp.com\/ismaelcolosi.com.br\/wp-content\/uploads\/2023\/12\/istock-958856524.jpg?resize=150%2C150&ssl=1",150,150,true],"medium":["https:\/\/i0.wp.com\/ismaelcolosi.com.br\/wp-content\/uploads\/2023\/12\/istock-958856524.jpg?fit=300%2C160&ssl=1",300,160,true],"medium_large":["https:\/\/i0.wp.com\/ismaelcolosi.com.br\/wp-content\/uploads\/2023\/12\/istock-958856524.jpg?fit=768%2C408&ssl=1",768,408,true],"large":["https:\/\/i0.wp.com\/ismaelcolosi.com.br\/wp-content\/uploads\/2023\/12\/istock-958856524.jpg?fit=1024%2C544&ssl=1",1024,544,true],"1536x1536":["https:\/\/i0.wp.com\/ismaelcolosi.com.br\/wp-content\/uploads\/2023\/12\/istock-958856524.jpg?fit=1200%2C638&ssl=1",1200,638,true],"2048x2048":["https:\/\/i0.wp.com\/ismaelcolosi.com.br\/wp-content\/uploads\/2023\/12\/istock-958856524.jpg?fit=1200%2C638&ssl=1",1200,638,true],"neve-blog":["https:\/\/i0.wp.com\/ismaelcolosi.com.br\/wp-content\/uploads\/2023\/12\/istock-958856524.jpg?resize=930%2C620&ssl=1",930,620,true]},"uagb_author_info":{"display_name":"ismaelcolosi.com.br","author_link":"https:\/\/ismaelcolosi.com.br\/author\/vidareal-online\/"},"uagb_comment_info":0,"uagb_excerpt":"[ad_1] Cr\u00e9ditos: IStock Concurso p\u00fablico da PM SP A Pol\u00edcia Militar do Estado de\u00a0S\u00e3o Paulo anuncia \u00a0edital de n\u00ba DP-3\/321\/23 para concurso p\u00fablico, com objetivo de preencher\u00a02.700 vagas\u00a0com profissionais de n\u00edvel m\u00e9dio completo para os cargos de Soldado PM de 2\u00aa Classe do Quadro de Pra\u00e7as de Pol\u00edcia Militar (QPPM), destinados a candidatos do sexo&hellip;&nbsp;","jetpack-related-posts":[{"id":49052,"url":"https:\/\/ismaelcolosi.com.br\/index.php\/2024\/05\/08\/inscricoes-para-concurso-publico-da-pm-terminam-hoje-veja-como-participar\/","url_meta":{"origin":11000,"position":0},"title":"Inscri\u00e7\u00f5es para concurso p\u00fablico da PM terminam hoje; Veja como participar","author":"ismaelcolosi.com.br","date":"8 de Maio de 2024","format":false,"excerpt":"[ad_1] As inscri\u00e7\u00f5es para o concurso p\u00fablico da PM (Pol\u00edcia Militar) de S\u00e3o Paulo terminam nesta quarta-feira (8). Ao todo, s\u00e3o 2,7 mil vagas para soldado de 2\u00aa classe. O sal\u00e1rio inicial para o cargo \u00e9 de R$ 4.852,21. As inscri\u00e7\u00f5es devem ser feitas pelo site da Funda\u00e7\u00e3o Get\u00falio Vargas\u2026","rel":"","context":"In &quot;Not\u00edcias de Ribeir\u00e3o Preto-SP e Regi\u00e3o&quot;","block_context":{"text":"Not\u00edcias de Ribeir\u00e3o Preto-SP e Regi\u00e3o","link":"https:\/\/ismaelcolosi.com.br\/index.php\/category\/noticias-de-ribeirao-preto-sp-e-regiao-ismael-colosi\/"},"img":{"alt_text":"","src":"https:\/\/i0.wp.com\/ismaelcolosi.com.br\/wp-content\/uploads\/2024\/05\/AnyConv.com__concurso-publico-pm_2024-05-08_13-17-54.webp.webp?fit=1200%2C800&ssl=1&resize=350%2C200","width":350,"height":200,"srcset":"https:\/\/i0.wp.com\/ismaelcolosi.com.br\/wp-content\/uploads\/2024\/05\/AnyConv.com__concurso-publico-pm_2024-05-08_13-17-54.webp.webp?fit=1200%2C800&ssl=1&resize=350%2C200 1x, https:\/\/i0.wp.com\/ismaelcolosi.com.br\/wp-content\/uploads\/2024\/05\/AnyConv.com__concurso-publico-pm_2024-05-08_13-17-54.webp.webp?fit=1200%2C800&ssl=1&resize=525%2C300 1.5x, https:\/\/i0.wp.com\/ismaelcolosi.com.br\/wp-content\/uploads\/2024\/05\/AnyConv.com__concurso-publico-pm_2024-05-08_13-17-54.webp.webp?fit=1200%2C800&ssl=1&resize=700%2C400 2x, https:\/\/i0.wp.com\/ismaelcolosi.com.br\/wp-content\/uploads\/2024\/05\/AnyConv.com__concurso-publico-pm_2024-05-08_13-17-54.webp.webp?fit=1200%2C800&ssl=1&resize=1050%2C600 3x"},"classes":[]},{"id":43527,"url":"https:\/\/ismaelcolosi.com.br\/index.php\/2024\/03\/21\/mulher-fica-ferida-apos-colidir-com-viatura-da-pm-em-ribeirao-preto\/","url_meta":{"origin":11000,"position":1},"title":"Mulher fica ferida ap\u00f3s colidir com viatura da PM em Ribeir\u00e3o Preto","author":"ismaelcolosi.com.br","date":"21 de Mar\u00e7o de 2024","format":false,"excerpt":"[ad_1] Uma mulher ficou ferida ap\u00f3s se envolver em um acidente de tr\u00e2nsito com uma viatura da Pol\u00edcia Militar (PM), no cruzamento das ruas Nilo Pe\u00e7anha com a Henrique Dumont, em Ribeir\u00e3o Preto, na tarde desta quinta-feira (21). De acordo com a apura\u00e7\u00e3o da EPTV, uma mulher que conduzia um\u2026","rel":"","context":"In &quot;Not\u00edcias de Ribeir\u00e3o Preto-SP e Regi\u00e3o&quot;","block_context":{"text":"Not\u00edcias de Ribeir\u00e3o Preto-SP e Regi\u00e3o","link":"https:\/\/ismaelcolosi.com.br\/index.php\/category\/noticias-de-ribeirao-preto-sp-e-regiao-ismael-colosi\/"},"img":{"alt_text":"","src":"https:\/\/i0.wp.com\/ismaelcolosi.com.br\/wp-content\/uploads\/2024\/03\/AnyConv.com__WhatsApp-Image-2024-03-21-at-16.42.51.webp.webp?fit=1200%2C900&ssl=1&resize=350%2C200","width":350,"height":200,"srcset":"https:\/\/i0.wp.com\/ismaelcolosi.com.br\/wp-content\/uploads\/2024\/03\/AnyConv.com__WhatsApp-Image-2024-03-21-at-16.42.51.webp.webp?fit=1200%2C900&ssl=1&resize=350%2C200 1x, https:\/\/i0.wp.com\/ismaelcolosi.com.br\/wp-content\/uploads\/2024\/03\/AnyConv.com__WhatsApp-Image-2024-03-21-at-16.42.51.webp.webp?fit=1200%2C900&ssl=1&resize=525%2C300 1.5x, https:\/\/i0.wp.com\/ismaelcolosi.com.br\/wp-content\/uploads\/2024\/03\/AnyConv.com__WhatsApp-Image-2024-03-21-at-16.42.51.webp.webp?fit=1200%2C900&ssl=1&resize=700%2C400 2x, https:\/\/i0.wp.com\/ismaelcolosi.com.br\/wp-content\/uploads\/2024\/03\/AnyConv.com__WhatsApp-Image-2024-03-21-at-16.42.51.webp.webp?fit=1200%2C900&ssl=1&resize=1050%2C600 3x"},"classes":[]},{"id":52881,"url":"https:\/\/ismaelcolosi.com.br\/index.php\/2024\/06\/11\/governo-de-sp-autoriza-novo-concurso-da-pm-com-200-vagas-e-salarios-de-r-48-mil\/","url_meta":{"origin":11000,"position":2},"title":"Governo de SP autoriza novo concurso da PM com 200 vagas e sal\u00e1rios de R$ 4,8 mil","author":"ismaelcolosi.com.br","date":"11 de Junho de 2024","format":false,"excerpt":"[ad_1] O Governo do Estado de S\u00e3o Paulo autorizou, nesta segunda-feira (10), a contrata\u00e7\u00e3o de 200 alunos-oficiais da Pol\u00edcia Militar (PM), de ambos os sexos. A remunera\u00e7\u00e3o b\u00e1sica inicial para o cargo \u00e9 de R$ 4,8 mil. Os interessados devem se inscrever de forma on-line pelo site da Fuvest (clique\u2026","rel":"","context":"In &quot;Not\u00edcias de Ribeir\u00e3o Preto-SP e Regi\u00e3o&quot;","block_context":{"text":"Not\u00edcias de Ribeir\u00e3o Preto-SP e Regi\u00e3o","link":"https:\/\/ismaelcolosi.com.br\/index.php\/category\/noticias-de-ribeirao-preto-sp-e-regiao-ismael-colosi\/"},"img":{"alt_text":"","src":"https:\/\/i0.wp.com\/ismaelcolosi.com.br\/wp-content\/uploads\/2024\/06\/foto_governo_estado_sp.jpg_1839041271-e1718132748781.webp.webp?fit=404%2C318&ssl=1&resize=350%2C200","width":350,"height":200},"classes":[]},{"id":41514,"url":"https:\/\/ismaelcolosi.com.br\/index.php\/2024\/03\/08\/base-da-pm-no-centro-de-ribeirao-e-desativada-nao-ha-prazo-para-reabertura\/","url_meta":{"origin":11000,"position":3},"title":"Base da PM no Centro de Ribeir\u00e3o \u00e9 desativada; N\u00e3o h\u00e1 prazo para reabertura","author":"ismaelcolosi.com.br","date":"8 de Mar\u00e7o de 2024","format":false,"excerpt":"[ad_1] A base da Pol\u00edcia Militar, que ficava na rua Flor\u00eancio de Abriu, no Centro de Ribeir\u00e3o Preto, foi desativada. De acordo com a SSP-SP (Secretaria de Seguran\u00e7a P\u00fablica de S\u00e3o Paulo), o im\u00f3vel onde ficava a sede da 1\u00aa Companhia do 51\u00ba Batalh\u00e3o da Pol\u00edcia Militar sofre com problemas\u2026","rel":"","context":"In &quot;Not\u00edcias de Ribeir\u00e3o Preto-SP e Regi\u00e3o&quot;","block_context":{"text":"Not\u00edcias de Ribeir\u00e3o Preto-SP e Regi\u00e3o","link":"https:\/\/ismaelcolosi.com.br\/index.php\/category\/noticias-de-ribeirao-preto-sp-e-regiao-ismael-colosi\/"},"img":{"alt_text":"","src":"https:\/\/i0.wp.com\/ismaelcolosi.com.br\/wp-content\/uploads\/2024\/03\/AnyConv.com__pm.webp.webp?fit=1200%2C778&ssl=1&resize=350%2C200","width":350,"height":200,"srcset":"https:\/\/i0.wp.com\/ismaelcolosi.com.br\/wp-content\/uploads\/2024\/03\/AnyConv.com__pm.webp.webp?fit=1200%2C778&ssl=1&resize=350%2C200 1x, https:\/\/i0.wp.com\/ismaelcolosi.com.br\/wp-content\/uploads\/2024\/03\/AnyConv.com__pm.webp.webp?fit=1200%2C778&ssl=1&resize=525%2C300 1.5x, https:\/\/i0.wp.com\/ismaelcolosi.com.br\/wp-content\/uploads\/2024\/03\/AnyConv.com__pm.webp.webp?fit=1200%2C778&ssl=1&resize=700%2C400 2x, https:\/\/i0.wp.com\/ismaelcolosi.com.br\/wp-content\/uploads\/2024\/03\/AnyConv.com__pm.webp.webp?fit=1200%2C778&ssl=1&resize=1050%2C600 3x"},"classes":[]},{"id":37078,"url":"https:\/\/ismaelcolosi.com.br\/index.php\/2024\/02\/14\/policia-prende-um-suspeito-de-participar-do-latrocinio-de-pm\/","url_meta":{"origin":11000,"position":4},"title":"Pol\u00edcia prende um suspeito de participar do latroc\u00ednio de PM","author":"ismaelcolosi.com.br","date":"14 de Fevereiro de 2024","format":false,"excerpt":"[ad_1] Homem foi capturado na cidade de Serrana e teria telefonado para o 190 da PM passando informa\u00e7\u00f5es falsas 14 de fevereiro de 2024 | 10:05 2Por: Adalberto LuqueUm homem de 20 anos foi preso, na madrugada desta ter\u00e7a-feira (13), por suspeita de envolvimento no latroc\u00ednio do policial militar aposentado\u2026","rel":"","context":"In &quot;Not\u00edcias de Ribeir\u00e3o Preto-SP e Regi\u00e3o&quot;","block_context":{"text":"Not\u00edcias de Ribeir\u00e3o Preto-SP e Regi\u00e3o","link":"https:\/\/ismaelcolosi.com.br\/index.php\/category\/noticias-de-ribeirao-preto-sp-e-regiao-ismael-colosi\/"},"img":{"alt_text":"","src":"https:\/\/i0.wp.com\/ismaelcolosi.com.br\/wp-content\/uploads\/2024\/02\/luque-cpj-02-foto-alfredo-risk-scaled.jpg?fit=968%2C645&ssl=1&resize=350%2C200","width":350,"height":200,"srcset":"https:\/\/i0.wp.com\/ismaelcolosi.com.br\/wp-content\/uploads\/2024\/02\/luque-cpj-02-foto-alfredo-risk-scaled.jpg?fit=968%2C645&ssl=1&resize=350%2C200 1x, https:\/\/i0.wp.com\/ismaelcolosi.com.br\/wp-content\/uploads\/2024\/02\/luque-cpj-02-foto-alfredo-risk-scaled.jpg?fit=968%2C645&ssl=1&resize=525%2C300 1.5x, https:\/\/i0.wp.com\/ismaelcolosi.com.br\/wp-content\/uploads\/2024\/02\/luque-cpj-02-foto-alfredo-risk-scaled.jpg?fit=968%2C645&ssl=1&resize=700%2C400 2x"},"classes":[]},{"id":52531,"url":"https:\/\/ismaelcolosi.com.br\/index.php\/2024\/06\/07\/crianca-tem-olho-ferido-durante-confusao-entre-pm-e-moradores-no-interior-de-sp\/","url_meta":{"origin":11000,"position":5},"title":"Crian\u00e7a tem olho ferido durante confus\u00e3o entre PM e moradores no interior de SP","author":"ismaelcolosi.com.br","date":"7 de Junho de 2024","format":false,"excerpt":"[ad_1] Um menino de 8 anos foi ferido no olho direito durante uma confus\u00e3o entre a PM (Pol\u00edcia Militar) e moradores na \u00faltima quarta-feira (5), no bairro Tropical, em Bebedouro, cidade a aproximadamente 80 quil\u00f4metros de Ribeir\u00e3o Preto. A crian\u00e7a passa por cirurgia nesta sexta-feira (7), no Hospital das Cl\u00ednicas\u2026","rel":"","context":"In &quot;Not\u00edcias de Ribeir\u00e3o Preto-SP e Regi\u00e3o&quot;","block_context":{"text":"Not\u00edcias de Ribeir\u00e3o Preto-SP e Regi\u00e3o","link":"https:\/\/ismaelcolosi.com.br\/index.php\/category\/noticias-de-ribeirao-preto-sp-e-regiao-ismael-colosi\/"},"img":{"alt_text":"","src":"https:\/\/i0.wp.com\/ismaelcolosi.com.br\/wp-content\/uploads\/2024\/06\/CRIANCA_2024-06-07_14-25-48_jpg_2024-06-07_14-25-48.webp.webp?fit=1200%2C871&ssl=1&resize=350%2C200","width":350,"height":200,"srcset":"https:\/\/i0.wp.com\/ismaelcolosi.com.br\/wp-content\/uploads\/2024\/06\/CRIANCA_2024-06-07_14-25-48_jpg_2024-06-07_14-25-48.webp.webp?fit=1200%2C871&ssl=1&resize=350%2C200 1x, https:\/\/i0.wp.com\/ismaelcolosi.com.br\/wp-content\/uploads\/2024\/06\/CRIANCA_2024-06-07_14-25-48_jpg_2024-06-07_14-25-48.webp.webp?fit=1200%2C871&ssl=1&resize=525%2C300 1.5x, https:\/\/i0.wp.com\/ismaelcolosi.com.br\/wp-content\/uploads\/2024\/06\/CRIANCA_2024-06-07_14-25-48_jpg_2024-06-07_14-25-48.webp.webp?fit=1200%2C871&ssl=1&resize=700%2C400 2x, https:\/\/i0.wp.com\/ismaelcolosi.com.br\/wp-content\/uploads\/2024\/06\/CRIANCA_2024-06-07_14-25-48_jpg_2024-06-07_14-25-48.webp.webp?fit=1200%2C871&ssl=1&resize=1050%2C600 3x"},"classes":[]}],"jetpack_sharing_enabled":true,"jetpack_shortlink":"https:\/\/wp.me\/pfMlyK-2Rq","jetpack_featured_media_url":"https:\/\/i0.wp.com\/ismaelcolosi.com.br\/wp-content\/uploads\/2023\/12\/istock-958856524.jpg?fit=1200%2C638&ssl=1","_links":{"self":[{"href":"https:\/\/ismaelcolosi.com.br\/index.php\/wp-json\/wp\/v2\/posts\/11000","targetHints":{"allow":["GET"]}}],"collection":[{"href":"https:\/\/ismaelcolosi.com.br\/index.php\/wp-json\/wp\/v2\/posts"}],"about":[{"href":"https:\/\/ismaelcolosi.com.br\/index.php\/wp-json\/wp\/v2\/types\/post"}],"author":[{"embeddable":true,"href":"https:\/\/ismaelcolosi.com.br\/index.php\/wp-json\/wp\/v2\/users\/1"}],"replies":[{"embeddable":true,"href":"https:\/\/ismaelcolosi.com.br\/index.php\/wp-json\/wp\/v2\/comments?post=11000"}],"version-history":[{"count":0,"href":"https:\/\/ismaelcolosi.com.br\/index.php\/wp-json\/wp\/v2\/posts\/11000\/revisions"}],"wp:featuredmedia":[{"embeddable":true,"href":"https:\/\/ismaelcolosi.com.br\/index.php\/wp-json\/wp\/v2\/media\/11001"}],"wp:attachment":[{"href":"https:\/\/ismaelcolosi.com.br\/index.php\/wp-json\/wp\/v2\/media?parent=11000"}],"wp:term":[{"taxonomy":"category","embeddable":true,"href":"https:\/\/ismaelcolosi.com.br\/index.php\/wp-json\/wp\/v2\/categories?post=11000"},{"taxonomy":"post_tag","embeddable":true,"href":"https:\/\/ismaelcolosi.com.br\/index.php\/wp-json\/wp\/v2\/tags?post=11000"}],"curies":[{"name":"wp","href":"https:\/\/api.w.org\/{rel}","templated":true}]}}