{"id":10971,"date":"2023-12-05T12:06:57","date_gmt":"2023-12-05T15:06:57","guid":{"rendered":"https:\/\/ismaelcolosi.com.br\/index.php\/2023\/12\/05\/iremos-lembrar-sempre-do-seu-sorriso-video-do-acidente\/"},"modified":"2023-12-05T12:06:57","modified_gmt":"2023-12-05T15:06:57","slug":"iremos-lembrar-sempre-do-seu-sorriso-video-do-acidente","status":"publish","type":"post","link":"https:\/\/ismaelcolosi.com.br\/index.php\/2023\/12\/05\/iremos-lembrar-sempre-do-seu-sorriso-video-do-acidente\/","title":{"rendered":"&#8220;Iremos lembrar sempre do seu sorriso&#8221;; v\u00eddeo do acidente"},"content":{"rendered":"<p> [ad_1]<br \/>\n<\/p>\n<div itemprop=\"text\">\n<p>Uma mulher perdeu sua vida ap\u00f3s se envolver em um tr\u00e1gico acidente de tr\u00e2nsito na regi\u00e3o de Recife, em Pernambuco. Al\u00e9m dela, um homem tamb\u00e9m n\u00e3o resistiu, devido a gravidade de toda a situa\u00e7\u00e3o.<\/p>\n<p>A v\u00edtima foi identificada pelo nome de Emily Matias, de 25 anos de idade. Ela era ex-produtora de um cantor do g\u00eanero brega da localidade. Al\u00e9m disso, ela tamb\u00e9m era formada em radiologia, mas chegou a trabalhar com o artista Paulinho C\u00e9sar, ex-integrante da banda \u2018Swing do Amor\u2019 e que atualmente faz parte do grupo musical \u2018Nova Swing\u2019.<\/p>\n<p>A jovem atuava como assessora de imprensa de Paulinho. Emily n\u00e3o resistiu ap\u00f3s o ve\u00edculo em que ela estava ter colidido contra um caminh\u00e3o de coleta que estava a servi\u00e7o da prefeitura do Recife.<\/p>\n<p>Por enquanto, n\u00e3o se tem maiores informa\u00e7\u00f5es sobre a identidade do passageiro que morreu. Com isso, mais detalhes devem ser expostos em breve. E neste momento, muitos seguem lamentando a partida de Emily e desejando que ela descanse em paz.<\/p>\n<p><em>\u201cEmilly era uma menina alegre, para cima, desenrolada, prestativa e muito feliz. [\u2026] Iremos lembrar sempre do seu sorriso e da forma divertida de levar a vida. O que nos resta \u00e9 saudade\u201d<\/em>, disse uma nota oficial de Paulinho C\u00e9sar, diante da tr\u00e1gica not\u00edcia do falecimento da jovem.<\/p>\n<p>Um v\u00eddeo que circula nas m\u00eddias mostrou o momento do grave acidente que vitimou Emily e um homem:<\/p>\n<p><a href=\"https:\/\/g1.globo.com\/pe\/pernambuco\/video\/video-mostra-batida-entre-caminhao-e-carro-que-deixou-dois-mortos-no-recife-12166429.ghtml\" target=\"_blank\" rel=\"nofollow noopener\">VEJA O V\u00cdDEO<\/a><\/p>\n<p>O carro da v\u00edtima ficou completamente destru\u00eddo, devido a gravidade da situa\u00e7\u00e3o exposta.<\/p>\n<\/div>\n<p>[ad_2]<br \/>\n<br \/><a href=\"https:\/\/fnmais.com\/quem-mulher-que-perdeu-vida-em-tragico-acidente-com-caminhao-coleta-iremos-lembrar-sempre-seu-sorriso-video-acidente\/\" target=\"_blank\" rel=\"noopener\">Source link <\/a><\/p>\n<div class='code-block code-block-4' style='margin: 8px auto 8px 0; text-align: left; display: block; clear: both;'>\n\ud83d\udce2 Aviso Legal\n\nO site ismaelcolosi.com.br atua apenas como um canal de divulga\u00e7\u00e3o de oportunidades de emprego e n\u00e3o se responsabiliza pelo processo seletivo, contrata\u00e7\u00e3o ou qualquer outra etapa relacionada \u00e0s vagas publicadas. Todas as informa\u00e7\u00f5es s\u00e3o de responsabilidade dos anunciantes.\n\n\u26a0\ufe0f Aten\u00e7\u00e3o! Nunca pague por promessas de emprego nem compre cursos que garantam contrata\u00e7\u00e3o. Desconfie de qualquer cobran\u00e7a para participar de sele\u00e7\u00f5es.\n\n\n\n<\/div>\n<!-- CONTENT END 1 -->\n","protected":false},"excerpt":{"rendered":"<p>[ad_1] Uma mulher perdeu sua vida ap\u00f3s se envolver em um tr\u00e1gico acidente de tr\u00e2nsito na regi\u00e3o de Recife, em Pernambuco. Al\u00e9m dela, um homem tamb\u00e9m n\u00e3o resistiu, devido a gravidade de toda a situa\u00e7\u00e3o. A v\u00edtima foi identificada pelo nome de Emily Matias, de 25 anos de idade. Ela era ex-produtora de um cantor&hellip;&nbsp;<\/p>\n","protected":false},"author":1,"featured_media":10972,"comment_status":"open","ping_status":"open","sticky":false,"template":"","format":"standard","meta":{"_uag_custom_page_level_css":"","neve_meta_sidebar":"","neve_meta_container":"","neve_meta_enable_content_width":"","neve_meta_content_width":0,"neve_meta_title_alignment":"","neve_meta_author_avatar":"","neve_post_elements_order":"","neve_meta_disable_header":"","neve_meta_disable_footer":"","neve_meta_disable_title":"","_jetpack_newsletter_access":"","_jetpack_dont_email_post_to_subs":false,"_jetpack_newsletter_tier_id":0,"_jetpack_memberships_contains_paywalled_content":false,"_jetpack_memberships_contains_paid_content":false,"footnotes":""},"categories":[1],"tags":[],"class_list":["post-10971","post","type-post","status-publish","format-standard","has-post-thumbnail","hentry","category-blog"],"uagb_featured_image_src":{"full":["https:\/\/i0.wp.com\/ismaelcolosi.com.br\/wp-content\/uploads\/2023\/12\/postimg-656f36ec9f1603811.jpg?fit=1200%2C628&ssl=1",1200,628,false],"thumbnail":["https:\/\/i0.wp.com\/ismaelcolosi.com.br\/wp-content\/uploads\/2023\/12\/postimg-656f36ec9f1603811.jpg?resize=150%2C150&ssl=1",150,150,true],"medium":["https:\/\/i0.wp.com\/ismaelcolosi.com.br\/wp-content\/uploads\/2023\/12\/postimg-656f36ec9f1603811.jpg?fit=300%2C157&ssl=1",300,157,true],"medium_large":["https:\/\/i0.wp.com\/ismaelcolosi.com.br\/wp-content\/uploads\/2023\/12\/postimg-656f36ec9f1603811.jpg?fit=768%2C402&ssl=1",768,402,true],"large":["https:\/\/i0.wp.com\/ismaelcolosi.com.br\/wp-content\/uploads\/2023\/12\/postimg-656f36ec9f1603811.jpg?fit=1024%2C536&ssl=1",1024,536,true],"1536x1536":["https:\/\/i0.wp.com\/ismaelcolosi.com.br\/wp-content\/uploads\/2023\/12\/postimg-656f36ec9f1603811.jpg?fit=1200%2C628&ssl=1",1200,628,true],"2048x2048":["https:\/\/i0.wp.com\/ismaelcolosi.com.br\/wp-content\/uploads\/2023\/12\/postimg-656f36ec9f1603811.jpg?fit=1200%2C628&ssl=1",1200,628,true],"neve-blog":["https:\/\/i0.wp.com\/ismaelcolosi.com.br\/wp-content\/uploads\/2023\/12\/postimg-656f36ec9f1603811.jpg?resize=930%2C620&ssl=1",930,620,true]},"uagb_author_info":{"display_name":"ismaelcolosi.com.br","author_link":"https:\/\/ismaelcolosi.com.br\/author\/vidareal-online\/"},"uagb_comment_info":0,"uagb_excerpt":"[ad_1] Uma mulher perdeu sua vida ap\u00f3s se envolver em um tr\u00e1gico acidente de tr\u00e2nsito na regi\u00e3o de Recife, em Pernambuco. Al\u00e9m dela, um homem tamb\u00e9m n\u00e3o resistiu, devido a gravidade de toda a situa\u00e7\u00e3o. A v\u00edtima foi identificada pelo nome de Emily Matias, de 25 anos de idade. Ela era ex-produtora de um cantor&hellip;&nbsp;","jetpack-related-posts":[{"id":54090,"url":"https:\/\/ismaelcolosi.com.br\/index.php\/2024\/06\/21\/paulinho-gogo-se-apresenta-neste-fim-de-semana-em-ribeirao-preto-confira\/","url_meta":{"origin":10971,"position":0},"title":"Paulinho Gog\u00f3 se apresenta neste fim de semana em Ribeir\u00e3o Preto; Confira","author":"ismaelcolosi.com.br","date":"21 de Junho de 2024","format":false,"excerpt":"[ad_1] O Theatro Pedro II, no Centro de Ribeir\u00e3o Preto, recebe neste fim de semana o espet\u00e1culo de humor de Maur\u00edcio Manfrini, o Paulinho Gog\u00f3. A apresenta\u00e7\u00e3o de \u201cS\u00f3 e Bem Acompanhado\u201d est\u00e1 marcada para \u00e0s 19h, deste domingo (23). Durante oito anos, Maur\u00edcio Manfrini realizou turn\u00ea pelo Brasil com\u2026","rel":"","context":"In &quot;Not\u00edcias de Ribeir\u00e3o Preto-SP e Regi\u00e3o&quot;","block_context":{"text":"Not\u00edcias de Ribeir\u00e3o Preto-SP e Regi\u00e3o","link":"https:\/\/ismaelcolosi.com.br\/index.php\/category\/noticias-de-ribeirao-preto-sp-e-regiao-ismael-colosi\/"},"img":{"alt_text":"","src":"https:\/\/i0.wp.com\/ismaelcolosi.com.br\/wp-content\/uploads\/2024\/06\/horiz-PaulinhoGogo_2024-06-21_13-56-57_jpg_2024-06-21_13-57-01-scaled.webp.webp?fit=1200%2C886&ssl=1&resize=350%2C200","width":350,"height":200,"srcset":"https:\/\/i0.wp.com\/ismaelcolosi.com.br\/wp-content\/uploads\/2024\/06\/horiz-PaulinhoGogo_2024-06-21_13-56-57_jpg_2024-06-21_13-57-01-scaled.webp.webp?fit=1200%2C886&ssl=1&resize=350%2C200 1x, https:\/\/i0.wp.com\/ismaelcolosi.com.br\/wp-content\/uploads\/2024\/06\/horiz-PaulinhoGogo_2024-06-21_13-56-57_jpg_2024-06-21_13-57-01-scaled.webp.webp?fit=1200%2C886&ssl=1&resize=525%2C300 1.5x, https:\/\/i0.wp.com\/ismaelcolosi.com.br\/wp-content\/uploads\/2024\/06\/horiz-PaulinhoGogo_2024-06-21_13-56-57_jpg_2024-06-21_13-57-01-scaled.webp.webp?fit=1200%2C886&ssl=1&resize=700%2C400 2x, https:\/\/i0.wp.com\/ismaelcolosi.com.br\/wp-content\/uploads\/2024\/06\/horiz-PaulinhoGogo_2024-06-21_13-56-57_jpg_2024-06-21_13-57-01-scaled.webp.webp?fit=1200%2C886&ssl=1&resize=1050%2C600 3x"},"classes":[]},{"id":28244,"url":"https:\/\/ismaelcolosi.com.br\/index.php\/2024\/01\/15\/professora-e-filho-nao-resistem-apos-carro-capotar-na-br-050-em-meio-a-fortes-chuvas-homem-esta-em-estado-grave\/","url_meta":{"origin":10971,"position":1},"title":"Professora e filho n\u00e3o resistem ap\u00f3s carro capotar na BR-050 em meio a fortes chuvas; homem est\u00e1 em estado grave","author":"ismaelcolosi.com.br","date":"15 de Janeiro de 2024","format":false,"excerpt":"[ad_1] Um tr\u00e1gico acidente ocorreu na BR-050, rodovia localizada pr\u00f3xima \u00e0 cidade de Rio Verde, no sudoeste de Goi\u00e1s. Infelizmente, duas v\u00edtimas foram confirmadas.As v\u00edtimas fatais foram identificadas como sendo a professora Olga Maria Gusatti, de 25 anos de idade, e seu filho L\u00facio Miguel Gusatti, de apenas 7 anos\u2026","rel":"","context":"In &quot;Blog&quot;","block_context":{"text":"Blog","link":"https:\/\/ismaelcolosi.com.br\/index.php\/category\/blog\/"},"img":{"alt_text":"","src":"https:\/\/i0.wp.com\/ismaelcolosi.com.br\/wp-content\/uploads\/2024\/01\/postimg-65a53388ef8a18271.jpg?fit=1200%2C628&ssl=1&resize=350%2C200","width":350,"height":200,"srcset":"https:\/\/i0.wp.com\/ismaelcolosi.com.br\/wp-content\/uploads\/2024\/01\/postimg-65a53388ef8a18271.jpg?fit=1200%2C628&ssl=1&resize=350%2C200 1x, https:\/\/i0.wp.com\/ismaelcolosi.com.br\/wp-content\/uploads\/2024\/01\/postimg-65a53388ef8a18271.jpg?fit=1200%2C628&ssl=1&resize=525%2C300 1.5x, https:\/\/i0.wp.com\/ismaelcolosi.com.br\/wp-content\/uploads\/2024\/01\/postimg-65a53388ef8a18271.jpg?fit=1200%2C628&ssl=1&resize=700%2C400 2x, https:\/\/i0.wp.com\/ismaelcolosi.com.br\/wp-content\/uploads\/2024\/01\/postimg-65a53388ef8a18271.jpg?fit=1200%2C628&ssl=1&resize=1050%2C600 3x"},"classes":[]},{"id":65391,"url":"https:\/\/ismaelcolosi.com.br\/index.php\/2024\/09\/12\/emily-em-paris-traz-licoes-que-podem-transformar-sua-carreira\/","url_meta":{"origin":10971,"position":2},"title":"&#8220;Emily em Paris&#8221; traz li\u00e7\u00f5es que podem transformar sua carreira","author":"ismaelcolosi.com.br","date":"12 de Setembro de 2024","format":false,"excerpt":"[ad_1] Divulga\u00e7\u00e3o\/NetflixLily Collins \u00e9 a protagonista da s\u00e9rie \u201cEmily em Paris\u201d, que estreou em 2020 como a com\u00e9dia mais assistida do ano na Netflix Acessibilidade L L A- A+ \u25d0 Com o retorno de \u201cEmily em Paris\u201d para a segunda parte da quarta temporada nesta quinta-feira (12), a jornada de\u2026","rel":"","context":"In &quot;Carreira e Sucesso&quot;","block_context":{"text":"Carreira e Sucesso","link":"https:\/\/ismaelcolosi.com.br\/index.php\/category\/carreira-e-sucesso-dicas-para-carreira\/"},"img":{"alt_text":"","src":"https:\/\/i0.wp.com\/ismaelcolosi.com.br\/wp-content\/uploads\/2024\/09\/Lily-Collins-Emily-in-Paris-1024x683.jpg?fit=1024%2C683&ssl=1&resize=350%2C200","width":350,"height":200,"srcset":"https:\/\/i0.wp.com\/ismaelcolosi.com.br\/wp-content\/uploads\/2024\/09\/Lily-Collins-Emily-in-Paris-1024x683.jpg?fit=1024%2C683&ssl=1&resize=350%2C200 1x, https:\/\/i0.wp.com\/ismaelcolosi.com.br\/wp-content\/uploads\/2024\/09\/Lily-Collins-Emily-in-Paris-1024x683.jpg?fit=1024%2C683&ssl=1&resize=525%2C300 1.5x, https:\/\/i0.wp.com\/ismaelcolosi.com.br\/wp-content\/uploads\/2024\/09\/Lily-Collins-Emily-in-Paris-1024x683.jpg?fit=1024%2C683&ssl=1&resize=700%2C400 2x"},"classes":[]},{"id":15483,"url":"https:\/\/ismaelcolosi.com.br\/index.php\/2023\/12\/13\/famosa-influencer-falece-ao-sofrer-grave-acidente-com-o-pai-seu-ultimo-video-causa-comocao\/","url_meta":{"origin":10971,"position":3},"title":"Famosa influencer falece ao sofrer grave acidente com o pai; seu \u00faltimo v\u00eddeo causa como\u00e7\u00e3o","author":"ismaelcolosi.com.br","date":"13 de Dezembro de 2023","format":false,"excerpt":"[ad_1] Nesta \u00faltima quinta-feira, dia 7 de dezembro, uma famosa influencer e youtuber perdeu sua vida ap\u00f3s sofrer um tr\u00e1gico acidente a\u00e9reo. Com a confirma\u00e7\u00e3o de seu falecimento, muitos lamentaram sua morte e buscaram se despedir nas redes sociais.A v\u00edtima foi identificada pelo nome de Jenny Blalock. Ela morreu aos\u2026","rel":"","context":"In &quot;Blog&quot;","block_context":{"text":"Blog","link":"https:\/\/ismaelcolosi.com.br\/index.php\/category\/blog\/"},"img":{"alt_text":"","src":"https:\/\/i0.wp.com\/ismaelcolosi.com.br\/wp-content\/uploads\/2023\/12\/postimg-657a2a765cd7b7415.jpg?fit=1200%2C628&ssl=1&resize=350%2C200","width":350,"height":200,"srcset":"https:\/\/i0.wp.com\/ismaelcolosi.com.br\/wp-content\/uploads\/2023\/12\/postimg-657a2a765cd7b7415.jpg?fit=1200%2C628&ssl=1&resize=350%2C200 1x, https:\/\/i0.wp.com\/ismaelcolosi.com.br\/wp-content\/uploads\/2023\/12\/postimg-657a2a765cd7b7415.jpg?fit=1200%2C628&ssl=1&resize=525%2C300 1.5x, https:\/\/i0.wp.com\/ismaelcolosi.com.br\/wp-content\/uploads\/2023\/12\/postimg-657a2a765cd7b7415.jpg?fit=1200%2C628&ssl=1&resize=700%2C400 2x, https:\/\/i0.wp.com\/ismaelcolosi.com.br\/wp-content\/uploads\/2023\/12\/postimg-657a2a765cd7b7415.jpg?fit=1200%2C628&ssl=1&resize=1050%2C600 3x"},"classes":[]},{"id":13684,"url":"https:\/\/ismaelcolosi.com.br\/index.php\/2023\/12\/10\/cantor-nao-resiste-apos-sofrer-grave-acidente-entre-carro-e-caminhao-na-br-116\/","url_meta":{"origin":10971,"position":4},"title":"Cantor n\u00e3o resiste ap\u00f3s sofrer grave acidente entre carro e caminh\u00e3o na BR-116","author":"ismaelcolosi.com.br","date":"10 de Dezembro de 2023","format":false,"excerpt":"[ad_1] Neste s\u00e1bado, dia 9 de dezembro, ap\u00f3s um acidente ter ocorrido na BR-116, foi anunciada a morte do cantor de forr\u00f3 Luigi Pereira Gon\u00e7alves. Infelizmente, ele n\u00e3o conseguiu resistir aos graves ferimentos que foram causados na colis\u00e3o sofrida.O carro em que ele estava colidiu contra um caminh\u00e3o, perto da\u2026","rel":"","context":"In &quot;Blog&quot;","block_context":{"text":"Blog","link":"https:\/\/ismaelcolosi.com.br\/index.php\/category\/blog\/"},"img":{"alt_text":"","src":"https:\/\/i0.wp.com\/ismaelcolosi.com.br\/wp-content\/uploads\/2023\/12\/postimg-6576713ccb1e39063.jpg?fit=1200%2C628&ssl=1&resize=350%2C200","width":350,"height":200,"srcset":"https:\/\/i0.wp.com\/ismaelcolosi.com.br\/wp-content\/uploads\/2023\/12\/postimg-6576713ccb1e39063.jpg?fit=1200%2C628&ssl=1&resize=350%2C200 1x, https:\/\/i0.wp.com\/ismaelcolosi.com.br\/wp-content\/uploads\/2023\/12\/postimg-6576713ccb1e39063.jpg?fit=1200%2C628&ssl=1&resize=525%2C300 1.5x, https:\/\/i0.wp.com\/ismaelcolosi.com.br\/wp-content\/uploads\/2023\/12\/postimg-6576713ccb1e39063.jpg?fit=1200%2C628&ssl=1&resize=700%2C400 2x, https:\/\/i0.wp.com\/ismaelcolosi.com.br\/wp-content\/uploads\/2023\/12\/postimg-6576713ccb1e39063.jpg?fit=1200%2C628&ssl=1&resize=1050%2C600 3x"},"classes":[]},{"id":17441,"url":"https:\/\/ismaelcolosi.com.br\/index.php\/2023\/12\/18\/acidente-de-carro-causa-falecimentos-em-familia-apos-colisao-contra-arvore\/","url_meta":{"origin":10971,"position":5},"title":"Acidente de carro causa falecimentos em fam\u00edlia ap\u00f3s colis\u00e3o contra \u00e1rvore","author":"ismaelcolosi.com.br","date":"18 de Dezembro de 2023","format":false,"excerpt":"[ad_1] Na madrugada desta segunda-feira, dia 18 de dezembro, ocorreu um tr\u00e1gico acidente na BR-251, na regi\u00e3o de Francisco S\u00e1, ap\u00f3s ter sido confirmada a morte de uma mulher de 36 anos de idade e seu filho de apenas 11 anos de idade. Os dois sofreram um grave acidente de\u2026","rel":"","context":"In &quot;Blog&quot;","block_context":{"text":"Blog","link":"https:\/\/ismaelcolosi.com.br\/index.php\/category\/blog\/"},"img":{"alt_text":"","src":"https:\/\/i0.wp.com\/ismaelcolosi.com.br\/wp-content\/uploads\/2023\/12\/postimg-658064bf3bf2d9500.jpg?fit=1200%2C628&ssl=1&resize=350%2C200","width":350,"height":200,"srcset":"https:\/\/i0.wp.com\/ismaelcolosi.com.br\/wp-content\/uploads\/2023\/12\/postimg-658064bf3bf2d9500.jpg?fit=1200%2C628&ssl=1&resize=350%2C200 1x, https:\/\/i0.wp.com\/ismaelcolosi.com.br\/wp-content\/uploads\/2023\/12\/postimg-658064bf3bf2d9500.jpg?fit=1200%2C628&ssl=1&resize=525%2C300 1.5x, https:\/\/i0.wp.com\/ismaelcolosi.com.br\/wp-content\/uploads\/2023\/12\/postimg-658064bf3bf2d9500.jpg?fit=1200%2C628&ssl=1&resize=700%2C400 2x, https:\/\/i0.wp.com\/ismaelcolosi.com.br\/wp-content\/uploads\/2023\/12\/postimg-658064bf3bf2d9500.jpg?fit=1200%2C628&ssl=1&resize=1050%2C600 3x"},"classes":[]}],"jetpack_sharing_enabled":true,"jetpack_shortlink":"https:\/\/wp.me\/pfMlyK-2QX","jetpack_featured_media_url":"https:\/\/i0.wp.com\/ismaelcolosi.com.br\/wp-content\/uploads\/2023\/12\/postimg-656f36ec9f1603811.jpg?fit=1200%2C628&ssl=1","_links":{"self":[{"href":"https:\/\/ismaelcolosi.com.br\/index.php\/wp-json\/wp\/v2\/posts\/10971","targetHints":{"allow":["GET"]}}],"collection":[{"href":"https:\/\/ismaelcolosi.com.br\/index.php\/wp-json\/wp\/v2\/posts"}],"about":[{"href":"https:\/\/ismaelcolosi.com.br\/index.php\/wp-json\/wp\/v2\/types\/post"}],"author":[{"embeddable":true,"href":"https:\/\/ismaelcolosi.com.br\/index.php\/wp-json\/wp\/v2\/users\/1"}],"replies":[{"embeddable":true,"href":"https:\/\/ismaelcolosi.com.br\/index.php\/wp-json\/wp\/v2\/comments?post=10971"}],"version-history":[{"count":0,"href":"https:\/\/ismaelcolosi.com.br\/index.php\/wp-json\/wp\/v2\/posts\/10971\/revisions"}],"wp:featuredmedia":[{"embeddable":true,"href":"https:\/\/ismaelcolosi.com.br\/index.php\/wp-json\/wp\/v2\/media\/10972"}],"wp:attachment":[{"href":"https:\/\/ismaelcolosi.com.br\/index.php\/wp-json\/wp\/v2\/media?parent=10971"}],"wp:term":[{"taxonomy":"category","embeddable":true,"href":"https:\/\/ismaelcolosi.com.br\/index.php\/wp-json\/wp\/v2\/categories?post=10971"},{"taxonomy":"post_tag","embeddable":true,"href":"https:\/\/ismaelcolosi.com.br\/index.php\/wp-json\/wp\/v2\/tags?post=10971"}],"curies":[{"name":"wp","href":"https:\/\/api.w.org\/{rel}","templated":true}]}}