{"id":10766,"date":"2023-12-05T02:25:16","date_gmt":"2023-12-05T05:25:16","guid":{"rendered":"https:\/\/ismaelcolosi.com.br\/index.php\/2023\/12\/05\/quanto-vale-cada-posicao-descubra-quanto-seu-time-vai-ganhar-em-r-pela-tabela-do-brasileirao-2023\/"},"modified":"2023-12-05T02:25:16","modified_gmt":"2023-12-05T05:25:16","slug":"quanto-vale-cada-posicao-descubra-quanto-seu-time-vai-ganhar-em-r-pela-tabela-do-brasileirao-2023","status":"publish","type":"post","link":"https:\/\/ismaelcolosi.com.br\/index.php\/2023\/12\/05\/quanto-vale-cada-posicao-descubra-quanto-seu-time-vai-ganhar-em-r-pela-tabela-do-brasileirao-2023\/","title":{"rendered":"Quanto vale cada posi\u00e7\u00e3o? Descubra quanto seu time vai ganhar em R$ pela tabela do Brasileir\u00e3o 2023"},"content":{"rendered":"<p> <br \/>\n<\/p>\n<div itemprop=\"text\">\n<p>O Campeonato Brasileiro de 2023 chega ao fim no pr\u00f3ximo dia 6 de dezembro, ou seja, na pr\u00f3xima quarta-feira. Para quem acompanha a competi\u00e7\u00e3o, trata-se de mais um ano de sucesso.<\/p>\n<p>O campeonato \u00e9 reconhecidamente como o mais disputado do mundo e, neste ano, demostrou mais uma vez provas disso. Na reta final da competi\u00e7\u00e3o, pelo menos quatro clubes disputavam com chances reais de t\u00edtulo.<\/p>\n<p>J\u00e1 para a \u00faltima rodada, o Palmeiras j\u00e1 \u00e9 virtualmente campe\u00e3o. Curiosamente, o campeonato tamb\u00e9m marcou um golpe duro para outro clube, o Botafogo, que liderou a competi\u00e7\u00e3o por mais da metade da disputa, mas perdeu for\u00e7a na reta final.<\/p>\n<p>Mas o que realmente esta em jogo no Campeonato? Al\u00e9m da chance de levantar a Ta\u00e7a, o campeonato tamb\u00e9m classifica para competi\u00e7\u00f5es continentais (Copa Sulamericana e Libertadores), mas tamb\u00e9m paga um pr\u00eamio em dinheiro para os clubes.<\/p>\n<p>Cada posi\u00e7\u00e3o na tabela representa um ganho extra no pr\u00eamio de transmiss\u00e3o. Vale dizer que os clubes rebaixados n\u00e3o tem direito a partilha do dinheiro. Mas voc\u00ea sabe quanto seu clube vai receber?<\/p>\n<p>Campe\u00e3o\u00a0: R$ 47.560.000,00<\/p>\n<p>2\u00ba R$ 45.100.000,00<\/p>\n<p>3\u00ba R$ 42.700.000,00<\/p>\n<p>4\u00ba R$ 40.300.000,00<\/p>\n<p>5\u00ba R$ 38.000.000,00<\/p>\n<p>6\u00ba R$ 35.500.000,00<\/p>\n<p>7\u00ba R$ 33.200.000,00<\/p>\n<p>8\u00ba R$ 30.800.000,00<\/p>\n<p>9\u00ba R$ 28.500.000,00<\/p>\n<p>10\u00ba R$ 26.100.000,00<\/p>\n<p>11\u00ba R$ 20.400.000,00<\/p>\n<p>12\u00ba R$ 19.000.000,00<\/p>\n<p>13\u00ba R$ 17.600.000,00<\/p>\n<p>14\u00ba R$ 17.100.000,00<\/p>\n<p>15\u00ba R$ 16.500.000,00<\/p>\n<p>16\u00ba R$ 16.000.000,00<\/p>\n<p>Os maiores pr\u00eamios, como era de se esperar, est\u00e3o no G4 \u2013 ou seja, os 4 melhores clubes do campeonato. J\u00e1 os times de meio de tabela, receber ainda na casa dos 20 milh\u00f5es, enquanto os piores colocados n\u00e3o chegam a esse valor.<\/p>\n<\/div>\n<p><br \/>\n<br \/><a href=\"https:\/\/fnmais.com\/quanto-vale-cada-posicao-descubra-quanto-seu-time-vai-ganhar-em-r-pela-tabela-brasileirao-2023\/\">Source link <\/a><\/p>\n<div class='code-block code-block-4' style='margin: 8px auto 8px 0; text-align: left; display: block; clear: both;'>\n\ud83d\udce2 Aviso Legal\n\nO site ismaelcolosi.com.br atua apenas como um canal de divulga\u00e7\u00e3o de oportunidades de emprego e n\u00e3o se responsabiliza pelo processo seletivo, contrata\u00e7\u00e3o ou qualquer outra etapa relacionada \u00e0s vagas publicadas. Todas as informa\u00e7\u00f5es s\u00e3o de responsabilidade dos anunciantes.\n\n\u26a0\ufe0f Aten\u00e7\u00e3o! Nunca pague por promessas de emprego nem compre cursos que garantam contrata\u00e7\u00e3o. Desconfie de qualquer cobran\u00e7a para participar de sele\u00e7\u00f5es.\n\n\n\n<\/div>\n<!-- CONTENT END 1 -->\n","protected":false},"excerpt":{"rendered":"<p>O Campeonato Brasileiro de 2023 chega ao fim no pr\u00f3ximo dia 6 de dezembro, ou seja, na pr\u00f3xima quarta-feira. Para quem acompanha a competi\u00e7\u00e3o, trata-se&#8230;<\/p>\n","protected":false},"author":1,"featured_media":10767,"comment_status":"open","ping_status":"open","sticky":false,"template":"","format":"standard","meta":{"_uag_custom_page_level_css":"","advanced_seo_description":"","jetpack_seo_html_title":"","jetpack_seo_noindex":false,"jetpack_post_was_ever_published":false,"_jetpack_newsletter_access":"","_jetpack_dont_email_post_to_subs":false,"_jetpack_newsletter_tier_id":0,"_jetpack_memberships_contains_paywalled_content":false,"_jetpack_memberships_contains_paid_content":false,"footnotes":"","jetpack_publicize_message":"","jetpack_publicize_feature_enabled":true,"jetpack_social_post_already_shared":true,"jetpack_social_options":{"image_generator_settings":{"template":"highway","default_image_id":0,"font":"","enabled":false},"version":2}},"categories":[1],"tags":[],"class_list":["post-10766","post","type-post","status-publish","format-standard","has-post-thumbnail","hentry","category-blog"],"jetpack_publicize_connections":[],"jetpack_featured_media_url":"https:\/\/i0.wp.com\/ismaelcolosi.com.br\/wp-content\/uploads\/2023\/12\/postimg-656ea924af7a53178.jpg?fit=1200%2C628&ssl=1","uagb_featured_image_src":{"full":["https:\/\/i0.wp.com\/ismaelcolosi.com.br\/wp-content\/uploads\/2023\/12\/postimg-656ea924af7a53178.jpg?fit=1200%2C628&ssl=1",1200,628,false],"thumbnail":["https:\/\/i0.wp.com\/ismaelcolosi.com.br\/wp-content\/uploads\/2023\/12\/postimg-656ea924af7a53178.jpg?resize=150%2C150&ssl=1",150,150,true],"medium":["https:\/\/i0.wp.com\/ismaelcolosi.com.br\/wp-content\/uploads\/2023\/12\/postimg-656ea924af7a53178.jpg?fit=300%2C157&ssl=1",300,157,true],"medium_large":["https:\/\/i0.wp.com\/ismaelcolosi.com.br\/wp-content\/uploads\/2023\/12\/postimg-656ea924af7a53178.jpg?fit=768%2C402&ssl=1",768,402,true],"large":["https:\/\/i0.wp.com\/ismaelcolosi.com.br\/wp-content\/uploads\/2023\/12\/postimg-656ea924af7a53178.jpg?fit=1024%2C536&ssl=1",1024,536,true],"1536x1536":["https:\/\/i0.wp.com\/ismaelcolosi.com.br\/wp-content\/uploads\/2023\/12\/postimg-656ea924af7a53178.jpg?fit=1200%2C628&ssl=1",1200,628,true],"2048x2048":["https:\/\/i0.wp.com\/ismaelcolosi.com.br\/wp-content\/uploads\/2023\/12\/postimg-656ea924af7a53178.jpg?fit=1200%2C628&ssl=1",1200,628,true],"really-simple-thumb":["https:\/\/i0.wp.com\/ismaelcolosi.com.br\/wp-content\/uploads\/2023\/12\/postimg-656ea924af7a53178.jpg?resize=370%2C247&ssl=1",370,247,true]},"uagb_author_info":{"display_name":"ismaelcolosi.com.br","author_link":"https:\/\/ismaelcolosi.com.br\/index.php\/author\/vidareal-online\/"},"uagb_comment_info":0,"uagb_excerpt":"O Campeonato Brasileiro de 2023 chega ao fim no pr\u00f3ximo dia 6 de dezembro, ou seja, na pr\u00f3xima quarta-feira. Para quem acompanha a competi\u00e7\u00e3o, trata-se...","jetpack-related-posts":[{"id":31734,"url":"https:\/\/ismaelcolosi.com.br\/index.php\/2024\/01\/23\/top-10-maiores-campeoes-do-campeonato-catarinense\/","url_meta":{"origin":10766,"position":0},"title":"Top 10 maiores campe\u00f5es do Campeonato Catarinense","author":"ismaelcolosi.com.br","date":"23 de January de 2024","format":false,"excerpt":"O Campeonato Catarinense de Futebol \u00e9 disputado desde 1924 e j\u00e1 teve 23 campe\u00f5es diferentes. O primeiro a erguer o trof\u00e9u do estadual de Santa Catarina foi o Ava\u00ed, edi\u00e7\u00e3o essa que foi disputada em turno \u00fanico. A competi\u00e7\u00e3o \u00e9 organizada pela Federa\u00e7\u00e3o Catarinense de Futebol. O Catarin\u00e3o, como os\u2026","rel":"","context":"In &quot;Blog&quot;","block_context":{"text":"Blog","link":"https:\/\/ismaelcolosi.com.br\/index.php\/category\/blog\/"},"img":{"alt_text":"","src":"https:\/\/i0.wp.com\/ismaelcolosi.com.br\/wp-content\/uploads\/2024\/01\/Campeoes-do-Campeonato-Catarinense.jpg?fit=1200%2C873&ssl=1&resize=350%2C200","width":350,"height":200,"srcset":"https:\/\/i0.wp.com\/ismaelcolosi.com.br\/wp-content\/uploads\/2024\/01\/Campeoes-do-Campeonato-Catarinense.jpg?fit=1200%2C873&ssl=1&resize=350%2C200 1x, https:\/\/i0.wp.com\/ismaelcolosi.com.br\/wp-content\/uploads\/2024\/01\/Campeoes-do-Campeonato-Catarinense.jpg?fit=1200%2C873&ssl=1&resize=525%2C300 1.5x, https:\/\/i0.wp.com\/ismaelcolosi.com.br\/wp-content\/uploads\/2024\/01\/Campeoes-do-Campeonato-Catarinense.jpg?fit=1200%2C873&ssl=1&resize=700%2C400 2x, https:\/\/i0.wp.com\/ismaelcolosi.com.br\/wp-content\/uploads\/2024\/01\/Campeoes-do-Campeonato-Catarinense.jpg?fit=1200%2C873&ssl=1&resize=1050%2C600 3x"},"classes":[]},{"id":31758,"url":"https:\/\/ismaelcolosi.com.br\/index.php\/2024\/01\/23\/top-maiores-campeoes-do-campeonato-carioca\/","url_meta":{"origin":10766,"position":1},"title":"Top maiores campe\u00f5es do Campeonato Carioca","author":"ismaelcolosi.com.br","date":"23 de January de 2024","format":false,"excerpt":"O Campeonato Carioca de futebol \u00e9 disputado desde 1906, sendo organizado hoje pela Federa\u00e7\u00e3o de Futebol do Estado do Rio de Janeiro (FERJ). O Fluminense sagrou-se campe\u00e3o do primeiro torneio disputado e os t\u00edtulos dos top campe\u00f5es sempre foram vencidos por clubes da capital. Em algumas temporadas do Estadual do\u2026","rel":"","context":"In &quot;Blog&quot;","block_context":{"text":"Blog","link":"https:\/\/ismaelcolosi.com.br\/index.php\/category\/blog\/"},"img":{"alt_text":"","src":"https:\/\/i0.wp.com\/ismaelcolosi.com.br\/wp-content\/uploads\/2024\/01\/Campeoes-do-Campeonato-Carioca.jpg?fit=1200%2C840&ssl=1&resize=350%2C200","width":350,"height":200,"srcset":"https:\/\/i0.wp.com\/ismaelcolosi.com.br\/wp-content\/uploads\/2024\/01\/Campeoes-do-Campeonato-Carioca.jpg?fit=1200%2C840&ssl=1&resize=350%2C200 1x, https:\/\/i0.wp.com\/ismaelcolosi.com.br\/wp-content\/uploads\/2024\/01\/Campeoes-do-Campeonato-Carioca.jpg?fit=1200%2C840&ssl=1&resize=525%2C300 1.5x, https:\/\/i0.wp.com\/ismaelcolosi.com.br\/wp-content\/uploads\/2024\/01\/Campeoes-do-Campeonato-Carioca.jpg?fit=1200%2C840&ssl=1&resize=700%2C400 2x, https:\/\/i0.wp.com\/ismaelcolosi.com.br\/wp-content\/uploads\/2024\/01\/Campeoes-do-Campeonato-Carioca.jpg?fit=1200%2C840&ssl=1&resize=1050%2C600 3x"},"classes":[]},{"id":31750,"url":"https:\/\/ismaelcolosi.com.br\/index.php\/2024\/01\/23\/top-10-maiores-campeoes-do-campeonato-mineiro\/","url_meta":{"origin":10766,"position":2},"title":"Top 10 maiores campe\u00f5es do Campeonato Mineiro","author":"ismaelcolosi.com.br","date":"23 de January de 2024","format":false,"excerpt":"O Campeonato Mineiro de Futebol \u00e9 disputado desde 1915 possuindo at\u00e9 agora sete campe\u00f5es diferentes, sendo o Atl\u00e9tico o vencedor da primeira edi\u00e7\u00e3o. At\u00e9 1958 essa competi\u00e7\u00e3o se chamava Campeonato da Cidade, e era disputado por equipes pr\u00f3ximas a capital Belo Horizonte, com outro torneio sendo disputado por clubes da\u2026","rel":"","context":"In &quot;Blog&quot;","block_context":{"text":"Blog","link":"https:\/\/ismaelcolosi.com.br\/index.php\/category\/blog\/"},"img":{"alt_text":"","src":"https:\/\/i0.wp.com\/ismaelcolosi.com.br\/wp-content\/uploads\/2024\/01\/Campeoes-do-Campeonato-Mineiro.jpg?fit=1200%2C840&ssl=1&resize=350%2C200","width":350,"height":200,"srcset":"https:\/\/i0.wp.com\/ismaelcolosi.com.br\/wp-content\/uploads\/2024\/01\/Campeoes-do-Campeonato-Mineiro.jpg?fit=1200%2C840&ssl=1&resize=350%2C200 1x, https:\/\/i0.wp.com\/ismaelcolosi.com.br\/wp-content\/uploads\/2024\/01\/Campeoes-do-Campeonato-Mineiro.jpg?fit=1200%2C840&ssl=1&resize=525%2C300 1.5x, https:\/\/i0.wp.com\/ismaelcolosi.com.br\/wp-content\/uploads\/2024\/01\/Campeoes-do-Campeonato-Mineiro.jpg?fit=1200%2C840&ssl=1&resize=700%2C400 2x, https:\/\/i0.wp.com\/ismaelcolosi.com.br\/wp-content\/uploads\/2024\/01\/Campeoes-do-Campeonato-Mineiro.jpg?fit=1200%2C840&ssl=1&resize=1050%2C600 3x"},"classes":[]},{"id":31378,"url":"https:\/\/ismaelcolosi.com.br\/index.php\/2024\/01\/22\/top-10-maiores-campeoes-do-campeonato-brasileiro\/","url_meta":{"origin":10766,"position":3},"title":"Top 10 maiores campe\u00f5es do Campeonato Brasileiro","author":"ismaelcolosi.com.br","date":"22 de January de 2024","format":false,"excerpt":"A lista dos maiores campe\u00f5es do Campeonato Brasileiro cresceu desde que a CBF decidiu implementar no ranking, os campe\u00f5es da Ta\u00e7a Brasil disputada entre 1959 e 1968, o Torneio Roberto Gomes Pedrosa tamb\u00e9m chamado Ta\u00e7a de Prata, disputada entre 1967 e 1970, e o Torneio dos Campe\u00f5es disputado em 1937.\u2026","rel":"","context":"In &quot;Blog&quot;","block_context":{"text":"Blog","link":"https:\/\/ismaelcolosi.com.br\/index.php\/category\/blog\/"},"img":{"alt_text":"","src":"https:\/\/i0.wp.com\/ismaelcolosi.com.br\/wp-content\/uploads\/2024\/01\/top-10-maiores-campeoes-do-campeonato-brasileiro.jpg?fit=1200%2C799&ssl=1&resize=350%2C200","width":350,"height":200,"srcset":"https:\/\/i0.wp.com\/ismaelcolosi.com.br\/wp-content\/uploads\/2024\/01\/top-10-maiores-campeoes-do-campeonato-brasileiro.jpg?fit=1200%2C799&ssl=1&resize=350%2C200 1x, https:\/\/i0.wp.com\/ismaelcolosi.com.br\/wp-content\/uploads\/2024\/01\/top-10-maiores-campeoes-do-campeonato-brasileiro.jpg?fit=1200%2C799&ssl=1&resize=525%2C300 1.5x, https:\/\/i0.wp.com\/ismaelcolosi.com.br\/wp-content\/uploads\/2024\/01\/top-10-maiores-campeoes-do-campeonato-brasileiro.jpg?fit=1200%2C799&ssl=1&resize=700%2C400 2x, https:\/\/i0.wp.com\/ismaelcolosi.com.br\/wp-content\/uploads\/2024\/01\/top-10-maiores-campeoes-do-campeonato-brasileiro.jpg?fit=1200%2C799&ssl=1&resize=1050%2C600 3x"},"classes":[]},{"id":68299,"url":"https:\/\/ismaelcolosi.com.br\/index.php\/2024\/09\/28\/time-de-saf-com-neymar-pai-garante-competicao-nacional-em-2025\/","url_meta":{"origin":10766,"position":4},"title":"Time de SAF com Neymar pai garante competi\u00e7\u00e3o nacional\u00a0em\u00a02025","author":"ismaelcolosi.com.br","date":"28 de September de 2024","format":false,"excerpt":"Ap\u00f3s o rebaixamento para a S\u00e9rie A3 do Campeonato Paulista, o Atl\u00e9tico Monte Azul venceu o Uni\u00e3o S\u00e3o Jo\u00e3o e garantiu a vaga em competi\u00e7\u00e3o nacional no ano que vem. \u00c9 a primeira vez que o Azul\u00e3o disputar\u00e1 uma competi\u00e7\u00e3o a n\u00edvel nacional. O time, que tem o primeiro ano\u2026","rel":"","context":"In &quot;Not\u00edcias de Ribeir\u00e3o Preto-SP e Regi\u00e3o&quot;","block_context":{"text":"Not\u00edcias de Ribeir\u00e3o Preto-SP e Regi\u00e3o","link":"https:\/\/ismaelcolosi.com.br\/index.php\/category\/noticias-de-ribeirao-preto-sp-e-regiao-ismael-colosi\/"},"img":{"alt_text":"","src":"https:\/\/i0.wp.com\/ismaelcolosi.com.br\/wp-content\/uploads\/2024\/09\/Copia-de-Copia-de-Copia-de-TAMANHO-EXATO-PARA-FOTOS-NO-SISTEMA-NOVO-54_2024-09-28_20-35-00_png_2024-09-28_20-35-00.webp.webp?fit=1200%2C675&ssl=1&resize=350%2C200","width":350,"height":200,"srcset":"https:\/\/i0.wp.com\/ismaelcolosi.com.br\/wp-content\/uploads\/2024\/09\/Copia-de-Copia-de-Copia-de-TAMANHO-EXATO-PARA-FOTOS-NO-SISTEMA-NOVO-54_2024-09-28_20-35-00_png_2024-09-28_20-35-00.webp.webp?fit=1200%2C675&ssl=1&resize=350%2C200 1x, https:\/\/i0.wp.com\/ismaelcolosi.com.br\/wp-content\/uploads\/2024\/09\/Copia-de-Copia-de-Copia-de-TAMANHO-EXATO-PARA-FOTOS-NO-SISTEMA-NOVO-54_2024-09-28_20-35-00_png_2024-09-28_20-35-00.webp.webp?fit=1200%2C675&ssl=1&resize=525%2C300 1.5x, https:\/\/i0.wp.com\/ismaelcolosi.com.br\/wp-content\/uploads\/2024\/09\/Copia-de-Copia-de-Copia-de-TAMANHO-EXATO-PARA-FOTOS-NO-SISTEMA-NOVO-54_2024-09-28_20-35-00_png_2024-09-28_20-35-00.webp.webp?fit=1200%2C675&ssl=1&resize=700%2C400 2x, https:\/\/i0.wp.com\/ismaelcolosi.com.br\/wp-content\/uploads\/2024\/09\/Copia-de-Copia-de-Copia-de-TAMANHO-EXATO-PARA-FOTOS-NO-SISTEMA-NOVO-54_2024-09-28_20-35-00_png_2024-09-28_20-35-00.webp.webp?fit=1200%2C675&ssl=1&resize=1050%2C600 3x"},"classes":[]},{"id":31388,"url":"https:\/\/ismaelcolosi.com.br\/index.php\/2024\/01\/22\/top-10-maiores-campeoes-da-libertadores-mundo-top-10\/","url_meta":{"origin":10766,"position":5},"title":"Top 10 maiores campe\u00f5es da Libertadores \u2022 Mundo Top 10","author":"ismaelcolosi.com.br","date":"22 de January de 2024","format":false,"excerpt":"A Ta\u00e7a Libertadores da Am\u00e9rica, principal competi\u00e7\u00e3o de futebol da Am\u00e9rica do Sul, \u00e9 disputada desde 1960 e j\u00e1 teve 25 campe\u00f5es diferentes de sete pa\u00edses. Os times do futebol argentino lideram em n\u00famero total de t\u00edtulos, seguidos pelos clubes brasileiros e depois pelos uruguaios. O atual campe\u00e3o \u00e9 o\u2026","rel":"","context":"In &quot;Blog&quot;","block_context":{"text":"Blog","link":"https:\/\/ismaelcolosi.com.br\/index.php\/category\/blog\/"},"img":{"alt_text":"","src":"https:\/\/i0.wp.com\/ismaelcolosi.com.br\/wp-content\/uploads\/2024\/01\/top-10-clubes-com-mais-titulos-da-libertadores.jpg?fit=1200%2C745&ssl=1&resize=350%2C200","width":350,"height":200,"srcset":"https:\/\/i0.wp.com\/ismaelcolosi.com.br\/wp-content\/uploads\/2024\/01\/top-10-clubes-com-mais-titulos-da-libertadores.jpg?fit=1200%2C745&ssl=1&resize=350%2C200 1x, https:\/\/i0.wp.com\/ismaelcolosi.com.br\/wp-content\/uploads\/2024\/01\/top-10-clubes-com-mais-titulos-da-libertadores.jpg?fit=1200%2C745&ssl=1&resize=525%2C300 1.5x, https:\/\/i0.wp.com\/ismaelcolosi.com.br\/wp-content\/uploads\/2024\/01\/top-10-clubes-com-mais-titulos-da-libertadores.jpg?fit=1200%2C745&ssl=1&resize=700%2C400 2x, https:\/\/i0.wp.com\/ismaelcolosi.com.br\/wp-content\/uploads\/2024\/01\/top-10-clubes-com-mais-titulos-da-libertadores.jpg?fit=1200%2C745&ssl=1&resize=1050%2C600 3x"},"classes":[]}],"jetpack_sharing_enabled":true,"jetpack_shortlink":"https:\/\/wp.me\/pfMlyK-2NE","_links":{"self":[{"href":"https:\/\/ismaelcolosi.com.br\/index.php\/wp-json\/wp\/v2\/posts\/10766","targetHints":{"allow":["GET"]}}],"collection":[{"href":"https:\/\/ismaelcolosi.com.br\/index.php\/wp-json\/wp\/v2\/posts"}],"about":[{"href":"https:\/\/ismaelcolosi.com.br\/index.php\/wp-json\/wp\/v2\/types\/post"}],"author":[{"embeddable":true,"href":"https:\/\/ismaelcolosi.com.br\/index.php\/wp-json\/wp\/v2\/users\/1"}],"replies":[{"embeddable":true,"href":"https:\/\/ismaelcolosi.com.br\/index.php\/wp-json\/wp\/v2\/comments?post=10766"}],"version-history":[{"count":0,"href":"https:\/\/ismaelcolosi.com.br\/index.php\/wp-json\/wp\/v2\/posts\/10766\/revisions"}],"wp:featuredmedia":[{"embeddable":true,"href":"https:\/\/ismaelcolosi.com.br\/index.php\/wp-json\/wp\/v2\/media\/10767"}],"wp:attachment":[{"href":"https:\/\/ismaelcolosi.com.br\/index.php\/wp-json\/wp\/v2\/media?parent=10766"}],"wp:term":[{"taxonomy":"category","embeddable":true,"href":"https:\/\/ismaelcolosi.com.br\/index.php\/wp-json\/wp\/v2\/categories?post=10766"},{"taxonomy":"post_tag","embeddable":true,"href":"https:\/\/ismaelcolosi.com.br\/index.php\/wp-json\/wp\/v2\/tags?post=10766"}],"curies":[{"name":"wp","href":"https:\/\/api.w.org\/{rel}","templated":true}]}}