{"id":10716,"date":"2023-12-05T00:27:26","date_gmt":"2023-12-05T03:27:26","guid":{"rendered":"https:\/\/ismaelcolosi.com.br\/index.php\/2023\/12\/05\/quem-sao-mae-e-filha-que-morreram-em-grave-acidente-causado-por-motorista-embriagado\/"},"modified":"2023-12-05T00:27:26","modified_gmt":"2023-12-05T03:27:26","slug":"quem-sao-mae-e-filha-que-morreram-em-grave-acidente-causado-por-motorista-embriagado","status":"publish","type":"post","link":"https:\/\/ismaelcolosi.com.br\/index.php\/2023\/12\/05\/quem-sao-mae-e-filha-que-morreram-em-grave-acidente-causado-por-motorista-embriagado\/","title":{"rendered":"Quem s\u00e3o m\u00e3e e filha que morreram em grave acidente causado por motorista embriagado"},"content":{"rendered":"<p> <br \/>\n<\/p>\n<div itemprop=\"text\">\n<p>Um grave acidente provocado por um motorista b\u00eabado provocou uma verdadeira trag\u00e9dia e deixou uma fam\u00edlia devastada e mergulhada na dor do luto por causa do \u00f3bito de entes queridos.<\/p>\n<p>Uma mulher de 27 anos e sua filha, de 12 anos, perderam a vida em uma colis\u00e3o fatal que envolveu um carro e uma caminhonete na rodovia BR-277, localizado na altura do munic\u00edpio de Medianeira, localizado na regi\u00e3o oeste do Paran\u00e1.<\/p><div class='code-block code-block-8' style='margin: 8px auto; text-align: center; display: block; clear: both;'>\n<script>\n  atOptions = {\n    'key' : '66e2e2111ca34da796271819fc334058',\n    'format' : 'iframe',\n    'height' : 250,\n    'width' : 300,\n    'params' : {}\n  };\n<\/script>\n<script src=\"https:\/\/www.highperformanceformat.com\/66e2e2111ca34da796271819fc334058\/invoke.js\"><\/script>\n<\/div>\n\n<p>De acordo com a Pol\u00edcia Rodovi\u00e1ria Federal (PRF), o condutor da caminhonete estava sob efeito de embriaguez.<\/p>\n<p>Uma mulher de 27 anos e sua filha, de 12 anos, perderam a vida em um acidente que envolveu um carro e uma caminhonete na BR-277, localizado em Medianeira, no oeste do Paran\u00e1. De acordo com a Pol\u00edcia Rodovi\u00e1ria Federal (PRF), o condutor da caminhonete estava sob efeito de embriaguez.<\/p>\n<p>O acidente ocorreu na madrugada deste domingo (3). Segundo informa\u00e7\u00f5es da PRF, o condutor do ve\u00edculo oposto invadiu a pista contr\u00e1ria, resultando em uma colis\u00e3o frontal com o carro das v\u00edtimas.<\/p>\n<p>M\u00e3e e filha perderam a vida no local. O condutor da caminhonete, de 22 anos, recebeu atendimento do Corpo de Bombeiros, mas n\u00e3o necessitou de transporte hospitalar, conforme relatado pela pol\u00edcia.<\/p>\n<p>Ele foi detido em flagrante por crime de embriaguez e homic\u00eddio, sendo encaminhado \u00e0 Pol\u00edcia Civil.<\/p>\n<p><img data-recalc-dims=\"1\" decoding=\"async\" src=\"https:\/\/i0.wp.com\/fnmais.com\/wp-content\/uploads\/2023\/12\/postiimg-656e939d5ffdb1490.jpg?ssl=1\" alt=\"WhatsApp-Image-2023-12-04-at-104038\"\/><\/p>\n<p>As v\u00edtimas foram identificadas como Fernanda Kapes dos Santos, com 28 anos de idade, e sua filha, Mikaelly Stefani Kapes Dhein, de 12 anos, infelizmente por causa das les\u00f5es incompat\u00edveis com a vida elas faleceram no local.<\/p>\n<\/div>\n<p><br \/>\n<br \/><a href=\"https:\/\/fnmais.com\/quem-sao-mae-filha-que-morreram-em-grave-acidente-causado-por-motorista-embriagado\/\">Source link <\/a><\/p>\n<div class='code-block code-block-4' style='margin: 8px auto 8px 0; text-align: left; display: block; clear: both;'>\n\ud83d\udce2 Aviso Legal\n\nO site ismaelcolosi.com.br atua apenas como um canal de divulga\u00e7\u00e3o de oportunidades de emprego e n\u00e3o se responsabiliza pelo processo seletivo, contrata\u00e7\u00e3o ou qualquer outra etapa relacionada \u00e0s vagas publicadas. Todas as informa\u00e7\u00f5es s\u00e3o de responsabilidade dos anunciantes.\n\n\u26a0\ufe0f Aten\u00e7\u00e3o! Nunca pague por promessas de emprego nem compre cursos que garantam contrata\u00e7\u00e3o. Desconfie de qualquer cobran\u00e7a para participar de sele\u00e7\u00f5es.\n\n\n<div data-type=\"_mgwidget\" data-widget-id=\"2000896\">\n<\/div>\n<script>(function(w,q){w[q]=w[q]||[];w[q].push([\"_mgc.load\"])})(window,\"_mgq\");\n<\/script>\n<\/div>\n<!-- CONTENT END 1 -->\n","protected":false},"excerpt":{"rendered":"<p>Um grave acidente provocado por um motorista b\u00eabado provocou uma verdadeira trag\u00e9dia e deixou uma fam\u00edlia devastada e mergulhada na dor do luto por causa&#8230;<\/p>\n","protected":false},"author":1,"featured_media":10717,"comment_status":"open","ping_status":"open","sticky":false,"template":"","format":"standard","meta":{"_uag_custom_page_level_css":"","jetpack_post_was_ever_published":false,"_jetpack_newsletter_access":"","_jetpack_dont_email_post_to_subs":false,"_jetpack_newsletter_tier_id":0,"_jetpack_memberships_contains_paywalled_content":false,"_jetpack_memberships_contains_paid_content":false,"footnotes":"","jetpack_publicize_message":"","jetpack_publicize_feature_enabled":true,"jetpack_social_post_already_shared":true,"jetpack_social_options":{"image_generator_settings":{"template":"highway","default_image_id":0,"font":"","enabled":false},"version":2}},"categories":[1],"tags":[],"class_list":["post-10716","post","type-post","status-publish","format-standard","has-post-thumbnail","hentry","category-blog"],"aioseo_notices":[],"jetpack_publicize_connections":[],"jetpack_featured_media_url":"https:\/\/i0.wp.com\/ismaelcolosi.com.br\/wp-content\/uploads\/2023\/12\/postimg-656e939e669e18056.jpg?fit=1200%2C628&ssl=1","uagb_featured_image_src":{"full":["https:\/\/i0.wp.com\/ismaelcolosi.com.br\/wp-content\/uploads\/2023\/12\/postimg-656e939e669e18056.jpg?fit=1200%2C628&ssl=1",1200,628,false],"thumbnail":["https:\/\/i0.wp.com\/ismaelcolosi.com.br\/wp-content\/uploads\/2023\/12\/postimg-656e939e669e18056.jpg?resize=150%2C150&ssl=1",150,150,true],"medium":["https:\/\/i0.wp.com\/ismaelcolosi.com.br\/wp-content\/uploads\/2023\/12\/postimg-656e939e669e18056.jpg?fit=300%2C157&ssl=1",300,157,true],"medium_large":["https:\/\/i0.wp.com\/ismaelcolosi.com.br\/wp-content\/uploads\/2023\/12\/postimg-656e939e669e18056.jpg?fit=768%2C402&ssl=1",768,402,true],"large":["https:\/\/i0.wp.com\/ismaelcolosi.com.br\/wp-content\/uploads\/2023\/12\/postimg-656e939e669e18056.jpg?fit=1024%2C536&ssl=1",1024,536,true],"1536x1536":["https:\/\/i0.wp.com\/ismaelcolosi.com.br\/wp-content\/uploads\/2023\/12\/postimg-656e939e669e18056.jpg?fit=1200%2C628&ssl=1",1200,628,true],"2048x2048":["https:\/\/i0.wp.com\/ismaelcolosi.com.br\/wp-content\/uploads\/2023\/12\/postimg-656e939e669e18056.jpg?fit=1200%2C628&ssl=1",1200,628,true],"really-simple-thumb":["https:\/\/i0.wp.com\/ismaelcolosi.com.br\/wp-content\/uploads\/2023\/12\/postimg-656e939e669e18056.jpg?resize=370%2C247&ssl=1",370,247,true]},"uagb_author_info":{"display_name":"ismaelcolosi.com.br","author_link":"https:\/\/ismaelcolosi.com.br\/index.php\/author\/vidareal-online\/"},"uagb_comment_info":0,"uagb_excerpt":"Um grave acidente provocado por um motorista b\u00eabado provocou uma verdadeira trag\u00e9dia e deixou uma fam\u00edlia devastada e mergulhada na dor do luto por causa...","jetpack-related-posts":[{"id":10146,"url":"https:\/\/ismaelcolosi.com.br\/index.php\/2023\/12\/03\/mae-e-filha-perdem-a-vida-apos-acidente-provocado-por-jovem-embriagado-de-22-anos\/","url_meta":{"origin":10716,"position":0},"title":"M\u00e3e e filha perdem a vida ap\u00f3s acidente provocado por jovem embriagado de 22 anos","author":"ismaelcolosi.com.br","date":"3 de December de 2023","format":false,"excerpt":"Na BR-277, na regi\u00e3o de Medianeira, no Paran\u00e1, uma m\u00e3e e sua filha, de 27 anos e 12 anos de idade, morreram ap\u00f3s terem sofrido com um grave acidente de tr\u00e2nsito.De acordo com informa\u00e7\u00f5es fornecidas pela PRF (Pol\u00edcia Rodovi\u00e1ria Federal), o motorista da caminhonete estava embriagado, assim causando todo o\u2026","rel":"","context":"In &quot;Blog&quot;","block_context":{"text":"Blog","link":"https:\/\/ismaelcolosi.com.br\/index.php\/category\/blog\/"},"img":{"alt_text":"","src":"https:\/\/i0.wp.com\/ismaelcolosi.com.br\/wp-content\/uploads\/2023\/12\/postimg-656d1cf2745ec2858.jpg?fit=1200%2C628&ssl=1&resize=350%2C200","width":350,"height":200,"srcset":"https:\/\/i0.wp.com\/ismaelcolosi.com.br\/wp-content\/uploads\/2023\/12\/postimg-656d1cf2745ec2858.jpg?fit=1200%2C628&ssl=1&resize=350%2C200 1x, https:\/\/i0.wp.com\/ismaelcolosi.com.br\/wp-content\/uploads\/2023\/12\/postimg-656d1cf2745ec2858.jpg?fit=1200%2C628&ssl=1&resize=525%2C300 1.5x, https:\/\/i0.wp.com\/ismaelcolosi.com.br\/wp-content\/uploads\/2023\/12\/postimg-656d1cf2745ec2858.jpg?fit=1200%2C628&ssl=1&resize=700%2C400 2x, https:\/\/i0.wp.com\/ismaelcolosi.com.br\/wp-content\/uploads\/2023\/12\/postimg-656d1cf2745ec2858.jpg?fit=1200%2C628&ssl=1&resize=1050%2C600 3x"},"classes":[]},{"id":9227,"url":"https:\/\/ismaelcolosi.com.br\/index.php\/2023\/12\/01\/quem-sao-as-vitimas-fatais-do-grave-acidente-que-deixou-um-cenario-apocaliptico-na-pr-445\/","url_meta":{"origin":10716,"position":1},"title":"Quem s\u00e3o as v\u00edtimas fatais do grave acidente que deixou um cen\u00e1rio apocal\u00edptico na PR-445","author":"ismaelcolosi.com.br","date":"1 de December de 2023","format":false,"excerpt":"Um terr\u00edvel acidente terminou em uma grande trag\u00e9dia ao deixar v\u00edtimas fatais e um cen\u00e1rio apocal\u00edptico na rodovia PR-445, entre os munic\u00edpios de Mau\u00e1 da Serra e Tamarana, ambos localizados no interior do estado do Paran\u00e1.De acordo com as informa\u00e7\u00f5es repassadas pela Pol\u00edcia Rodovi\u00e1ria Estadual (PRE), a colis\u00e3o envolveu uma\u2026","rel":"","context":"In &quot;Blog&quot;","block_context":{"text":"Blog","link":"https:\/\/ismaelcolosi.com.br\/index.php\/category\/blog\/"},"img":{"alt_text":"","src":"https:\/\/i0.wp.com\/ismaelcolosi.com.br\/wp-content\/uploads\/2023\/12\/postimg-656a4c1d32d277356.jpg?fit=1200%2C628&ssl=1&resize=350%2C200","width":350,"height":200,"srcset":"https:\/\/i0.wp.com\/ismaelcolosi.com.br\/wp-content\/uploads\/2023\/12\/postimg-656a4c1d32d277356.jpg?fit=1200%2C628&ssl=1&resize=350%2C200 1x, https:\/\/i0.wp.com\/ismaelcolosi.com.br\/wp-content\/uploads\/2023\/12\/postimg-656a4c1d32d277356.jpg?fit=1200%2C628&ssl=1&resize=525%2C300 1.5x, https:\/\/i0.wp.com\/ismaelcolosi.com.br\/wp-content\/uploads\/2023\/12\/postimg-656a4c1d32d277356.jpg?fit=1200%2C628&ssl=1&resize=700%2C400 2x, https:\/\/i0.wp.com\/ismaelcolosi.com.br\/wp-content\/uploads\/2023\/12\/postimg-656a4c1d32d277356.jpg?fit=1200%2C628&ssl=1&resize=1050%2C600 3x"},"classes":[]},{"id":20546,"url":"https:\/\/ismaelcolosi.com.br\/index.php\/2023\/12\/25\/quem-e-a-familia-que-perdeu-a-vida-em-acidente-de-carro-a-caminho-de-brasilia-identidades-sao-divulgadas\/","url_meta":{"origin":10716,"position":2},"title":"Quem \u00e9 a fam\u00edlia que perdeu a vida em acidente de carro a caminho de Bras\u00edlia; identidades s\u00e3o divulgadas","author":"ismaelcolosi.com.br","date":"25 de December de 2023","format":false,"excerpt":"Um grave acidente acabou resultando na morte de quatro pessoas de uma mesma fam\u00edlia no \u00faltimo final de semana na BR-020. As v\u00edtimas eram um homem, a esposa e os dois filhos pequenos, que n\u00e3o resistiram aos ferimentos.O acidente ocorreu em um trecho da cidade de Correntina, que fica situada\u2026","rel":"","context":"In &quot;Blog&quot;","block_context":{"text":"Blog","link":"https:\/\/ismaelcolosi.com.br\/index.php\/category\/blog\/"},"img":{"alt_text":"","src":"https:\/\/i0.wp.com\/ismaelcolosi.com.br\/wp-content\/uploads\/2023\/12\/postimg-6589fa0401c742453.jpg?fit=1200%2C628&ssl=1&resize=350%2C200","width":350,"height":200,"srcset":"https:\/\/i0.wp.com\/ismaelcolosi.com.br\/wp-content\/uploads\/2023\/12\/postimg-6589fa0401c742453.jpg?fit=1200%2C628&ssl=1&resize=350%2C200 1x, https:\/\/i0.wp.com\/ismaelcolosi.com.br\/wp-content\/uploads\/2023\/12\/postimg-6589fa0401c742453.jpg?fit=1200%2C628&ssl=1&resize=525%2C300 1.5x, https:\/\/i0.wp.com\/ismaelcolosi.com.br\/wp-content\/uploads\/2023\/12\/postimg-6589fa0401c742453.jpg?fit=1200%2C628&ssl=1&resize=700%2C400 2x, https:\/\/i0.wp.com\/ismaelcolosi.com.br\/wp-content\/uploads\/2023\/12\/postimg-6589fa0401c742453.jpg?fit=1200%2C628&ssl=1&resize=1050%2C600 3x"},"classes":[]},{"id":28870,"url":"https:\/\/ismaelcolosi.com.br\/index.php\/2024\/01\/16\/quem-eram-mae-e-filho-que-perderam-a-vida-em-grave-acidente-na-br-282\/","url_meta":{"origin":10716,"position":3},"title":"Quem eram m\u00e3e e filho que perderam a vida em grave acidente na BR-282","author":"ismaelcolosi.com.br","date":"16 de January de 2024","format":false,"excerpt":"No fim da manh\u00e3 desta ter\u00e7a-feira (16), um grave acidente que teve como cen\u00e1rio a rodovia BR-282, que provocou uma enorme trag\u00e9dia deixando uma fam\u00edlia de luto.O acidente envolvendo um carro e um caminh\u00e3o na BR-282, na altura do munic\u00edpio de Ponte Serrada, que fica localizado no interior do estado\u2026","rel":"","context":"In &quot;Blog&quot;","block_context":{"text":"Blog","link":"https:\/\/ismaelcolosi.com.br\/index.php\/category\/blog\/"},"img":{"alt_text":"","src":"https:\/\/i0.wp.com\/ismaelcolosi.com.br\/wp-content\/uploads\/2024\/01\/postimg-65a722b4e05c58716.jpg?fit=1200%2C628&ssl=1&resize=350%2C200","width":350,"height":200,"srcset":"https:\/\/i0.wp.com\/ismaelcolosi.com.br\/wp-content\/uploads\/2024\/01\/postimg-65a722b4e05c58716.jpg?fit=1200%2C628&ssl=1&resize=350%2C200 1x, https:\/\/i0.wp.com\/ismaelcolosi.com.br\/wp-content\/uploads\/2024\/01\/postimg-65a722b4e05c58716.jpg?fit=1200%2C628&ssl=1&resize=525%2C300 1.5x, https:\/\/i0.wp.com\/ismaelcolosi.com.br\/wp-content\/uploads\/2024\/01\/postimg-65a722b4e05c58716.jpg?fit=1200%2C628&ssl=1&resize=700%2C400 2x, https:\/\/i0.wp.com\/ismaelcolosi.com.br\/wp-content\/uploads\/2024\/01\/postimg-65a722b4e05c58716.jpg?fit=1200%2C628&ssl=1&resize=1050%2C600 3x"},"classes":[]},{"id":19031,"url":"https:\/\/ismaelcolosi.com.br\/index.php\/2023\/12\/21\/duas-irmas-perdem-a-vida-em-grave-acidente-na-lmg-754\/","url_meta":{"origin":10716,"position":4},"title":"Duas irm\u00e3s perdem a vida em grave acidente na LMG-754","author":"ismaelcolosi.com.br","date":"21 de December de 2023","format":false,"excerpt":"Na madrugada desta quinta-feira (21), um grave acidente entre um carro e uma carreta ceifou a vida de duas irm\u00e3s. Duas irm\u00e3s, ambas na faixa et\u00e1ria de 65 e 70 anos, perderam a vida em um grave acidente.A batida envolveu um autom\u00f3vel e uma carreta na rodovia LMG-754, em um\u2026","rel":"","context":"In &quot;Blog&quot;","block_context":{"text":"Blog","link":"https:\/\/ismaelcolosi.com.br\/index.php\/category\/blog\/"},"img":{"alt_text":"","src":"https:\/\/i0.wp.com\/ismaelcolosi.com.br\/wp-content\/uploads\/2023\/12\/postimg-658480337bb086849.jpg?fit=1200%2C628&ssl=1&resize=350%2C200","width":350,"height":200,"srcset":"https:\/\/i0.wp.com\/ismaelcolosi.com.br\/wp-content\/uploads\/2023\/12\/postimg-658480337bb086849.jpg?fit=1200%2C628&ssl=1&resize=350%2C200 1x, https:\/\/i0.wp.com\/ismaelcolosi.com.br\/wp-content\/uploads\/2023\/12\/postimg-658480337bb086849.jpg?fit=1200%2C628&ssl=1&resize=525%2C300 1.5x, https:\/\/i0.wp.com\/ismaelcolosi.com.br\/wp-content\/uploads\/2023\/12\/postimg-658480337bb086849.jpg?fit=1200%2C628&ssl=1&resize=700%2C400 2x, https:\/\/i0.wp.com\/ismaelcolosi.com.br\/wp-content\/uploads\/2023\/12\/postimg-658480337bb086849.jpg?fit=1200%2C628&ssl=1&resize=1050%2C600 3x"},"classes":[]},{"id":27158,"url":"https:\/\/ismaelcolosi.com.br\/index.php\/2024\/01\/11\/colisao-entre-carreta-e-caminhonete-deixa-vitimas-fatais-e-rastro-de-destruicao\/","url_meta":{"origin":10716,"position":5},"title":"Colis\u00e3o entre carreta e caminhonete deixa v\u00edtimas fatais e rastro de destrui\u00e7\u00e3o","author":"ismaelcolosi.com.br","date":"11 de January de 2024","format":false,"excerpt":"Um grave acidente que deixou v\u00edtimas fatais e um cen\u00e1rio de completa destrui\u00e7\u00e3o teve como cen\u00e1rio a rodovia BR-267. A colis\u00e3o brutal ocorreu na tarde da \u00faltima ter\u00e7a-feira (9).O acidente aconteceu na BR-267 resultou na perda de tr\u00eas vidas na altura de Nova Casa Verde, distrito do munic\u00edpio de Nova\u2026","rel":"","context":"In &quot;Blog&quot;","block_context":{"text":"Blog","link":"https:\/\/ismaelcolosi.com.br\/index.php\/category\/blog\/"},"img":{"alt_text":"","src":"https:\/\/i0.wp.com\/ismaelcolosi.com.br\/wp-content\/uploads\/2024\/01\/postimg-65a02f7564a532958.jpg?fit=1200%2C628&ssl=1&resize=350%2C200","width":350,"height":200,"srcset":"https:\/\/i0.wp.com\/ismaelcolosi.com.br\/wp-content\/uploads\/2024\/01\/postimg-65a02f7564a532958.jpg?fit=1200%2C628&ssl=1&resize=350%2C200 1x, https:\/\/i0.wp.com\/ismaelcolosi.com.br\/wp-content\/uploads\/2024\/01\/postimg-65a02f7564a532958.jpg?fit=1200%2C628&ssl=1&resize=525%2C300 1.5x, https:\/\/i0.wp.com\/ismaelcolosi.com.br\/wp-content\/uploads\/2024\/01\/postimg-65a02f7564a532958.jpg?fit=1200%2C628&ssl=1&resize=700%2C400 2x, https:\/\/i0.wp.com\/ismaelcolosi.com.br\/wp-content\/uploads\/2024\/01\/postimg-65a02f7564a532958.jpg?fit=1200%2C628&ssl=1&resize=1050%2C600 3x"},"classes":[]}],"jetpack_sharing_enabled":true,"jetpack_shortlink":"https:\/\/wp.me\/pfMlyK-2MQ","_links":{"self":[{"href":"https:\/\/ismaelcolosi.com.br\/index.php\/wp-json\/wp\/v2\/posts\/10716","targetHints":{"allow":["GET"]}}],"collection":[{"href":"https:\/\/ismaelcolosi.com.br\/index.php\/wp-json\/wp\/v2\/posts"}],"about":[{"href":"https:\/\/ismaelcolosi.com.br\/index.php\/wp-json\/wp\/v2\/types\/post"}],"author":[{"embeddable":true,"href":"https:\/\/ismaelcolosi.com.br\/index.php\/wp-json\/wp\/v2\/users\/1"}],"replies":[{"embeddable":true,"href":"https:\/\/ismaelcolosi.com.br\/index.php\/wp-json\/wp\/v2\/comments?post=10716"}],"version-history":[{"count":0,"href":"https:\/\/ismaelcolosi.com.br\/index.php\/wp-json\/wp\/v2\/posts\/10716\/revisions"}],"wp:featuredmedia":[{"embeddable":true,"href":"https:\/\/ismaelcolosi.com.br\/index.php\/wp-json\/wp\/v2\/media\/10717"}],"wp:attachment":[{"href":"https:\/\/ismaelcolosi.com.br\/index.php\/wp-json\/wp\/v2\/media?parent=10716"}],"wp:term":[{"taxonomy":"category","embeddable":true,"href":"https:\/\/ismaelcolosi.com.br\/index.php\/wp-json\/wp\/v2\/categories?post=10716"},{"taxonomy":"post_tag","embeddable":true,"href":"https:\/\/ismaelcolosi.com.br\/index.php\/wp-json\/wp\/v2\/tags?post=10716"}],"curies":[{"name":"wp","href":"https:\/\/api.w.org\/{rel}","templated":true}]}}