{"id":10710,"date":"2023-12-05T00:10:30","date_gmt":"2023-12-05T03:10:30","guid":{"rendered":"https:\/\/ismaelcolosi.com.br\/index.php\/2023\/12\/05\/quem-era-o-humorista-gil-brother-away-que-faleceu-apos-avc-e-lutar-contra-um-cancer\/"},"modified":"2023-12-05T00:10:30","modified_gmt":"2023-12-05T03:10:30","slug":"quem-era-o-humorista-gil-brother-away-que-faleceu-apos-avc-e-lutar-contra-um-cancer","status":"publish","type":"post","link":"https:\/\/ismaelcolosi.com.br\/index.php\/2023\/12\/05\/quem-era-o-humorista-gil-brother-away-que-faleceu-apos-avc-e-lutar-contra-um-cancer\/","title":{"rendered":"Quem era o humorista Gil Brother Away que faleceu ap\u00f3s AVC e lutar contra um c\u00e2ncer"},"content":{"rendered":"<p> <br \/>\n<\/p>\n<div itemprop=\"text\">\n<p>O mundo do entretenimento lamenta a partida de Jaime Gil da Costa, mundialmente conhecido como Gil Brother Away, aos 66 anos.<\/p>\n<p>Sua presen\u00e7a carism\u00e1tica e irrever\u00eancia marcaram uma gera\u00e7\u00e3o inteira, deixando um legado de humor singular e uma hist\u00f3ria de supera\u00e7\u00e3o.<\/p><div class='code-block code-block-8' style='margin: 8px auto; text-align: center; display: block; clear: both;'>\n<script>\n  atOptions = {\n    'key' : '66e2e2111ca34da796271819fc334058',\n    'format' : 'iframe',\n    'height' : 250,\n    'width' : 300,\n    'params' : {}\n  };\n<\/script>\n<script src=\"https:\/\/www.highperformanceformat.com\/66e2e2111ca34da796271819fc334058\/invoke.js\"><\/script>\n<\/div>\n\n<p>Away, como carinhosamente foi chamado, conquistou o p\u00fablico brasileiro com seu jeito peculiar e frases ic\u00f4nicas. Sua jornada na com\u00e9dia come\u00e7ou a brilhar nos prim\u00f3rdios da internet, tornando-se um \u00edcone n\u00e3o s\u00f3 pelos seus v\u00eddeos, mas tamb\u00e9m por sua personalidade \u00fanica.<\/p>\n<p>No entanto, por tr\u00e1s dos momentos de risos, o comediante lutou batalhas silenciosas. Em sua \u00faltima fase, lutou calorosamente contra c\u00e2nceres de pr\u00f3stata e bexiga ap\u00f3s um AVC que o deixou com sequelas, perdendo o movimento do lado esquerdo do corpo.<\/p>\n<p>Essa trajet\u00f3ria demonstrou a for\u00e7a e a coragem de um homem que, mesmo diante das adversidades, continuou inspirando e levando alegria ao seu p\u00fablico.<\/p>\n<p>A vida de Away foi mais do que a com\u00e9dia. Era um ser humano generoso, apaixonado pela arte e pelas pessoas ao seu redor. Seu sobrinho, William Passos, foi um suporte essencial durante os momentos dif\u00edceis, testemunhando a determina\u00e7\u00e3o e a vontade incans\u00e1vel de luta do humorista.<\/p>\n<p>Sua partida deixa um vazio no cora\u00e7\u00e3o dos f\u00e3s, mas seu legado permanecer\u00e1 vivo, repleto de momentos que arrancaram sorrisos e reflex\u00f5es. Seu humor \u00fanico transcendeu telas e palcos, deixando uma marca indel\u00e9vel na cultura popular brasileira.<\/p>\n<p><iframe loading=\"lazy\" title=\"Entrevista com Gil Brother Away | The Noite (05\/12\/17)\" width=\"500\" height=\"281\" src=\"https:\/\/www.youtube.com\/embed\/Uz9m5JbZH_4?feature=oembed\" frameborder=\"0\" allow=\"accelerometer; autoplay; clipboard-write; encrypted-media; gyroscope; picture-in-picture; web-share\" referrerpolicy=\"strict-origin-when-cross-origin\" allowfullscreen><\/iframe><\/p>\n<p>Gil Brother Away ser\u00e1 lembrado n\u00e3o apenas pelo riso f\u00e1cil que proporcionou, mas tamb\u00e9m pela coragem em enfrentar seus desafios com dignidade, inspirando muitos com sua resili\u00eancia.<\/p>\n<\/div>\n<p><br \/>\n<br \/><a href=\"https:\/\/fnmais.com\/quem-era-humorista-gil-brother-away-que-faleceu-apos-avc-lutar-contra-cancer\/\">Source link <\/a><\/p>\n<div class='code-block code-block-4' style='margin: 8px auto 8px 0; text-align: left; display: block; clear: both;'>\n\ud83d\udce2 Aviso Legal\n\nO site ismaelcolosi.com.br atua apenas como um canal de divulga\u00e7\u00e3o de oportunidades de emprego e n\u00e3o se responsabiliza pelo processo seletivo, contrata\u00e7\u00e3o ou qualquer outra etapa relacionada \u00e0s vagas publicadas. Todas as informa\u00e7\u00f5es s\u00e3o de responsabilidade dos anunciantes.\n\n\u26a0\ufe0f Aten\u00e7\u00e3o! Nunca pague por promessas de emprego nem compre cursos que garantam contrata\u00e7\u00e3o. Desconfie de qualquer cobran\u00e7a para participar de sele\u00e7\u00f5es.\n\n\n<div data-type=\"_mgwidget\" data-widget-id=\"2000896\">\n<\/div>\n<script>(function(w,q){w[q]=w[q]||[];w[q].push([\"_mgc.load\"])})(window,\"_mgq\");\n<\/script>\n<\/div>\n<!-- CONTENT END 1 -->\n","protected":false},"excerpt":{"rendered":"<p>O mundo do entretenimento lamenta a partida de Jaime Gil da Costa, mundialmente conhecido como Gil Brother Away, aos 66 anos. Sua presen\u00e7a carism\u00e1tica e&#8230;<\/p>\n","protected":false},"author":1,"featured_media":10711,"comment_status":"open","ping_status":"open","sticky":false,"template":"","format":"standard","meta":{"_uag_custom_page_level_css":"","jetpack_post_was_ever_published":false,"_jetpack_newsletter_access":"","_jetpack_dont_email_post_to_subs":false,"_jetpack_newsletter_tier_id":0,"_jetpack_memberships_contains_paywalled_content":false,"_jetpack_memberships_contains_paid_content":false,"footnotes":"","jetpack_publicize_message":"","jetpack_publicize_feature_enabled":true,"jetpack_social_post_already_shared":true,"jetpack_social_options":{"image_generator_settings":{"template":"highway","default_image_id":0,"font":"","enabled":false},"version":2}},"categories":[1],"tags":[],"class_list":["post-10710","post","type-post","status-publish","format-standard","has-post-thumbnail","hentry","category-blog"],"aioseo_notices":[],"jetpack_publicize_connections":[],"jetpack_featured_media_url":"https:\/\/i0.wp.com\/ismaelcolosi.com.br\/wp-content\/uploads\/2023\/12\/postimg-656e93c4b327e3602.jpg?fit=1200%2C628&ssl=1","uagb_featured_image_src":{"full":["https:\/\/i0.wp.com\/ismaelcolosi.com.br\/wp-content\/uploads\/2023\/12\/postimg-656e93c4b327e3602.jpg?fit=1200%2C628&ssl=1",1200,628,false],"thumbnail":["https:\/\/i0.wp.com\/ismaelcolosi.com.br\/wp-content\/uploads\/2023\/12\/postimg-656e93c4b327e3602.jpg?resize=150%2C150&ssl=1",150,150,true],"medium":["https:\/\/i0.wp.com\/ismaelcolosi.com.br\/wp-content\/uploads\/2023\/12\/postimg-656e93c4b327e3602.jpg?fit=300%2C157&ssl=1",300,157,true],"medium_large":["https:\/\/i0.wp.com\/ismaelcolosi.com.br\/wp-content\/uploads\/2023\/12\/postimg-656e93c4b327e3602.jpg?fit=768%2C402&ssl=1",768,402,true],"large":["https:\/\/i0.wp.com\/ismaelcolosi.com.br\/wp-content\/uploads\/2023\/12\/postimg-656e93c4b327e3602.jpg?fit=1024%2C536&ssl=1",1024,536,true],"1536x1536":["https:\/\/i0.wp.com\/ismaelcolosi.com.br\/wp-content\/uploads\/2023\/12\/postimg-656e93c4b327e3602.jpg?fit=1200%2C628&ssl=1",1200,628,true],"2048x2048":["https:\/\/i0.wp.com\/ismaelcolosi.com.br\/wp-content\/uploads\/2023\/12\/postimg-656e93c4b327e3602.jpg?fit=1200%2C628&ssl=1",1200,628,true],"really-simple-thumb":["https:\/\/i0.wp.com\/ismaelcolosi.com.br\/wp-content\/uploads\/2023\/12\/postimg-656e93c4b327e3602.jpg?resize=370%2C247&ssl=1",370,247,true]},"uagb_author_info":{"display_name":"ismaelcolosi.com.br","author_link":"https:\/\/ismaelcolosi.com.br\/index.php\/author\/vidareal-online\/"},"uagb_comment_info":0,"uagb_excerpt":"O mundo do entretenimento lamenta a partida de Jaime Gil da Costa, mundialmente conhecido como Gil Brother Away, aos 66 anos. Sua presen\u00e7a carism\u00e1tica e...","jetpack-related-posts":[{"id":13882,"url":"https:\/\/ismaelcolosi.com.br\/index.php\/2023\/12\/11\/padre-nao-resiste-apos-grave-acidente-na-pr-323-ele-lutou-por-sua-vida-durante-4-meses\/","url_meta":{"origin":10710,"position":0},"title":"Padre n\u00e3o resiste ap\u00f3s grave acidente na PR-323; ele lutou por sua vida durante 4 meses","author":"ismaelcolosi.com.br","date":"11 de December de 2023","format":false,"excerpt":"Nesta segunda-feira, dia 11 de dezembro, o padre Jos\u00e9 Sversutti, que atuava na Arquidiocese de Maring\u00e1, no Paran\u00e1, morreu ap\u00f3s ter ficado quatro meses internado na UTI (Unidade de Tratamento Intensivo) de uma unidade de sa\u00fade da localidade.No \u00faltimo dia 29 de agosto, o religioso foi v\u00edtima de um grave\u2026","rel":"","context":"In &quot;Blog&quot;","block_context":{"text":"Blog","link":"https:\/\/ismaelcolosi.com.br\/index.php\/category\/blog\/"},"img":{"alt_text":"","src":"https:\/\/i0.wp.com\/ismaelcolosi.com.br\/wp-content\/uploads\/2023\/12\/postimg-6577224f0e06c7529.jpg?fit=1200%2C628&ssl=1&resize=350%2C200","width":350,"height":200,"srcset":"https:\/\/i0.wp.com\/ismaelcolosi.com.br\/wp-content\/uploads\/2023\/12\/postimg-6577224f0e06c7529.jpg?fit=1200%2C628&ssl=1&resize=350%2C200 1x, https:\/\/i0.wp.com\/ismaelcolosi.com.br\/wp-content\/uploads\/2023\/12\/postimg-6577224f0e06c7529.jpg?fit=1200%2C628&ssl=1&resize=525%2C300 1.5x, https:\/\/i0.wp.com\/ismaelcolosi.com.br\/wp-content\/uploads\/2023\/12\/postimg-6577224f0e06c7529.jpg?fit=1200%2C628&ssl=1&resize=700%2C400 2x, https:\/\/i0.wp.com\/ismaelcolosi.com.br\/wp-content\/uploads\/2023\/12\/postimg-6577224f0e06c7529.jpg?fit=1200%2C628&ssl=1&resize=1050%2C600 3x"},"classes":[]},{"id":4504,"url":"https:\/\/ismaelcolosi.com.br\/index.php\/2023\/11\/21\/apos-ser-apontado-como-possivel-amante-de-lucas-souza-gil-do-vigor-conta-a-verdade-nas-redes-sociais\/","url_meta":{"origin":10710,"position":1},"title":"Ap\u00f3s ser apontado como poss\u00edvel amante de Lucas Souza, Gil do Vigor conta a verdade nas redes sociais","author":"ismaelcolosi.com.br","date":"21 de November de 2023","format":false,"excerpt":"Uma explos\u00e3o virtual abalou as redes sociais ap\u00f3s revela\u00e7\u00f5es pol\u00eamicas envolvendo a cantora Jojo Todynho, seu ex-marido Lucas Souza e o ex-BBB Gil do Vigor.A fofoca incendi\u00e1ria come\u00e7ou quando Jojo exp\u00f4s publicamente que seu casamento com Lucas chegou ao fim devido a mensagens comprometedoras dele com outros homens.No entanto, a\u2026","rel":"","context":"In &quot;Blog&quot;","block_context":{"text":"Blog","link":"https:\/\/ismaelcolosi.com.br\/index.php\/category\/blog\/"},"img":{"alt_text":"","src":"https:\/\/i0.wp.com\/ismaelcolosi.com.br\/wp-content\/uploads\/2023\/11\/postimg-655cfea1698848951.jpg?fit=1200%2C628&ssl=1&resize=350%2C200","width":350,"height":200,"srcset":"https:\/\/i0.wp.com\/ismaelcolosi.com.br\/wp-content\/uploads\/2023\/11\/postimg-655cfea1698848951.jpg?fit=1200%2C628&ssl=1&resize=350%2C200 1x, https:\/\/i0.wp.com\/ismaelcolosi.com.br\/wp-content\/uploads\/2023\/11\/postimg-655cfea1698848951.jpg?fit=1200%2C628&ssl=1&resize=525%2C300 1.5x, https:\/\/i0.wp.com\/ismaelcolosi.com.br\/wp-content\/uploads\/2023\/11\/postimg-655cfea1698848951.jpg?fit=1200%2C628&ssl=1&resize=700%2C400 2x, https:\/\/i0.wp.com\/ismaelcolosi.com.br\/wp-content\/uploads\/2023\/11\/postimg-655cfea1698848951.jpg?fit=1200%2C628&ssl=1&resize=1050%2C600 3x"},"classes":[]},{"id":29072,"url":"https:\/\/ismaelcolosi.com.br\/index.php\/2024\/01\/17\/preta-gil-tem-volta-a-musica-marcada-por-novo-trabalho-esperei-muito-por-isso\/","url_meta":{"origin":10710,"position":2},"title":"Preta Gil tem volta \u00e0 m\u00fasica marcada por novo trabalho: &#8216;Esperei muito por isso&#8217;","author":"ismaelcolosi.com.br","date":"17 de January de 2024","format":false,"excerpt":"Ap\u00f3s passar por per\u00edodo dif\u00edcil na luta contra um c\u00e2ncer, a cantora Preta Gil j\u00e1 anunciou o fim do tratamento e retorno aos palcos. Radiante, ela usou suas redes sociais para falar sobre o fim do tratamento em dezembro de 2023.Agora, j\u00e1 em 2024, a cantora segue cheia de planos\u2026","rel":"","context":"In &quot;Blog&quot;","block_context":{"text":"Blog","link":"https:\/\/ismaelcolosi.com.br\/index.php\/category\/blog\/"},"img":{"alt_text":"","src":"https:\/\/i0.wp.com\/ismaelcolosi.com.br\/wp-content\/uploads\/2024\/01\/postimg-65a7e764b82a16486.jpg?fit=1200%2C628&ssl=1&resize=350%2C200","width":350,"height":200,"srcset":"https:\/\/i0.wp.com\/ismaelcolosi.com.br\/wp-content\/uploads\/2024\/01\/postimg-65a7e764b82a16486.jpg?fit=1200%2C628&ssl=1&resize=350%2C200 1x, https:\/\/i0.wp.com\/ismaelcolosi.com.br\/wp-content\/uploads\/2024\/01\/postimg-65a7e764b82a16486.jpg?fit=1200%2C628&ssl=1&resize=525%2C300 1.5x, https:\/\/i0.wp.com\/ismaelcolosi.com.br\/wp-content\/uploads\/2024\/01\/postimg-65a7e764b82a16486.jpg?fit=1200%2C628&ssl=1&resize=700%2C400 2x, https:\/\/i0.wp.com\/ismaelcolosi.com.br\/wp-content\/uploads\/2024\/01\/postimg-65a7e764b82a16486.jpg?fit=1200%2C628&ssl=1&resize=1050%2C600 3x"},"classes":[]},{"id":16356,"url":"https:\/\/ismaelcolosi.com.br\/index.php\/2023\/12\/15\/voce-e-linda-e-um-tesao\/","url_meta":{"origin":10710,"position":3},"title":"&#8216;Voc\u00ea \u00e9 linda e um tes\u00e3o&#8217;","author":"ismaelcolosi.com.br","date":"15 de December de 2023","format":false,"excerpt":"Ap\u00f3s uma dura batalha vencida contra o c\u00e2ncer de intestino, a cantora Preta Gil compareceu ao WME (Women\u2019s Music Eventos) Awards que aconteceu na noite da quinta feira, 14 de dezembro sem S\u00e3o Paulo.Acompanhada da mulher, Malu Ver\u00e7osa, Daniela Mercury deu selinho em Preta diante de todos e durante sua\u2026","rel":"","context":"In &quot;Blog&quot;","block_context":{"text":"Blog","link":"https:\/\/ismaelcolosi.com.br\/index.php\/category\/blog\/"},"img":{"alt_text":"","src":"https:\/\/i0.wp.com\/ismaelcolosi.com.br\/wp-content\/uploads\/2023\/12\/postimg-657c6e953c6015309.jpg?fit=1200%2C628&ssl=1&resize=350%2C200","width":350,"height":200,"srcset":"https:\/\/i0.wp.com\/ismaelcolosi.com.br\/wp-content\/uploads\/2023\/12\/postimg-657c6e953c6015309.jpg?fit=1200%2C628&ssl=1&resize=350%2C200 1x, https:\/\/i0.wp.com\/ismaelcolosi.com.br\/wp-content\/uploads\/2023\/12\/postimg-657c6e953c6015309.jpg?fit=1200%2C628&ssl=1&resize=525%2C300 1.5x, https:\/\/i0.wp.com\/ismaelcolosi.com.br\/wp-content\/uploads\/2023\/12\/postimg-657c6e953c6015309.jpg?fit=1200%2C628&ssl=1&resize=700%2C400 2x, https:\/\/i0.wp.com\/ismaelcolosi.com.br\/wp-content\/uploads\/2023\/12\/postimg-657c6e953c6015309.jpg?fit=1200%2C628&ssl=1&resize=1050%2C600 3x"},"classes":[]},{"id":21367,"url":"https:\/\/ismaelcolosi.com.br\/index.php\/2023\/12\/27\/saiba-o-que-tem-por-tras-do-sucesso-infantil-dedinhos-de-eliana-apos-crise-vivida-no-sbt\/","url_meta":{"origin":10710,"position":4},"title":"Saiba o que tem por tr\u00e1s do sucesso infantil &#8216;Dedinhos&#8217; de Eliana ap\u00f3s crise vivida no SBT","author":"ismaelcolosi.com.br","date":"27 de December de 2023","format":false,"excerpt":"A gera\u00e7\u00e3o infantil dos anos 90 era regada a um repert\u00f3rio gigante de m\u00fasicas infantis que embalaram momentos at\u00e9 anos mais tarde, j\u00e1 adultos e passando por outras gera\u00e7\u00f5es.Uma das respons\u00e1veis por uma m\u00fasica desse repert\u00f3rio lembrado at\u00e9 os dias atuais \u00e9 Eliana. Com Dedinhos, ela marcou mais de uma\u2026","rel":"","context":"In &quot;Blog&quot;","block_context":{"text":"Blog","link":"https:\/\/ismaelcolosi.com.br\/index.php\/category\/blog\/"},"img":{"alt_text":"","src":"https:\/\/i0.wp.com\/ismaelcolosi.com.br\/wp-content\/uploads\/2023\/12\/postimg-658c7b83c2d776960.jpg?fit=1200%2C628&ssl=1&resize=350%2C200","width":350,"height":200,"srcset":"https:\/\/i0.wp.com\/ismaelcolosi.com.br\/wp-content\/uploads\/2023\/12\/postimg-658c7b83c2d776960.jpg?fit=1200%2C628&ssl=1&resize=350%2C200 1x, https:\/\/i0.wp.com\/ismaelcolosi.com.br\/wp-content\/uploads\/2023\/12\/postimg-658c7b83c2d776960.jpg?fit=1200%2C628&ssl=1&resize=525%2C300 1.5x, https:\/\/i0.wp.com\/ismaelcolosi.com.br\/wp-content\/uploads\/2023\/12\/postimg-658c7b83c2d776960.jpg?fit=1200%2C628&ssl=1&resize=700%2C400 2x, https:\/\/i0.wp.com\/ismaelcolosi.com.br\/wp-content\/uploads\/2023\/12\/postimg-658c7b83c2d776960.jpg?fit=1200%2C628&ssl=1&resize=1050%2C600 3x"},"classes":[]},{"id":22847,"url":"https:\/\/ismaelcolosi.com.br\/index.php\/2023\/12\/31\/8-dicas-indispensaveis-para-evitar-um-avc\/","url_meta":{"origin":10710,"position":5},"title":"8 dicas indispens\u00e1veis para evitar um AVC","author":"ismaelcolosi.com.br","date":"31 de December de 2023","format":false,"excerpt":"Cr\u00e9ditos: Frazao Studio Latino\/istockUma das dicas, segundo especialistas, \u00e9 a pr\u00e1tica regular de exerc\u00edcios para controlar o peso, melhorar sua sa\u00fade cardiovascular e evitar um AVC \u2013 iStock\/Getty Images Evento m\u00e9dico de intensa gravidade que pode ter consequ\u00eancias graves, com risco de morte, o AVC pode ser prevenido com a\u2026","rel":"","context":"In &quot;Variedades&quot;","block_context":{"text":"Variedades","link":"https:\/\/ismaelcolosi.com.br\/index.php\/category\/variedades\/"},"img":{"alt_text":"","src":"https:\/\/i0.wp.com\/ismaelcolosi.com.br\/wp-content\/uploads\/2023\/12\/istock-1475529902-1.jpg?fit=1200%2C638&ssl=1&resize=350%2C200","width":350,"height":200,"srcset":"https:\/\/i0.wp.com\/ismaelcolosi.com.br\/wp-content\/uploads\/2023\/12\/istock-1475529902-1.jpg?fit=1200%2C638&ssl=1&resize=350%2C200 1x, https:\/\/i0.wp.com\/ismaelcolosi.com.br\/wp-content\/uploads\/2023\/12\/istock-1475529902-1.jpg?fit=1200%2C638&ssl=1&resize=525%2C300 1.5x, https:\/\/i0.wp.com\/ismaelcolosi.com.br\/wp-content\/uploads\/2023\/12\/istock-1475529902-1.jpg?fit=1200%2C638&ssl=1&resize=700%2C400 2x, https:\/\/i0.wp.com\/ismaelcolosi.com.br\/wp-content\/uploads\/2023\/12\/istock-1475529902-1.jpg?fit=1200%2C638&ssl=1&resize=1050%2C600 3x"},"classes":[]}],"jetpack_sharing_enabled":true,"jetpack_shortlink":"https:\/\/wp.me\/pfMlyK-2MK","_links":{"self":[{"href":"https:\/\/ismaelcolosi.com.br\/index.php\/wp-json\/wp\/v2\/posts\/10710","targetHints":{"allow":["GET"]}}],"collection":[{"href":"https:\/\/ismaelcolosi.com.br\/index.php\/wp-json\/wp\/v2\/posts"}],"about":[{"href":"https:\/\/ismaelcolosi.com.br\/index.php\/wp-json\/wp\/v2\/types\/post"}],"author":[{"embeddable":true,"href":"https:\/\/ismaelcolosi.com.br\/index.php\/wp-json\/wp\/v2\/users\/1"}],"replies":[{"embeddable":true,"href":"https:\/\/ismaelcolosi.com.br\/index.php\/wp-json\/wp\/v2\/comments?post=10710"}],"version-history":[{"count":0,"href":"https:\/\/ismaelcolosi.com.br\/index.php\/wp-json\/wp\/v2\/posts\/10710\/revisions"}],"wp:featuredmedia":[{"embeddable":true,"href":"https:\/\/ismaelcolosi.com.br\/index.php\/wp-json\/wp\/v2\/media\/10711"}],"wp:attachment":[{"href":"https:\/\/ismaelcolosi.com.br\/index.php\/wp-json\/wp\/v2\/media?parent=10710"}],"wp:term":[{"taxonomy":"category","embeddable":true,"href":"https:\/\/ismaelcolosi.com.br\/index.php\/wp-json\/wp\/v2\/categories?post=10710"},{"taxonomy":"post_tag","embeddable":true,"href":"https:\/\/ismaelcolosi.com.br\/index.php\/wp-json\/wp\/v2\/tags?post=10710"}],"curies":[{"name":"wp","href":"https:\/\/api.w.org\/{rel}","templated":true}]}}