{"id":10708,"date":"2023-12-05T00:05:51","date_gmt":"2023-12-05T03:05:51","guid":{"rendered":"https:\/\/ismaelcolosi.com.br\/index.php\/2023\/12\/05\/29-producoes-saem-da-netflix-em-dezembro-e-voce-ainda-nao-assistiu\/"},"modified":"2023-12-05T00:05:51","modified_gmt":"2023-12-05T03:05:51","slug":"29-producoes-saem-da-netflix-em-dezembro-e-voce-ainda-nao-assistiu","status":"publish","type":"post","link":"https:\/\/ismaelcolosi.com.br\/index.php\/2023\/12\/05\/29-producoes-saem-da-netflix-em-dezembro-e-voce-ainda-nao-assistiu\/","title":{"rendered":"29 produ\u00e7\u00f5es saem da Netflix em dezembro e voc\u00ea ainda n\u00e3o assistiu"},"content":{"rendered":"<p> <br \/>\n<\/p>\n<div>\n<div id=\"attachment_2314715\" class=\"wp-caption alignnone\">\n<div class=\"d-flex justify-content-center\" data-attachment-id=\"2314715\">\n<div class=\"position-relative d-inline-block\"><img data-recalc-dims=\"1\" data-portal-copyright=\"Depositphotos\/nardi.bk.ru\" fetchpriority=\"high\" decoding=\"async\" class=\"size-full wp-image-2314715\" src=\"https:\/\/i0.wp.com\/catracalivre.com.br\/wp-content\/uploads\/2023\/11\/depositphotos-522622378-xl-scaled.jpg?resize=2560%2C1703&#038;ssl=1\" alt=\"Produ\u00e7\u00f5es que saem da Netflix em dezembro\" width=\"2560\" height=\"1703\" srcset=\"https:\/\/catracalivre.com.br\/wp-content\/uploads\/2023\/11\/depositphotos-522622378-xl-scaled.jpg 2560w, https:\/\/catracalivre.com.br\/wp-content\/uploads\/2023\/11\/depositphotos-522622378-xl-450x299.jpg 450w, https:\/\/catracalivre.com.br\/wp-content\/uploads\/2023\/11\/depositphotos-522622378-xl-768x511.jpg 768w\" sizes=\"(max-width: 2560px) 100vw, 2560px\"\/><\/p>\n<p>Cr\u00e9ditos: Depositphotos\/nardi.bk.ru<\/p><div class='code-block code-block-8' style='margin: 8px auto; text-align: center; display: block; clear: both;'>\n<script>\n  atOptions = {\n    'key' : '66e2e2111ca34da796271819fc334058',\n    'format' : 'iframe',\n    'height' : 250,\n    'width' : 300,\n    'params' : {}\n  };\n<\/script>\n<script src=\"https:\/\/www.highperformanceformat.com\/66e2e2111ca34da796271819fc334058\/invoke.js\"><\/script>\n<\/div>\n\n<\/div>\n<\/div>\n<p><span class=\"post-imagem__legenda\">Produ\u00e7\u00f5es que saem da Netflix em dezembro<\/span><\/p>\n<\/div>\n<p>O fim de 2023 est\u00e1 pr\u00f3ximo, assim como o tempo de alguns <a href=\"https:\/\/catracalivre.com.br\/tag\/filmes\/\" target=\"_blank\" rel=\"noopener\">filmes<\/a>,\u00a0<a href=\"https:\/\/catracalivre.com.br\/tag\/documentario\/\" target=\"_blank\" rel=\"noopener\">document\u00e1rios<\/a>\u00a0e\u00a0<a href=\"https:\/\/catracalivre.com.br\/tag\/serie\/\" target=\"_blank\" rel=\"noopener\">s\u00e9ries<\/a> no cat\u00e1logo da\u00a0<a href=\"https:\/\/www.netflix.com\/browse\" target=\"_blank\" rel=\"noopener\">Netflix<\/a>. Isso porque mais de 20 produ\u00e7\u00f5es est\u00e3o com data marcada para deixar a plataforma.<\/p>\n<p>O mesmo processo ocorre todos os meses: novas produ\u00e7\u00f5es entram no cat\u00e1logo, enquanto outras saem. Dezembro n\u00e3o ser\u00e1 diferente e, logo no 1\u00ba dia do m\u00eas, 17 t\u00edtulos ficar\u00e3o indispon\u00edveis de uma s\u00f3 vez.<\/p>\n<h2>Por que a Netflix tira alguns filmes e s\u00e9ries do cat\u00e1logo?<\/h2>\n<p>A Netflix\u00a0<a href=\"https:\/\/catracalivre.com.br\/entretenimento\/13-filmes-e-series-deixarao-o-catalogo-da-netflix-ainda-em-outubro-veja-a-lista\/\" target=\"_blank\" rel=\"noopener\">licencia a maioria dos seus t\u00edtulos<\/a>\u00a0de diferentes est\u00fadios, exceto os originais da plataforma. Portanto, os acordos t\u00eam prazos de exibi\u00e7\u00e3o e, posteriormente, o <a href=\"https:\/\/catracalivre.com.br\/entretenimento\/producoes-chegam-a-netflix-nesta-semana\/\" target=\"_blank\" rel=\"noopener\">streaming<\/a> decide se quer renovar ou n\u00e3o.<\/p>\n<p>Por vezes a renova\u00e7\u00e3o n\u00e3o \u00e9 poss\u00edvel, pois outro servi\u00e7o de transmiss\u00e3o pode licenciar o t\u00edtulo de forma exclusiva. Al\u00e9m disso, a popularidade da produ\u00e7\u00e3o tamb\u00e9m conta quando a Netflix decide se vai custear ou n\u00e3o a renova\u00e7\u00e3o.<\/p>\n<p>Abaixo, confira a lista e presta aten\u00e7\u00e3o nas datas, pois elas representam os \u00faltimos dias para assistir \u00e0s produ\u00e7\u00f5es.<\/p>\n<div id=\"attachment_2314717\" class=\"wp-caption alignnone\">\n<div class=\"d-flex justify-content-center\" data-attachment-id=\"2314717\">\n<div class=\"position-relative d-inline-block\"><img data-recalc-dims=\"1\" loading=\"lazy\" data-portal-copyright=\"Reprodu\u00e7\u00e3o\/Sony Pictures \" decoding=\"async\" class=\"size-full wp-image-2314717\" src=\"https:\/\/i0.wp.com\/catracalivre.com.br\/wp-content\/uploads\/2023\/11\/a-mentira-filme.jpg?resize=1280%2C720&#038;ssl=1\" alt=\"\u201cA Mentira\u201d aparece na lista dos filmes que est\u00e3o de sa\u00edda da Netflix\" width=\"1280\" height=\"720\" srcset=\"https:\/\/catracalivre.com.br\/wp-content\/uploads\/2023\/11\/a-mentira-filme.jpg 1280w, https:\/\/catracalivre.com.br\/wp-content\/uploads\/2023\/11\/a-mentira-filme-450x253.jpg 450w, https:\/\/catracalivre.com.br\/wp-content\/uploads\/2023\/11\/a-mentira-filme-768x432.jpg 768w\" sizes=\"auto, (max-width: 1280px) 100vw, 1280px\"\/><\/p>\n<p>Cr\u00e9ditos: Reprodu\u00e7\u00e3o\/Sony Pictures <\/p>\n<\/div>\n<\/div>\n<p><span class=\"post-imagem__legenda\">\u201cA Mentira\u201d aparece na lista dos filmes que est\u00e3o de sa\u00edda da Netflix<\/span><\/p>\n<\/div>\n<hr\/>\n<h2>Produ\u00e7\u00f5es que deixam a Netflix em dezembro de 2023<\/h2>\n<p><strong>1\u00ba de dezembro<\/strong><\/p>\n<ul>\n<li>O Poderoso Chef\u00e3o (1972) \u2013 Filme<\/li>\n<li>The Guest (2018) \u2013 S\u00e9rie<\/li>\n<li>Millennium: Os Homens que N\u00e3o Amavam as Mulheres (2011) \u2013 Filme<\/li>\n<li>Sad Hill Unearthed (2017) \u2013 Document\u00e1rio<\/li>\n<li>O Pr\u00edncipe do Egito (1998) \u2013 Filme<\/li>\n<li>Esquadr\u00e3o Bizarro (2015) \u2013 S\u00e9rie<\/li>\n<li>Atirador (2007) \u2013 Filme<\/li>\n<li>A Mentira (2010) \u2013 Filme<\/li>\n<li>Um Sequestrador Apaixonado (2018) \u2013 Filme<\/li>\n<li>T\u00e1 Chovendo Hamb\u00farguer (2009) \u2013 Filme<\/li>\n<li>A Livraria (2017) \u2013 Filme<\/li>\n<li>Mary Shelley (2017) \u2013 Filme<\/li>\n<li>Assassinos substitutos (1998) \u2013 Filme<\/li>\n<li>Rainbow Time (2016) \u2013 Filme<\/li>\n<li>O Parque Dos Sonhos (2019) \u2013 Filme<\/li>\n<li>A Cinderella Story: Christmas Wish (2019) \u2013 Filme<\/li>\n<li>Vingan\u00e7a (2015) \u2013 Filme<\/li>\n<\/ul>\n<hr\/>\n<p><strong>2 de dezembro<\/strong><\/p>\n<ul>\n<li>For the Love of Spock (2016) \u2013 Document\u00e1rio<\/li>\n<\/ul>\n<hr\/>\n<p><strong>3 de dezembro<\/strong><\/p>\n<ul>\n<li>Brother in Love (2019) \u2013 Filme<\/li>\n<\/ul>\n<hr\/>\n<p><strong>5 de dezembro<\/strong><\/p>\n<ul>\n<li>Louvor \u00e0 Morte (2018) \u2013 S\u00e9rie<\/li>\n<\/ul>\n<hr\/>\n<p><strong>6 de dezembro<\/strong><\/p>\n<ul>\n<li>Zumbo\u2019s Just Desserts (2019) \u2013 S\u00e9rie<\/li>\n<\/ul>\n<hr\/>\n<p><strong>7 de dezembro<\/strong><\/p>\n<ul>\n<li>100 Days My Prince (2018) \u2013 S\u00e9rie<\/li>\n<\/ul>\n<hr\/>\n<p><strong>14 de dezembro<\/strong><\/p>\n<ul>\n<li>Nightflyers (2018) \u2013 S\u00e9rie<\/li>\n<\/ul>\n<hr\/>\n<p><strong>15 de dezembro<\/strong><\/p>\n<ul>\n<li>Psycho-Pass (2014) \u2013 Anime<\/li>\n<\/ul>\n<hr\/>\n<p><strong>16 de dezembro<\/strong><\/p>\n<ul>\n<li>Ashes of Love (2018) \u2013 S\u00e9rie<\/li>\n<\/ul>\n<hr\/>\n<p><strong>19 de dezembro<\/strong><\/p>\n<ul>\n<li>Era uma Segunda Vez (2019) \u2013 S\u00e9rie<\/li>\n<\/ul>\n<hr\/>\n<p><strong>22 de dezembro<\/strong><\/p>\n<ul>\n<li>Please Like Me (2016) \u2013 S\u00e9rie<\/li>\n<\/ul>\n<hr\/>\n<p><strong>26 de dezembro<\/strong><\/p>\n<hr\/>\n<p><strong>27 de dezembro<\/strong><\/p>\n<\/div>\n<p><script>\n\t\t! function(f, b, e, v, n, t, s) {\n\t\t\tif (f.fbq) return;\n\t\t\tn = f.fbq = function() {\n\t\t\t\tn.callMethod ?\n\t\t\t\t\tn.callMethod.apply(n, arguments) : n.queue.push(arguments)\n\t\t\t};\n\t\t\tif (!f._fbq) f._fbq = n;\n\t\t\tn.push = n;\n\t\t\tn.loaded = !0;\n\t\t\tn.version = '2.0';\n\t\t\tn.queue = [];\n\t\t\tt = b.createElement(e);\n\t\t\tt.async = !0;\n\t\t\tt.src = v;\n\t\t\ts = b.getElementsByTagName(e)[0];\n\t\t\ts.parentNode.insertBefore(t, s)\n\t\t}(window, document, 'script',\n\t\t\t'https:\/\/connect.facebook.net\/en_US\/fbevents.js');\n\t\tfbq('init', '338315473262380');\n\t\tfbq('track', 'PageView');\n\t<\/script><br \/>\n<br \/><br \/>\n<br \/><a href=\"https:\/\/catracalivre.com.br\/entretenimento\/29-producoes-saem-da-netflix-em-dezembro-e-voce-ainda-nao-assistiu\/\">Source link <\/a><\/p>\n<div class='code-block code-block-4' style='margin: 8px auto 8px 0; text-align: left; display: block; clear: both;'>\n\ud83d\udce2 Aviso Legal\n\nO site ismaelcolosi.com.br atua apenas como um canal de divulga\u00e7\u00e3o de oportunidades de emprego e n\u00e3o se responsabiliza pelo processo seletivo, contrata\u00e7\u00e3o ou qualquer outra etapa relacionada \u00e0s vagas publicadas. Todas as informa\u00e7\u00f5es s\u00e3o de responsabilidade dos anunciantes.\n\n\u26a0\ufe0f Aten\u00e7\u00e3o! Nunca pague por promessas de emprego nem compre cursos que garantam contrata\u00e7\u00e3o. Desconfie de qualquer cobran\u00e7a para participar de sele\u00e7\u00f5es.\n\n\n<div data-type=\"_mgwidget\" data-widget-id=\"2000896\">\n<\/div>\n<script>(function(w,q){w[q]=w[q]||[];w[q].push([\"_mgc.load\"])})(window,\"_mgq\");\n<\/script>\n<\/div>\n<!-- CONTENT END 1 -->\n","protected":false},"excerpt":{"rendered":"<p>Cr\u00e9ditos: Depositphotos\/nardi.bk.ru Produ\u00e7\u00f5es que saem da Netflix em dezembro O fim de 2023 est\u00e1 pr\u00f3ximo, assim como o tempo de alguns filmes,\u00a0document\u00e1rios\u00a0e\u00a0s\u00e9ries no cat\u00e1logo da\u00a0Netflix&#8230;.<\/p>\n","protected":false},"author":1,"featured_media":10709,"comment_status":"open","ping_status":"open","sticky":false,"template":"","format":"standard","meta":{"_uag_custom_page_level_css":"","jetpack_post_was_ever_published":false,"_jetpack_newsletter_access":"","_jetpack_dont_email_post_to_subs":false,"_jetpack_newsletter_tier_id":0,"_jetpack_memberships_contains_paywalled_content":false,"_jetpack_memberships_contains_paid_content":false,"footnotes":"","jetpack_publicize_message":"","jetpack_publicize_feature_enabled":true,"jetpack_social_post_already_shared":true,"jetpack_social_options":{"image_generator_settings":{"template":"highway","default_image_id":0,"font":"","enabled":false},"version":2}},"categories":[19],"tags":[],"class_list":["post-10708","post","type-post","status-publish","format-standard","has-post-thumbnail","hentry","category-variedades"],"aioseo_notices":[],"jetpack_publicize_connections":[],"jetpack_featured_media_url":"https:\/\/i0.wp.com\/ismaelcolosi.com.br\/wp-content\/uploads\/2023\/12\/depositphotos-522622378-xl-scaled.jpg?fit=1200%2C638&ssl=1","uagb_featured_image_src":{"full":["https:\/\/i0.wp.com\/ismaelcolosi.com.br\/wp-content\/uploads\/2023\/12\/depositphotos-522622378-xl-scaled.jpg?fit=1200%2C638&ssl=1",1200,638,false],"thumbnail":["https:\/\/i0.wp.com\/ismaelcolosi.com.br\/wp-content\/uploads\/2023\/12\/depositphotos-522622378-xl-scaled.jpg?resize=150%2C150&ssl=1",150,150,true],"medium":["https:\/\/i0.wp.com\/ismaelcolosi.com.br\/wp-content\/uploads\/2023\/12\/depositphotos-522622378-xl-scaled.jpg?fit=300%2C160&ssl=1",300,160,true],"medium_large":["https:\/\/i0.wp.com\/ismaelcolosi.com.br\/wp-content\/uploads\/2023\/12\/depositphotos-522622378-xl-scaled.jpg?fit=768%2C408&ssl=1",768,408,true],"large":["https:\/\/i0.wp.com\/ismaelcolosi.com.br\/wp-content\/uploads\/2023\/12\/depositphotos-522622378-xl-scaled.jpg?fit=1024%2C544&ssl=1",1024,544,true],"1536x1536":["https:\/\/i0.wp.com\/ismaelcolosi.com.br\/wp-content\/uploads\/2023\/12\/depositphotos-522622378-xl-scaled.jpg?fit=1200%2C638&ssl=1",1200,638,true],"2048x2048":["https:\/\/i0.wp.com\/ismaelcolosi.com.br\/wp-content\/uploads\/2023\/12\/depositphotos-522622378-xl-scaled.jpg?fit=1200%2C638&ssl=1",1200,638,true],"really-simple-thumb":["https:\/\/i0.wp.com\/ismaelcolosi.com.br\/wp-content\/uploads\/2023\/12\/depositphotos-522622378-xl-scaled.jpg?resize=370%2C247&ssl=1",370,247,true]},"uagb_author_info":{"display_name":"ismaelcolosi.com.br","author_link":"https:\/\/ismaelcolosi.com.br\/index.php\/author\/vidareal-online\/"},"uagb_comment_info":0,"uagb_excerpt":"Cr\u00e9ditos: Depositphotos\/nardi.bk.ru Produ\u00e7\u00f5es que saem da Netflix em dezembro O fim de 2023 est\u00e1 pr\u00f3ximo, assim como o tempo de alguns filmes,\u00a0document\u00e1rios\u00a0e\u00a0s\u00e9ries no cat\u00e1logo da\u00a0Netflix....","jetpack-related-posts":[{"id":5440,"url":"https:\/\/ismaelcolosi.com.br\/index.php\/2023\/11\/23\/estas-5-series-da-netflix-terao-uma-nova-temporada-em-dezembro\/","url_meta":{"origin":10708,"position":0},"title":"Estas 5 s\u00e9ries da Netflix ter\u00e3o uma nova temporada em dezembro","author":"ismaelcolosi.com.br","date":"23 de November de 2023","format":false,"excerpt":"Cr\u00e9ditos: DepositphotosS\u00e9ries da Netflix que ter\u00e3o nova temporada em dezembro Chamando todos os f\u00e3s! Algumas s\u00e9ries de sucesso da Netflix ganhar\u00e3o uma nova temporada no m\u00eas de dezembro, conforme a lista divulgada pela plataforma de streaming. Entre os destaques, os assinantes ter\u00e3o a \u00faltima parte da 6\u00aa temporada de \u201cThe\u2026","rel":"","context":"In &quot;Variedades&quot;","block_context":{"text":"Variedades","link":"https:\/\/ismaelcolosi.com.br\/index.php\/category\/variedades\/"},"img":{"alt_text":"","src":"https:\/\/i0.wp.com\/ismaelcolosi.com.br\/wp-content\/uploads\/2023\/11\/depositphotos-356995830-xl-scaled.jpg?fit=1200%2C638&ssl=1&resize=350%2C200","width":350,"height":200,"srcset":"https:\/\/i0.wp.com\/ismaelcolosi.com.br\/wp-content\/uploads\/2023\/11\/depositphotos-356995830-xl-scaled.jpg?fit=1200%2C638&ssl=1&resize=350%2C200 1x, https:\/\/i0.wp.com\/ismaelcolosi.com.br\/wp-content\/uploads\/2023\/11\/depositphotos-356995830-xl-scaled.jpg?fit=1200%2C638&ssl=1&resize=525%2C300 1.5x, https:\/\/i0.wp.com\/ismaelcolosi.com.br\/wp-content\/uploads\/2023\/11\/depositphotos-356995830-xl-scaled.jpg?fit=1200%2C638&ssl=1&resize=700%2C400 2x, https:\/\/i0.wp.com\/ismaelcolosi.com.br\/wp-content\/uploads\/2023\/11\/depositphotos-356995830-xl-scaled.jpg?fit=1200%2C638&ssl=1&resize=1050%2C600 3x"},"classes":[]},{"id":6723,"url":"https:\/\/ismaelcolosi.com.br\/index.php\/2023\/11\/26\/estas-15-series-estreiam-ainda-em-2023-no-catalogo-da-netflix\/","url_meta":{"origin":10708,"position":1},"title":"Estas 15 s\u00e9ries estreiam ainda em 2023 no cat\u00e1logo da Netflix","author":"ismaelcolosi.com.br","date":"26 de November de 2023","format":false,"excerpt":"Cr\u00e9ditos: Reprodu\u00e7\u00e3o\/NetflixS\u00e9ries que estreiam na Netflix ainda em 2023 Para fechar 2023 com chave de ouro, a Netflix divulgou a lista com os lan\u00e7amentos do m\u00eas de dezembro. Com isso, abaixo, voc\u00ea ver\u00e1 quais produ\u00e7\u00f5es estreiam at\u00e9 dia 31 de dezembro. O destaque fica com os novos epis\u00f3dios de \u201cVirgin\u2026","rel":"","context":"In &quot;Variedades&quot;","block_context":{"text":"Variedades","link":"https:\/\/ismaelcolosi.com.br\/index.php\/category\/variedades\/"},"img":{"alt_text":"","src":"https:\/\/i0.wp.com\/ismaelcolosi.com.br\/wp-content\/uploads\/2023\/11\/fotos-catraca-2023-11-23t225920206.png?fit=1200%2C638&ssl=1&resize=350%2C200","width":350,"height":200,"srcset":"https:\/\/i0.wp.com\/ismaelcolosi.com.br\/wp-content\/uploads\/2023\/11\/fotos-catraca-2023-11-23t225920206.png?fit=1200%2C638&ssl=1&resize=350%2C200 1x, https:\/\/i0.wp.com\/ismaelcolosi.com.br\/wp-content\/uploads\/2023\/11\/fotos-catraca-2023-11-23t225920206.png?fit=1200%2C638&ssl=1&resize=525%2C300 1.5x, https:\/\/i0.wp.com\/ismaelcolosi.com.br\/wp-content\/uploads\/2023\/11\/fotos-catraca-2023-11-23t225920206.png?fit=1200%2C638&ssl=1&resize=700%2C400 2x, https:\/\/i0.wp.com\/ismaelcolosi.com.br\/wp-content\/uploads\/2023\/11\/fotos-catraca-2023-11-23t225920206.png?fit=1200%2C638&ssl=1&resize=1050%2C600 3x"},"classes":[]},{"id":5340,"url":"https:\/\/ismaelcolosi.com.br\/index.php\/2023\/11\/23\/mais-de-30-filmes-e-series-chegam-a-netflix-em-dezembro-confira\/","url_meta":{"origin":10708,"position":2},"title":"Mais de 30 filmes e s\u00e9ries chegam \u00e0 Netflix em dezembro; confira","author":"ismaelcolosi.com.br","date":"23 de November de 2023","format":false,"excerpt":"Cr\u00e9ditos: Reprodu\u00e7\u00e3o\/NetflixO que chega na Netflix em dezembro A Netflix divulgou a lista com os lan\u00e7amentos para o m\u00eas de dezembro. Para encerrar 2023, o servi\u00e7o de streaming promete a estreia de filmes, s\u00e9ries, document\u00e1rios e animes in\u00e9ditos no cat\u00e1logo. Entre os destaques, os assinantes ter\u00e3o o filme \u201cMaestro\u201d, grande\u2026","rel":"","context":"In &quot;Variedades&quot;","block_context":{"text":"Variedades","link":"https:\/\/ismaelcolosi.com.br\/index.php\/category\/variedades\/"},"img":{"alt_text":"","src":"https:\/\/i0.wp.com\/ismaelcolosi.com.br\/wp-content\/uploads\/2023\/11\/fotos-catraca-2023-11-23t103041042.png?fit=1200%2C638&ssl=1&resize=350%2C200","width":350,"height":200,"srcset":"https:\/\/i0.wp.com\/ismaelcolosi.com.br\/wp-content\/uploads\/2023\/11\/fotos-catraca-2023-11-23t103041042.png?fit=1200%2C638&ssl=1&resize=350%2C200 1x, https:\/\/i0.wp.com\/ismaelcolosi.com.br\/wp-content\/uploads\/2023\/11\/fotos-catraca-2023-11-23t103041042.png?fit=1200%2C638&ssl=1&resize=525%2C300 1.5x, https:\/\/i0.wp.com\/ismaelcolosi.com.br\/wp-content\/uploads\/2023\/11\/fotos-catraca-2023-11-23t103041042.png?fit=1200%2C638&ssl=1&resize=700%2C400 2x, https:\/\/i0.wp.com\/ismaelcolosi.com.br\/wp-content\/uploads\/2023\/11\/fotos-catraca-2023-11-23t103041042.png?fit=1200%2C638&ssl=1&resize=1050%2C600 3x"},"classes":[]},{"id":7296,"url":"https:\/\/ismaelcolosi.com.br\/index.php\/2023\/11\/27\/estas-8-producoes-chegam-a-netflix-nesta-semana-e-voce-precisa-assistir\/","url_meta":{"origin":10708,"position":3},"title":"Estas 8 produ\u00e7\u00f5es chegam \u00e0 Netflix nesta semana e voc\u00ea precisa assistir","author":"ismaelcolosi.com.br","date":"27 de November de 2023","format":false,"excerpt":"Cr\u00e9ditos: Depositphotos\/PraneatProdu\u00e7\u00f5es que estreiam na Netflix nesta semana Mais uma semana est\u00e1 come\u00e7ando e chegou a hora de conferir os lan\u00e7amentos da Netflix para os pr\u00f3ximos dias. At\u00e9 o pr\u00f3ximo s\u00e1bado, 2 de dezembro, os assinantes ter\u00e3o muitas novidades no cat\u00e1logo. Conhe\u00e7a as novas produ\u00e7\u00f5es abaixo, que est\u00e3o acompanhadas da\u2026","rel":"","context":"In &quot;Variedades&quot;","block_context":{"text":"Variedades","link":"https:\/\/ismaelcolosi.com.br\/index.php\/category\/variedades\/"},"img":{"alt_text":"","src":"https:\/\/i0.wp.com\/ismaelcolosi.com.br\/wp-content\/uploads\/2023\/11\/depositphotos-281292160-xl-scaled-e1701043226103.jpg?fit=1200%2C638&ssl=1&resize=350%2C200","width":350,"height":200,"srcset":"https:\/\/i0.wp.com\/ismaelcolosi.com.br\/wp-content\/uploads\/2023\/11\/depositphotos-281292160-xl-scaled-e1701043226103.jpg?fit=1200%2C638&ssl=1&resize=350%2C200 1x, https:\/\/i0.wp.com\/ismaelcolosi.com.br\/wp-content\/uploads\/2023\/11\/depositphotos-281292160-xl-scaled-e1701043226103.jpg?fit=1200%2C638&ssl=1&resize=525%2C300 1.5x, https:\/\/i0.wp.com\/ismaelcolosi.com.br\/wp-content\/uploads\/2023\/11\/depositphotos-281292160-xl-scaled-e1701043226103.jpg?fit=1200%2C638&ssl=1&resize=700%2C400 2x, https:\/\/i0.wp.com\/ismaelcolosi.com.br\/wp-content\/uploads\/2023\/11\/depositphotos-281292160-xl-scaled-e1701043226103.jpg?fit=1200%2C638&ssl=1&resize=1050%2C600 3x"},"classes":[]},{"id":4024,"url":"https:\/\/ismaelcolosi.com.br\/index.php\/2023\/11\/20\/7-series-imperdiveis-estreiam-na-netflix-ainda-em-2023\/","url_meta":{"origin":10708,"position":4},"title":"7 s\u00e9ries imperd\u00edveis estreiam na Netflix ainda em 2023","author":"ismaelcolosi.com.br","date":"20 de November de 2023","format":false,"excerpt":"Cr\u00e9ditos: Unsplash\/David BalevS\u00e9ries que estreiam na Netflix ainda em 2023 2023 est\u00e1 longe do fim na Netflix! O servi\u00e7o de streaming ainda tem s\u00e9ries in\u00e9ditas para lan\u00e7ar at\u00e9 as \u00faltimas semanas do ano. Entre os destaques, os assinantes ter\u00e3o o reality show \u201cRound 6: O Desafio\u201c, novos epis\u00f3dios da 5\u00aa\u2026","rel":"","context":"In &quot;Variedades&quot;","block_context":{"text":"Variedades","link":"https:\/\/ismaelcolosi.com.br\/index.php\/category\/variedades\/"},"img":{"alt_text":"","src":"https:\/\/i0.wp.com\/ismaelcolosi.com.br\/wp-content\/uploads\/2023\/11\/david-balev-ilwdw2lsozk-unsplash-scaled-e1687794401621.jpg?fit=1200%2C638&ssl=1&resize=350%2C200","width":350,"height":200,"srcset":"https:\/\/i0.wp.com\/ismaelcolosi.com.br\/wp-content\/uploads\/2023\/11\/david-balev-ilwdw2lsozk-unsplash-scaled-e1687794401621.jpg?fit=1200%2C638&ssl=1&resize=350%2C200 1x, https:\/\/i0.wp.com\/ismaelcolosi.com.br\/wp-content\/uploads\/2023\/11\/david-balev-ilwdw2lsozk-unsplash-scaled-e1687794401621.jpg?fit=1200%2C638&ssl=1&resize=525%2C300 1.5x, https:\/\/i0.wp.com\/ismaelcolosi.com.br\/wp-content\/uploads\/2023\/11\/david-balev-ilwdw2lsozk-unsplash-scaled-e1687794401621.jpg?fit=1200%2C638&ssl=1&resize=700%2C400 2x, https:\/\/i0.wp.com\/ismaelcolosi.com.br\/wp-content\/uploads\/2023\/11\/david-balev-ilwdw2lsozk-unsplash-scaled-e1687794401621.jpg?fit=1200%2C638&ssl=1&resize=1050%2C600 3x"},"classes":[]},{"id":85535,"url":"https:\/\/ismaelcolosi.com.br\/index.php\/2025\/05\/21\/as-pessoas-nao-saem-de-uma-empresa-elas-saem-do-chefe-diz-diretor-do-linkedin\/","url_meta":{"origin":10708,"position":5},"title":"As pessoas n\u00e3o saem de uma empresa, elas \u2018saem do chefe\u2019, diz diretor do LinkedIn","author":"ismaelcolosi.com.br","date":"21 de May de 2025","format":false,"excerpt":"Boa parte dos pedidos de desligamento est\u00e3o atrelados \u00e0 m\u00e1 rela\u00e7\u00e3o com chefe, relata o diretor do LinkedIn para Am\u00e9rica Latina e \u00c1frica, Milton Beck. + Qual o segredo de empresas como P&G para ser um \u2018celeiro de CEOs\u2019? A rela\u00e7\u00e3o, considerada \u2018vital\u2019 pelo executivo do LinkedIn, geralmente molda a\u2026","rel":"","context":"In &quot;Empregos - Classificados&quot;","block_context":{"text":"Empregos - Classificados","link":"https:\/\/ismaelcolosi.com.br\/index.php\/category\/empregos-classificados-vagas-trabalho\/"},"img":{"alt_text":"","src":"","width":0,"height":0},"classes":[]}],"jetpack_sharing_enabled":true,"jetpack_shortlink":"https:\/\/wp.me\/pfMlyK-2MI","_links":{"self":[{"href":"https:\/\/ismaelcolosi.com.br\/index.php\/wp-json\/wp\/v2\/posts\/10708","targetHints":{"allow":["GET"]}}],"collection":[{"href":"https:\/\/ismaelcolosi.com.br\/index.php\/wp-json\/wp\/v2\/posts"}],"about":[{"href":"https:\/\/ismaelcolosi.com.br\/index.php\/wp-json\/wp\/v2\/types\/post"}],"author":[{"embeddable":true,"href":"https:\/\/ismaelcolosi.com.br\/index.php\/wp-json\/wp\/v2\/users\/1"}],"replies":[{"embeddable":true,"href":"https:\/\/ismaelcolosi.com.br\/index.php\/wp-json\/wp\/v2\/comments?post=10708"}],"version-history":[{"count":0,"href":"https:\/\/ismaelcolosi.com.br\/index.php\/wp-json\/wp\/v2\/posts\/10708\/revisions"}],"wp:featuredmedia":[{"embeddable":true,"href":"https:\/\/ismaelcolosi.com.br\/index.php\/wp-json\/wp\/v2\/media\/10709"}],"wp:attachment":[{"href":"https:\/\/ismaelcolosi.com.br\/index.php\/wp-json\/wp\/v2\/media?parent=10708"}],"wp:term":[{"taxonomy":"category","embeddable":true,"href":"https:\/\/ismaelcolosi.com.br\/index.php\/wp-json\/wp\/v2\/categories?post=10708"},{"taxonomy":"post_tag","embeddable":true,"href":"https:\/\/ismaelcolosi.com.br\/index.php\/wp-json\/wp\/v2\/tags?post=10708"}],"curies":[{"name":"wp","href":"https:\/\/api.w.org\/{rel}","templated":true}]}}