{"id":10702,"date":"2023-12-04T23:55:03","date_gmt":"2023-12-05T02:55:03","guid":{"rendered":"https:\/\/ismaelcolosi.com.br\/index.php\/2023\/12\/04\/gkay-leva-marlon-wayans-estrela-de-as-branquelas-para-a-farofa-das-favelas-de-beverly-hills\/"},"modified":"2023-12-04T23:55:03","modified_gmt":"2023-12-05T02:55:03","slug":"gkay-leva-marlon-wayans-estrela-de-as-branquelas-para-a-farofa-das-favelas-de-beverly-hills","status":"publish","type":"post","link":"https:\/\/ismaelcolosi.com.br\/index.php\/2023\/12\/04\/gkay-leva-marlon-wayans-estrela-de-as-branquelas-para-a-farofa-das-favelas-de-beverly-hills\/","title":{"rendered":"Gkay leva Marlon Wayans, estrela de \u2018As Branquelas\u2019, para a Farofa: \u201dDas favelas de Beverly Hills \u201d"},"content":{"rendered":"<p> <br \/>\n<\/p>\n<p>Um dos protagonistas do filme confirmou presen\u00e7a<\/p>\n<p>The post <a rel=\"nofollow\" href=\"https:\/\/fnmais.com\/gkay-leva-marlon-wayans-estrela-branquelas-para-farofa-favelas-beverly-hills\/\">Gkay leva Marlon Wayans, estrela de &#8216;As Branquelas&#8217;, para a Farofa: &#8221;Das favelas de Beverly Hills &#8221;<\/a> appeared first on <a rel=\"nofollow\" href=\"https:\/\/fnmais.com\">FN+<\/a>.<\/p>\n<p><br \/>\n<br \/><a href=\"https:\/\/fnmais.com\/gkay-leva-marlon-wayans-estrela-branquelas-para-farofa-favelas-beverly-hills\/\">Source link <\/a><\/p>\n<div class='code-block code-block-4' style='margin: 8px auto 8px 0; text-align: left; display: block; clear: both;'>\n\ud83d\udce2 Aviso Legal\n\nO site ismaelcolosi.com.br atua apenas como um canal de divulga\u00e7\u00e3o de oportunidades de emprego e n\u00e3o se responsabiliza pelo processo seletivo, contrata\u00e7\u00e3o ou qualquer outra etapa relacionada \u00e0s vagas publicadas. Todas as informa\u00e7\u00f5es s\u00e3o de responsabilidade dos anunciantes.\n\n\u26a0\ufe0f Aten\u00e7\u00e3o! Nunca pague por promessas de emprego nem compre cursos que garantam contrata\u00e7\u00e3o. Desconfie de qualquer cobran\u00e7a para participar de sele\u00e7\u00f5es.\n\n\n\n<\/div>\n<!-- CONTENT END 1 -->\n","protected":false},"excerpt":{"rendered":"<p>Um dos protagonistas do filme confirmou presen\u00e7a The post Gkay leva Marlon Wayans, estrela de &#8216;As Branquelas&#8217;, para a Farofa: &#8221;Das favelas de Beverly Hills&#8230;<\/p>\n","protected":false},"author":1,"featured_media":10703,"comment_status":"open","ping_status":"open","sticky":false,"template":"","format":"standard","meta":{"_uag_custom_page_level_css":"","advanced_seo_description":"","jetpack_seo_html_title":"","jetpack_seo_noindex":false,"jetpack_post_was_ever_published":false,"_jetpack_newsletter_access":"","_jetpack_dont_email_post_to_subs":false,"_jetpack_newsletter_tier_id":0,"_jetpack_memberships_contains_paywalled_content":false,"_jetpack_memberships_contains_paid_content":false,"footnotes":"","jetpack_publicize_message":"","jetpack_publicize_feature_enabled":true,"jetpack_social_post_already_shared":true,"jetpack_social_options":{"image_generator_settings":{"template":"highway","default_image_id":0,"font":"","enabled":false},"version":2}},"categories":[1],"tags":[],"class_list":["post-10702","post","type-post","status-publish","format-standard","has-post-thumbnail","hentry","category-blog"],"jetpack_publicize_connections":[],"jetpack_featured_media_url":"https:\/\/i0.wp.com\/ismaelcolosi.com.br\/wp-content\/uploads\/2023\/12\/postimg-656e7b2d32a294528.jpg?fit=1200%2C628&ssl=1","uagb_featured_image_src":{"full":["https:\/\/i0.wp.com\/ismaelcolosi.com.br\/wp-content\/uploads\/2023\/12\/postimg-656e7b2d32a294528.jpg?fit=1200%2C628&ssl=1",1200,628,false],"thumbnail":["https:\/\/i0.wp.com\/ismaelcolosi.com.br\/wp-content\/uploads\/2023\/12\/postimg-656e7b2d32a294528.jpg?resize=150%2C150&ssl=1",150,150,true],"medium":["https:\/\/i0.wp.com\/ismaelcolosi.com.br\/wp-content\/uploads\/2023\/12\/postimg-656e7b2d32a294528.jpg?fit=300%2C157&ssl=1",300,157,true],"medium_large":["https:\/\/i0.wp.com\/ismaelcolosi.com.br\/wp-content\/uploads\/2023\/12\/postimg-656e7b2d32a294528.jpg?fit=768%2C402&ssl=1",768,402,true],"large":["https:\/\/i0.wp.com\/ismaelcolosi.com.br\/wp-content\/uploads\/2023\/12\/postimg-656e7b2d32a294528.jpg?fit=1024%2C536&ssl=1",1024,536,true],"1536x1536":["https:\/\/i0.wp.com\/ismaelcolosi.com.br\/wp-content\/uploads\/2023\/12\/postimg-656e7b2d32a294528.jpg?fit=1200%2C628&ssl=1",1200,628,true],"2048x2048":["https:\/\/i0.wp.com\/ismaelcolosi.com.br\/wp-content\/uploads\/2023\/12\/postimg-656e7b2d32a294528.jpg?fit=1200%2C628&ssl=1",1200,628,true],"really-simple-thumb":["https:\/\/i0.wp.com\/ismaelcolosi.com.br\/wp-content\/uploads\/2023\/12\/postimg-656e7b2d32a294528.jpg?resize=370%2C247&ssl=1",370,247,true]},"uagb_author_info":{"display_name":"ismaelcolosi.com.br","author_link":"https:\/\/ismaelcolosi.com.br\/index.php\/author\/vidareal-online\/"},"uagb_comment_info":0,"uagb_excerpt":"Um dos protagonistas do filme confirmou presen\u00e7a The post Gkay leva Marlon Wayans, estrela de &#8216;As Branquelas&#8217;, para a Farofa: &#8221;Das favelas de Beverly Hills...","jetpack-related-posts":[{"id":16410,"url":"https:\/\/ismaelcolosi.com.br\/index.php\/2023\/12\/15\/gkay-revela-planos-para-abrir-farofa-ao-publico-em-2024-me-sinto-segura\/","url_meta":{"origin":10702,"position":0},"title":"Gkay revela planos para abrir Farofa ao p\u00fablico em 2024 &#8216;Me sinto segura&#8217;","author":"ismaelcolosi.com.br","date":"15 de December de 2023","format":false,"excerpt":"O evento muito comentado em toda internet Farofa da Gkay, teve dura\u00e7\u00e3o de tr\u00eas dias e rendeu muito o que falar. Para quem sente aquela vontade de estar presente na festa, parece que v\u00eam a\u00ed uma possibilidade.Em entrevista no PodDelas, Gkay contou a novidade da festa. Ela disse pretender abrir\u2026","rel":"","context":"In &quot;Blog&quot;","block_context":{"text":"Blog","link":"https:\/\/ismaelcolosi.com.br\/index.php\/category\/blog\/"},"img":{"alt_text":"","src":"https:\/\/i0.wp.com\/ismaelcolosi.com.br\/wp-content\/uploads\/2023\/12\/postimg-657c693c8497a9199.jpg?fit=1200%2C628&ssl=1&resize=350%2C200","width":350,"height":200,"srcset":"https:\/\/i0.wp.com\/ismaelcolosi.com.br\/wp-content\/uploads\/2023\/12\/postimg-657c693c8497a9199.jpg?fit=1200%2C628&ssl=1&resize=350%2C200 1x, https:\/\/i0.wp.com\/ismaelcolosi.com.br\/wp-content\/uploads\/2023\/12\/postimg-657c693c8497a9199.jpg?fit=1200%2C628&ssl=1&resize=525%2C300 1.5x, https:\/\/i0.wp.com\/ismaelcolosi.com.br\/wp-content\/uploads\/2023\/12\/postimg-657c693c8497a9199.jpg?fit=1200%2C628&ssl=1&resize=700%2C400 2x, https:\/\/i0.wp.com\/ismaelcolosi.com.br\/wp-content\/uploads\/2023\/12\/postimg-657c693c8497a9199.jpg?fit=1200%2C628&ssl=1&resize=1050%2C600 3x"},"classes":[]},{"id":19409,"url":"https:\/\/ismaelcolosi.com.br\/index.php\/2023\/12\/22\/ex-bbb-jaquelline-grohalski-vence-a-fazenda-15-e-recebe-comentario-polemico-de-boninho\/","url_meta":{"origin":10702,"position":1},"title":"Ex-BBB Jaquelline Grohalski vence &#8216;A Fazenda 15&#8217; e recebe coment\u00e1rio pol\u00eamico de Boninho","author":"ismaelcolosi.com.br","date":"22 de December de 2023","format":false,"excerpt":"A Fazenda 15 chegou ao fim na noite de quinta feira. O reality contou com a participa\u00e7\u00e3o de 22 famosos. Entre atores, cantores, influenciadores e ex BBBs, a edi\u00e7\u00e3o entregou o pr\u00eamioA grande campe\u00e3 foi a ex BBB Jaqueline Grohalski foi quem levou para casa o pr\u00eamio de R$ 1,5\u2026","rel":"","context":"In &quot;Blog&quot;","block_context":{"text":"Blog","link":"https:\/\/ismaelcolosi.com.br\/index.php\/category\/blog\/"},"img":{"alt_text":"","src":"https:\/\/i0.wp.com\/ismaelcolosi.com.br\/wp-content\/uploads\/2023\/12\/postimg-658595ed897666082.jpg?fit=1200%2C628&ssl=1&resize=350%2C200","width":350,"height":200,"srcset":"https:\/\/i0.wp.com\/ismaelcolosi.com.br\/wp-content\/uploads\/2023\/12\/postimg-658595ed897666082.jpg?fit=1200%2C628&ssl=1&resize=350%2C200 1x, https:\/\/i0.wp.com\/ismaelcolosi.com.br\/wp-content\/uploads\/2023\/12\/postimg-658595ed897666082.jpg?fit=1200%2C628&ssl=1&resize=525%2C300 1.5x, https:\/\/i0.wp.com\/ismaelcolosi.com.br\/wp-content\/uploads\/2023\/12\/postimg-658595ed897666082.jpg?fit=1200%2C628&ssl=1&resize=700%2C400 2x, https:\/\/i0.wp.com\/ismaelcolosi.com.br\/wp-content\/uploads\/2023\/12\/postimg-658595ed897666082.jpg?fit=1200%2C628&ssl=1&resize=1050%2C600 3x"},"classes":[]},{"id":19486,"url":"https:\/\/ismaelcolosi.com.br\/index.php\/2023\/12\/22\/segundo-site-na-reta-final-da-gravidez-tavila-gomes-termina-com-luva-de-pedreiro-e-decide-mudar-nome-do-bebe\/","url_meta":{"origin":10702,"position":2},"title":"Segundo site, na reta final da gravidez, T\u00e1vila Gomes termina com Luva de Pedreiro e decide mudar nome do beb\u00ea","author":"ismaelcolosi.com.br","date":"22 de December de 2023","format":false,"excerpt":"Parece que mais um casal ainda este ano chegou ao fim. A not\u00edcia \u00e9 segundo uma fonte do jornal Extra. Al\u00e9m da separa\u00e7\u00e3o, o beb\u00ea agora ir\u00e1 se chamar Davi.Luva de Pedreiro virou febre nas redes sociais ap\u00f3s seus v\u00eddeos viralizarem. O jovem de 22 anos \u00e9 f\u00e3 n\u00famero 1\u2026","rel":"","context":"In &quot;Blog&quot;","block_context":{"text":"Blog","link":"https:\/\/ismaelcolosi.com.br\/index.php\/category\/blog\/"},"img":{"alt_text":"","src":"https:\/\/i0.wp.com\/ismaelcolosi.com.br\/wp-content\/uploads\/2023\/12\/postimg-6585b3390473f4711.jpg?fit=1200%2C628&ssl=1&resize=350%2C200","width":350,"height":200,"srcset":"https:\/\/i0.wp.com\/ismaelcolosi.com.br\/wp-content\/uploads\/2023\/12\/postimg-6585b3390473f4711.jpg?fit=1200%2C628&ssl=1&resize=350%2C200 1x, https:\/\/i0.wp.com\/ismaelcolosi.com.br\/wp-content\/uploads\/2023\/12\/postimg-6585b3390473f4711.jpg?fit=1200%2C628&ssl=1&resize=525%2C300 1.5x, https:\/\/i0.wp.com\/ismaelcolosi.com.br\/wp-content\/uploads\/2023\/12\/postimg-6585b3390473f4711.jpg?fit=1200%2C628&ssl=1&resize=700%2C400 2x, https:\/\/i0.wp.com\/ismaelcolosi.com.br\/wp-content\/uploads\/2023\/12\/postimg-6585b3390473f4711.jpg?fit=1200%2C628&ssl=1&resize=1050%2C600 3x"},"classes":[]},{"id":14057,"url":"https:\/\/ismaelcolosi.com.br\/index.php\/2023\/12\/11\/carlinhos-maia-e-lucas-guimaraes-agitam-a-web-ao-protagonizam-primeiro-beijo-gay-no-sbt\/","url_meta":{"origin":10702,"position":3},"title":"Carlinhos Maia e Lucas Guimar\u00e3es agitam a web ao protagonizam primeiro beijo gay no SBT","author":"ismaelcolosi.com.br","date":"11 de December de 2023","format":false,"excerpt":"Um dos casais mais acompanhados de todo Instagram, Carlinhos Maia e Lucas Guimar\u00e3es s\u00e3o o casal com n\u00fameros gigantescos de visualiza\u00e7\u00f5es sobre suas vidas expostas nas redes sociais.No \u00faltimo domingo, os dois estavam na companhia de Patr\u00edcia Abravanel para o famoso jogo dos pontinhos. O quiz feito pela apresentadora rendeu\u2026","rel":"","context":"In &quot;Blog&quot;","block_context":{"text":"Blog","link":"https:\/\/ismaelcolosi.com.br\/index.php\/category\/blog\/"},"img":{"alt_text":"","src":"https:\/\/i0.wp.com\/ismaelcolosi.com.br\/wp-content\/uploads\/2023\/12\/postimg-65775abbac8752564.jpg?fit=1200%2C628&ssl=1&resize=350%2C200","width":350,"height":200,"srcset":"https:\/\/i0.wp.com\/ismaelcolosi.com.br\/wp-content\/uploads\/2023\/12\/postimg-65775abbac8752564.jpg?fit=1200%2C628&ssl=1&resize=350%2C200 1x, https:\/\/i0.wp.com\/ismaelcolosi.com.br\/wp-content\/uploads\/2023\/12\/postimg-65775abbac8752564.jpg?fit=1200%2C628&ssl=1&resize=525%2C300 1.5x, https:\/\/i0.wp.com\/ismaelcolosi.com.br\/wp-content\/uploads\/2023\/12\/postimg-65775abbac8752564.jpg?fit=1200%2C628&ssl=1&resize=700%2C400 2x, https:\/\/i0.wp.com\/ismaelcolosi.com.br\/wp-content\/uploads\/2023\/12\/postimg-65775abbac8752564.jpg?fit=1200%2C628&ssl=1&resize=1050%2C600 3x"},"classes":[]},{"id":75870,"url":"https:\/\/ismaelcolosi.com.br\/index.php\/2024\/11\/08\/cresce-a-populacao-em-favelas-de-ribeirao-preto-novo-levantamento-do-ibge-aponta-aumento-de-68\/","url_meta":{"origin":10702,"position":4},"title":"Cresce a Popula\u00e7\u00e3o em Favelas de Ribeir\u00e3o Preto: Novo Levantamento do IBGE Aponta Aumento de 68%","author":"ismaelcolosi.com.br","date":"8 de November de 2024","format":false,"excerpt":"Um levantamento recente do Instituto Brasileiro de Geografia e Estat\u00edstica (IBGE) aponta que a popula\u00e7\u00e3o vivendo em favelas em Ribeir\u00e3o Preto aumentou 68% nos \u00faltimos anos. Este dado \u00e9 um reflexo de quest\u00f5es estruturais e econ\u00f4micas que v\u00eam afetando a cidade, resultando em uma expans\u00e3o significativa das \u00e1reas de moradias\u2026","rel":"","context":"In &quot;Not\u00edcias de Ribeir\u00e3o Preto-SP e Regi\u00e3o&quot;","block_context":{"text":"Not\u00edcias de Ribeir\u00e3o Preto-SP e Regi\u00e3o","link":"https:\/\/ismaelcolosi.com.br\/index.php\/category\/noticias-de-ribeirao-preto-sp-e-regiao-ismael-colosi\/"},"img":{"alt_text":"","src":"https:\/\/i0.wp.com\/ismaelcolosi.com.br\/wp-content\/uploads\/2024\/11\/IMG_9381.webp.webp?fit=1170%2C700&ssl=1&resize=350%2C200","width":350,"height":200,"srcset":"https:\/\/i0.wp.com\/ismaelcolosi.com.br\/wp-content\/uploads\/2024\/11\/IMG_9381.webp.webp?fit=1170%2C700&ssl=1&resize=350%2C200 1x, https:\/\/i0.wp.com\/ismaelcolosi.com.br\/wp-content\/uploads\/2024\/11\/IMG_9381.webp.webp?fit=1170%2C700&ssl=1&resize=525%2C300 1.5x, https:\/\/i0.wp.com\/ismaelcolosi.com.br\/wp-content\/uploads\/2024\/11\/IMG_9381.webp.webp?fit=1170%2C700&ssl=1&resize=700%2C400 2x, https:\/\/i0.wp.com\/ismaelcolosi.com.br\/wp-content\/uploads\/2024\/11\/IMG_9381.webp.webp?fit=1170%2C700&ssl=1&resize=1050%2C600 3x"},"classes":[]},{"id":47404,"url":"https:\/\/ismaelcolosi.com.br\/index.php\/2024\/04\/25\/inscricoes-para-taca-das-favelas-ribeirao-preto-estao-abertas-veja-como-participar\/","url_meta":{"origin":10702,"position":5},"title":"Inscri\u00e7\u00f5es para Ta\u00e7a das Favelas Ribeir\u00e3o Preto est\u00e3o abertas; Veja como participar","author":"ismaelcolosi.com.br","date":"25 de April de 2024","format":false,"excerpt":"Est\u00e3o abertas as inscri\u00e7\u00f5es para as equipes que v\u00e3o entrar na disputa da primeira edi\u00e7\u00e3o da Ta\u00e7a das Favelas Ribeir\u00e3o Preto. Podem participar times masculinos e femininos sub-17, que v\u00e3o jogar a final no Est\u00e1dio Santa Cruz. A Ta\u00e7a das Favelas \u00e9 o maior campeonato de futebol entre favelas do\u2026","rel":"","context":"In &quot;Not\u00edcias de Ribeir\u00e3o Preto-SP e Regi\u00e3o&quot;","block_context":{"text":"Not\u00edcias de Ribeir\u00e3o Preto-SP e Regi\u00e3o","link":"https:\/\/ismaelcolosi.com.br\/index.php\/category\/noticias-de-ribeirao-preto-sp-e-regiao-ismael-colosi\/"},"img":{"alt_text":"","src":"https:\/\/i0.wp.com\/ismaelcolosi.com.br\/wp-content\/uploads\/2024\/04\/AnyConv.com__taca-das-favelas.webp.webp?fit=1200%2C803&ssl=1&resize=350%2C200","width":350,"height":200,"srcset":"https:\/\/i0.wp.com\/ismaelcolosi.com.br\/wp-content\/uploads\/2024\/04\/AnyConv.com__taca-das-favelas.webp.webp?fit=1200%2C803&ssl=1&resize=350%2C200 1x, https:\/\/i0.wp.com\/ismaelcolosi.com.br\/wp-content\/uploads\/2024\/04\/AnyConv.com__taca-das-favelas.webp.webp?fit=1200%2C803&ssl=1&resize=525%2C300 1.5x, https:\/\/i0.wp.com\/ismaelcolosi.com.br\/wp-content\/uploads\/2024\/04\/AnyConv.com__taca-das-favelas.webp.webp?fit=1200%2C803&ssl=1&resize=700%2C400 2x, https:\/\/i0.wp.com\/ismaelcolosi.com.br\/wp-content\/uploads\/2024\/04\/AnyConv.com__taca-das-favelas.webp.webp?fit=1200%2C803&ssl=1&resize=1050%2C600 3x"},"classes":[]}],"jetpack_sharing_enabled":true,"jetpack_shortlink":"https:\/\/wp.me\/pfMlyK-2MC","_links":{"self":[{"href":"https:\/\/ismaelcolosi.com.br\/index.php\/wp-json\/wp\/v2\/posts\/10702","targetHints":{"allow":["GET"]}}],"collection":[{"href":"https:\/\/ismaelcolosi.com.br\/index.php\/wp-json\/wp\/v2\/posts"}],"about":[{"href":"https:\/\/ismaelcolosi.com.br\/index.php\/wp-json\/wp\/v2\/types\/post"}],"author":[{"embeddable":true,"href":"https:\/\/ismaelcolosi.com.br\/index.php\/wp-json\/wp\/v2\/users\/1"}],"replies":[{"embeddable":true,"href":"https:\/\/ismaelcolosi.com.br\/index.php\/wp-json\/wp\/v2\/comments?post=10702"}],"version-history":[{"count":0,"href":"https:\/\/ismaelcolosi.com.br\/index.php\/wp-json\/wp\/v2\/posts\/10702\/revisions"}],"wp:featuredmedia":[{"embeddable":true,"href":"https:\/\/ismaelcolosi.com.br\/index.php\/wp-json\/wp\/v2\/media\/10703"}],"wp:attachment":[{"href":"https:\/\/ismaelcolosi.com.br\/index.php\/wp-json\/wp\/v2\/media?parent=10702"}],"wp:term":[{"taxonomy":"category","embeddable":true,"href":"https:\/\/ismaelcolosi.com.br\/index.php\/wp-json\/wp\/v2\/categories?post=10702"},{"taxonomy":"post_tag","embeddable":true,"href":"https:\/\/ismaelcolosi.com.br\/index.php\/wp-json\/wp\/v2\/tags?post=10702"}],"curies":[{"name":"wp","href":"https:\/\/api.w.org\/{rel}","templated":true}]}}