{"id":10638,"date":"2023-12-04T20:58:41","date_gmt":"2023-12-04T23:58:41","guid":{"rendered":"https:\/\/ismaelcolosi.com.br\/index.php\/2023\/12\/04\/apos-gesto-surpreendente-do-ex-de-ana-hickmann-advogado-explica-desistiu-inicialmente\/"},"modified":"2023-12-04T20:58:41","modified_gmt":"2023-12-04T23:58:41","slug":"apos-gesto-surpreendente-do-ex-de-ana-hickmann-advogado-explica-desistiu-inicialmente","status":"publish","type":"post","link":"https:\/\/ismaelcolosi.com.br\/index.php\/2023\/12\/04\/apos-gesto-surpreendente-do-ex-de-ana-hickmann-advogado-explica-desistiu-inicialmente\/","title":{"rendered":"Ap\u00f3s gesto surpreendente do ex de Ana Hickmann, advogado explica: &#8220;Desistiu inicialmente&#8221;"},"content":{"rendered":"<p> [ad_1]<br \/>\n<\/p>\n<div itemprop=\"text\">\n<p>O caso Ana Hickmann tem vivido algumas reviravoltas por ambas as partes. A apresentadora j\u00e1 veio a p\u00fablico desmentir algumas not\u00edcias e agora o motivo de uma postagem dela sobre uma suposta boa noticia pode ter sido revelado.<\/p>\n<p>Ap\u00f3s divulga\u00e7\u00e3o do jornal O Estado de S\u00e3o Paulo que o ex marido, Alexandre Correa, teria aberto m\u00e3o do processo de separa\u00e7\u00e3o por conta pr\u00f3pria, o advogado explicou.<\/p>\n<p><strong>\u201cEle desistiu inicialmente como um gesto de pacifica\u00e7\u00e3o. No sentido de que parte dele o div\u00f3rcio poder\u00e1 ser consensual<\/strong>\u201c, como explicou Enio Martins Murad a revista Quem.<\/p>\n<p>Essa decis\u00e3o seria referente a n\u00e3o dar continuidade a um processo em que n\u00e3o haveria acordo, com demais burocracias jur\u00eddicas que poderiam enfrentar.<\/p>\n<p>Os dois est\u00e3o separados desde o \u00faltimo dia 11, data que Alexandre alega como o \u00faltimo dia de ter visto o filho do casal, Alezinho de 9 anos.<\/p>\n<p>Na briga, Ana alega ter sido agredida pelo empres\u00e1rio e conseguiu fugir antes dele dar uma cabe\u00e7ada nela, como ela pressentiu. Ele negou as acusa\u00e7\u00f5es de agress\u00e3o.<\/p>\n<p>Reconhecendo a briga, ele disse que apenas p\u00f4s o p\u00e9 na porta em que ela estava segurando e que o trinco da porta foi o respons\u00e1vel pelo hematoma visto no bra\u00e7o dela.<\/p>\n<p>Ana seguiu relatando outros tipos de agress\u00f5es, como psicol\u00f3gica ap\u00f3s descrever seu relacionamento como t\u00f3xico. Para ela, ele a afastou de tudo e todos onde ela precisou de muito preparo emocional para lidar com a presen\u00e7a do marido na \u00e9poca.<\/p>\n<\/div>\n<p>[ad_2]<br \/>\n<br \/><a href=\"https:\/\/fnmais.com\/apos-gesto-surpreendente-ex-ana-hickmann-advogado-explica-desistiu-inicialmente\/\" target=\"_blank\" rel=\"noopener\">Source link <\/a><\/p>\n<div class='code-block code-block-4' style='margin: 8px auto 8px 0; text-align: left; display: block; clear: both;'>\n\ud83d\udce2 Aviso Legal\n\nO site ismaelcolosi.com.br atua apenas como um canal de divulga\u00e7\u00e3o de oportunidades de emprego e n\u00e3o se responsabiliza pelo processo seletivo, contrata\u00e7\u00e3o ou qualquer outra etapa relacionada \u00e0s vagas publicadas. Todas as informa\u00e7\u00f5es s\u00e3o de responsabilidade dos anunciantes.\n\n\u26a0\ufe0f Aten\u00e7\u00e3o! Nunca pague por promessas de emprego nem compre cursos que garantam contrata\u00e7\u00e3o. Desconfie de qualquer cobran\u00e7a para participar de sele\u00e7\u00f5es.\n\n\n\n<\/div>\n<!-- CONTENT END 1 -->\n","protected":false},"excerpt":{"rendered":"<p>[ad_1] O caso Ana Hickmann tem vivido algumas reviravoltas por ambas as partes. A apresentadora j\u00e1 veio a p\u00fablico desmentir algumas not\u00edcias e agora o motivo de uma postagem dela sobre uma suposta boa noticia pode ter sido revelado. Ap\u00f3s divulga\u00e7\u00e3o do jornal O Estado de S\u00e3o Paulo que o ex marido, Alexandre Correa, teria&hellip;&nbsp;<\/p>\n","protected":false},"author":1,"featured_media":10639,"comment_status":"open","ping_status":"open","sticky":false,"template":"","format":"standard","meta":{"_uag_custom_page_level_css":"","neve_meta_sidebar":"","neve_meta_container":"","neve_meta_enable_content_width":"","neve_meta_content_width":0,"neve_meta_title_alignment":"","neve_meta_author_avatar":"","neve_post_elements_order":"","neve_meta_disable_header":"","neve_meta_disable_footer":"","neve_meta_disable_title":"","_jetpack_newsletter_access":"","_jetpack_dont_email_post_to_subs":false,"_jetpack_newsletter_tier_id":0,"_jetpack_memberships_contains_paywalled_content":false,"_jetpack_memberships_contains_paid_content":false,"footnotes":""},"categories":[1],"tags":[],"class_list":["post-10638","post","type-post","status-publish","format-standard","has-post-thumbnail","hentry","category-blog"],"uagb_featured_image_src":{"full":["https:\/\/i0.wp.com\/ismaelcolosi.com.br\/wp-content\/uploads\/2023\/12\/postimg-656e55537ad333948.jpg?fit=1200%2C628&ssl=1",1200,628,false],"thumbnail":["https:\/\/i0.wp.com\/ismaelcolosi.com.br\/wp-content\/uploads\/2023\/12\/postimg-656e55537ad333948.jpg?resize=150%2C150&ssl=1",150,150,true],"medium":["https:\/\/i0.wp.com\/ismaelcolosi.com.br\/wp-content\/uploads\/2023\/12\/postimg-656e55537ad333948.jpg?fit=300%2C157&ssl=1",300,157,true],"medium_large":["https:\/\/i0.wp.com\/ismaelcolosi.com.br\/wp-content\/uploads\/2023\/12\/postimg-656e55537ad333948.jpg?fit=768%2C402&ssl=1",768,402,true],"large":["https:\/\/i0.wp.com\/ismaelcolosi.com.br\/wp-content\/uploads\/2023\/12\/postimg-656e55537ad333948.jpg?fit=1024%2C536&ssl=1",1024,536,true],"1536x1536":["https:\/\/i0.wp.com\/ismaelcolosi.com.br\/wp-content\/uploads\/2023\/12\/postimg-656e55537ad333948.jpg?fit=1200%2C628&ssl=1",1200,628,true],"2048x2048":["https:\/\/i0.wp.com\/ismaelcolosi.com.br\/wp-content\/uploads\/2023\/12\/postimg-656e55537ad333948.jpg?fit=1200%2C628&ssl=1",1200,628,true],"neve-blog":["https:\/\/i0.wp.com\/ismaelcolosi.com.br\/wp-content\/uploads\/2023\/12\/postimg-656e55537ad333948.jpg?resize=930%2C620&ssl=1",930,620,true]},"uagb_author_info":{"display_name":"ismaelcolosi.com.br","author_link":"https:\/\/ismaelcolosi.com.br\/author\/vidareal-online\/"},"uagb_comment_info":0,"uagb_excerpt":"[ad_1] O caso Ana Hickmann tem vivido algumas reviravoltas por ambas as partes. A apresentadora j\u00e1 veio a p\u00fablico desmentir algumas not\u00edcias e agora o motivo de uma postagem dela sobre uma suposta boa noticia pode ter sido revelado. Ap\u00f3s divulga\u00e7\u00e3o do jornal O Estado de S\u00e3o Paulo que o ex marido, Alexandre Correa, teria&hellip;&nbsp;","jetpack-related-posts":[{"id":9967,"url":"https:\/\/ismaelcolosi.com.br\/index.php\/2023\/12\/03\/alexandre-correa-desiste-de-acao-de-divorcio-contra-ana-hickmann-apos-receber-noticia-que-o-emocionou\/","url_meta":{"origin":10638,"position":0},"title":"Alexandre Correa desiste de a\u00e7\u00e3o de div\u00f3rcio contra Ana Hickmann ap\u00f3s receber not\u00edcia que o emocionou","author":"ismaelcolosi.com.br","date":"3 de Dezembro de 2023","format":false,"excerpt":"[ad_1] Alexandre Correa decidiu retirar a a\u00e7\u00e3o de div\u00f3rcio que havia movido contra Ana Hickmann. Segundo informa\u00e7\u00f5es, o processo de separa\u00e7\u00e3o do casal prossegue, mas agora sob uma a\u00e7\u00e3o iniciada pela funcion\u00e1ria da Record.O advogado Enio Martins, representante de Alexandre Correa, em entrevista ao Estad\u00e3o, explicou que a desist\u00eancia ocorreu\u2026","rel":"","context":"In &quot;Blog&quot;","block_context":{"text":"Blog","link":"https:\/\/ismaelcolosi.com.br\/index.php\/category\/blog\/"},"img":{"alt_text":"","src":"https:\/\/i0.wp.com\/ismaelcolosi.com.br\/wp-content\/uploads\/2023\/12\/postimg-656c8d9fa0fe08046.jpg?fit=1200%2C628&ssl=1&resize=350%2C200","width":350,"height":200,"srcset":"https:\/\/i0.wp.com\/ismaelcolosi.com.br\/wp-content\/uploads\/2023\/12\/postimg-656c8d9fa0fe08046.jpg?fit=1200%2C628&ssl=1&resize=350%2C200 1x, https:\/\/i0.wp.com\/ismaelcolosi.com.br\/wp-content\/uploads\/2023\/12\/postimg-656c8d9fa0fe08046.jpg?fit=1200%2C628&ssl=1&resize=525%2C300 1.5x, https:\/\/i0.wp.com\/ismaelcolosi.com.br\/wp-content\/uploads\/2023\/12\/postimg-656c8d9fa0fe08046.jpg?fit=1200%2C628&ssl=1&resize=700%2C400 2x, https:\/\/i0.wp.com\/ismaelcolosi.com.br\/wp-content\/uploads\/2023\/12\/postimg-656c8d9fa0fe08046.jpg?fit=1200%2C628&ssl=1&resize=1050%2C600 3x"},"classes":[]},{"id":14652,"url":"https:\/\/ismaelcolosi.com.br\/index.php\/2023\/12\/12\/caso-ana-hickmann-advogados-finalmente-revelam-motivo-da-violencia-do-marido-impunidade-de-delitos\/","url_meta":{"origin":10638,"position":1},"title":"Caso Ana Hickmann: Advogados finalmente revelam motivo da viol\u00eancia do marido: &#8216;impunidade de delitos&#8217;","author":"ismaelcolosi.com.br","date":"12 de Dezembro de 2023","format":false,"excerpt":"[ad_1] Nesta segunda-feira (11\/12), a apresentadora Ana Hickmann se pronunciou por meio de seus advogados para dar novas declara\u00e7\u00f5es sobre Alexandre Correa. Os dois, vale lembrar, est\u00e3o em processo de separa\u00e7\u00e3o e a loira j\u00e1 entrou com pedido de div\u00f3rcio.Ana foi agredida pelo agora ex-companheiro e a viol\u00eancia dom\u00e9stica foi\u2026","rel":"","context":"In &quot;Blog&quot;","block_context":{"text":"Blog","link":"https:\/\/ismaelcolosi.com.br\/index.php\/category\/blog\/"},"img":{"alt_text":"","src":"https:\/\/i0.wp.com\/ismaelcolosi.com.br\/wp-content\/uploads\/2023\/12\/postimg-657853a0bf7e72411.jpg?fit=1200%2C628&ssl=1&resize=350%2C200","width":350,"height":200,"srcset":"https:\/\/i0.wp.com\/ismaelcolosi.com.br\/wp-content\/uploads\/2023\/12\/postimg-657853a0bf7e72411.jpg?fit=1200%2C628&ssl=1&resize=350%2C200 1x, https:\/\/i0.wp.com\/ismaelcolosi.com.br\/wp-content\/uploads\/2023\/12\/postimg-657853a0bf7e72411.jpg?fit=1200%2C628&ssl=1&resize=525%2C300 1.5x, https:\/\/i0.wp.com\/ismaelcolosi.com.br\/wp-content\/uploads\/2023\/12\/postimg-657853a0bf7e72411.jpg?fit=1200%2C628&ssl=1&resize=700%2C400 2x, https:\/\/i0.wp.com\/ismaelcolosi.com.br\/wp-content\/uploads\/2023\/12\/postimg-657853a0bf7e72411.jpg?fit=1200%2C628&ssl=1&resize=1050%2C600 3x"},"classes":[]},{"id":11077,"url":"https:\/\/ismaelcolosi.com.br\/index.php\/2023\/12\/05\/segundo-leo-dias-alexandre-correa-alega-dificuldades-financeiras-e-entra-com-acao-judicial-para-acesso-as-empresas\/","url_meta":{"origin":10638,"position":2},"title":"Segundo L\u00e9o Dias, Alexandre Correa alega dificuldades financeiras e entra com a\u00e7\u00e3o judicial para acesso \u00e0s empresas","author":"ismaelcolosi.com.br","date":"5 de Dezembro de 2023","format":false,"excerpt":"[ad_1] Segundo L\u00e9o Dias, o lado financeiro n\u00e3o anda muito bem para o empres\u00e1rio Alexandre Correa desde o dia da briga em sua resid\u00eancia com a ex esposa Ana Hickmann que exp\u00f4s o caso.Ele teria feito exig\u00eancia de que Ana volte atr\u00e1s no pedido de medida protetiva para que conseguisse\u2026","rel":"","context":"In &quot;Blog&quot;","block_context":{"text":"Blog","link":"https:\/\/ismaelcolosi.com.br\/index.php\/category\/blog\/"},"img":{"alt_text":"","src":"https:\/\/i0.wp.com\/ismaelcolosi.com.br\/wp-content\/uploads\/2023\/12\/postimg-656f66a8e31971518.jpg?fit=1200%2C628&ssl=1&resize=350%2C200","width":350,"height":200,"srcset":"https:\/\/i0.wp.com\/ismaelcolosi.com.br\/wp-content\/uploads\/2023\/12\/postimg-656f66a8e31971518.jpg?fit=1200%2C628&ssl=1&resize=350%2C200 1x, https:\/\/i0.wp.com\/ismaelcolosi.com.br\/wp-content\/uploads\/2023\/12\/postimg-656f66a8e31971518.jpg?fit=1200%2C628&ssl=1&resize=525%2C300 1.5x, https:\/\/i0.wp.com\/ismaelcolosi.com.br\/wp-content\/uploads\/2023\/12\/postimg-656f66a8e31971518.jpg?fit=1200%2C628&ssl=1&resize=700%2C400 2x, https:\/\/i0.wp.com\/ismaelcolosi.com.br\/wp-content\/uploads\/2023\/12\/postimg-656f66a8e31971518.jpg?fit=1200%2C628&ssl=1&resize=1050%2C600 3x"},"classes":[]},{"id":32562,"url":"https:\/\/ismaelcolosi.com.br\/index.php\/2024\/01\/25\/alexandre-correa-se-cansa-e-fala-sobre-romance-de-ana-hickmann-com-edu-guedes-fui-corn-ver-mais\/","url_meta":{"origin":10638,"position":3},"title":"Alexandre Correa SE CANSA e fala sobre ROMANCE de Ana Hickmann com Edu Guedes: &#8220;Fui corn&#8230;Ver mais","author":"ismaelcolosi.com.br","date":"25 de Janeiro de 2024","format":false,"excerpt":"[ad_1] Depois de tantas pol\u00eamicas e acusa\u00e7\u00f5es s\u00e9rias entre Ana Hickmann e seu ex-marido Alexandre Correa mais atualiza\u00e7\u00f5es foram disponibilizadas pelo empres\u00e1rio. Dando a sua vers\u00e3o dos fatos, Alexandre explicou o seu ponto de vista do que estava acontecendo na rela\u00e7\u00e3o matrimonial. Segundo ele, a separa\u00e7\u00e3o foi calculada e totalmente\u2026","rel":"","context":"In &quot;Variedades&quot;","block_context":{"text":"Variedades","link":"https:\/\/ismaelcolosi.com.br\/index.php\/category\/variedades\/"},"img":{"alt_text":"","src":"https:\/\/i0.wp.com\/ismaelcolosi.com.br\/wp-content\/uploads\/2024\/01\/Apresentacao-sem-titulo.png?fit=960%2C540&ssl=1&resize=350%2C200","width":350,"height":200,"srcset":"https:\/\/i0.wp.com\/ismaelcolosi.com.br\/wp-content\/uploads\/2024\/01\/Apresentacao-sem-titulo.png?fit=960%2C540&ssl=1&resize=350%2C200 1x, https:\/\/i0.wp.com\/ismaelcolosi.com.br\/wp-content\/uploads\/2024\/01\/Apresentacao-sem-titulo.png?fit=960%2C540&ssl=1&resize=525%2C300 1.5x, https:\/\/i0.wp.com\/ismaelcolosi.com.br\/wp-content\/uploads\/2024\/01\/Apresentacao-sem-titulo.png?fit=960%2C540&ssl=1&resize=700%2C400 2x"},"classes":[]},{"id":7070,"url":"https:\/\/ismaelcolosi.com.br\/index.php\/2023\/11\/27\/alexandre-correa-alega-que-ana-hickmann-teria-feito-o-filho-chorar-compulsivamente-no-dia-da-briga\/","url_meta":{"origin":10638,"position":4},"title":"Alexandre Correa alega que Ana Hickmann teria feito o filho chorar compulsivamente no dia da briga","author":"ismaelcolosi.com.br","date":"27 de Novembro de 2023","format":false,"excerpt":"[ad_1] O empres\u00e1rio Alexandre Correa, acusado de agredir a pr\u00f3pria esposa, Ana Hickmann, conversou com canais de comunica\u00e7\u00e3o ap\u00f3s ter se deparado com a entrevista que a esposa concedeu para canais de comunica\u00e7\u00e3o, detalhando o que teria acontecido no dia em que foi agredida dentro de sua mans\u00e3o.Agora, o casal,\u2026","rel":"","context":"In &quot;Blog&quot;","block_context":{"text":"Blog","link":"https:\/\/ismaelcolosi.com.br\/index.php\/category\/blog\/"},"img":{"alt_text":"","src":"https:\/\/i0.wp.com\/ismaelcolosi.com.br\/wp-content\/uploads\/2023\/11\/postimg-6564cfe108f3a7181.jpg?fit=1200%2C628&ssl=1&resize=350%2C200","width":350,"height":200,"srcset":"https:\/\/i0.wp.com\/ismaelcolosi.com.br\/wp-content\/uploads\/2023\/11\/postimg-6564cfe108f3a7181.jpg?fit=1200%2C628&ssl=1&resize=350%2C200 1x, https:\/\/i0.wp.com\/ismaelcolosi.com.br\/wp-content\/uploads\/2023\/11\/postimg-6564cfe108f3a7181.jpg?fit=1200%2C628&ssl=1&resize=525%2C300 1.5x, https:\/\/i0.wp.com\/ismaelcolosi.com.br\/wp-content\/uploads\/2023\/11\/postimg-6564cfe108f3a7181.jpg?fit=1200%2C628&ssl=1&resize=700%2C400 2x, https:\/\/i0.wp.com\/ismaelcolosi.com.br\/wp-content\/uploads\/2023\/11\/postimg-6564cfe108f3a7181.jpg?fit=1200%2C628&ssl=1&resize=1050%2C600 3x"},"classes":[]},{"id":14125,"url":"https:\/\/ismaelcolosi.com.br\/index.php\/2023\/12\/11\/ana-hickmann-descobre-que-marido-se-uniu-a-duas-mulheres-para-dar-golpe-detalhes-sao-expostos\/","url_meta":{"origin":10638,"position":5},"title":"Ana Hickmann descobre que marido se uniu a duas mulheres para dar golpe; detalhes s\u00e3o expostos","author":"ismaelcolosi.com.br","date":"11 de Dezembro de 2023","format":false,"excerpt":"[ad_1] A apresentadora Ana Hickmann deu novas declara\u00e7\u00f5es bomb\u00e1sticas envolvendo o marido, o empres\u00e1rio Alexandre Correa. De acordo com as informa\u00e7\u00f5es divulgadas pela famosa, o pai de seu filho teria se unido a outras pessoas para lhe dar um grande golpe financeiro.Alexandre, de acordo com o documento protocolado pelos advogados\u2026","rel":"","context":"In &quot;Blog&quot;","block_context":{"text":"Blog","link":"https:\/\/ismaelcolosi.com.br\/index.php\/category\/blog\/"},"img":{"alt_text":"","src":"https:\/\/i0.wp.com\/ismaelcolosi.com.br\/wp-content\/uploads\/2023\/12\/postimg-6577791e3bc225734.jpg?fit=1200%2C628&ssl=1&resize=350%2C200","width":350,"height":200,"srcset":"https:\/\/i0.wp.com\/ismaelcolosi.com.br\/wp-content\/uploads\/2023\/12\/postimg-6577791e3bc225734.jpg?fit=1200%2C628&ssl=1&resize=350%2C200 1x, https:\/\/i0.wp.com\/ismaelcolosi.com.br\/wp-content\/uploads\/2023\/12\/postimg-6577791e3bc225734.jpg?fit=1200%2C628&ssl=1&resize=525%2C300 1.5x, https:\/\/i0.wp.com\/ismaelcolosi.com.br\/wp-content\/uploads\/2023\/12\/postimg-6577791e3bc225734.jpg?fit=1200%2C628&ssl=1&resize=700%2C400 2x, https:\/\/i0.wp.com\/ismaelcolosi.com.br\/wp-content\/uploads\/2023\/12\/postimg-6577791e3bc225734.jpg?fit=1200%2C628&ssl=1&resize=1050%2C600 3x"},"classes":[]}],"jetpack_sharing_enabled":true,"jetpack_shortlink":"https:\/\/wp.me\/pfMlyK-2LA","jetpack_featured_media_url":"https:\/\/i0.wp.com\/ismaelcolosi.com.br\/wp-content\/uploads\/2023\/12\/postimg-656e55537ad333948.jpg?fit=1200%2C628&ssl=1","_links":{"self":[{"href":"https:\/\/ismaelcolosi.com.br\/index.php\/wp-json\/wp\/v2\/posts\/10638","targetHints":{"allow":["GET"]}}],"collection":[{"href":"https:\/\/ismaelcolosi.com.br\/index.php\/wp-json\/wp\/v2\/posts"}],"about":[{"href":"https:\/\/ismaelcolosi.com.br\/index.php\/wp-json\/wp\/v2\/types\/post"}],"author":[{"embeddable":true,"href":"https:\/\/ismaelcolosi.com.br\/index.php\/wp-json\/wp\/v2\/users\/1"}],"replies":[{"embeddable":true,"href":"https:\/\/ismaelcolosi.com.br\/index.php\/wp-json\/wp\/v2\/comments?post=10638"}],"version-history":[{"count":0,"href":"https:\/\/ismaelcolosi.com.br\/index.php\/wp-json\/wp\/v2\/posts\/10638\/revisions"}],"wp:featuredmedia":[{"embeddable":true,"href":"https:\/\/ismaelcolosi.com.br\/index.php\/wp-json\/wp\/v2\/media\/10639"}],"wp:attachment":[{"href":"https:\/\/ismaelcolosi.com.br\/index.php\/wp-json\/wp\/v2\/media?parent=10638"}],"wp:term":[{"taxonomy":"category","embeddable":true,"href":"https:\/\/ismaelcolosi.com.br\/index.php\/wp-json\/wp\/v2\/categories?post=10638"},{"taxonomy":"post_tag","embeddable":true,"href":"https:\/\/ismaelcolosi.com.br\/index.php\/wp-json\/wp\/v2\/tags?post=10638"}],"curies":[{"name":"wp","href":"https:\/\/api.w.org\/{rel}","templated":true}]}}