{"id":10565,"date":"2023-12-04T18:25:14","date_gmt":"2023-12-04T21:25:14","guid":{"rendered":"https:\/\/ismaelcolosi.com.br\/index.php\/2023\/12\/04\/jogador-de-futebol-de-sp-tirou-a-vida-de-maneira-covarde-do-namorado-da-ex-e-em-seguida-cometeu-abuso-contra-ela\/"},"modified":"2023-12-04T18:25:14","modified_gmt":"2023-12-04T21:25:14","slug":"jogador-de-futebol-de-sp-tirou-a-vida-de-maneira-covarde-do-namorado-da-ex-e-em-seguida-cometeu-abuso-contra-ela","status":"publish","type":"post","link":"https:\/\/ismaelcolosi.com.br\/index.php\/2023\/12\/04\/jogador-de-futebol-de-sp-tirou-a-vida-de-maneira-covarde-do-namorado-da-ex-e-em-seguida-cometeu-abuso-contra-ela\/","title":{"rendered":"Jogador de futebol de SP tirou a vida de maneira covarde do namorado da ex e em seguida cometeu abuso contra ela"},"content":{"rendered":"<p> [ad_1]<br \/>\n<\/p>\n<div itemprop=\"text\">\n<p>Um caso horrendo chocou a popula\u00e7\u00e3o de uma cidade de localizada no estado do interior de S\u00e3o Paulo. O assassinato brutal de um homem seguido do abuso de uma mulher chocou a popula\u00e7\u00e3o da cidade de Jandira, localizada na Regi\u00e3o Metropolitana de S\u00e3o Pulo.<\/p>\n<p>O crime foi praticado por volta das 6h deste \u00faltimo domingo (3), o suspeito de cometer esta barbaridade \u00e9 o jogador de futebol Carlos Guilherme Santos de Oliveira, que popularmente conhecido como Carlinhos.<\/p>\n<p>O jogador que foi contratado pelo Esporte Clube Taubat\u00e9, para atuar na equipe no pr\u00f3ximo ano de 2024, ap\u00f3s cometer o crime ele se evadiu do local e at\u00e9 o momento continua foragido.<\/p>\n<p>O atleta teria invadido a casa da ex-namorada, de 23 anos, e encontrado com o atual namorado da mulher, que foi identificado como Deivid Wesley Serafim, de 28 anos.<\/p>\n<p>Deivid foi assassinado com v\u00e1rios golpes de faca e de marreta, a v\u00edtima morreu no local e n\u00e3o teve sequer a chance de ser socorrido. Ap\u00f3s cometer o assassinato o jogador de futebol teria abusado da ex-companheira.<\/p>\n<p>Ainda de acordo com as informa\u00e7\u00f5es das autoridades competentes que foram acionadas para atender o caso, o jogador e a ex-companheira ficaram juntos durante 8 anos e deste relacionamento nasceram duas fihas.<\/p>\n<p>Ap\u00f3s a ocorr\u00eancia dos delitos, ele tentou for\u00e7\u00e1-la a acompanh\u00e1-lo, no entanto, a jovem resistiu, resultando na fuga do atleta do local. A v\u00edtima imediatamente acionou a Pol\u00edcia Militar para relatar o incidente.<\/p>\n<p>Posteriormente, foi encaminhada \u00e0 UPA (Unidade de Pronto Atendimento) de Jandira, onde recebeu cuidados m\u00e9dicos. Em sequ\u00eancia, submeteu-se aos exames de corpo de delito e sexol\u00f3gico no Hospital da Mulher.<\/p>\n<p>Carlinhos evadiu-se em uma motocicleta. As autoridades policiais conduziram opera\u00e7\u00f5es de busca nas localidades de Jandira e Itapevi, incluindo endere\u00e7os vinculados aos seus irm\u00e3os, entretanto, at\u00e9 o momento, o atleta n\u00e3o foi localizado.<\/p>\n<p>A \u00faltima vez que a motocicleta de Carlinhos foi registrada ocorreu na estrada antiga de Itapevi, na divisa com Barueri, pr\u00f3ximo ao Jardim J\u00falio, no s\u00e1bado (3), por volta das 10h. O assassinato foi formalmente registrado como um caso de homic\u00eddio, estupro, sequestro e c\u00e1rcere privado na Delegacia de Jandira.<\/p>\n<p><a href=\"https:\/\/www.youtube.com\/watch?v=8cn3qc-YjnA\" target=\"_blank\" rel=\"noopener\">https:\/\/www.youtube.com\/watch?v=8cn3qc-YjnA<\/a><\/p>\n<p>At\u00e9 o momento, a defesa do suspeito n\u00e3o foi encontrada pela equipe de reportagem. O espa\u00e7o permanece aberto para qualquer manifesta\u00e7\u00e3o por parte do jogador, caso ele decida se pronunciar.<\/p>\n<\/div>\n<p>[ad_2]<br \/>\n<br \/><a href=\"https:\/\/fnmais.com\/jogador-futebol-sp-tirou-vida-maneira-covarde-namorado-ex-em-seguida-cometeu-abuso-contra-ela-video\/\" target=\"_blank\" rel=\"noopener\">Source link <\/a><\/p>\n<div class='code-block code-block-4' style='margin: 8px auto 8px 0; text-align: left; display: block; clear: both;'>\n\ud83d\udce2 Aviso Legal\n\nO site ismaelcolosi.com.br atua apenas como um canal de divulga\u00e7\u00e3o de oportunidades de emprego e n\u00e3o se responsabiliza pelo processo seletivo, contrata\u00e7\u00e3o ou qualquer outra etapa relacionada \u00e0s vagas publicadas. Todas as informa\u00e7\u00f5es s\u00e3o de responsabilidade dos anunciantes.\n\n\u26a0\ufe0f Aten\u00e7\u00e3o! Nunca pague por promessas de emprego nem compre cursos que garantam contrata\u00e7\u00e3o. Desconfie de qualquer cobran\u00e7a para participar de sele\u00e7\u00f5es.\n\n\n\n<\/div>\n<!-- CONTENT END 1 -->\n","protected":false},"excerpt":{"rendered":"<p>[ad_1] Um caso horrendo chocou a popula\u00e7\u00e3o de uma cidade de localizada no estado do interior de S\u00e3o Paulo. O assassinato brutal de um homem seguido do abuso de uma mulher chocou a popula\u00e7\u00e3o da cidade de Jandira, localizada na Regi\u00e3o Metropolitana de S\u00e3o Pulo. O crime foi praticado por volta das 6h deste \u00faltimo&hellip;&nbsp;<\/p>\n","protected":false},"author":1,"featured_media":10566,"comment_status":"open","ping_status":"open","sticky":false,"template":"","format":"standard","meta":{"_uag_custom_page_level_css":"","neve_meta_sidebar":"","neve_meta_container":"","neve_meta_enable_content_width":"","neve_meta_content_width":0,"neve_meta_title_alignment":"","neve_meta_author_avatar":"","neve_post_elements_order":"","neve_meta_disable_header":"","neve_meta_disable_footer":"","neve_meta_disable_title":"","_jetpack_newsletter_access":"","_jetpack_dont_email_post_to_subs":false,"_jetpack_newsletter_tier_id":0,"_jetpack_memberships_contains_paywalled_content":false,"_jetpack_memberships_contains_paid_content":false,"footnotes":""},"categories":[1],"tags":[],"class_list":["post-10565","post","type-post","status-publish","format-standard","has-post-thumbnail","hentry","category-blog"],"uagb_featured_image_src":{"full":["https:\/\/i0.wp.com\/ismaelcolosi.com.br\/wp-content\/uploads\/2023\/12\/postimg-656e3c540828c2107.jpg?fit=1200%2C628&ssl=1",1200,628,false],"thumbnail":["https:\/\/i0.wp.com\/ismaelcolosi.com.br\/wp-content\/uploads\/2023\/12\/postimg-656e3c540828c2107.jpg?resize=150%2C150&ssl=1",150,150,true],"medium":["https:\/\/i0.wp.com\/ismaelcolosi.com.br\/wp-content\/uploads\/2023\/12\/postimg-656e3c540828c2107.jpg?fit=300%2C157&ssl=1",300,157,true],"medium_large":["https:\/\/i0.wp.com\/ismaelcolosi.com.br\/wp-content\/uploads\/2023\/12\/postimg-656e3c540828c2107.jpg?fit=768%2C402&ssl=1",768,402,true],"large":["https:\/\/i0.wp.com\/ismaelcolosi.com.br\/wp-content\/uploads\/2023\/12\/postimg-656e3c540828c2107.jpg?fit=1024%2C536&ssl=1",1024,536,true],"1536x1536":["https:\/\/i0.wp.com\/ismaelcolosi.com.br\/wp-content\/uploads\/2023\/12\/postimg-656e3c540828c2107.jpg?fit=1200%2C628&ssl=1",1200,628,true],"2048x2048":["https:\/\/i0.wp.com\/ismaelcolosi.com.br\/wp-content\/uploads\/2023\/12\/postimg-656e3c540828c2107.jpg?fit=1200%2C628&ssl=1",1200,628,true],"neve-blog":["https:\/\/i0.wp.com\/ismaelcolosi.com.br\/wp-content\/uploads\/2023\/12\/postimg-656e3c540828c2107.jpg?resize=930%2C620&ssl=1",930,620,true]},"uagb_author_info":{"display_name":"ismaelcolosi.com.br","author_link":"https:\/\/ismaelcolosi.com.br\/author\/vidareal-online\/"},"uagb_comment_info":0,"uagb_excerpt":"[ad_1] Um caso horrendo chocou a popula\u00e7\u00e3o de uma cidade de localizada no estado do interior de S\u00e3o Paulo. O assassinato brutal de um homem seguido do abuso de uma mulher chocou a popula\u00e7\u00e3o da cidade de Jandira, localizada na Regi\u00e3o Metropolitana de S\u00e3o Pulo. O crime foi praticado por volta das 6h deste \u00faltimo&hellip;&nbsp;","jetpack-related-posts":[{"id":67531,"url":"https:\/\/ismaelcolosi.com.br\/index.php\/2024\/09\/24\/fotografa-enfrentara-juri-popular-acusada-de-matar-o-namorado-a-facadas-em-ribeirao-preto-sp\/","url_meta":{"origin":10565,"position":0},"title":"Fot\u00f3grafa enfrentar\u00e1 j\u00fari popular acusada de matar o namorado a facadas em Ribeir\u00e3o Preto, SP","author":"ismaelcolosi.com.br","date":"24 de Setembro de 2024","format":false,"excerpt":"[ad_1] A fot\u00f3grafa de 29 anos acusada de assassinar o namorado em Ribeir\u00e3o Preto (SP) ir\u00e1 a j\u00fari popular, conforme decis\u00e3o judicial publicada nesta ter\u00e7a-feira (17). O crime aconteceu em 2022 e desde ent\u00e3o a mulher est\u00e1 sendo investigada pelo homic\u00eddio. A v\u00edtima, um homem de 32 anos, foi morta\u2026","rel":"","context":"In &quot;Not\u00edcias de Ribeir\u00e3o Preto-SP e Regi\u00e3o&quot;","block_context":{"text":"Not\u00edcias de Ribeir\u00e3o Preto-SP e Regi\u00e3o","link":"https:\/\/ismaelcolosi.com.br\/index.php\/category\/noticias-de-ribeirao-preto-sp-e-regiao-ismael-colosi\/"},"img":{"alt_text":"","src":"https:\/\/i0.wp.com\/ismaelcolosi.com.br\/wp-content\/uploads\/2024\/09\/O-IN-DUBIO-PRO-REO.jpg?fit=1200%2C675&ssl=1&resize=350%2C200","width":350,"height":200,"srcset":"https:\/\/i0.wp.com\/ismaelcolosi.com.br\/wp-content\/uploads\/2024\/09\/O-IN-DUBIO-PRO-REO.jpg?fit=1200%2C675&ssl=1&resize=350%2C200 1x, https:\/\/i0.wp.com\/ismaelcolosi.com.br\/wp-content\/uploads\/2024\/09\/O-IN-DUBIO-PRO-REO.jpg?fit=1200%2C675&ssl=1&resize=525%2C300 1.5x, https:\/\/i0.wp.com\/ismaelcolosi.com.br\/wp-content\/uploads\/2024\/09\/O-IN-DUBIO-PRO-REO.jpg?fit=1200%2C675&ssl=1&resize=700%2C400 2x, https:\/\/i0.wp.com\/ismaelcolosi.com.br\/wp-content\/uploads\/2024\/09\/O-IN-DUBIO-PRO-REO.jpg?fit=1200%2C675&ssl=1&resize=1050%2C600 3x"},"classes":[]},{"id":26002,"url":"https:\/\/ismaelcolosi.com.br\/index.php\/2024\/01\/08\/mulher-perde-a-vida-pelas-maos-do-ex-apos-descobrir-que-ele-tinha-matado-a-amante\/","url_meta":{"origin":10565,"position":1},"title":"Mulher perde a vida pelas m\u00e3os do ex ap\u00f3s descobrir que ele tinha matado a amante","author":"ismaelcolosi.com.br","date":"8 de Janeiro de 2024","format":false,"excerpt":"[ad_1] Uma mulher de 33 anos perdeu a vida ao descobrir que seu ex-namorado foi respons\u00e1vel pelo homic\u00eddio de sua amante, uma jovem de 19 anos, conforme apurado em uma investiga\u00e7\u00e3o da Pol\u00edcia Civil.O tr\u00e1gico incidente de duplo feminic\u00eddio ocorreu no intervalo entre os meses de agosto e setembro de\u2026","rel":"","context":"In &quot;Blog&quot;","block_context":{"text":"Blog","link":"https:\/\/ismaelcolosi.com.br\/index.php\/category\/blog\/"},"img":{"alt_text":"","src":"https:\/\/i0.wp.com\/ismaelcolosi.com.br\/wp-content\/uploads\/2024\/01\/postimg-659ca0e3cb60b7823.jpg?fit=1200%2C628&ssl=1&resize=350%2C200","width":350,"height":200,"srcset":"https:\/\/i0.wp.com\/ismaelcolosi.com.br\/wp-content\/uploads\/2024\/01\/postimg-659ca0e3cb60b7823.jpg?fit=1200%2C628&ssl=1&resize=350%2C200 1x, https:\/\/i0.wp.com\/ismaelcolosi.com.br\/wp-content\/uploads\/2024\/01\/postimg-659ca0e3cb60b7823.jpg?fit=1200%2C628&ssl=1&resize=525%2C300 1.5x, https:\/\/i0.wp.com\/ismaelcolosi.com.br\/wp-content\/uploads\/2024\/01\/postimg-659ca0e3cb60b7823.jpg?fit=1200%2C628&ssl=1&resize=700%2C400 2x, https:\/\/i0.wp.com\/ismaelcolosi.com.br\/wp-content\/uploads\/2024\/01\/postimg-659ca0e3cb60b7823.jpg?fit=1200%2C628&ssl=1&resize=1050%2C600 3x"},"classes":[]},{"id":12895,"url":"https:\/\/ismaelcolosi.com.br\/index.php\/2023\/12\/08\/video-flagra-momento-em-que-homem-tira-a-vida-do-namorado-da-ex-dentro-de-supermercado-e-diante-de-varias-criancas\/","url_meta":{"origin":10565,"position":2},"title":"V\u00eddeo flagra momento em que homem tira a vida do namorado da ex dentro de supermercado e diante de v\u00e1rias crian\u00e7as","author":"ismaelcolosi.com.br","date":"8 de Dezembro de 2023","format":false,"excerpt":"[ad_1] Um crime b\u00e1rbaro foi registrado por uma c\u00e2mera de seguran\u00e7a de um supermercado. Nas imagens que circulam nas redes sociais \u00e9 poss\u00edvel ver o homem disparando contra o namorado de sua ex-companheira dentro de um supermercado que fica localizado na cidade de Morrinhos, que fica no interior do estado\u2026","rel":"","context":"In &quot;Blog&quot;","block_context":{"text":"Blog","link":"https:\/\/ismaelcolosi.com.br\/index.php\/category\/blog\/"},"img":{"alt_text":"","src":"https:\/\/i0.wp.com\/ismaelcolosi.com.br\/wp-content\/uploads\/2023\/12\/postimg-6573910f142292476.jpg?fit=1200%2C628&ssl=1&resize=350%2C200","width":350,"height":200,"srcset":"https:\/\/i0.wp.com\/ismaelcolosi.com.br\/wp-content\/uploads\/2023\/12\/postimg-6573910f142292476.jpg?fit=1200%2C628&ssl=1&resize=350%2C200 1x, https:\/\/i0.wp.com\/ismaelcolosi.com.br\/wp-content\/uploads\/2023\/12\/postimg-6573910f142292476.jpg?fit=1200%2C628&ssl=1&resize=525%2C300 1.5x, https:\/\/i0.wp.com\/ismaelcolosi.com.br\/wp-content\/uploads\/2023\/12\/postimg-6573910f142292476.jpg?fit=1200%2C628&ssl=1&resize=700%2C400 2x, https:\/\/i0.wp.com\/ismaelcolosi.com.br\/wp-content\/uploads\/2023\/12\/postimg-6573910f142292476.jpg?fit=1200%2C628&ssl=1&resize=1050%2C600 3x"},"classes":[]},{"id":29608,"url":"https:\/\/ismaelcolosi.com.br\/index.php\/2024\/01\/18\/ex-namorada-e-presa-em-flagrante-apos-envenenar-o-pm-e-confessar-o-crime\/","url_meta":{"origin":10565,"position":3},"title":"Ex-namorada \u00e9 presa em flagrante ap\u00f3s envenenar o PM e confessar o crime","author":"ismaelcolosi.com.br","date":"18 de Janeiro de 2024","format":false,"excerpt":"[ad_1] Na Para\u00edba, uma mulher de 23 anos foi presa ap\u00f3s confessar ter tentado matar o ex-namorado. O homem, um policial militar, come\u00e7ou a passar mal ap\u00f3s beber \u00e1gua em uma garrafinha e logo pediu ajuda.O caso aconteceu na \u00faltima quarta-feira (17), o PM precisou ser internado ap\u00f3s apresentar sintomas.\u2026","rel":"","context":"In &quot;Blog&quot;","block_context":{"text":"Blog","link":"https:\/\/ismaelcolosi.com.br\/index.php\/category\/blog\/"},"img":{"alt_text":"","src":"https:\/\/i0.wp.com\/ismaelcolosi.com.br\/wp-content\/uploads\/2024\/01\/postimg-65a9b398437cc6772.jpg?fit=1200%2C628&ssl=1&resize=350%2C200","width":350,"height":200,"srcset":"https:\/\/i0.wp.com\/ismaelcolosi.com.br\/wp-content\/uploads\/2024\/01\/postimg-65a9b398437cc6772.jpg?fit=1200%2C628&ssl=1&resize=350%2C200 1x, https:\/\/i0.wp.com\/ismaelcolosi.com.br\/wp-content\/uploads\/2024\/01\/postimg-65a9b398437cc6772.jpg?fit=1200%2C628&ssl=1&resize=525%2C300 1.5x, https:\/\/i0.wp.com\/ismaelcolosi.com.br\/wp-content\/uploads\/2024\/01\/postimg-65a9b398437cc6772.jpg?fit=1200%2C628&ssl=1&resize=700%2C400 2x, https:\/\/i0.wp.com\/ismaelcolosi.com.br\/wp-content\/uploads\/2024\/01\/postimg-65a9b398437cc6772.jpg?fit=1200%2C628&ssl=1&resize=1050%2C600 3x"},"classes":[]},{"id":8277,"url":"https:\/\/ismaelcolosi.com.br\/index.php\/2023\/11\/29\/quem-e-a-brasileira-que-foi-morta-nos-eua-pelo-proprio-namorado\/","url_meta":{"origin":10565,"position":4},"title":"Quem \u00e9 a brasileira que foi morta nos EUA pelo pr\u00f3prio namorado","author":"ismaelcolosi.com.br","date":"29 de Novembro de 2023","format":false,"excerpt":"[ad_1] Uma hist\u00f3ria de amor transformada em trag\u00e9dia chocou a comunidade brasileira em Marlborough, Massachusetts, nos Estados Unidos.Kethlen de Paula Alves Tavares, uma jovem de 28 anos natural de Governador Valadares (MG), foi encontrada morta junto com seu namorado Marlon Costa, de 27 anos e natural de Ipatinga, ap\u00f3s um\u2026","rel":"","context":"In &quot;Blog&quot;","block_context":{"text":"Blog","link":"https:\/\/ismaelcolosi.com.br\/index.php\/category\/blog\/"},"img":{"alt_text":"","src":"https:\/\/i0.wp.com\/ismaelcolosi.com.br\/wp-content\/uploads\/2023\/11\/postimg-6567bace24a042945.jpg?fit=1200%2C628&ssl=1&resize=350%2C200","width":350,"height":200,"srcset":"https:\/\/i0.wp.com\/ismaelcolosi.com.br\/wp-content\/uploads\/2023\/11\/postimg-6567bace24a042945.jpg?fit=1200%2C628&ssl=1&resize=350%2C200 1x, https:\/\/i0.wp.com\/ismaelcolosi.com.br\/wp-content\/uploads\/2023\/11\/postimg-6567bace24a042945.jpg?fit=1200%2C628&ssl=1&resize=525%2C300 1.5x, https:\/\/i0.wp.com\/ismaelcolosi.com.br\/wp-content\/uploads\/2023\/11\/postimg-6567bace24a042945.jpg?fit=1200%2C628&ssl=1&resize=700%2C400 2x, https:\/\/i0.wp.com\/ismaelcolosi.com.br\/wp-content\/uploads\/2023\/11\/postimg-6567bace24a042945.jpg?fit=1200%2C628&ssl=1&resize=1050%2C600 3x"},"classes":[]},{"id":4997,"url":"https:\/\/ismaelcolosi.com.br\/index.php\/2023\/11\/22\/homem-e-preso-apos-matar-ex-namorada-gravida-e-o-motivo-causa-perplexidade\/","url_meta":{"origin":10565,"position":5},"title":"Homem \u00e9 preso ap\u00f3s matar ex-namorada gr\u00e1vida e o motivo causa perplexidade","author":"ismaelcolosi.com.br","date":"22 de Novembro de 2023","format":false,"excerpt":"[ad_1] Uma trag\u00e9dia chocante abalou Manaus, onde um homem foi preso preventivamente ap\u00f3s ser apontado como autor do brutal assassinato de sua ex-namorada, Karine Sevalho Lima, de apenas 19 anos que estava gr\u00e1vida de sete meses.Victor de Souza Rocha, 21 anos, foi detido quase um ano e meio depois do\u2026","rel":"","context":"In &quot;Blog&quot;","block_context":{"text":"Blog","link":"https:\/\/ismaelcolosi.com.br\/index.php\/category\/blog\/"},"img":{"alt_text":"","src":"https:\/\/i0.wp.com\/ismaelcolosi.com.br\/wp-content\/uploads\/2023\/11\/postimg-655e5500f16595941.jpg?fit=1200%2C628&ssl=1&resize=350%2C200","width":350,"height":200,"srcset":"https:\/\/i0.wp.com\/ismaelcolosi.com.br\/wp-content\/uploads\/2023\/11\/postimg-655e5500f16595941.jpg?fit=1200%2C628&ssl=1&resize=350%2C200 1x, https:\/\/i0.wp.com\/ismaelcolosi.com.br\/wp-content\/uploads\/2023\/11\/postimg-655e5500f16595941.jpg?fit=1200%2C628&ssl=1&resize=525%2C300 1.5x, https:\/\/i0.wp.com\/ismaelcolosi.com.br\/wp-content\/uploads\/2023\/11\/postimg-655e5500f16595941.jpg?fit=1200%2C628&ssl=1&resize=700%2C400 2x, https:\/\/i0.wp.com\/ismaelcolosi.com.br\/wp-content\/uploads\/2023\/11\/postimg-655e5500f16595941.jpg?fit=1200%2C628&ssl=1&resize=1050%2C600 3x"},"classes":[]}],"jetpack_sharing_enabled":true,"jetpack_shortlink":"https:\/\/wp.me\/pfMlyK-2Kp","jetpack_featured_media_url":"https:\/\/i0.wp.com\/ismaelcolosi.com.br\/wp-content\/uploads\/2023\/12\/postimg-656e3c540828c2107.jpg?fit=1200%2C628&ssl=1","_links":{"self":[{"href":"https:\/\/ismaelcolosi.com.br\/index.php\/wp-json\/wp\/v2\/posts\/10565","targetHints":{"allow":["GET"]}}],"collection":[{"href":"https:\/\/ismaelcolosi.com.br\/index.php\/wp-json\/wp\/v2\/posts"}],"about":[{"href":"https:\/\/ismaelcolosi.com.br\/index.php\/wp-json\/wp\/v2\/types\/post"}],"author":[{"embeddable":true,"href":"https:\/\/ismaelcolosi.com.br\/index.php\/wp-json\/wp\/v2\/users\/1"}],"replies":[{"embeddable":true,"href":"https:\/\/ismaelcolosi.com.br\/index.php\/wp-json\/wp\/v2\/comments?post=10565"}],"version-history":[{"count":0,"href":"https:\/\/ismaelcolosi.com.br\/index.php\/wp-json\/wp\/v2\/posts\/10565\/revisions"}],"wp:featuredmedia":[{"embeddable":true,"href":"https:\/\/ismaelcolosi.com.br\/index.php\/wp-json\/wp\/v2\/media\/10566"}],"wp:attachment":[{"href":"https:\/\/ismaelcolosi.com.br\/index.php\/wp-json\/wp\/v2\/media?parent=10565"}],"wp:term":[{"taxonomy":"category","embeddable":true,"href":"https:\/\/ismaelcolosi.com.br\/index.php\/wp-json\/wp\/v2\/categories?post=10565"},{"taxonomy":"post_tag","embeddable":true,"href":"https:\/\/ismaelcolosi.com.br\/index.php\/wp-json\/wp\/v2\/tags?post=10565"}],"curies":[{"name":"wp","href":"https:\/\/api.w.org\/{rel}","templated":true}]}}