{"id":10559,"date":"2023-12-04T18:13:12","date_gmt":"2023-12-04T21:13:12","guid":{"rendered":"https:\/\/ismaelcolosi.com.br\/index.php\/2023\/12\/04\/homem-e-morto-apos-ser-acusado-de-furtar-medidor-de-energia-em-ribeirao\/"},"modified":"2023-12-04T18:13:12","modified_gmt":"2023-12-04T21:13:12","slug":"homem-e-morto-apos-ser-acusado-de-furtar-medidor-de-energia-em-ribeirao","status":"publish","type":"post","link":"https:\/\/ismaelcolosi.com.br\/index.php\/2023\/12\/04\/homem-e-morto-apos-ser-acusado-de-furtar-medidor-de-energia-em-ribeirao\/","title":{"rendered":"Homem \u00e9 morto ap\u00f3s ser acusado de furtar medidor de energia em Ribeir\u00e3o"},"content":{"rendered":"<p> <br \/>\n<\/p>\n<div data-td-block-uid=\"tdi_104\">\n<div class=\"tdb-block-inner td-fix-index\">\n<p><strong>Um homem foi morto ap\u00f3s ter sido acusado de furtar um rel\u00f3gio de medi\u00e7\u00e3o de energia el\u00e9trica em Ribeir\u00e3o Preto. O crime aconteceu na manh\u00e3 do \u00faltimo s\u00e1bado (4) e o acusado de ter cometido o crime foi preso em flagrante.<\/strong><\/p>\n<p>De acordo com o<strong> B.O. (boletim de ocorr\u00eancia)<\/strong>, <mark style=\"background-color:#fcb900\" class=\"has-inline-color has-black-color\">o corpo da v\u00edtima foi encontrado nos fundos de uma casa na rua Clementino Dias da Silva, no Planalto Verde, na zona Oeste de Ribeir\u00e3o Preto.<\/mark> O corpo foi encontrado com ferimentos nas costas e pr\u00f3ximo de um medidor de energia.<\/p><div class='code-block code-block-8' style='margin: 8px auto; text-align: center; display: block; clear: both;'>\n<script>\n  atOptions = {\n    'key' : '66e2e2111ca34da796271819fc334058',\n    'format' : 'iframe',\n    'height' : 250,\n    'width' : 300,\n    'params' : {}\n  };\n<\/script>\n<script src=\"https:\/\/www.highperformanceformat.com\/66e2e2111ca34da796271819fc334058\/invoke.js\"><\/script>\n<\/div>\n\n<p>Os policiais que atenderam a ocorr\u00eancia rastrearam o n\u00famero do rel\u00f3gio e foram at\u00e9 a casa onde ele estava registrado. No local, os agentes abordaram o dono da casa, um homem de 42 anos, que disse que sofreu o furto do rel\u00f3gio e que tinha ido at\u00e9 o dep\u00f3sito comprar um novo.<\/p>\n<p>O suspeito confirmou que teria ido atr\u00e1s dos acusados de furtarem o medidor de energia e que ele teria utilizado a moto de um mototaxista desconhecido que passava na rua.<\/p>\n<p>Segundo o registro, ele alegou que ao avistar um dos autores do furto, ele sacou a arma de fogo e efetuou dois disparos sem o intuito de acertar a v\u00edtima.<mark style=\"background-color:#fcb900\" class=\"has-inline-color has-black-color\"> O homem teria ficado surpreso ao ser informado que a v\u00edtima morreu por conta dos tiros.<\/mark><\/p>\n<p>Os policiais levaram o suspeito at\u00e9 a casa do pai dele, onde foi encontrada a pistola que teria sido utilizada no crime.<\/p>\n<p>Por conta disso, foi dada voz de pris\u00e3o em flagrante e o caso foi registrado como homic\u00eddio na <strong>CPJ (Central de Pol\u00edcia Judici\u00e1ria) de Ribeir\u00e3o Preto<\/strong> e a arma foi apreendida.<\/p>\n<p>VEJA TAMB\u00c9M<br \/>STF julga descriminaliza\u00e7\u00e3o das drogas em 2024; Ribeir\u00e3o foi citada em voto de Moraes<\/p>\n<h4 class=\"wp-block-heading\"><strong>FIQUE ON<\/strong><\/h4>\n<p>Fique ligado em tudo que acontece em Ribeir\u00e3o Preto e regi\u00e3o. Siga os perfis do<strong> acidade on<\/strong> no <a href=\"https:\/\/www.instagram.com\/acidadeonribeirao\" target=\"_blank\" rel=\"noreferrer noopener nofollow\">Instagram <\/a>e no <a href=\"https:\/\/www.facebook.com\/acidadeonribeirao\" target=\"_blank\" rel=\"noreferrer noopener nofollow\">Facebook.<\/a><\/p>\n<p>Receba not\u00edcias do<strong> acidade on <\/strong>no WhatsApp.<a href=\"https:\/\/chat.whatsapp.com\/Bnv2w66ZT4VDyZW3oiZ69n\" target=\"_blank\" rel=\"noreferrer noopener nofollow\"> Para entrar no grupo, basta clicar aqui.<\/a><\/p>\n<p>Fa\u00e7a uma den\u00fancia ou sugira uma reportagem sobre a Ribeir\u00e3o Preto e regi\u00e3o pelo WhatsApp: (16) 99117 7802.<\/p>\n<p>LEIA MAIS<br \/><a href=\"https:\/\/www.tudoep.com\/tudo-cult\/tudo-cult\/viu-essa\/NOT,0,0,1868474,bbb-24-quais-sao-as-novidades-lider-tera-camera-exclusiva.aspx\" target=\"_blank\" rel=\"noreferrer noopener nofollow\">BBB 24: quais s\u00e3o as novidades? L\u00edder ter\u00e1 c\u00e2mera exclusiva<\/a><\/p>\n<p><!-- AI CONTENT END 1 -->\n<\/div>\n<\/div>\n<p><script async src=\"\/\/www.instagram.com\/embed.js\"><\/script><br \/>\n<br \/><br \/>\n<br \/><a href=\"https:\/\/www.acidadeon.com\/ribeiraopreto\/cotidiano\/homem-e-morto-apos-ser-acusado-de-furtar-medidor-de-energia-em-ribeirao\/\">Source link <\/a><\/p>\n<div class='code-block code-block-4' style='margin: 8px auto 8px 0; text-align: left; display: block; clear: both;'>\n\ud83d\udce2 Aviso Legal\n\nO site ismaelcolosi.com.br atua apenas como um canal de divulga\u00e7\u00e3o de oportunidades de emprego e n\u00e3o se responsabiliza pelo processo seletivo, contrata\u00e7\u00e3o ou qualquer outra etapa relacionada \u00e0s vagas publicadas. Todas as informa\u00e7\u00f5es s\u00e3o de responsabilidade dos anunciantes.\n\n\u26a0\ufe0f Aten\u00e7\u00e3o! Nunca pague por promessas de emprego nem compre cursos que garantam contrata\u00e7\u00e3o. Desconfie de qualquer cobran\u00e7a para participar de sele\u00e7\u00f5es.\n\n\n<div data-type=\"_mgwidget\" data-widget-id=\"2000896\">\n<\/div>\n<script>(function(w,q){w[q]=w[q]||[];w[q].push([\"_mgc.load\"])})(window,\"_mgq\");\n<\/script>\n<\/div>\n<!-- CONTENT END 1 -->\n","protected":false},"excerpt":{"rendered":"<p>Um homem foi morto ap\u00f3s ter sido acusado de furtar um rel\u00f3gio de medi\u00e7\u00e3o de energia el\u00e9trica em Ribeir\u00e3o Preto. O crime aconteceu na manh\u00e3&#8230;<\/p>\n","protected":false},"author":1,"featured_media":10560,"comment_status":"open","ping_status":"open","sticky":false,"template":"","format":"standard","meta":{"om_disable_all_campaigns":false,"_uag_custom_page_level_css":"","jetpack_post_was_ever_published":false,"_jetpack_newsletter_access":"","_jetpack_dont_email_post_to_subs":false,"_jetpack_newsletter_tier_id":0,"_jetpack_memberships_contains_paywalled_content":false,"_jetpack_memberships_contains_paid_content":false,"_joinchat":[],"footnotes":"","jetpack_publicize_message":"","jetpack_publicize_feature_enabled":true,"jetpack_social_post_already_shared":true,"jetpack_social_options":{"image_generator_settings":{"template":"highway","default_image_id":0,"font":"","enabled":false},"version":2}},"categories":[11],"tags":[637,37,723,38,59,1331,405,26,845],"class_list":["post-10559","post","type-post","status-publish","format-standard","has-post-thumbnail","hentry","category-noticias-de-ribeirao-preto-sp-e-regiao-ismael-colosi","tag-acusado","tag-apos","tag-energia","tag-furtar","tag-homem","tag-medidor","tag-morto","tag-ribeirao","tag-ser"],"aioseo_notices":[],"jetpack_publicize_connections":[],"jetpack_featured_media_url":"https:\/\/i0.wp.com\/ismaelcolosi.com.br\/wp-content\/uploads\/2023\/12\/cpj_1024x576_04082020121137.jpg?fit=1024%2C575&ssl=1","uagb_featured_image_src":{"full":["https:\/\/i0.wp.com\/ismaelcolosi.com.br\/wp-content\/uploads\/2023\/12\/cpj_1024x576_04082020121137.jpg?fit=1024%2C575&ssl=1",1024,575,false],"thumbnail":["https:\/\/i0.wp.com\/ismaelcolosi.com.br\/wp-content\/uploads\/2023\/12\/cpj_1024x576_04082020121137.jpg?resize=150%2C150&ssl=1",150,150,true],"medium":["https:\/\/i0.wp.com\/ismaelcolosi.com.br\/wp-content\/uploads\/2023\/12\/cpj_1024x576_04082020121137.jpg?fit=300%2C168&ssl=1",300,168,true],"medium_large":["https:\/\/i0.wp.com\/ismaelcolosi.com.br\/wp-content\/uploads\/2023\/12\/cpj_1024x576_04082020121137.jpg?fit=768%2C431&ssl=1",768,431,true],"large":["https:\/\/i0.wp.com\/ismaelcolosi.com.br\/wp-content\/uploads\/2023\/12\/cpj_1024x576_04082020121137.jpg?fit=1024%2C575&ssl=1",1024,575,true],"1536x1536":["https:\/\/i0.wp.com\/ismaelcolosi.com.br\/wp-content\/uploads\/2023\/12\/cpj_1024x576_04082020121137.jpg?fit=1024%2C575&ssl=1",1024,575,true],"2048x2048":["https:\/\/i0.wp.com\/ismaelcolosi.com.br\/wp-content\/uploads\/2023\/12\/cpj_1024x576_04082020121137.jpg?fit=1024%2C575&ssl=1",1024,575,true],"really-simple-thumb":["https:\/\/i0.wp.com\/ismaelcolosi.com.br\/wp-content\/uploads\/2023\/12\/cpj_1024x576_04082020121137.jpg?resize=370%2C247&ssl=1",370,247,true]},"uagb_author_info":{"display_name":"ismaelcolosi.com.br","author_link":"https:\/\/ismaelcolosi.com.br\/index.php\/author\/vidareal-online\/"},"uagb_comment_info":0,"uagb_excerpt":"Um homem foi morto ap\u00f3s ter sido acusado de furtar um rel\u00f3gio de medi\u00e7\u00e3o de energia el\u00e9trica em Ribeir\u00e3o Preto. O crime aconteceu na manh\u00e3...","jetpack-related-posts":[{"id":9809,"url":"https:\/\/ismaelcolosi.com.br\/index.php\/2023\/12\/02\/utm_sourcerssutm_mediumrssutm_campaignhomem-e-preso-apos-matar-bandido-que-furtava-medidor-de-energia-em-ribeirao-preto\/","url_meta":{"origin":10559,"position":0},"title":"Homem \u00e9 preso ap\u00f3s matar bandido que furtava medidor de energia em Ribeir\u00e3o Preto \u2013 X Tudo Ribeir\u00e3o","author":"ismaelcolosi.com.br","date":"2 de December de 2023","format":false,"excerpt":"Um homem foi preso pela Pol\u00edcia na tarde deste s\u00e1bado (2\/12), ap\u00f3s matar um bandido a tiros durante um furto pela manh\u00e3 no bairro Planalto Verde, na zona Oeste de Ribeir\u00e3o Preto. Segundo informa\u00e7\u00f5es da Pol\u00edcia, no come\u00e7o da tarde populares acionaram os Policiais versando sobre um corpo encontrado em\u2026","rel":"","context":"In &quot;Not\u00edcias de Ribeir\u00e3o Preto-SP e Regi\u00e3o&quot;","block_context":{"text":"Not\u00edcias de Ribeir\u00e3o Preto-SP e Regi\u00e3o","link":"https:\/\/ismaelcolosi.com.br\/index.php\/category\/noticias-de-ribeirao-preto-sp-e-regiao-ismael-colosi\/"},"img":{"alt_text":"","src":"https:\/\/i0.wp.com\/ismaelcolosi.com.br\/wp-content\/uploads\/2023\/12\/WhatsApp-Image-2023-12-02-at-22.20.29.jpeg?fit=1200%2C537&ssl=1&resize=350%2C200","width":350,"height":200,"srcset":"https:\/\/i0.wp.com\/ismaelcolosi.com.br\/wp-content\/uploads\/2023\/12\/WhatsApp-Image-2023-12-02-at-22.20.29.jpeg?fit=1200%2C537&ssl=1&resize=350%2C200 1x, https:\/\/i0.wp.com\/ismaelcolosi.com.br\/wp-content\/uploads\/2023\/12\/WhatsApp-Image-2023-12-02-at-22.20.29.jpeg?fit=1200%2C537&ssl=1&resize=525%2C300 1.5x, https:\/\/i0.wp.com\/ismaelcolosi.com.br\/wp-content\/uploads\/2023\/12\/WhatsApp-Image-2023-12-02-at-22.20.29.jpeg?fit=1200%2C537&ssl=1&resize=700%2C400 2x, https:\/\/i0.wp.com\/ismaelcolosi.com.br\/wp-content\/uploads\/2023\/12\/WhatsApp-Image-2023-12-02-at-22.20.29.jpeg?fit=1200%2C537&ssl=1&resize=1050%2C600 3x"},"classes":[]},{"id":10326,"url":"https:\/\/ismaelcolosi.com.br\/index.php\/2023\/12\/04\/homem-e-morto-apos-supostamente-furtar-medidor-de-energia-em-rp\/","url_meta":{"origin":10559,"position":1},"title":"Homem \u00e9 morto ap\u00f3s supostamente furtar medidor de energia em RP","author":"ismaelcolosi.com.br","date":"4 de December de 2023","format":false,"excerpt":"Dono da casa teria visto a\u00e7\u00e3o dos ladr\u00f5es e perseguiu um deles, que tentou se esconder em terreno onde acabou morto a tiros 4 de dezembro de 2023 | 10:36 0Por: Adalberto LuqueUm homem morreu, na manh\u00e3 deste s\u00e1bado (02), na Rua Clementino Dias da Silva, Planalto Verde, zona Oeste\u2026","rel":"","context":"In &quot;Not\u00edcias de Ribeir\u00e3o Preto-SP e Regi\u00e3o&quot;","block_context":{"text":"Not\u00edcias de Ribeir\u00e3o Preto-SP e Regi\u00e3o","link":"https:\/\/ismaelcolosi.com.br\/index.php\/category\/noticias-de-ribeirao-preto-sp-e-regiao-ismael-colosi\/"},"img":{"alt_text":"","src":"https:\/\/i0.wp.com\/ismaelcolosi.com.br\/wp-content\/uploads\/2023\/12\/00-04-dez-2023-morto-furtando-01-foto-x-tudo-scaled.jpg?fit=1000%2C592&ssl=1&resize=350%2C200","width":350,"height":200,"srcset":"https:\/\/i0.wp.com\/ismaelcolosi.com.br\/wp-content\/uploads\/2023\/12\/00-04-dez-2023-morto-furtando-01-foto-x-tudo-scaled.jpg?fit=1000%2C592&ssl=1&resize=350%2C200 1x, https:\/\/i0.wp.com\/ismaelcolosi.com.br\/wp-content\/uploads\/2023\/12\/00-04-dez-2023-morto-furtando-01-foto-x-tudo-scaled.jpg?fit=1000%2C592&ssl=1&resize=525%2C300 1.5x, https:\/\/i0.wp.com\/ismaelcolosi.com.br\/wp-content\/uploads\/2023\/12\/00-04-dez-2023-morto-furtando-01-foto-x-tudo-scaled.jpg?fit=1000%2C592&ssl=1&resize=700%2C400 2x"},"classes":[]},{"id":48690,"url":"https:\/\/ismaelcolosi.com.br\/index.php\/2024\/05\/05\/policia-prende-acusado-de-furtar-joalheria-de-shopping-em-ribeirao-preto\/","url_meta":{"origin":10559,"position":2},"title":"Pol\u00edcia prende acusado de furtar joalheria de shopping em Ribeir\u00e3o Preto","author":"ismaelcolosi.com.br","date":"5 de May de 2024","format":false,"excerpt":"Foi preso na tarde deste domingo (5) o homem acusado de ter furtado uma joalheria no Ribeir\u00e3o Shopping, na zona Sul de Ribeir\u00e3o Preto, entre a noite de s\u00e1bado (4) e est\u00e1 madrugada. O criminoso foi encontrado dentro de uma loja que est\u00e1 sendo reformada. Segundo o BO (boletim de\u2026","rel":"","context":"In &quot;Not\u00edcias de Ribeir\u00e3o Preto-SP e Regi\u00e3o&quot;","block_context":{"text":"Not\u00edcias de Ribeir\u00e3o Preto-SP e Regi\u00e3o","link":"https:\/\/ismaelcolosi.com.br\/index.php\/category\/noticias-de-ribeirao-preto-sp-e-regiao-ismael-colosi\/"},"img":{"alt_text":"","src":"https:\/\/i0.wp.com\/ismaelcolosi.com.br\/wp-content\/uploads\/2024\/05\/AnyConv.com__furto-joalheria-1_2024-05-05_20-42-15.webp.webp?fit=1200%2C900&ssl=1&resize=350%2C200","width":350,"height":200,"srcset":"https:\/\/i0.wp.com\/ismaelcolosi.com.br\/wp-content\/uploads\/2024\/05\/AnyConv.com__furto-joalheria-1_2024-05-05_20-42-15.webp.webp?fit=1200%2C900&ssl=1&resize=350%2C200 1x, https:\/\/i0.wp.com\/ismaelcolosi.com.br\/wp-content\/uploads\/2024\/05\/AnyConv.com__furto-joalheria-1_2024-05-05_20-42-15.webp.webp?fit=1200%2C900&ssl=1&resize=525%2C300 1.5x, https:\/\/i0.wp.com\/ismaelcolosi.com.br\/wp-content\/uploads\/2024\/05\/AnyConv.com__furto-joalheria-1_2024-05-05_20-42-15.webp.webp?fit=1200%2C900&ssl=1&resize=700%2C400 2x, https:\/\/i0.wp.com\/ismaelcolosi.com.br\/wp-content\/uploads\/2024\/05\/AnyConv.com__furto-joalheria-1_2024-05-05_20-42-15.webp.webp?fit=1200%2C900&ssl=1&resize=1050%2C600 3x"},"classes":[]},{"id":22899,"url":"https:\/\/ismaelcolosi.com.br\/index.php\/2023\/12\/31\/homem-morre-apos-ser-esfaqueado-na-regiao-de-ribeirao-preto-2\/","url_meta":{"origin":10559,"position":3},"title":"Homem morre ap\u00f3s ser esfaqueado na regi\u00e3o de Ribeir\u00e3o Preto","author":"ismaelcolosi.com.br","date":"31 de December de 2023","format":false,"excerpt":"Um homem foi morto ap\u00f3s ser esfaqueado em Igarapava, na regi\u00e3o de Ribeir\u00e3o Preto, na noite do \u00faltimo s\u00e1bado (30). O autor do crime teria discutido com a v\u00edtima, que teria ido at\u00e9 a casa do acusado para tirar satisfa\u00e7\u00e3o. De acordo com o B.O. (boletim de ocorr\u00eancia), o autor\u2026","rel":"","context":"In &quot;Not\u00edcias de Ribeir\u00e3o Preto-SP e Regi\u00e3o&quot;","block_context":{"text":"Not\u00edcias de Ribeir\u00e3o Preto-SP e Regi\u00e3o","link":"https:\/\/ismaelcolosi.com.br\/index.php\/category\/noticias-de-ribeirao-preto-sp-e-regiao-ismael-colosi\/"},"img":{"alt_text":"","src":"https:\/\/i0.wp.com\/ismaelcolosi.com.br\/wp-content\/uploads\/2023\/12\/1704038711_WhatsApp-Image-2023-12-09-at-13.55.44.jpeg?fit=1024%2C576&ssl=1&resize=350%2C200","width":350,"height":200,"srcset":"https:\/\/i0.wp.com\/ismaelcolosi.com.br\/wp-content\/uploads\/2023\/12\/1704038711_WhatsApp-Image-2023-12-09-at-13.55.44.jpeg?fit=1024%2C576&ssl=1&resize=350%2C200 1x, https:\/\/i0.wp.com\/ismaelcolosi.com.br\/wp-content\/uploads\/2023\/12\/1704038711_WhatsApp-Image-2023-12-09-at-13.55.44.jpeg?fit=1024%2C576&ssl=1&resize=525%2C300 1.5x, https:\/\/i0.wp.com\/ismaelcolosi.com.br\/wp-content\/uploads\/2023\/12\/1704038711_WhatsApp-Image-2023-12-09-at-13.55.44.jpeg?fit=1024%2C576&ssl=1&resize=700%2C400 2x"},"classes":[]},{"id":36407,"url":"https:\/\/ismaelcolosi.com.br\/index.php\/2024\/02\/09\/utm_sourcerssutm_mediumrssutm_campaignlarapio-e-preso-apos-furtar-celular-em-estacionamento-na-rua-quintino-bocaiuva-em-rp\/","url_meta":{"origin":10559,"position":4},"title":"Lar\u00e1pio \u00e9 preso ap\u00f3s furtar celular em estacionamento na rua Quintino Bocaiuva em RP \u2013 X Tudo Ribeir\u00e3o","author":"ismaelcolosi.com.br","date":"9 de February de 2024","format":false,"excerpt":"Um lar\u00e1pio com uma extensa ficha criminal foi preso ap\u00f3s furtar um celular nas depend\u00eancias de um estacionamento situado na rua Quintino Bocaiuva, na \u00e1rea Central de Ribeir\u00e3o Preto.\u00a0 Segundo informa\u00e7\u00f5es da PM, durante o turno de trabalhos os PMs receberam uma den\u00fancia atrav\u00e9s do (190) versando sobre a atitude\u2026","rel":"","context":"In &quot;Not\u00edcias de Ribeir\u00e3o Preto-SP e Regi\u00e3o&quot;","block_context":{"text":"Not\u00edcias de Ribeir\u00e3o Preto-SP e Regi\u00e3o","link":"https:\/\/ismaelcolosi.com.br\/index.php\/category\/noticias-de-ribeirao-preto-sp-e-regiao-ismael-colosi\/"},"img":{"alt_text":"","src":"https:\/\/i0.wp.com\/ismaelcolosi.com.br\/wp-content\/uploads\/2024\/02\/WhatsApp-Image-2024-02-09-at-15.06.21.jpeg?fit=1072%2C690&ssl=1&resize=350%2C200","width":350,"height":200,"srcset":"https:\/\/i0.wp.com\/ismaelcolosi.com.br\/wp-content\/uploads\/2024\/02\/WhatsApp-Image-2024-02-09-at-15.06.21.jpeg?fit=1072%2C690&ssl=1&resize=350%2C200 1x, https:\/\/i0.wp.com\/ismaelcolosi.com.br\/wp-content\/uploads\/2024\/02\/WhatsApp-Image-2024-02-09-at-15.06.21.jpeg?fit=1072%2C690&ssl=1&resize=525%2C300 1.5x, https:\/\/i0.wp.com\/ismaelcolosi.com.br\/wp-content\/uploads\/2024\/02\/WhatsApp-Image-2024-02-09-at-15.06.21.jpeg?fit=1072%2C690&ssl=1&resize=700%2C400 2x, https:\/\/i0.wp.com\/ismaelcolosi.com.br\/wp-content\/uploads\/2024\/02\/WhatsApp-Image-2024-02-09-at-15.06.21.jpeg?fit=1072%2C690&ssl=1&resize=1050%2C600 3x"},"classes":[]},{"id":26134,"url":"https:\/\/ismaelcolosi.com.br\/index.php\/2024\/01\/09\/professor-e-preso-apos-tentar-furtar-42-barras-de-chocolate-em-ribeirao-preto\/","url_meta":{"origin":10559,"position":5},"title":"Professor \u00e9 preso ap\u00f3s tentar furtar 42 barras de chocolate em Ribeir\u00e3o Preto","author":"ismaelcolosi.com.br","date":"9 de January de 2024","format":false,"excerpt":"Um professor, de 48 anos, foi preso ap\u00f3s tentar furtar 42 barras de chocolate em um supermercado nos Campos El\u00edseos, na zona Norte de Ribeir\u00e3o Preto, na tarde da \u00faltima segunda-feira (8). De acordo com o B.O. (boletim de ocorr\u00eancia), o acusado foi preso em flagrante ap\u00f3s os seguran\u00e7as do\u2026","rel":"","context":"In &quot;Not\u00edcias de Ribeir\u00e3o Preto-SP e Regi\u00e3o&quot;","block_context":{"text":"Not\u00edcias de Ribeir\u00e3o Preto-SP e Regi\u00e3o","link":"https:\/\/ismaelcolosi.com.br\/index.php\/category\/noticias-de-ribeirao-preto-sp-e-regiao-ismael-colosi\/"},"img":{"alt_text":"","src":"https:\/\/i0.wp.com\/ismaelcolosi.com.br\/wp-content\/uploads\/2024\/01\/chocolate-2-682x1024.jpg?fit=682%2C1024&ssl=1&resize=350%2C200","width":350,"height":200,"srcset":"https:\/\/i0.wp.com\/ismaelcolosi.com.br\/wp-content\/uploads\/2024\/01\/chocolate-2-682x1024.jpg?fit=682%2C1024&ssl=1&resize=350%2C200 1x, https:\/\/i0.wp.com\/ismaelcolosi.com.br\/wp-content\/uploads\/2024\/01\/chocolate-2-682x1024.jpg?fit=682%2C1024&ssl=1&resize=525%2C300 1.5x"},"classes":[]}],"jetpack_sharing_enabled":true,"jetpack_shortlink":"https:\/\/wp.me\/pfMlyK-2Kj","_links":{"self":[{"href":"https:\/\/ismaelcolosi.com.br\/index.php\/wp-json\/wp\/v2\/posts\/10559","targetHints":{"allow":["GET"]}}],"collection":[{"href":"https:\/\/ismaelcolosi.com.br\/index.php\/wp-json\/wp\/v2\/posts"}],"about":[{"href":"https:\/\/ismaelcolosi.com.br\/index.php\/wp-json\/wp\/v2\/types\/post"}],"author":[{"embeddable":true,"href":"https:\/\/ismaelcolosi.com.br\/index.php\/wp-json\/wp\/v2\/users\/1"}],"replies":[{"embeddable":true,"href":"https:\/\/ismaelcolosi.com.br\/index.php\/wp-json\/wp\/v2\/comments?post=10559"}],"version-history":[{"count":0,"href":"https:\/\/ismaelcolosi.com.br\/index.php\/wp-json\/wp\/v2\/posts\/10559\/revisions"}],"wp:featuredmedia":[{"embeddable":true,"href":"https:\/\/ismaelcolosi.com.br\/index.php\/wp-json\/wp\/v2\/media\/10560"}],"wp:attachment":[{"href":"https:\/\/ismaelcolosi.com.br\/index.php\/wp-json\/wp\/v2\/media?parent=10559"}],"wp:term":[{"taxonomy":"category","embeddable":true,"href":"https:\/\/ismaelcolosi.com.br\/index.php\/wp-json\/wp\/v2\/categories?post=10559"},{"taxonomy":"post_tag","embeddable":true,"href":"https:\/\/ismaelcolosi.com.br\/index.php\/wp-json\/wp\/v2\/tags?post=10559"}],"curies":[{"name":"wp","href":"https:\/\/api.w.org\/{rel}","templated":true}]}}