{"id":10486,"date":"2023-12-04T16:19:20","date_gmt":"2023-12-04T19:19:20","guid":{"rendered":"https:\/\/ismaelcolosi.com.br\/index.php\/2023\/12\/04\/priscilla-revela-reacao-da-familia-diante-de-suas-mudancas-e-abandono-do-alcantara\/"},"modified":"2023-12-04T16:19:20","modified_gmt":"2023-12-04T19:19:20","slug":"priscilla-revela-reacao-da-familia-diante-de-suas-mudancas-e-abandono-do-alcantara","status":"publish","type":"post","link":"https:\/\/ismaelcolosi.com.br\/index.php\/2023\/12\/04\/priscilla-revela-reacao-da-familia-diante-de-suas-mudancas-e-abandono-do-alcantara\/","title":{"rendered":"Priscilla revela rea\u00e7\u00e3o da fam\u00edlia diante de suas mudan\u00e7as e &#8216;abandono&#8217; do Alc\u00e2ntara"},"content":{"rendered":"<p> [ad_1]<br \/>\n<\/p>\n<div itemprop=\"text\">\n<p>Priscilla chamou a aten\u00e7\u00e3o recentemente ao anunciar sua decis\u00e3o de abandonar o sobrenome e assumir apenas o primeiro nome como nome art\u00edstico. A cantora viveu muitas mudan\u00e7as em sua vida pessoal.<\/p>\n<p>Com o an\u00fancio, muita gente passou a se questionar sobre o porqu\u00ea da decis\u00e3o. N\u00e3o foram poucas as pessoas que, por exemplo, questionaram qual teria sido a rea\u00e7\u00e3o da fam\u00edlia da cantora.<\/p>\n<p>Curiosamente, em entrevista ao Gshow, Priscilla falou sobre o assunto. A cantora garantiu que recebe bastante apoio da fam\u00edlia e amigos, explicando que a decis\u00e3o n\u00e3o foi uma quest\u00e3o.<\/p>\n<p>\u201c<b>Gra\u00e7as a Deus, sou muito acolhida, muito querida pelas pessoas, e isso realmente me impulsiona a continuar produzindo coisas, mas tem sido muito legal ver o apoio da galera nessa nova fase\u201d<\/b>, afirmou.<\/p>\n<p>Priscilla explicou que a fam\u00edlia entendeu sua motiva\u00e7\u00e3o para tomar a decis\u00e3o e que esse entendimento foi fundamental para que a rea\u00e7\u00e3o dos familiares fosse positiva e de apoio.<\/p>\n<p>Na mesma entrevista, Priscilla falou sobre a decis\u00e3o de mudar o nome art\u00edstico e explicou o que levou \u00e0 decis\u00e3o. A cantora lembrou que foi \u201cPriscilla Alc\u00e2ntara\u201d por 18 anos.<\/p>\n<p><b>\u201cA coitadinha da Alcantara estava cansada, trabalhou muito (\u2026) Eu decidi dar um descanso a isso para me experimentar de uma forma nova\u201d<\/b>, explicou.<\/p>\n<p>Em sua nova fase, al\u00e9m de deixar definitivamente o gospel de lado, Priscilla tamb\u00e9m surpreendeu ao mergulhar de vez na m\u00fasica pop. A cantora deve lan\u00e7ar em breve seu novo disco.<\/p>\n<\/div>\n<p>[ad_2]<br \/>\n<br \/><a href=\"https:\/\/fnmais.com\/priscilla-revela-reacao-familia-diante-suas-mudancas-abandono-alcantara\/\" target=\"_blank\" rel=\"noopener\">Source link <\/a><\/p>\n<div class='code-block code-block-4' style='margin: 8px auto 8px 0; text-align: left; display: block; clear: both;'>\n\ud83d\udce2 Aviso Legal\n\nO site ismaelcolosi.com.br atua apenas como um canal de divulga\u00e7\u00e3o de oportunidades de emprego e n\u00e3o se responsabiliza pelo processo seletivo, contrata\u00e7\u00e3o ou qualquer outra etapa relacionada \u00e0s vagas publicadas. Todas as informa\u00e7\u00f5es s\u00e3o de responsabilidade dos anunciantes.\n\n\u26a0\ufe0f Aten\u00e7\u00e3o! Nunca pague por promessas de emprego nem compre cursos que garantam contrata\u00e7\u00e3o. Desconfie de qualquer cobran\u00e7a para participar de sele\u00e7\u00f5es.\n\n\n\n<\/div>\n<!-- CONTENT END 1 -->\n","protected":false},"excerpt":{"rendered":"<p>[ad_1] Priscilla chamou a aten\u00e7\u00e3o recentemente ao anunciar sua decis\u00e3o de abandonar o sobrenome e assumir apenas o primeiro nome como nome art\u00edstico. A cantora viveu muitas mudan\u00e7as em sua vida pessoal. Com o an\u00fancio, muita gente passou a se questionar sobre o porqu\u00ea da decis\u00e3o. N\u00e3o foram poucas as pessoas que, por exemplo, questionaram&hellip;&nbsp;<\/p>\n","protected":false},"author":1,"featured_media":10487,"comment_status":"open","ping_status":"open","sticky":false,"template":"","format":"standard","meta":{"_uag_custom_page_level_css":"","neve_meta_sidebar":"","neve_meta_container":"","neve_meta_enable_content_width":"","neve_meta_content_width":0,"neve_meta_title_alignment":"","neve_meta_author_avatar":"","neve_post_elements_order":"","neve_meta_disable_header":"","neve_meta_disable_footer":"","neve_meta_disable_title":"","_jetpack_newsletter_access":"","_jetpack_dont_email_post_to_subs":false,"_jetpack_newsletter_tier_id":0,"_jetpack_memberships_contains_paywalled_content":false,"_jetpack_memberships_contains_paid_content":false,"footnotes":""},"categories":[1],"tags":[],"class_list":["post-10486","post","type-post","status-publish","format-standard","has-post-thumbnail","hentry","category-blog"],"uagb_featured_image_src":{"full":["https:\/\/i0.wp.com\/ismaelcolosi.com.br\/wp-content\/uploads\/2023\/12\/postimg-656e2201297f74967.jpg?fit=1200%2C628&ssl=1",1200,628,false],"thumbnail":["https:\/\/i0.wp.com\/ismaelcolosi.com.br\/wp-content\/uploads\/2023\/12\/postimg-656e2201297f74967.jpg?resize=150%2C150&ssl=1",150,150,true],"medium":["https:\/\/i0.wp.com\/ismaelcolosi.com.br\/wp-content\/uploads\/2023\/12\/postimg-656e2201297f74967.jpg?fit=300%2C157&ssl=1",300,157,true],"medium_large":["https:\/\/i0.wp.com\/ismaelcolosi.com.br\/wp-content\/uploads\/2023\/12\/postimg-656e2201297f74967.jpg?fit=768%2C402&ssl=1",768,402,true],"large":["https:\/\/i0.wp.com\/ismaelcolosi.com.br\/wp-content\/uploads\/2023\/12\/postimg-656e2201297f74967.jpg?fit=1024%2C536&ssl=1",1024,536,true],"1536x1536":["https:\/\/i0.wp.com\/ismaelcolosi.com.br\/wp-content\/uploads\/2023\/12\/postimg-656e2201297f74967.jpg?fit=1200%2C628&ssl=1",1200,628,true],"2048x2048":["https:\/\/i0.wp.com\/ismaelcolosi.com.br\/wp-content\/uploads\/2023\/12\/postimg-656e2201297f74967.jpg?fit=1200%2C628&ssl=1",1200,628,true],"neve-blog":["https:\/\/i0.wp.com\/ismaelcolosi.com.br\/wp-content\/uploads\/2023\/12\/postimg-656e2201297f74967.jpg?resize=930%2C620&ssl=1",930,620,true]},"uagb_author_info":{"display_name":"ismaelcolosi.com.br","author_link":"https:\/\/ismaelcolosi.com.br\/author\/vidareal-online\/"},"uagb_comment_info":0,"uagb_excerpt":"[ad_1] Priscilla chamou a aten\u00e7\u00e3o recentemente ao anunciar sua decis\u00e3o de abandonar o sobrenome e assumir apenas o primeiro nome como nome art\u00edstico. A cantora viveu muitas mudan\u00e7as em sua vida pessoal. Com o an\u00fancio, muita gente passou a se questionar sobre o porqu\u00ea da decis\u00e3o. N\u00e3o foram poucas as pessoas que, por exemplo, questionaram&hellip;&nbsp;","jetpack-related-posts":[{"id":5276,"url":"https:\/\/ismaelcolosi.com.br\/index.php\/2023\/11\/23\/priscilla-nega-ser-homofobica-e-fala-sobre-relacao-com-a-igreja-medo-de-retaliacao\/","url_meta":{"origin":10486,"position":0},"title":"Priscilla nega ser homof\u00f3bica e fala sobre rela\u00e7\u00e3o com a igreja &#8216;Medo de retalia\u00e7\u00e3o &#8216;","author":"ismaelcolosi.com.br","date":"23 de Novembro de 2023","format":false,"excerpt":"[ad_1] Em um novo recome\u00e7o, a cantora Priscilla, deu o que falar nas \u00faltimas semanas quando apareceu com um visual totalmente diferente. Com cabelos curtos e pontas avermelhadas, ela passou a exibir suas tatuagens tamb\u00e9m.Antes conhecida como Priscilla Alc\u00e2ntara, ela come\u00e7ou na TV ao lado de Yudi Tamashiro apresentando o\u2026","rel":"","context":"In &quot;Blog&quot;","block_context":{"text":"Blog","link":"https:\/\/ismaelcolosi.com.br\/index.php\/category\/blog\/"},"img":{"alt_text":"","src":"https:\/\/i0.wp.com\/ismaelcolosi.com.br\/wp-content\/uploads\/2023\/11\/postimg-655f5055496e01076.jpg?fit=1200%2C713&ssl=1&resize=350%2C200","width":350,"height":200,"srcset":"https:\/\/i0.wp.com\/ismaelcolosi.com.br\/wp-content\/uploads\/2023\/11\/postimg-655f5055496e01076.jpg?fit=1200%2C713&ssl=1&resize=350%2C200 1x, https:\/\/i0.wp.com\/ismaelcolosi.com.br\/wp-content\/uploads\/2023\/11\/postimg-655f5055496e01076.jpg?fit=1200%2C713&ssl=1&resize=525%2C300 1.5x, https:\/\/i0.wp.com\/ismaelcolosi.com.br\/wp-content\/uploads\/2023\/11\/postimg-655f5055496e01076.jpg?fit=1200%2C713&ssl=1&resize=700%2C400 2x, https:\/\/i0.wp.com\/ismaelcolosi.com.br\/wp-content\/uploads\/2023\/11\/postimg-655f5055496e01076.jpg?fit=1200%2C713&ssl=1&resize=1050%2C600 3x"},"classes":[]},{"id":10780,"url":"https:\/\/ismaelcolosi.com.br\/index.php\/2023\/12\/05\/filha-de-zeze-di-camargo-abre-o-jogo-sobre-treta-da-familia-e-explica-como-esta-relacao-com-o-pai-agora\/","url_meta":{"origin":10486,"position":1},"title":"Filha de Zez\u00e9 Di Camargo abre o jogo sobre treta da fam\u00edlia e explica como esta rela\u00e7\u00e3o com o pai agora","author":"ismaelcolosi.com.br","date":"5 de Dezembro de 2023","format":false,"excerpt":"[ad_1] Na \u00faltima segunda-feira (04\/11), o nome de Zez\u00e9 di Camargo voltou a chamar a aten\u00e7\u00e3o nas redes sociais. Isso porque uma de suas filhas, Camilla Camargo, falou sobre a situa\u00e7\u00e3o da fam\u00edlia.Camilla costuma ser discreta em seu cotidiano, a exemplo dos irm\u00e3os, mas acabou respondendo algumas perguntas. Evitando detalhes\u2026","rel":"","context":"In &quot;Blog&quot;","block_context":{"text":"Blog","link":"https:\/\/ismaelcolosi.com.br\/index.php\/category\/blog\/"},"img":{"alt_text":"","src":"https:\/\/i0.wp.com\/ismaelcolosi.com.br\/wp-content\/uploads\/2023\/12\/postimg-656ea56e2bb1a8731.jpg?fit=1200%2C628&ssl=1&resize=350%2C200","width":350,"height":200,"srcset":"https:\/\/i0.wp.com\/ismaelcolosi.com.br\/wp-content\/uploads\/2023\/12\/postimg-656ea56e2bb1a8731.jpg?fit=1200%2C628&ssl=1&resize=350%2C200 1x, https:\/\/i0.wp.com\/ismaelcolosi.com.br\/wp-content\/uploads\/2023\/12\/postimg-656ea56e2bb1a8731.jpg?fit=1200%2C628&ssl=1&resize=525%2C300 1.5x, https:\/\/i0.wp.com\/ismaelcolosi.com.br\/wp-content\/uploads\/2023\/12\/postimg-656ea56e2bb1a8731.jpg?fit=1200%2C628&ssl=1&resize=700%2C400 2x, https:\/\/i0.wp.com\/ismaelcolosi.com.br\/wp-content\/uploads\/2023\/12\/postimg-656ea56e2bb1a8731.jpg?fit=1200%2C628&ssl=1&resize=1050%2C600 3x"},"classes":[]},{"id":50052,"url":"https:\/\/ismaelcolosi.com.br\/index.php\/2024\/05\/14\/comedia-priscilla-a-rainha-do-sertao-chega-ao-teatro-municipal-de-ribeirao-preto\/","url_meta":{"origin":10486,"position":2},"title":"Com\u00e9dia &#8216;Priscilla, a Rainha do Sert\u00e3o&#8217; chega ao Teatro Municipal de Ribeir\u00e3o Preto","author":"ismaelcolosi.com.br","date":"14 de Maio de 2024","format":false,"excerpt":"[ad_1] Neste s\u00e1bado (18), o Teatro Municipal de Ribeir\u00e3o Preto recebe a com\u00e9dia \u201cPriscilla, a Rainha do Sert\u00e3o\u201d. Os ingressos podem ser adquiridos online. O espet\u00e1culo mostra quando as drag queens, Chanel Glamour, Teresa, Lylenol e Sheila Monroe embarcam em uma aventura para reencontrar o filho de uma delas no\u2026","rel":"","context":"In &quot;Not\u00edcias de Ribeir\u00e3o Preto-SP e Regi\u00e3o&quot;","block_context":{"text":"Not\u00edcias de Ribeir\u00e3o Preto-SP e Regi\u00e3o","link":"https:\/\/ismaelcolosi.com.br\/index.php\/category\/noticias-de-ribeirao-preto-sp-e-regiao-ismael-colosi\/"},"img":{"alt_text":"","src":"https:\/\/i0.wp.com\/ismaelcolosi.com.br\/wp-content\/uploads\/2024\/05\/Copia-de-Copia-de-TAMANHO-EXATO-PARA-FOTOS-NO-SISTEMA-NOVO_2024-05-14_13-51-05_jpg_2024-05-14_13-51-06.webp.webp?fit=1200%2C675&ssl=1&resize=350%2C200","width":350,"height":200,"srcset":"https:\/\/i0.wp.com\/ismaelcolosi.com.br\/wp-content\/uploads\/2024\/05\/Copia-de-Copia-de-TAMANHO-EXATO-PARA-FOTOS-NO-SISTEMA-NOVO_2024-05-14_13-51-05_jpg_2024-05-14_13-51-06.webp.webp?fit=1200%2C675&ssl=1&resize=350%2C200 1x, https:\/\/i0.wp.com\/ismaelcolosi.com.br\/wp-content\/uploads\/2024\/05\/Copia-de-Copia-de-TAMANHO-EXATO-PARA-FOTOS-NO-SISTEMA-NOVO_2024-05-14_13-51-05_jpg_2024-05-14_13-51-06.webp.webp?fit=1200%2C675&ssl=1&resize=525%2C300 1.5x, https:\/\/i0.wp.com\/ismaelcolosi.com.br\/wp-content\/uploads\/2024\/05\/Copia-de-Copia-de-TAMANHO-EXATO-PARA-FOTOS-NO-SISTEMA-NOVO_2024-05-14_13-51-05_jpg_2024-05-14_13-51-06.webp.webp?fit=1200%2C675&ssl=1&resize=700%2C400 2x, https:\/\/i0.wp.com\/ismaelcolosi.com.br\/wp-content\/uploads\/2024\/05\/Copia-de-Copia-de-TAMANHO-EXATO-PARA-FOTOS-NO-SISTEMA-NOVO_2024-05-14_13-51-05_jpg_2024-05-14_13-51-06.webp.webp?fit=1200%2C675&ssl=1&resize=1050%2C600 3x"},"classes":[]},{"id":25282,"url":"https:\/\/ismaelcolosi.com.br\/index.php\/2024\/01\/06\/priscilla-de-sofia-coppola-estreou-nos-cinemas-brasileiros\/","url_meta":{"origin":10486,"position":3},"title":"Priscilla, de Sofia Coppola, estreou nos cinemas brasileiros\u00a0","author":"ismaelcolosi.com.br","date":"6 de Janeiro de 2024","format":false,"excerpt":"[ad_1] 6 de janeiro de 2024 | 15:006 de janeiro de 2024 | 12:44 0Priscilla, o mais recente e aguardado drama da diretora e roteirista vencedora do Oscar, Sofia Coppola, estreou na quinta-feira (04) nos cinemas brasileiros. O longa-metragem fez sua estreia mundial no 80\u00ba Festival Internacional de Veneza, seguido\u2026","rel":"","context":"In &quot;Not\u00edcias de Ribeir\u00e3o Preto-SP e Regi\u00e3o&quot;","block_context":{"text":"Not\u00edcias de Ribeir\u00e3o Preto-SP e Regi\u00e3o","link":"https:\/\/ismaelcolosi.com.br\/index.php\/category\/noticias-de-ribeirao-preto-sp-e-regiao-ismael-colosi\/"},"img":{"alt_text":"","src":"https:\/\/i0.wp.com\/ismaelcolosi.com.br\/wp-content\/uploads\/2024\/01\/2-priscilla-scaled.jpg?fit=968%2C645&ssl=1&resize=350%2C200","width":350,"height":200,"srcset":"https:\/\/i0.wp.com\/ismaelcolosi.com.br\/wp-content\/uploads\/2024\/01\/2-priscilla-scaled.jpg?fit=968%2C645&ssl=1&resize=350%2C200 1x, https:\/\/i0.wp.com\/ismaelcolosi.com.br\/wp-content\/uploads\/2024\/01\/2-priscilla-scaled.jpg?fit=968%2C645&ssl=1&resize=525%2C300 1.5x, https:\/\/i0.wp.com\/ismaelcolosi.com.br\/wp-content\/uploads\/2024\/01\/2-priscilla-scaled.jpg?fit=968%2C645&ssl=1&resize=700%2C400 2x"},"classes":[]},{"id":75599,"url":"https:\/\/ismaelcolosi.com.br\/index.php\/2024\/11\/06\/justica-determina-reducao-de-salarios-dos-professores-da-rede-municipal-de-barretos-sp\/","url_meta":{"origin":10486,"position":4},"title":"Justi\u00e7a Determina Redu\u00e7\u00e3o de Sal\u00e1rios dos Professores da Rede Municipal de Barretos (SP)","author":"ismaelcolosi.com.br","date":"6 de Novembro de 2024","format":false,"excerpt":"[ad_1] A rede municipal de Barretos, SP, enfrenta um momento de tens\u00e3o ap\u00f3s a decis\u00e3o judicial que determinou a redu\u00e7\u00e3o dos sal\u00e1rios dos professores. A medida, implementada pela Prefeitura em cumprimento \u00e0 ordem judicial, afetou diretamente os rendimentos dos profissionais da educa\u00e7\u00e3o, gerando preocupa\u00e7\u00e3o e insatisfa\u00e7\u00e3o entre os educadores. O\u2026","rel":"","context":"In &quot;Not\u00edcias de Ribeir\u00e3o Preto-SP e Regi\u00e3o&quot;","block_context":{"text":"Not\u00edcias de Ribeir\u00e3o Preto-SP e Regi\u00e3o","link":"https:\/\/ismaelcolosi.com.br\/index.php\/category\/noticias-de-ribeirao-preto-sp-e-regiao-ismael-colosi\/"},"img":{"alt_text":"","src":"https:\/\/i0.wp.com\/ismaelcolosi.com.br\/wp-content\/uploads\/2024\/10\/0d9a2921.webp.webp?fit=1170%2C700&ssl=1&resize=350%2C200","width":350,"height":200,"srcset":"https:\/\/i0.wp.com\/ismaelcolosi.com.br\/wp-content\/uploads\/2024\/10\/0d9a2921.webp.webp?fit=1170%2C700&ssl=1&resize=350%2C200 1x, https:\/\/i0.wp.com\/ismaelcolosi.com.br\/wp-content\/uploads\/2024\/10\/0d9a2921.webp.webp?fit=1170%2C700&ssl=1&resize=525%2C300 1.5x, https:\/\/i0.wp.com\/ismaelcolosi.com.br\/wp-content\/uploads\/2024\/10\/0d9a2921.webp.webp?fit=1170%2C700&ssl=1&resize=700%2C400 2x, https:\/\/i0.wp.com\/ismaelcolosi.com.br\/wp-content\/uploads\/2024\/10\/0d9a2921.webp.webp?fit=1170%2C700&ssl=1&resize=1050%2C600 3x"},"classes":[]},{"id":85600,"url":"https:\/\/ismaelcolosi.com.br\/index.php\/2025\/05\/22\/petrobras-amplia-plano-de-saude-e-cirurgias-para-trans-outras-multinacionais-repetem-o-mesmo-caminho\/","url_meta":{"origin":10486,"position":5},"title":"Petrobras amplia plano de sa\u00fade e cirurgias para trans; outras multinacionais repetem o mesmo caminho","author":"ismaelcolosi.com.br","date":"22 de Maio de 2025","format":false,"excerpt":"[ad_1] A Petrobras anunciou uma expans\u00e3o dos servi\u00e7os oferecidos pelo plano de sa\u00fade da empresa a benefici\u00e1rios trans. O conv\u00eanio m\u00e9dico abrange empregados na ativa, dependentes e ex-funcion\u00e1rios, e inclui procedimentos como a readequa\u00e7\u00e3o da genit\u00e1lia. A medida batizada de \u201cTranscuidar\u201d busca dar um apoio completo e interdisciplinar de sa\u00fade\u2026","rel":"","context":"In &quot;Empregos - Classificados&quot;","block_context":{"text":"Empregos - Classificados","link":"https:\/\/ismaelcolosi.com.br\/index.php\/category\/empregos-classificados-vagas-trabalho\/"},"img":{"alt_text":"","src":"","width":0,"height":0},"classes":[]}],"jetpack_sharing_enabled":true,"jetpack_shortlink":"https:\/\/wp.me\/pfMlyK-2J8","jetpack_featured_media_url":"https:\/\/i0.wp.com\/ismaelcolosi.com.br\/wp-content\/uploads\/2023\/12\/postimg-656e2201297f74967.jpg?fit=1200%2C628&ssl=1","_links":{"self":[{"href":"https:\/\/ismaelcolosi.com.br\/index.php\/wp-json\/wp\/v2\/posts\/10486","targetHints":{"allow":["GET"]}}],"collection":[{"href":"https:\/\/ismaelcolosi.com.br\/index.php\/wp-json\/wp\/v2\/posts"}],"about":[{"href":"https:\/\/ismaelcolosi.com.br\/index.php\/wp-json\/wp\/v2\/types\/post"}],"author":[{"embeddable":true,"href":"https:\/\/ismaelcolosi.com.br\/index.php\/wp-json\/wp\/v2\/users\/1"}],"replies":[{"embeddable":true,"href":"https:\/\/ismaelcolosi.com.br\/index.php\/wp-json\/wp\/v2\/comments?post=10486"}],"version-history":[{"count":0,"href":"https:\/\/ismaelcolosi.com.br\/index.php\/wp-json\/wp\/v2\/posts\/10486\/revisions"}],"wp:featuredmedia":[{"embeddable":true,"href":"https:\/\/ismaelcolosi.com.br\/index.php\/wp-json\/wp\/v2\/media\/10487"}],"wp:attachment":[{"href":"https:\/\/ismaelcolosi.com.br\/index.php\/wp-json\/wp\/v2\/media?parent=10486"}],"wp:term":[{"taxonomy":"category","embeddable":true,"href":"https:\/\/ismaelcolosi.com.br\/index.php\/wp-json\/wp\/v2\/categories?post=10486"},{"taxonomy":"post_tag","embeddable":true,"href":"https:\/\/ismaelcolosi.com.br\/index.php\/wp-json\/wp\/v2\/tags?post=10486"}],"curies":[{"name":"wp","href":"https:\/\/api.w.org\/{rel}","templated":true}]}}