{"id":10434,"date":"2023-12-04T14:37:55","date_gmt":"2023-12-04T17:37:55","guid":{"rendered":"https:\/\/ismaelcolosi.com.br\/index.php\/2023\/12\/04\/pm-e-preso-por-feminicidio-contra-a-propria-mulher-ele-mentiu-na-delegacia-mas-video-mostra-toda-a-verdade\/"},"modified":"2023-12-04T14:37:55","modified_gmt":"2023-12-04T17:37:55","slug":"pm-e-preso-por-feminicidio-contra-a-propria-mulher-ele-mentiu-na-delegacia-mas-video-mostra-toda-a-verdade","status":"publish","type":"post","link":"https:\/\/ismaelcolosi.com.br\/index.php\/2023\/12\/04\/pm-e-preso-por-feminicidio-contra-a-propria-mulher-ele-mentiu-na-delegacia-mas-video-mostra-toda-a-verdade\/","title":{"rendered":"PM \u00e9 preso por feminic\u00eddio contra a pr\u00f3pria mulher; ele mentiu na delegacia mas v\u00eddeo mostra toda a verdade"},"content":{"rendered":"<p> [ad_1]<br \/>\n<\/p>\n<div itemprop=\"text\">\n<p>A pol\u00edcia de S\u00e3o Paulo prendeu, em flagrante, um agente da pr\u00f3pria corpora\u00e7\u00e3o, acusado de feminic\u00eddio. O homem, de 36 anos, \u00e9 acusado de matar a pr\u00f3pria esposa durante uma discuss\u00e3o.<\/p>\n<p>O caso aconteceu em Perus, na zona oeste de S\u00e3o Paulo. O casal discutia dentro de um carro, quando a mulher desceu do ve\u00edculo, foi agredida e atingida por um disparo de arma de fogo, de calibre .40.<\/p>\n<p>A v\u00edtima chegou a ser socorrida e levada ao pronto-socorro, mas n\u00e3o resistiu ao ferimento. O crime foi filmado por c\u00e2meras de seguran\u00e7a e as imagens desmentiram a vers\u00e3o de \u00a0Thiago Cezar de Lima.<\/p>\n<p>Ao ser preso, Lima alegou aos policiais que tinha disparado porque a mulher havia tentado tomar a arma dele. No entanto, as imagens mostram que a din\u00e2mica dos fatos foi outra.<\/p>\n<p>O crime aconteceu na madrugada do \u00faltimo domingo, por volta das 3 horas da manh\u00e3. O v\u00eddeo mostra a v\u00edtima sendo agredida com socos e, sem ter qualquer rea\u00e7\u00e3o, foi alvo de tiros.<\/p>\n<p>A mulher cai no ch\u00e3o e permanece no ch\u00e3o. O homem entra no carro, manobra o ve\u00edculo, arrasta a v\u00edtima para dentro do carro e sai. Ele \u00e0 leva ao pronto socorro e mente sobre os fatos.<\/p>\n<p><iframe loading=\"lazy\" src=\"https:\/\/content.jwplatform.com\/players\/xnAYGnfo-HdA8q6gX.html\" width=\"640\" height=\"360\" frameborder=\"0\" scrolling=\"auto\"><\/iframe><\/p>\n<p>O v\u00eddeo, adquirido pela pol\u00edcia, confronta diretamente a vers\u00e3o do homem. As imagens mostram que, em nenhum momento, a mulher sequer se aproxima dele o suficiente para tentar avan\u00e7ar contra a arma. Thiago Cezar foi preso em flagrante.<\/p>\n<\/div>\n<p>[ad_2]<br \/>\n<br \/><a href=\"https:\/\/fnmais.com\/pm-preso-por-feminicidio-contra-propria-mulher-ele-mentiu-na-delegacia-mas-video-mostra-toda-verdade\/\" target=\"_blank\" rel=\"noopener\">Source link <\/a><\/p>\n<div class='code-block code-block-4' style='margin: 8px auto 8px 0; text-align: left; display: block; clear: both;'>\n\ud83d\udce2 Aviso Legal\n\nO site ismaelcolosi.com.br atua apenas como um canal de divulga\u00e7\u00e3o de oportunidades de emprego e n\u00e3o se responsabiliza pelo processo seletivo, contrata\u00e7\u00e3o ou qualquer outra etapa relacionada \u00e0s vagas publicadas. Todas as informa\u00e7\u00f5es s\u00e3o de responsabilidade dos anunciantes.\n\n\u26a0\ufe0f Aten\u00e7\u00e3o! Nunca pague por promessas de emprego nem compre cursos que garantam contrata\u00e7\u00e3o. Desconfie de qualquer cobran\u00e7a para participar de sele\u00e7\u00f5es.\n\n\n\n<\/div>\n<!-- CONTENT END 1 -->\n","protected":false},"excerpt":{"rendered":"<p>[ad_1] A pol\u00edcia de S\u00e3o Paulo prendeu, em flagrante, um agente da pr\u00f3pria corpora\u00e7\u00e3o, acusado de feminic\u00eddio. O homem, de 36 anos, \u00e9 acusado de matar a pr\u00f3pria esposa durante uma discuss\u00e3o. O caso aconteceu em Perus, na zona oeste de S\u00e3o Paulo. O casal discutia dentro de um carro, quando a mulher desceu do&hellip;&nbsp;<\/p>\n","protected":false},"author":1,"featured_media":10435,"comment_status":"open","ping_status":"open","sticky":false,"template":"","format":"standard","meta":{"_uag_custom_page_level_css":"","neve_meta_sidebar":"","neve_meta_container":"","neve_meta_enable_content_width":"","neve_meta_content_width":0,"neve_meta_title_alignment":"","neve_meta_author_avatar":"","neve_post_elements_order":"","neve_meta_disable_header":"","neve_meta_disable_footer":"","neve_meta_disable_title":"","_jetpack_newsletter_access":"","_jetpack_dont_email_post_to_subs":false,"_jetpack_newsletter_tier_id":0,"_jetpack_memberships_contains_paywalled_content":false,"_jetpack_memberships_contains_paid_content":false,"footnotes":""},"categories":[1],"tags":[],"class_list":["post-10434","post","type-post","status-publish","format-standard","has-post-thumbnail","hentry","category-blog"],"uagb_featured_image_src":{"full":["https:\/\/i0.wp.com\/ismaelcolosi.com.br\/wp-content\/uploads\/2023\/12\/postimg-656e0a51bbf2b1060.jpg?fit=1200%2C628&ssl=1",1200,628,false],"thumbnail":["https:\/\/i0.wp.com\/ismaelcolosi.com.br\/wp-content\/uploads\/2023\/12\/postimg-656e0a51bbf2b1060.jpg?resize=150%2C150&ssl=1",150,150,true],"medium":["https:\/\/i0.wp.com\/ismaelcolosi.com.br\/wp-content\/uploads\/2023\/12\/postimg-656e0a51bbf2b1060.jpg?fit=300%2C157&ssl=1",300,157,true],"medium_large":["https:\/\/i0.wp.com\/ismaelcolosi.com.br\/wp-content\/uploads\/2023\/12\/postimg-656e0a51bbf2b1060.jpg?fit=768%2C402&ssl=1",768,402,true],"large":["https:\/\/i0.wp.com\/ismaelcolosi.com.br\/wp-content\/uploads\/2023\/12\/postimg-656e0a51bbf2b1060.jpg?fit=1024%2C536&ssl=1",1024,536,true],"1536x1536":["https:\/\/i0.wp.com\/ismaelcolosi.com.br\/wp-content\/uploads\/2023\/12\/postimg-656e0a51bbf2b1060.jpg?fit=1200%2C628&ssl=1",1200,628,true],"2048x2048":["https:\/\/i0.wp.com\/ismaelcolosi.com.br\/wp-content\/uploads\/2023\/12\/postimg-656e0a51bbf2b1060.jpg?fit=1200%2C628&ssl=1",1200,628,true],"neve-blog":["https:\/\/i0.wp.com\/ismaelcolosi.com.br\/wp-content\/uploads\/2023\/12\/postimg-656e0a51bbf2b1060.jpg?resize=930%2C620&ssl=1",930,620,true]},"uagb_author_info":{"display_name":"ismaelcolosi.com.br","author_link":"https:\/\/ismaelcolosi.com.br\/author\/vidareal-online\/"},"uagb_comment_info":0,"uagb_excerpt":"[ad_1] A pol\u00edcia de S\u00e3o Paulo prendeu, em flagrante, um agente da pr\u00f3pria corpora\u00e7\u00e3o, acusado de feminic\u00eddio. O homem, de 36 anos, \u00e9 acusado de matar a pr\u00f3pria esposa durante uma discuss\u00e3o. O caso aconteceu em Perus, na zona oeste de S\u00e3o Paulo. O casal discutia dentro de um carro, quando a mulher desceu do&hellip;&nbsp;","jetpack-related-posts":[{"id":48340,"url":"https:\/\/ismaelcolosi.com.br\/index.php\/2024\/05\/02\/homem-e-preso-acusado-de-matar-esposa-apos-ela-recusar-fazer-almoco-na-regiao-de-ribeirao\/","url_meta":{"origin":10434,"position":0},"title":"Homem \u00e9 preso acusado de matar esposa ap\u00f3s ela recusar fazer almo\u00e7o na regi\u00e3o de Ribeir\u00e3o","author":"ismaelcolosi.com.br","date":"2 de Maio de 2024","format":false,"excerpt":"[ad_1] Um homem de 53 anos foi preso suspeito de matar a esposa com uma garrucha nesta quarta-feira (1\u00ba), em um s\u00edtio de Santo Ant\u00f4nio da Alegria, cidade a aproximadamente 90 quil\u00f4metros de Ribeir\u00e3o Preto. Segundo o boletim de ocorr\u00eancia (BO), a v\u00edtima, identificada como Clarice Marciano da Silva, de\u2026","rel":"","context":"In &quot;Not\u00edcias de Ribeir\u00e3o Preto-SP e Regi\u00e3o&quot;","block_context":{"text":"Not\u00edcias de Ribeir\u00e3o Preto-SP e Regi\u00e3o","link":"https:\/\/ismaelcolosi.com.br\/index.php\/category\/noticias-de-ribeirao-preto-sp-e-regiao-ismael-colosi\/"},"img":{"alt_text":"","src":"https:\/\/i0.wp.com\/ismaelcolosi.com.br\/wp-content\/uploads\/2024\/05\/WhatsApp-Image-2024-05-02-at-11.51.13_2024-05-02_15-02-15_jpeg_2024-05-02_15-02-15.webp.webp?fit=1200%2C675&ssl=1&resize=350%2C200","width":350,"height":200,"srcset":"https:\/\/i0.wp.com\/ismaelcolosi.com.br\/wp-content\/uploads\/2024\/05\/WhatsApp-Image-2024-05-02-at-11.51.13_2024-05-02_15-02-15_jpeg_2024-05-02_15-02-15.webp.webp?fit=1200%2C675&ssl=1&resize=350%2C200 1x, https:\/\/i0.wp.com\/ismaelcolosi.com.br\/wp-content\/uploads\/2024\/05\/WhatsApp-Image-2024-05-02-at-11.51.13_2024-05-02_15-02-15_jpeg_2024-05-02_15-02-15.webp.webp?fit=1200%2C675&ssl=1&resize=525%2C300 1.5x, https:\/\/i0.wp.com\/ismaelcolosi.com.br\/wp-content\/uploads\/2024\/05\/WhatsApp-Image-2024-05-02-at-11.51.13_2024-05-02_15-02-15_jpeg_2024-05-02_15-02-15.webp.webp?fit=1200%2C675&ssl=1&resize=700%2C400 2x, https:\/\/i0.wp.com\/ismaelcolosi.com.br\/wp-content\/uploads\/2024\/05\/WhatsApp-Image-2024-05-02-at-11.51.13_2024-05-02_15-02-15_jpeg_2024-05-02_15-02-15.webp.webp?fit=1200%2C675&ssl=1&resize=1050%2C600 3x"},"classes":[]},{"id":28769,"url":"https:\/\/ismaelcolosi.com.br\/index.php\/2024\/01\/16\/acusado-de-matar-idoso-de-82-anos-e-condenado\/","url_meta":{"origin":10434,"position":1},"title":"Acusado de matar idoso de 82 anos \u00e9 condenado","author":"ismaelcolosi.com.br","date":"16 de Janeiro de 2024","format":false,"excerpt":"[ad_1] J\u00fari entendeu que houve homic\u00eddio privilegiado, isto \u00e9, quando o autor teria agido por fortes emo\u00e7\u00f5es ou provoca\u00e7\u00e3o da v\u00edtima 16 de janeiro de 2024 | 16:15 0Por: Adalberto LuqueMarcelo Lopes de Farias, de 68 anos, foi condenado, nesta segunda-feira (15), pelo homic\u00eddio de Hugo Rayol, de 82 anos.\u2026","rel":"","context":"In &quot;Not\u00edcias de Ribeir\u00e3o Preto-SP e Regi\u00e3o&quot;","block_context":{"text":"Not\u00edcias de Ribeir\u00e3o Preto-SP e Regi\u00e3o","link":"https:\/\/ismaelcolosi.com.br\/index.php\/category\/noticias-de-ribeirao-preto-sp-e-regiao-ismael-colosi\/"},"img":{"alt_text":"","src":"https:\/\/i0.wp.com\/ismaelcolosi.com.br\/wp-content\/uploads\/2024\/01\/00-16-jan-2024-juri-idoso-foto-x-tudo-arquivo-scaled.jpg?fit=861%2C645&ssl=1&resize=350%2C200","width":350,"height":200,"srcset":"https:\/\/i0.wp.com\/ismaelcolosi.com.br\/wp-content\/uploads\/2024\/01\/00-16-jan-2024-juri-idoso-foto-x-tudo-arquivo-scaled.jpg?fit=861%2C645&ssl=1&resize=350%2C200 1x, https:\/\/i0.wp.com\/ismaelcolosi.com.br\/wp-content\/uploads\/2024\/01\/00-16-jan-2024-juri-idoso-foto-x-tudo-arquivo-scaled.jpg?fit=861%2C645&ssl=1&resize=525%2C300 1.5x, https:\/\/i0.wp.com\/ismaelcolosi.com.br\/wp-content\/uploads\/2024\/01\/00-16-jan-2024-juri-idoso-foto-x-tudo-arquivo-scaled.jpg?fit=861%2C645&ssl=1&resize=700%2C400 2x"},"classes":[]},{"id":28334,"url":"https:\/\/ismaelcolosi.com.br\/index.php\/2024\/01\/15\/sargento-tem-a-vida-tirada-pela-propria-esposa-arma-de-servico-do-pm-foi-usada\/","url_meta":{"origin":10434,"position":2},"title":"Sargento tem a vida tirada pela pr\u00f3pria esposa; arma de servi\u00e7o do PM foi usada","author":"ismaelcolosi.com.br","date":"15 de Janeiro de 2024","format":false,"excerpt":"[ad_1] A esposa de um sargento da PM foi presa em flagrante ap\u00f3s tirar a vida do pr\u00f3prio marido. De acordo com as informa\u00e7\u00f5es, Pedro Aparecido dos Santos, de 46 anos, foi morto por sua arma de servi\u00e7o.O caso, segundo a pol\u00edcia, aconteceu no \u00faltimo s\u00e1bado (13\/01), em Dian\u00f3polis, no\u2026","rel":"","context":"In &quot;Blog&quot;","block_context":{"text":"Blog","link":"https:\/\/ismaelcolosi.com.br\/index.php\/category\/blog\/"},"img":{"alt_text":"","src":"https:\/\/i0.wp.com\/ismaelcolosi.com.br\/wp-content\/uploads\/2024\/01\/postimg-65a55e01064729036.jpg?fit=1200%2C628&ssl=1&resize=350%2C200","width":350,"height":200,"srcset":"https:\/\/i0.wp.com\/ismaelcolosi.com.br\/wp-content\/uploads\/2024\/01\/postimg-65a55e01064729036.jpg?fit=1200%2C628&ssl=1&resize=350%2C200 1x, https:\/\/i0.wp.com\/ismaelcolosi.com.br\/wp-content\/uploads\/2024\/01\/postimg-65a55e01064729036.jpg?fit=1200%2C628&ssl=1&resize=525%2C300 1.5x, https:\/\/i0.wp.com\/ismaelcolosi.com.br\/wp-content\/uploads\/2024\/01\/postimg-65a55e01064729036.jpg?fit=1200%2C628&ssl=1&resize=700%2C400 2x, https:\/\/i0.wp.com\/ismaelcolosi.com.br\/wp-content\/uploads\/2024\/01\/postimg-65a55e01064729036.jpg?fit=1200%2C628&ssl=1&resize=1050%2C600 3x"},"classes":[]},{"id":39916,"url":"https:\/\/ismaelcolosi.com.br\/index.php\/2024\/02\/28\/suspeitos-sao-reconhecidos-cinco-meses-depois-de-assaltos-na-zona-sul-de-ribeirao\/","url_meta":{"origin":10434,"position":3},"title":"Suspeitos s\u00e3o reconhecidos cinco meses depois de assaltos na zona Sul de Ribeir\u00e3o","author":"ismaelcolosi.com.br","date":"28 de Fevereiro de 2024","format":false,"excerpt":"[ad_1] Dois homens que est\u00e3o presos temporariamente desde o come\u00e7o do m\u00eas por tr\u00e1fico de drogas e porte de simulacro de arma de fogo foram reconhecidos, nesta quarta-feira (28), por v\u00edtimas de assaltos que aconteceram na zona Sul de Ribeir\u00e3o Preto, em setembro de 2023. De acordo com a Pol\u00edcia\u2026","rel":"","context":"In &quot;Not\u00edcias de Ribeir\u00e3o Preto-SP e Regi\u00e3o&quot;","block_context":{"text":"Not\u00edcias de Ribeir\u00e3o Preto-SP e Regi\u00e3o","link":"https:\/\/ismaelcolosi.com.br\/index.php\/category\/noticias-de-ribeirao-preto-sp-e-regiao-ismael-colosi\/"},"img":{"alt_text":"","src":"https:\/\/ismaelcolosi.com.br\/wp-content\/uploads\/2024\/02\/whatsapp_image_2022-08-14_at_12_10_03.jpe","width":350,"height":200,"srcset":"https:\/\/ismaelcolosi.com.br\/wp-content\/uploads\/2024\/02\/whatsapp_image_2022-08-14_at_12_10_03.jpe 1x, https:\/\/ismaelcolosi.com.br\/wp-content\/uploads\/2024\/02\/whatsapp_image_2022-08-14_at_12_10_03.jpe 1.5x, https:\/\/ismaelcolosi.com.br\/wp-content\/uploads\/2024\/02\/whatsapp_image_2022-08-14_at_12_10_03.jpe 2x, https:\/\/ismaelcolosi.com.br\/wp-content\/uploads\/2024\/02\/whatsapp_image_2022-08-14_at_12_10_03.jpe 3x"},"classes":[]},{"id":3033,"url":"https:\/\/ismaelcolosi.com.br\/index.php\/2023\/08\/15\/pm-e-preso-apos-atirar-contra-suspeitos-de-assalto-e-matar-pedestre-em-sp\/","url_meta":{"origin":10434,"position":4},"title":"PM \u00e9 preso ap\u00f3s atirar contra suspeitos de assalto e matar pedestre em SP","author":"ismaelcolosi.com.br","date":"15 de Agosto de 2023","format":false,"excerpt":"[ad_1] Um policial militar foi preso em flagrante ap\u00f3s um disparo de arma de fogo efetuado por ele matar uma mulher que sa\u00eda de uma casa noturna, no bairro Alto da Boa Vista, em Ribeir\u00e3o Preto, no interior de S\u00e3o Paulo, na madrugada de segunda-feira (14). J\u00falia Ferraz Signoreto, de\u2026","rel":"","context":"In &quot;Not\u00edcias de Ribeir\u00e3o Preto-SP e Regi\u00e3o&quot;","block_context":{"text":"Not\u00edcias de Ribeir\u00e3o Preto-SP e Regi\u00e3o","link":"https:\/\/ismaelcolosi.com.br\/index.php\/category\/noticias-de-ribeirao-preto-sp-e-regiao-ismael-colosi\/"},"img":{"alt_text":"","src":"https:\/\/i0.wp.com\/ismaelcolosi.com.br\/wp-content\/uploads\/2023\/11\/Copia-de-Placeholder-site-2023-08-15T080843.464.jpg?fit=1200%2C675&ssl=1&resize=350%2C200","width":350,"height":200,"srcset":"https:\/\/i0.wp.com\/ismaelcolosi.com.br\/wp-content\/uploads\/2023\/11\/Copia-de-Placeholder-site-2023-08-15T080843.464.jpg?fit=1200%2C675&ssl=1&resize=350%2C200 1x, https:\/\/i0.wp.com\/ismaelcolosi.com.br\/wp-content\/uploads\/2023\/11\/Copia-de-Placeholder-site-2023-08-15T080843.464.jpg?fit=1200%2C675&ssl=1&resize=525%2C300 1.5x, https:\/\/i0.wp.com\/ismaelcolosi.com.br\/wp-content\/uploads\/2023\/11\/Copia-de-Placeholder-site-2023-08-15T080843.464.jpg?fit=1200%2C675&ssl=1&resize=700%2C400 2x, https:\/\/i0.wp.com\/ismaelcolosi.com.br\/wp-content\/uploads\/2023\/11\/Copia-de-Placeholder-site-2023-08-15T080843.464.jpg?fit=1200%2C675&ssl=1&resize=1050%2C600 3x"},"classes":[]},{"id":41774,"url":"https:\/\/ismaelcolosi.com.br\/index.php\/2024\/03\/11\/homem-e-baleado-na-cabeca-em-sitio-de-bonfim-paulista\/","url_meta":{"origin":10434,"position":5},"title":"Homem \u00e9 baleado na cabe\u00e7a em s\u00edtio de Bonfim Paulista","author":"ismaelcolosi.com.br","date":"11 de Mar\u00e7o de 2024","format":false,"excerpt":"[ad_1] Um homem de 27 anos foi baleado na cabe\u00e7a em um s\u00edtio no distrito de Bonfim Paulista, em Ribeir\u00e3o Preto. De acordo com o B.O. (boletim de ocorr\u00eancia), o caso aconteceu na noite do \u00faltimo domingo (10), por volta das 21h30. O registro aponta que a v\u00edtima estava no\u2026","rel":"","context":"In &quot;Not\u00edcias de Ribeir\u00e3o Preto-SP e Regi\u00e3o&quot;","block_context":{"text":"Not\u00edcias de Ribeir\u00e3o Preto-SP e Regi\u00e3o","link":"https:\/\/ismaelcolosi.com.br\/index.php\/category\/noticias-de-ribeirao-preto-sp-e-regiao-ismael-colosi\/"},"img":{"alt_text":"","src":"https:\/\/i0.wp.com\/ismaelcolosi.com.br\/wp-content\/uploads\/2024\/03\/AnyConv.com__hc-ue-ribeirao-preto.gif?fit=1200%2C900&ssl=1&resize=350%2C200","width":350,"height":200,"srcset":"https:\/\/i0.wp.com\/ismaelcolosi.com.br\/wp-content\/uploads\/2024\/03\/AnyConv.com__hc-ue-ribeirao-preto.gif?fit=1200%2C900&ssl=1&resize=350%2C200 1x, https:\/\/i0.wp.com\/ismaelcolosi.com.br\/wp-content\/uploads\/2024\/03\/AnyConv.com__hc-ue-ribeirao-preto.gif?fit=1200%2C900&ssl=1&resize=525%2C300 1.5x, https:\/\/i0.wp.com\/ismaelcolosi.com.br\/wp-content\/uploads\/2024\/03\/AnyConv.com__hc-ue-ribeirao-preto.gif?fit=1200%2C900&ssl=1&resize=700%2C400 2x, https:\/\/i0.wp.com\/ismaelcolosi.com.br\/wp-content\/uploads\/2024\/03\/AnyConv.com__hc-ue-ribeirao-preto.gif?fit=1200%2C900&ssl=1&resize=1050%2C600 3x"},"classes":[]}],"jetpack_sharing_enabled":true,"jetpack_shortlink":"https:\/\/wp.me\/pfMlyK-2Ii","jetpack_featured_media_url":"https:\/\/i0.wp.com\/ismaelcolosi.com.br\/wp-content\/uploads\/2023\/12\/postimg-656e0a51bbf2b1060.jpg?fit=1200%2C628&ssl=1","_links":{"self":[{"href":"https:\/\/ismaelcolosi.com.br\/index.php\/wp-json\/wp\/v2\/posts\/10434","targetHints":{"allow":["GET"]}}],"collection":[{"href":"https:\/\/ismaelcolosi.com.br\/index.php\/wp-json\/wp\/v2\/posts"}],"about":[{"href":"https:\/\/ismaelcolosi.com.br\/index.php\/wp-json\/wp\/v2\/types\/post"}],"author":[{"embeddable":true,"href":"https:\/\/ismaelcolosi.com.br\/index.php\/wp-json\/wp\/v2\/users\/1"}],"replies":[{"embeddable":true,"href":"https:\/\/ismaelcolosi.com.br\/index.php\/wp-json\/wp\/v2\/comments?post=10434"}],"version-history":[{"count":0,"href":"https:\/\/ismaelcolosi.com.br\/index.php\/wp-json\/wp\/v2\/posts\/10434\/revisions"}],"wp:featuredmedia":[{"embeddable":true,"href":"https:\/\/ismaelcolosi.com.br\/index.php\/wp-json\/wp\/v2\/media\/10435"}],"wp:attachment":[{"href":"https:\/\/ismaelcolosi.com.br\/index.php\/wp-json\/wp\/v2\/media?parent=10434"}],"wp:term":[{"taxonomy":"category","embeddable":true,"href":"https:\/\/ismaelcolosi.com.br\/index.php\/wp-json\/wp\/v2\/categories?post=10434"},{"taxonomy":"post_tag","embeddable":true,"href":"https:\/\/ismaelcolosi.com.br\/index.php\/wp-json\/wp\/v2\/tags?post=10434"}],"curies":[{"name":"wp","href":"https:\/\/api.w.org\/{rel}","templated":true}]}}