{"id":10424,"date":"2023-12-04T14:12:33","date_gmt":"2023-12-04T17:12:33","guid":{"rendered":"https:\/\/ismaelcolosi.com.br\/index.php\/2023\/12\/04\/fatec-itu-oferece-vagas-em-cursos-superiores-gratuitos\/"},"modified":"2023-12-04T14:12:33","modified_gmt":"2023-12-04T17:12:33","slug":"fatec-itu-oferece-vagas-em-cursos-superiores-gratuitos","status":"publish","type":"post","link":"https:\/\/ismaelcolosi.com.br\/index.php\/2023\/12\/04\/fatec-itu-oferece-vagas-em-cursos-superiores-gratuitos\/","title":{"rendered":"Fatec Itu oferece vagas em cursos superiores gratuitos"},"content":{"rendered":"<p> [ad_1]<br \/>\n<\/p>\n<p>Com inscri\u00e7\u00f5es abertas at\u00e9 12 de dezembro, \u00e0s 15h, o vestibular \u00e9 uma oportunidade imperd\u00edvel para ingressar em uma das institui\u00e7\u00f5es de ensino de destaque na regi\u00e3o.<\/p>\n<div id=\"attachment_2316231\">\n<div class=\"d-flex justify-content-center\" data-attachment-id=\"2316231\">\n<div class=\"position-relative d-inline-block\"><img data-recalc-dims=\"1\" data-portal-copyright=\"Divulga\u00e7\u00e3o\" fetchpriority=\"high\" decoding=\"async\" class=\"wp-image-2316231 size-large\" src=\"https:\/\/i0.wp.com\/catracalivre.com.br\/wp-content\/uploads\/2023\/12\/cursos-gratuitos-fatec-itu-910x560.jpg?resize=910%2C560&#038;ssl=1\" alt=\"Fatec Itu oferece vagas em cursos superiores gratuitos\" width=\"910\" height=\"560\" srcset=\"https:\/\/catracalivre.com.br\/wp-content\/uploads\/2023\/12\/cursos-gratuitos-fatec-itu-910x560.jpg 910w, https:\/\/catracalivre.com.br\/wp-content\/uploads\/2023\/12\/cursos-gratuitos-fatec-itu-450x277.jpg 450w, https:\/\/catracalivre.com.br\/wp-content\/uploads\/2023\/12\/cursos-gratuitos-fatec-itu-768x473.jpg 768w\" sizes=\"(max-width: 910px) 100vw, 910px\"\/><\/p>\n<p>Cr\u00e9ditos: Divulga\u00e7\u00e3o<\/p>\n<\/div>\n<\/div>\n<p><span class=\"post-imagem__legenda\">Fatec Itu oferece vagas em cursos superiores gratuitos<\/span><\/p>\n<\/div>\n<p>A Fatec oferece uma variedade de cursos superiores reconhecidos pela qualidade de ensino e pelo alinhamento com as demandas do mercado atual.<\/p>\n<p>Os cursos dispon\u00edveis abrangem \u00e1reas promissoras e fundamentais para o desenvolvimento profissional em diversas ind\u00fastrias.<\/p>\n<p>A Fatec Itu tem se destacado por oferecer uma forma\u00e7\u00e3o s\u00f3lida e alinhada com as demandas do mercado de trabalho, preparando seus alunos para os desafios e oportunidades da \u00e1rea escolhida.<\/p>\n<p>Para aqueles que desejam aproveitar essa oportunidade, as inscri\u00e7\u00f5es podem ser feitas at\u00e9 12 de dezembro, \u00e0s 15h, atrav\u00e9s do site oficial (acesse <a href=\"https:\/\/www.vestibularfatec.com.br\/home\/\" target=\"_blank\" rel=\"noopener\">aqui<\/a>).<\/p>\n<p>Al\u00e9m das inscri\u00e7\u00f5es, o site disponibiliza informa\u00e7\u00f5es detalhadas sobre os cursos, o processo seletivo e demais requisitos para ingresso.<\/p>\n<p><script>\n\t\t! function(f, b, e, v, n, t, s) {\n\t\t\tif (f.fbq) return;\n\t\t\tn = f.fbq = function() {\n\t\t\t\tn.callMethod ?\n\t\t\t\t\tn.callMethod.apply(n, arguments) : n.queue.push(arguments)\n\t\t\t};\n\t\t\tif (!f._fbq) f._fbq = n;\n\t\t\tn.push = n;\n\t\t\tn.loaded = !0;\n\t\t\tn.version = '2.0';\n\t\t\tn.queue = [];\n\t\t\tt = b.createElement(e);\n\t\t\tt.async = !0;\n\t\t\tt.src = v;\n\t\t\ts = b.getElementsByTagName(e)[0];\n\t\t\ts.parentNode.insertBefore(t, s)\n\t\t}(window, document, 'script',\n\t\t\t'https:\/\/connect.facebook.net\/en_US\/fbevents.js');\n\t\tfbq('init', '338315473262380');\n\t\tfbq('track', 'PageView');\n\t<\/script><br \/>\n<br \/>[ad_2]<br \/>\n<br \/><a href=\"https:\/\/catracalivre.com.br\/educacao\/fatec-itu-oferece-vagas-em-cursos-superiores-gratuitos\/\" target=\"_blank\" rel=\"noopener\">Source link <\/a><\/p>\n<div class='code-block code-block-4' style='margin: 8px auto 8px 0; text-align: left; display: block; clear: both;'>\n\ud83d\udce2 Aviso Legal\n\nO site ismaelcolosi.com.br atua apenas como um canal de divulga\u00e7\u00e3o de oportunidades de emprego e n\u00e3o se responsabiliza pelo processo seletivo, contrata\u00e7\u00e3o ou qualquer outra etapa relacionada \u00e0s vagas publicadas. Todas as informa\u00e7\u00f5es s\u00e3o de responsabilidade dos anunciantes.\n\n\u26a0\ufe0f Aten\u00e7\u00e3o! Nunca pague por promessas de emprego nem compre cursos que garantam contrata\u00e7\u00e3o. Desconfie de qualquer cobran\u00e7a para participar de sele\u00e7\u00f5es.\n\n\n\n<\/div>\n<!-- CONTENT END 1 -->\n","protected":false},"excerpt":{"rendered":"<p>[ad_1] Com inscri\u00e7\u00f5es abertas at\u00e9 12 de dezembro, \u00e0s 15h, o vestibular \u00e9 uma oportunidade imperd\u00edvel para ingressar em uma das institui\u00e7\u00f5es de ensino de destaque na regi\u00e3o. Cr\u00e9ditos: Divulga\u00e7\u00e3o Fatec Itu oferece vagas em cursos superiores gratuitos A Fatec oferece uma variedade de cursos superiores reconhecidos pela qualidade de ensino e pelo alinhamento com&hellip;&nbsp;<\/p>\n","protected":false},"author":1,"featured_media":10425,"comment_status":"open","ping_status":"open","sticky":false,"template":"","format":"standard","meta":{"_uag_custom_page_level_css":"","neve_meta_sidebar":"","neve_meta_container":"","neve_meta_enable_content_width":"","neve_meta_content_width":0,"neve_meta_title_alignment":"","neve_meta_author_avatar":"","neve_post_elements_order":"","neve_meta_disable_header":"","neve_meta_disable_footer":"","neve_meta_disable_title":"","_jetpack_newsletter_access":"","_jetpack_dont_email_post_to_subs":false,"_jetpack_newsletter_tier_id":0,"_jetpack_memberships_contains_paywalled_content":false,"_jetpack_memberships_contains_paid_content":false,"footnotes":""},"categories":[19],"tags":[],"class_list":["post-10424","post","type-post","status-publish","format-standard","has-post-thumbnail","hentry","category-variedades"],"uagb_featured_image_src":{"full":["https:\/\/i0.wp.com\/ismaelcolosi.com.br\/wp-content\/uploads\/2023\/12\/cursos-gratuitos-fatec-itu.jpg?fit=1200%2C638&ssl=1",1200,638,false],"thumbnail":["https:\/\/i0.wp.com\/ismaelcolosi.com.br\/wp-content\/uploads\/2023\/12\/cursos-gratuitos-fatec-itu.jpg?resize=150%2C150&ssl=1",150,150,true],"medium":["https:\/\/i0.wp.com\/ismaelcolosi.com.br\/wp-content\/uploads\/2023\/12\/cursos-gratuitos-fatec-itu.jpg?fit=300%2C160&ssl=1",300,160,true],"medium_large":["https:\/\/i0.wp.com\/ismaelcolosi.com.br\/wp-content\/uploads\/2023\/12\/cursos-gratuitos-fatec-itu.jpg?fit=768%2C408&ssl=1",768,408,true],"large":["https:\/\/i0.wp.com\/ismaelcolosi.com.br\/wp-content\/uploads\/2023\/12\/cursos-gratuitos-fatec-itu.jpg?fit=1024%2C544&ssl=1",1024,544,true],"1536x1536":["https:\/\/i0.wp.com\/ismaelcolosi.com.br\/wp-content\/uploads\/2023\/12\/cursos-gratuitos-fatec-itu.jpg?fit=1200%2C638&ssl=1",1200,638,true],"2048x2048":["https:\/\/i0.wp.com\/ismaelcolosi.com.br\/wp-content\/uploads\/2023\/12\/cursos-gratuitos-fatec-itu.jpg?fit=1200%2C638&ssl=1",1200,638,true],"neve-blog":["https:\/\/i0.wp.com\/ismaelcolosi.com.br\/wp-content\/uploads\/2023\/12\/cursos-gratuitos-fatec-itu.jpg?resize=930%2C620&ssl=1",930,620,true]},"uagb_author_info":{"display_name":"ismaelcolosi.com.br","author_link":"https:\/\/ismaelcolosi.com.br\/author\/vidareal-online\/"},"uagb_comment_info":0,"uagb_excerpt":"[ad_1] Com inscri\u00e7\u00f5es abertas at\u00e9 12 de dezembro, \u00e0s 15h, o vestibular \u00e9 uma oportunidade imperd\u00edvel para ingressar em uma das institui\u00e7\u00f5es de ensino de destaque na regi\u00e3o. Cr\u00e9ditos: Divulga\u00e7\u00e3o Fatec Itu oferece vagas em cursos superiores gratuitos A Fatec oferece uma variedade de cursos superiores reconhecidos pela qualidade de ensino e pelo alinhamento com&hellip;&nbsp;","jetpack-related-posts":[{"id":32874,"url":"https:\/\/ismaelcolosi.com.br\/index.php\/2024\/01\/26\/50-vagas-de-emprego-para-trabalhar-de-casa-na-area-de-programacao-e-desenvolvimento-vagas-home-office-clique-em-candidatar-22\/","url_meta":{"origin":10424,"position":0},"title":"50 vagas de emprego para trabalhar de casa na \u00e1rea de Programa\u00e7\u00e3o e Desenvolvimento. Vagas Home Office, clique em candidatar","author":"ismaelcolosi.com.br","date":"26 de Janeiro de 2024","format":false,"excerpt":"Desenvolvedor(a) de Software S\u00eanior TECNOSPEED Remoto Programa\u00e7\u00e3o Publicado h\u00e1 3 semanas Candidatar Estrategista de Projetos Home Office PAULO VITOR BARROS SIMOES S\u00e3o Jos\u00e9 dos Campos - SP Programa\u00e7\u00e3o Publicado h\u00e1 18 horas Candidatar Gestor de Projetos Home Office PAULO VITOR BARROS SIMOES S\u00e3o Jos\u00e9 dos Campos - SP Programa\u00e7\u00e3o Publicado\u2026","rel":"","context":"In &quot;Vagas de Emprego Remoto - Home Office&quot;","block_context":{"text":"Vagas de Emprego Remoto - Home Office","link":"https:\/\/ismaelcolosi.com.br\/index.php\/category\/empregos-classificados-vagas-trabalho\/vagas-de-empregos-em-ribeirao-preto-regiao-brasil\/vagas-de-emprego-para-trabalhar-de-casa-home-office-remoto\/"},"img":{"alt_text":"TECNOSPEED","src":"https:\/\/i0.wp.com\/vagasremotas.com.br\/wp-content\/uploads\/job-manager-uploads\/company_logo\/2024\/01\/1-Principal-Color-2-150x150.png?resize=350%2C200&ssl=1","width":350,"height":200},"classes":[]},{"id":35019,"url":"https:\/\/ismaelcolosi.com.br\/index.php\/2024\/02\/04\/botafogo-empata-em-itu\/","url_meta":{"origin":10424,"position":1},"title":"Botafogo empata em Itu &#8211; Jornal Tribuna Ribeir\u00e3o","author":"ismaelcolosi.com.br","date":"4 de Fevereiro de 2024","format":false,"excerpt":"[ad_1] 4 de fevereiro de 2024 | 20:18 0O Botafogo conquistou mais um ponto e segue na luta por uma das duas vagas do Grupo D para a pr\u00f3xima fase do Paulist\u00e3o. Neste domingo, jogando no est\u00e1dio Novelli J\u00fanior, em Itu, o Pantera empatou com o Ituano em 0 a\u2026","rel":"","context":"In &quot;Not\u00edcias de Ribeir\u00e3o Preto-SP e Regi\u00e3o&quot;","block_context":{"text":"Not\u00edcias de Ribeir\u00e3o Preto-SP e Regi\u00e3o","link":"https:\/\/ismaelcolosi.com.br\/index.php\/category\/noticias-de-ribeirao-preto-sp-e-regiao-ismael-colosi\/"},"img":{"alt_text":"","src":"https:\/\/i0.wp.com\/ismaelcolosi.com.br\/wp-content\/uploads\/2024\/02\/botaitu-scaled.jpeg?fit=968%2C645&ssl=1&resize=350%2C200","width":350,"height":200,"srcset":"https:\/\/i0.wp.com\/ismaelcolosi.com.br\/wp-content\/uploads\/2024\/02\/botaitu-scaled.jpeg?fit=968%2C645&ssl=1&resize=350%2C200 1x, https:\/\/i0.wp.com\/ismaelcolosi.com.br\/wp-content\/uploads\/2024\/02\/botaitu-scaled.jpeg?fit=968%2C645&ssl=1&resize=525%2C300 1.5x, https:\/\/i0.wp.com\/ismaelcolosi.com.br\/wp-content\/uploads\/2024\/02\/botaitu-scaled.jpeg?fit=968%2C645&ssl=1&resize=700%2C400 2x"},"classes":[]},{"id":83315,"url":"https:\/\/ismaelcolosi.com.br\/index.php\/2025\/02\/24\/vagas-de-empregos-na-cacau-show-para-trabalhar-de-casa-em-ribeirao-preto-sp-34\/","url_meta":{"origin":10424,"position":2},"title":"Vagas de empregos na Cacau Show para trabalhar de casa em Ribeir\u00e3o Preto-SP","author":"ismaelcolosi.com.br","date":"24 de Fevereiro de 2025","format":false,"excerpt":"Ser Cacau \u00e9 Show! \ud83e\udd0ePensar em chocolate \u00e9 pensar em felicidade com sabor, n\u00e3o \u00e9 mesmo? Aqui na Cacau Show,\u00a0somos apaixonados por chocolate e por todas as experi\u00eancias e mem\u00f3rias que ele proporciona.\u00a0\u00a0Por isso, n\u00f3s cuidamos com aten\u00e7\u00e3o de cada detalhe para oferecer aos nossos clientes os melhores produtos,\u00a0atendimento personalizado,\u2026","rel":"","context":"In &quot;Vagas de Emprego em Ribeir\u00e3o Preto-SP&quot;","block_context":{"text":"Vagas de Emprego em Ribeir\u00e3o Preto-SP","link":"https:\/\/ismaelcolosi.com.br\/index.php\/category\/empregos-classificados-vagas-trabalho\/vagas-de-empregos-em-ribeirao-preto-regiao-brasil\/"},"img":{"alt_text":"","src":"","width":0,"height":0},"classes":[]},{"id":12538,"url":"https:\/\/ismaelcolosi.com.br\/index.php\/2023\/12\/08\/passeio-de-trem-em-itu-tem-ingresso-promocional-em-dezembro\/","url_meta":{"origin":10424,"position":3},"title":"Passeio de trem em Itu tem ingresso promocional em dezembro","author":"ismaelcolosi.com.br","date":"8 de Dezembro de 2023","format":false,"excerpt":"[ad_1] Para celebrar os tr\u00eas anos de opera\u00e7\u00e3o, o Trem Republicano preparou uma programa\u00e7\u00e3o especial e desconto nos bilhetes em dezembro.\u00a0O passeio ferrovi\u00e1rio hist\u00f3rico liga as cidades de Itu e Salto, no interior paulista. A programa\u00e7\u00e3o come\u00e7a com a chegada do papai Noel, segue com desconto especial no dia do\u2026","rel":"","context":"In &quot;Variedades&quot;","block_context":{"text":"Variedades","link":"https:\/\/ismaelcolosi.com.br\/index.php\/category\/variedades\/"},"img":{"alt_text":"","src":"https:\/\/i0.wp.com\/ismaelcolosi.com.br\/wp-content\/uploads\/2023\/12\/trem-republicano.jpg?fit=1200%2C638&ssl=1&resize=350%2C200","width":350,"height":200,"srcset":"https:\/\/i0.wp.com\/ismaelcolosi.com.br\/wp-content\/uploads\/2023\/12\/trem-republicano.jpg?fit=1200%2C638&ssl=1&resize=350%2C200 1x, https:\/\/i0.wp.com\/ismaelcolosi.com.br\/wp-content\/uploads\/2023\/12\/trem-republicano.jpg?fit=1200%2C638&ssl=1&resize=525%2C300 1.5x, https:\/\/i0.wp.com\/ismaelcolosi.com.br\/wp-content\/uploads\/2023\/12\/trem-republicano.jpg?fit=1200%2C638&ssl=1&resize=700%2C400 2x, https:\/\/i0.wp.com\/ismaelcolosi.com.br\/wp-content\/uploads\/2023\/12\/trem-republicano.jpg?fit=1200%2C638&ssl=1&resize=1050%2C600 3x"},"classes":[]},{"id":83856,"url":"https:\/\/ismaelcolosi.com.br\/index.php\/2025\/03\/18\/vagas-de-empregos-na-cacau-show-para-trabalhar-de-casa-em-ribeirao-preto-sp-35\/","url_meta":{"origin":10424,"position":4},"title":"Vagas de empregos na Cacau Show para trabalhar de casa em Ribeir\u00e3o Preto-SP","author":"ismaelcolosi.com.br","date":"18 de Mar\u00e7o de 2025","format":false,"excerpt":"Ser Cacau \u00e9 Show! \ud83e\udd0ePensar em chocolate \u00e9 pensar em felicidade com sabor, n\u00e3o \u00e9 mesmo? Aqui na Cacau Show,\u00a0somos apaixonados por chocolate e por todas as experi\u00eancias e mem\u00f3rias que ele proporciona.\u00a0\u00a0Por isso, n\u00f3s cuidamos com aten\u00e7\u00e3o de cada detalhe para oferecer aos nossos clientes os melhores produtos,\u00a0atendimento personalizado,\u2026","rel":"","context":"In &quot;Vagas de Emprego em Ribeir\u00e3o Preto-SP&quot;","block_context":{"text":"Vagas de Emprego em Ribeir\u00e3o Preto-SP","link":"https:\/\/ismaelcolosi.com.br\/index.php\/category\/empregos-classificados-vagas-trabalho\/vagas-de-empregos-em-ribeirao-preto-regiao-brasil\/"},"img":{"alt_text":"","src":"","width":0,"height":0},"classes":[]},{"id":4643,"url":"https:\/\/ismaelcolosi.com.br\/index.php\/2023\/11\/22\/trem-republicano-tem-passeios-a-partir-de-r-35-veja-datas\/","url_meta":{"origin":10424,"position":5},"title":"Trem Republicano tem passeios a partir de R$ 35; veja datas","author":"ismaelcolosi.com.br","date":"22 de Novembro de 2023","format":false,"excerpt":"[ad_1] Que tal fazer um passeio de trem tur\u00edstico pertinho de S\u00e3o Paulo e bem baratinho? O Trem Republicano est\u00e1 com uma promo\u00e7\u00e3o de bilhetes com pre\u00e7os a partir de R$ 35. As ofertas valem para viagem no trem hist\u00f3rico somente na sexta-feira, 24, entre Itu e Salto, no interior\u2026","rel":"","context":"In &quot;Variedades&quot;","block_context":{"text":"Variedades","link":"https:\/\/ismaelcolosi.com.br\/index.php\/category\/variedades\/"},"img":{"alt_text":"","src":"https:\/\/i0.wp.com\/ismaelcolosi.com.br\/wp-content\/uploads\/2023\/11\/3b4a5758-1-scaled.jpg?fit=1200%2C638&ssl=1&resize=350%2C200","width":350,"height":200,"srcset":"https:\/\/i0.wp.com\/ismaelcolosi.com.br\/wp-content\/uploads\/2023\/11\/3b4a5758-1-scaled.jpg?fit=1200%2C638&ssl=1&resize=350%2C200 1x, https:\/\/i0.wp.com\/ismaelcolosi.com.br\/wp-content\/uploads\/2023\/11\/3b4a5758-1-scaled.jpg?fit=1200%2C638&ssl=1&resize=525%2C300 1.5x, https:\/\/i0.wp.com\/ismaelcolosi.com.br\/wp-content\/uploads\/2023\/11\/3b4a5758-1-scaled.jpg?fit=1200%2C638&ssl=1&resize=700%2C400 2x, https:\/\/i0.wp.com\/ismaelcolosi.com.br\/wp-content\/uploads\/2023\/11\/3b4a5758-1-scaled.jpg?fit=1200%2C638&ssl=1&resize=1050%2C600 3x"},"classes":[]}],"jetpack_sharing_enabled":true,"jetpack_shortlink":"https:\/\/wp.me\/pfMlyK-2I8","jetpack_featured_media_url":"https:\/\/i0.wp.com\/ismaelcolosi.com.br\/wp-content\/uploads\/2023\/12\/cursos-gratuitos-fatec-itu.jpg?fit=1200%2C638&ssl=1","_links":{"self":[{"href":"https:\/\/ismaelcolosi.com.br\/index.php\/wp-json\/wp\/v2\/posts\/10424","targetHints":{"allow":["GET"]}}],"collection":[{"href":"https:\/\/ismaelcolosi.com.br\/index.php\/wp-json\/wp\/v2\/posts"}],"about":[{"href":"https:\/\/ismaelcolosi.com.br\/index.php\/wp-json\/wp\/v2\/types\/post"}],"author":[{"embeddable":true,"href":"https:\/\/ismaelcolosi.com.br\/index.php\/wp-json\/wp\/v2\/users\/1"}],"replies":[{"embeddable":true,"href":"https:\/\/ismaelcolosi.com.br\/index.php\/wp-json\/wp\/v2\/comments?post=10424"}],"version-history":[{"count":0,"href":"https:\/\/ismaelcolosi.com.br\/index.php\/wp-json\/wp\/v2\/posts\/10424\/revisions"}],"wp:featuredmedia":[{"embeddable":true,"href":"https:\/\/ismaelcolosi.com.br\/index.php\/wp-json\/wp\/v2\/media\/10425"}],"wp:attachment":[{"href":"https:\/\/ismaelcolosi.com.br\/index.php\/wp-json\/wp\/v2\/media?parent=10424"}],"wp:term":[{"taxonomy":"category","embeddable":true,"href":"https:\/\/ismaelcolosi.com.br\/index.php\/wp-json\/wp\/v2\/categories?post=10424"},{"taxonomy":"post_tag","embeddable":true,"href":"https:\/\/ismaelcolosi.com.br\/index.php\/wp-json\/wp\/v2\/tags?post=10424"}],"curies":[{"name":"wp","href":"https:\/\/api.w.org\/{rel}","templated":true}]}}