{"id":10396,"date":"2023-12-04T13:17:40","date_gmt":"2023-12-04T16:17:40","guid":{"rendered":"https:\/\/ismaelcolosi.com.br\/index.php\/2023\/12\/04\/evocaram-uma-ursa-de-verdade\/"},"modified":"2023-12-04T13:17:40","modified_gmt":"2023-12-04T16:17:40","slug":"evocaram-uma-ursa-de-verdade","status":"publish","type":"post","link":"https:\/\/ismaelcolosi.com.br\/index.php\/2023\/12\/04\/evocaram-uma-ursa-de-verdade\/","title":{"rendered":"\u2018Evocaram uma ursa de verdade \u2019"},"content":{"rendered":"<p> [ad_1]<br \/>\n<\/p>\n<div itemprop=\"text\">\n<p>Em meio ao processo de separa\u00e7\u00e3o, a apresentadora Ana Hickmann falou um pouco sobre seu papel desenvolvido com rela\u00e7\u00e3o ao filho, Alezinho de 9 anos, fruto do relacionamento com ex marido Alexandre Correa.<\/p>\n<p><em>\u201cEu falava que \u00e9ramos uma fam\u00edlia urso. E eles conseguiram evocar a ursa de verdade para proteger o filhote. Evocaram uma mulher dentro de mim que eu nem sabia que existia. S\u00f3 vou parar quando chegar e ter todas as minhas respostas\u201d<\/em><\/p>\n<p>O trecho \u00e9 da sua entrevista ao Domingo Espetacular, com Carolina Ferraz, em seu relato rico em detalhes do dia 11, final de semana em que ela contou ter sido agredida pelo ex marido.<\/p>\n<p>No dia, ela relatou os dois terem iniciado uma discuss\u00e3o. Na ocasi\u00e3o, o marido tentou agarra-la por tr\u00e1s, ela consegue se soltar dele e tentar ir em dire\u00e7\u00e3o ao celular para pedir ajuda.<\/p>\n<p>Nesse momento, ela conta com a ajuda dos cachorros para que o ex marido solte a porta em que ela tentava fechar para que n\u00e3o ficasse mais perto de Alexandre.<\/p>\n<p>Sendo neste momento, segundo ela, que ele fechou a porta com muita for\u00e7a contra o bra\u00e7o da apresentadora. Ela chegou a precisar de atendimento m\u00e9dico antes de registrar o boletim de ocorr\u00eancia.<\/p>\n<p>Ana e Alexandre est\u00e3o em processo de separa\u00e7\u00e3o. Ela chegou a postar um v\u00eddeo em suas redes sociais afirmando que seu div\u00f3rcio ir\u00e1 sim dar continuidade, mesmo ap\u00f3s o advogado de seu ex afirmar que ela n\u00e3o teria mais o processo com base na lei Maria da Penha.<\/p>\n<\/div>\n<p>[ad_2]<br \/>\n<br \/><a href=\"https:\/\/fnmais.com\/ana-hickmann-destaca-protecao-ao-filho-em-meio-processo-divorcio-evocaram-ursa-verdade\/\" target=\"_blank\" rel=\"noopener\">Source link <\/a><\/p>\n<div class='code-block code-block-4' style='margin: 8px auto 8px 0; text-align: left; display: block; clear: both;'>\n\ud83d\udce2 Aviso Legal\n\nO site ismaelcolosi.com.br atua apenas como um canal de divulga\u00e7\u00e3o de oportunidades de emprego e n\u00e3o se responsabiliza pelo processo seletivo, contrata\u00e7\u00e3o ou qualquer outra etapa relacionada \u00e0s vagas publicadas. Todas as informa\u00e7\u00f5es s\u00e3o de responsabilidade dos anunciantes.\n\n\u26a0\ufe0f Aten\u00e7\u00e3o! Nunca pague por promessas de emprego nem compre cursos que garantam contrata\u00e7\u00e3o. Desconfie de qualquer cobran\u00e7a para participar de sele\u00e7\u00f5es.\n\n\n\n<\/div>\n<!-- CONTENT END 1 -->\n","protected":false},"excerpt":{"rendered":"<p>[ad_1] Em meio ao processo de separa\u00e7\u00e3o, a apresentadora Ana Hickmann falou um pouco sobre seu papel desenvolvido com rela\u00e7\u00e3o ao filho, Alezinho de 9 anos, fruto do relacionamento com ex marido Alexandre Correa. \u201cEu falava que \u00e9ramos uma fam\u00edlia urso. E eles conseguiram evocar a ursa de verdade para proteger o filhote. Evocaram uma&hellip;&nbsp;<\/p>\n","protected":false},"author":1,"featured_media":10397,"comment_status":"open","ping_status":"open","sticky":false,"template":"","format":"standard","meta":{"_uag_custom_page_level_css":"","neve_meta_sidebar":"","neve_meta_container":"","neve_meta_enable_content_width":"","neve_meta_content_width":0,"neve_meta_title_alignment":"","neve_meta_author_avatar":"","neve_post_elements_order":"","neve_meta_disable_header":"","neve_meta_disable_footer":"","neve_meta_disable_title":"","_jetpack_newsletter_access":"","_jetpack_dont_email_post_to_subs":false,"_jetpack_newsletter_tier_id":0,"_jetpack_memberships_contains_paywalled_content":false,"_jetpack_memberships_contains_paid_content":false,"footnotes":""},"categories":[1],"tags":[],"class_list":["post-10396","post","type-post","status-publish","format-standard","has-post-thumbnail","hentry","category-blog"],"uagb_featured_image_src":{"full":["https:\/\/i0.wp.com\/ismaelcolosi.com.br\/wp-content\/uploads\/2023\/12\/postimg-656def12d89fd6604.jpg?fit=1200%2C628&ssl=1",1200,628,false],"thumbnail":["https:\/\/i0.wp.com\/ismaelcolosi.com.br\/wp-content\/uploads\/2023\/12\/postimg-656def12d89fd6604.jpg?resize=150%2C150&ssl=1",150,150,true],"medium":["https:\/\/i0.wp.com\/ismaelcolosi.com.br\/wp-content\/uploads\/2023\/12\/postimg-656def12d89fd6604.jpg?fit=300%2C157&ssl=1",300,157,true],"medium_large":["https:\/\/i0.wp.com\/ismaelcolosi.com.br\/wp-content\/uploads\/2023\/12\/postimg-656def12d89fd6604.jpg?fit=768%2C402&ssl=1",768,402,true],"large":["https:\/\/i0.wp.com\/ismaelcolosi.com.br\/wp-content\/uploads\/2023\/12\/postimg-656def12d89fd6604.jpg?fit=1024%2C536&ssl=1",1024,536,true],"1536x1536":["https:\/\/i0.wp.com\/ismaelcolosi.com.br\/wp-content\/uploads\/2023\/12\/postimg-656def12d89fd6604.jpg?fit=1200%2C628&ssl=1",1200,628,true],"2048x2048":["https:\/\/i0.wp.com\/ismaelcolosi.com.br\/wp-content\/uploads\/2023\/12\/postimg-656def12d89fd6604.jpg?fit=1200%2C628&ssl=1",1200,628,true],"neve-blog":["https:\/\/i0.wp.com\/ismaelcolosi.com.br\/wp-content\/uploads\/2023\/12\/postimg-656def12d89fd6604.jpg?resize=930%2C620&ssl=1",930,620,true]},"uagb_author_info":{"display_name":"ismaelcolosi.com.br","author_link":"https:\/\/ismaelcolosi.com.br\/author\/vidareal-online\/"},"uagb_comment_info":0,"uagb_excerpt":"[ad_1] Em meio ao processo de separa\u00e7\u00e3o, a apresentadora Ana Hickmann falou um pouco sobre seu papel desenvolvido com rela\u00e7\u00e3o ao filho, Alezinho de 9 anos, fruto do relacionamento com ex marido Alexandre Correa. \u201cEu falava que \u00e9ramos uma fam\u00edlia urso. E eles conseguiram evocar a ursa de verdade para proteger o filhote. Evocaram uma&hellip;&nbsp;","jetpack-related-posts":[{"id":26002,"url":"https:\/\/ismaelcolosi.com.br\/index.php\/2024\/01\/08\/mulher-perde-a-vida-pelas-maos-do-ex-apos-descobrir-que-ele-tinha-matado-a-amante\/","url_meta":{"origin":10396,"position":0},"title":"Mulher perde a vida pelas m\u00e3os do ex ap\u00f3s descobrir que ele tinha matado a amante","author":"ismaelcolosi.com.br","date":"8 de Janeiro de 2024","format":false,"excerpt":"[ad_1] Uma mulher de 33 anos perdeu a vida ao descobrir que seu ex-namorado foi respons\u00e1vel pelo homic\u00eddio de sua amante, uma jovem de 19 anos, conforme apurado em uma investiga\u00e7\u00e3o da Pol\u00edcia Civil.O tr\u00e1gico incidente de duplo feminic\u00eddio ocorreu no intervalo entre os meses de agosto e setembro de\u2026","rel":"","context":"In &quot;Blog&quot;","block_context":{"text":"Blog","link":"https:\/\/ismaelcolosi.com.br\/index.php\/category\/blog\/"},"img":{"alt_text":"","src":"https:\/\/i0.wp.com\/ismaelcolosi.com.br\/wp-content\/uploads\/2024\/01\/postimg-659ca0e3cb60b7823.jpg?fit=1200%2C628&ssl=1&resize=350%2C200","width":350,"height":200,"srcset":"https:\/\/i0.wp.com\/ismaelcolosi.com.br\/wp-content\/uploads\/2024\/01\/postimg-659ca0e3cb60b7823.jpg?fit=1200%2C628&ssl=1&resize=350%2C200 1x, https:\/\/i0.wp.com\/ismaelcolosi.com.br\/wp-content\/uploads\/2024\/01\/postimg-659ca0e3cb60b7823.jpg?fit=1200%2C628&ssl=1&resize=525%2C300 1.5x, https:\/\/i0.wp.com\/ismaelcolosi.com.br\/wp-content\/uploads\/2024\/01\/postimg-659ca0e3cb60b7823.jpg?fit=1200%2C628&ssl=1&resize=700%2C400 2x, https:\/\/i0.wp.com\/ismaelcolosi.com.br\/wp-content\/uploads\/2024\/01\/postimg-659ca0e3cb60b7823.jpg?fit=1200%2C628&ssl=1&resize=1050%2C600 3x"},"classes":[]},{"id":35217,"url":"https:\/\/ismaelcolosi.com.br\/index.php\/2024\/02\/05\/super-urso-fantasiado-para-o-carnaval-e-atracao-na-regiao-de-ribeirao-preto\/","url_meta":{"origin":10396,"position":1},"title":"Super-urso fantasiado para o Carnaval \u00e9 atra\u00e7\u00e3o na regi\u00e3o de Ribeir\u00e3o Preto","author":"ismaelcolosi.com.br","date":"5 de Fevereiro de 2024","format":false,"excerpt":"[ad_1] Um urso com seis metros de altura decorado com adere\u00e7os de Carnaval chama \u00e0 aten\u00e7\u00e3o mais uma vez de quem passa pela avenida Prefeito Washington Lu\u00eds, em Batatais, cidade a 44 quil\u00f4metros de Ribeir\u00e3o Preto. Com um distintivo no peito com as iniciais \u201cS U\u201d, que significa \u201cSuper-urso\u201c, e\u2026","rel":"","context":"In &quot;Not\u00edcias de Ribeir\u00e3o Preto-SP e Regi\u00e3o&quot;","block_context":{"text":"Not\u00edcias de Ribeir\u00e3o Preto-SP e Regi\u00e3o","link":"https:\/\/ismaelcolosi.com.br\/index.php\/category\/noticias-de-ribeirao-preto-sp-e-regiao-ismael-colosi\/"},"img":{"alt_text":"","src":"https:\/\/i0.wp.com\/ismaelcolosi.com.br\/wp-content\/uploads\/2024\/02\/WhatsApp-Image-2024-02-05-at-14.41.38.jpeg?fit=1200%2C675&ssl=1&resize=350%2C200","width":350,"height":200,"srcset":"https:\/\/i0.wp.com\/ismaelcolosi.com.br\/wp-content\/uploads\/2024\/02\/WhatsApp-Image-2024-02-05-at-14.41.38.jpeg?fit=1200%2C675&ssl=1&resize=350%2C200 1x, https:\/\/i0.wp.com\/ismaelcolosi.com.br\/wp-content\/uploads\/2024\/02\/WhatsApp-Image-2024-02-05-at-14.41.38.jpeg?fit=1200%2C675&ssl=1&resize=525%2C300 1.5x, https:\/\/i0.wp.com\/ismaelcolosi.com.br\/wp-content\/uploads\/2024\/02\/WhatsApp-Image-2024-02-05-at-14.41.38.jpeg?fit=1200%2C675&ssl=1&resize=700%2C400 2x, https:\/\/i0.wp.com\/ismaelcolosi.com.br\/wp-content\/uploads\/2024\/02\/WhatsApp-Image-2024-02-05-at-14.41.38.jpeg?fit=1200%2C675&ssl=1&resize=1050%2C600 3x"},"classes":[]},{"id":8206,"url":"https:\/\/ismaelcolosi.com.br\/index.php\/2023\/11\/29\/apos-relatar-ter-recebido-ajuda-de-seu-pet-joaquim-ana-hickmann-faz-post-especial-sobre-caes-de-estimacao\/","url_meta":{"origin":10396,"position":2},"title":"Ap\u00f3s relatar ter recebido ajuda de seu pet Joaquim, Ana Hickmann faz post especial sobre c\u00e3es de estima\u00e7\u00e3o","author":"ismaelcolosi.com.br","date":"29 de Novembro de 2023","format":false,"excerpt":"[ad_1] Os animais dos famosos s\u00e3o os donos das publica\u00e7\u00f5es que mais rendem os likes dos seguidores. Nesta semana, um em especial, ganhou o cora\u00e7\u00e3o de mais pessoas.Joaquim \u00e9 o nome do c\u00e3ozinho mais admirado do momento nas redes sociais. Ele \u00e9 um dos animais que vivem na casa da\u2026","rel":"","context":"In &quot;Blog&quot;","block_context":{"text":"Blog","link":"https:\/\/ismaelcolosi.com.br\/index.php\/category\/blog\/"},"img":{"alt_text":"","src":"https:\/\/i0.wp.com\/ismaelcolosi.com.br\/wp-content\/uploads\/2023\/11\/postimg-65679cb5ef2d48335.jpg?fit=1200%2C628&ssl=1&resize=350%2C200","width":350,"height":200,"srcset":"https:\/\/i0.wp.com\/ismaelcolosi.com.br\/wp-content\/uploads\/2023\/11\/postimg-65679cb5ef2d48335.jpg?fit=1200%2C628&ssl=1&resize=350%2C200 1x, https:\/\/i0.wp.com\/ismaelcolosi.com.br\/wp-content\/uploads\/2023\/11\/postimg-65679cb5ef2d48335.jpg?fit=1200%2C628&ssl=1&resize=525%2C300 1.5x, https:\/\/i0.wp.com\/ismaelcolosi.com.br\/wp-content\/uploads\/2023\/11\/postimg-65679cb5ef2d48335.jpg?fit=1200%2C628&ssl=1&resize=700%2C400 2x, https:\/\/i0.wp.com\/ismaelcolosi.com.br\/wp-content\/uploads\/2023\/11\/postimg-65679cb5ef2d48335.jpg?fit=1200%2C628&ssl=1&resize=1050%2C600 3x"},"classes":[]},{"id":35297,"url":"https:\/\/ismaelcolosi.com.br\/index.php\/2024\/02\/05\/urso-fantasiado-para-o-carnaval-e-atracao-na-regiao-de-ribeirao-preto\/","url_meta":{"origin":10396,"position":3},"title":"Urso fantasiado para o Carnaval \u00e9 atra\u00e7\u00e3o na regi\u00e3o de Ribeir\u00e3o Preto","author":"ismaelcolosi.com.br","date":"5 de Fevereiro de 2024","format":false,"excerpt":"[ad_1] Um urso com seis metros de altura decorado com adere\u00e7os de Carnaval chama \u00e0 aten\u00e7\u00e3o mais uma vez de quem passa pela avenida Prefeito Washington Lu\u00eds, em Batatais, cidade a 44 quil\u00f4metros de Ribeir\u00e3o Preto. Com um distintivo no peito com as iniciais \u201cS U\u201d, que significa \u201cSuperurso\u201c, e\u2026","rel":"","context":"In &quot;Not\u00edcias de Ribeir\u00e3o Preto-SP e Regi\u00e3o&quot;","block_context":{"text":"Not\u00edcias de Ribeir\u00e3o Preto-SP e Regi\u00e3o","link":"https:\/\/ismaelcolosi.com.br\/index.php\/category\/noticias-de-ribeirao-preto-sp-e-regiao-ismael-colosi\/"},"img":{"alt_text":"","src":"https:\/\/i0.wp.com\/ismaelcolosi.com.br\/wp-content\/uploads\/2024\/02\/1707173374_WhatsApp-Image-2024-02-05-at-14.41.38.jpeg?fit=1200%2C675&ssl=1&resize=350%2C200","width":350,"height":200,"srcset":"https:\/\/i0.wp.com\/ismaelcolosi.com.br\/wp-content\/uploads\/2024\/02\/1707173374_WhatsApp-Image-2024-02-05-at-14.41.38.jpeg?fit=1200%2C675&ssl=1&resize=350%2C200 1x, https:\/\/i0.wp.com\/ismaelcolosi.com.br\/wp-content\/uploads\/2024\/02\/1707173374_WhatsApp-Image-2024-02-05-at-14.41.38.jpeg?fit=1200%2C675&ssl=1&resize=525%2C300 1.5x, https:\/\/i0.wp.com\/ismaelcolosi.com.br\/wp-content\/uploads\/2024\/02\/1707173374_WhatsApp-Image-2024-02-05-at-14.41.38.jpeg?fit=1200%2C675&ssl=1&resize=700%2C400 2x, https:\/\/i0.wp.com\/ismaelcolosi.com.br\/wp-content\/uploads\/2024\/02\/1707173374_WhatsApp-Image-2024-02-05-at-14.41.38.jpeg?fit=1200%2C675&ssl=1&resize=1050%2C600 3x"},"classes":[]},{"id":31221,"url":"https:\/\/ismaelcolosi.com.br\/index.php\/2024\/01\/21\/critics-choice-awards-2024-e-emmy-awards-agitaram-o-inicio-da-semana\/","url_meta":{"origin":10396,"position":4},"title":"Critics Choice Awards 2024 e Emmy Awards agitaram o in\u00edcio da semana\u00a0","author":"ismaelcolosi.com.br","date":"21 de Janeiro de 2024","format":false,"excerpt":"[ad_1] Os amantes do cinema e televis\u00e3o tiveram uma semana cheia de discuss\u00e3o sobre os grandes vencedores de duas importantes premia\u00e7\u00f5es mundiais: o Critics Choice Awards 2024 e o Emmy Awards. A primeira aconteceu na noite de domingo e a outra na segunda-feira.\u00a0A 75\u00aa edi\u00e7\u00e3o do Emmy Awards, premia\u00e7\u00e3o da\u2026","rel":"","context":"In &quot;Not\u00edcias de Ribeir\u00e3o Preto-SP e Regi\u00e3o&quot;","block_context":{"text":"Not\u00edcias de Ribeir\u00e3o Preto-SP e Regi\u00e3o","link":"https:\/\/ismaelcolosi.com.br\/index.php\/category\/noticias-de-ribeirao-preto-sp-e-regiao-ismael-colosi\/"},"img":{"alt_text":"","src":"https:\/\/i0.wp.com\/ismaelcolosi.com.br\/wp-content\/uploads\/2024\/01\/1-o-urso3-1024x576-1-scaled.jpg?fit=1000%2C563&ssl=1&resize=350%2C200","width":350,"height":200,"srcset":"https:\/\/i0.wp.com\/ismaelcolosi.com.br\/wp-content\/uploads\/2024\/01\/1-o-urso3-1024x576-1-scaled.jpg?fit=1000%2C563&ssl=1&resize=350%2C200 1x, https:\/\/i0.wp.com\/ismaelcolosi.com.br\/wp-content\/uploads\/2024\/01\/1-o-urso3-1024x576-1-scaled.jpg?fit=1000%2C563&ssl=1&resize=525%2C300 1.5x, https:\/\/i0.wp.com\/ismaelcolosi.com.br\/wp-content\/uploads\/2024\/01\/1-o-urso3-1024x576-1-scaled.jpg?fit=1000%2C563&ssl=1&resize=700%2C400 2x"},"classes":[]},{"id":4551,"url":"https:\/\/ismaelcolosi.com.br\/index.php\/2023\/11\/21\/ex-namorada-de-lucas-souza-surge-nas-redes-sociais-e-revela-proposta-imoral\/","url_meta":{"origin":10396,"position":5},"title":"Ex-namorada de Lucas Souza surge nas redes sociais e revela proposta imoral","author":"ismaelcolosi.com.br","date":"21 de Novembro de 2023","format":false,"excerpt":"[ad_1] Recentemente, uma reviravolta surpreendente envolveu a vida pessoal do ex-marido de Jojo Todynho, Lucas Souza. Ap\u00f3s revela\u00e7\u00f5es de\u00a0Jojo sobre a sexualidade dele e supostas liga\u00e7\u00f5es com drogas, uma ex-namorada do atual participante de A Fazenda 15, Monique Lemos, veio a p\u00fablico com uma hist\u00f3ria intrigante.Monique, atualmente vivendo nos Estados\u2026","rel":"","context":"In &quot;Blog&quot;","block_context":{"text":"Blog","link":"https:\/\/ismaelcolosi.com.br\/index.php\/category\/blog\/"},"img":{"alt_text":"","src":"https:\/\/i0.wp.com\/ismaelcolosi.com.br\/wp-content\/uploads\/2023\/11\/postimg-655d0e7308bee2496.jpg?fit=1200%2C628&ssl=1&resize=350%2C200","width":350,"height":200,"srcset":"https:\/\/i0.wp.com\/ismaelcolosi.com.br\/wp-content\/uploads\/2023\/11\/postimg-655d0e7308bee2496.jpg?fit=1200%2C628&ssl=1&resize=350%2C200 1x, https:\/\/i0.wp.com\/ismaelcolosi.com.br\/wp-content\/uploads\/2023\/11\/postimg-655d0e7308bee2496.jpg?fit=1200%2C628&ssl=1&resize=525%2C300 1.5x, https:\/\/i0.wp.com\/ismaelcolosi.com.br\/wp-content\/uploads\/2023\/11\/postimg-655d0e7308bee2496.jpg?fit=1200%2C628&ssl=1&resize=700%2C400 2x, https:\/\/i0.wp.com\/ismaelcolosi.com.br\/wp-content\/uploads\/2023\/11\/postimg-655d0e7308bee2496.jpg?fit=1200%2C628&ssl=1&resize=1050%2C600 3x"},"classes":[]}],"jetpack_sharing_enabled":true,"jetpack_shortlink":"https:\/\/wp.me\/pfMlyK-2HG","jetpack_featured_media_url":"https:\/\/i0.wp.com\/ismaelcolosi.com.br\/wp-content\/uploads\/2023\/12\/postimg-656def12d89fd6604.jpg?fit=1200%2C628&ssl=1","_links":{"self":[{"href":"https:\/\/ismaelcolosi.com.br\/index.php\/wp-json\/wp\/v2\/posts\/10396","targetHints":{"allow":["GET"]}}],"collection":[{"href":"https:\/\/ismaelcolosi.com.br\/index.php\/wp-json\/wp\/v2\/posts"}],"about":[{"href":"https:\/\/ismaelcolosi.com.br\/index.php\/wp-json\/wp\/v2\/types\/post"}],"author":[{"embeddable":true,"href":"https:\/\/ismaelcolosi.com.br\/index.php\/wp-json\/wp\/v2\/users\/1"}],"replies":[{"embeddable":true,"href":"https:\/\/ismaelcolosi.com.br\/index.php\/wp-json\/wp\/v2\/comments?post=10396"}],"version-history":[{"count":0,"href":"https:\/\/ismaelcolosi.com.br\/index.php\/wp-json\/wp\/v2\/posts\/10396\/revisions"}],"wp:featuredmedia":[{"embeddable":true,"href":"https:\/\/ismaelcolosi.com.br\/index.php\/wp-json\/wp\/v2\/media\/10397"}],"wp:attachment":[{"href":"https:\/\/ismaelcolosi.com.br\/index.php\/wp-json\/wp\/v2\/media?parent=10396"}],"wp:term":[{"taxonomy":"category","embeddable":true,"href":"https:\/\/ismaelcolosi.com.br\/index.php\/wp-json\/wp\/v2\/categories?post=10396"},{"taxonomy":"post_tag","embeddable":true,"href":"https:\/\/ismaelcolosi.com.br\/index.php\/wp-json\/wp\/v2\/tags?post=10396"}],"curies":[{"name":"wp","href":"https:\/\/api.w.org\/{rel}","templated":true}]}}