{"id":10284,"date":"2023-12-04T08:51:19","date_gmt":"2023-12-04T11:51:19","guid":{"rendered":"https:\/\/ismaelcolosi.com.br\/index.php\/2023\/12\/04\/governo-federal-atualiza-formulario-do-mei\/"},"modified":"2023-12-04T08:51:19","modified_gmt":"2023-12-04T11:51:19","slug":"governo-federal-atualiza-formulario-do-mei","status":"publish","type":"post","link":"https:\/\/ismaelcolosi.com.br\/index.php\/2023\/12\/04\/governo-federal-atualiza-formulario-do-mei\/","title":{"rendered":"Governo Federal atualiza formul\u00e1rio do MEI"},"content":{"rendered":"<p> [ad_1]<br \/>\n<\/p>\n<div id=\"attachment_2284525\">\n<div class=\"d-flex justify-content-center\" data-attachment-id=\"2284525\">\n<div class=\"position-relative d-inline-block\"><img data-recalc-dims=\"1\" data-portal-copyright=\"Ag\u00eancia Brasil\/Arquivo\" fetchpriority=\"high\" decoding=\"async\" class=\"size-full wp-image-2284525\" src=\"https:\/\/i0.wp.com\/catracalivre.com.br\/wp-content\/uploads\/2023\/07\/atencao-o-governo-nao-enquadra-mais-essas-atividades-como-mei.jpg?resize=980%2C551&#038;ssl=1\" alt=\"MEI: Aprenda a consultar informa\u00e7\u00f5es do seu CNPJ usando o CPF\" width=\"980\" height=\"551\" srcset=\"https:\/\/catracalivre.com.br\/wp-content\/uploads\/2023\/07\/atencao-o-governo-nao-enquadra-mais-essas-atividades-como-mei.jpg 980w, https:\/\/catracalivre.com.br\/wp-content\/uploads\/2023\/07\/atencao-o-governo-nao-enquadra-mais-essas-atividades-como-mei-450x253.jpg 450w, https:\/\/catracalivre.com.br\/wp-content\/uploads\/2023\/07\/atencao-o-governo-nao-enquadra-mais-essas-atividades-como-mei-768x432.jpg 768w\" sizes=\"(max-width: 980px) 100vw, 980px\"\/><\/p>\n<p>Cr\u00e9ditos: Ag\u00eancia Brasil\/Arquivo<\/p>\n<\/div>\n<\/div>\n<p><span class=\"post-imagem__legenda\">MEI: Aprenda a consultar informa\u00e7\u00f5es do seu CNPJ usando o CPF<\/span><\/p>\n<\/div>\n<p>O Portal do Empreendedor passou por atualiza\u00e7\u00f5es significativas promovidas pelo Governo Federal, visando aprimorar a experi\u00eancia dos microempreendedores individuais (MEIs) em todo o pa\u00eds. Estas mudan\u00e7as est\u00e3o direcionadas para simplificar os processos de inscri\u00e7\u00e3o e atualiza\u00e7\u00e3o, tornando o sistema mais eficiente e acess\u00edvel aos empreendedores.<\/p>\n<p>Com a utiliza\u00e7\u00e3o das tags, os MEIs t\u00eam a oportunidade de evitar a inser\u00e7\u00e3o de informa\u00e7\u00f5es pessoais durante o cadastro de formaliza\u00e7\u00e3o. As informa\u00e7\u00f5es p\u00fablicas, conforme o Minist\u00e9rio do Desenvolvimento, Ind\u00fastria, Com\u00e9rcio e Servi\u00e7os, incluem:<\/p>\n<p><script>\n\t\t! function(f, b, e, v, n, t, s) {\n\t\t\tif (f.fbq) return;\n\t\t\tn = f.fbq = function() {\n\t\t\t\tn.callMethod ?\n\t\t\t\t\tn.callMethod.apply(n, arguments) : n.queue.push(arguments)\n\t\t\t};\n\t\t\tif (!f._fbq) f._fbq = n;\n\t\t\tn.push = n;\n\t\t\tn.loaded = !0;\n\t\t\tn.version = '2.0';\n\t\t\tn.queue = [];\n\t\t\tt = b.createElement(e);\n\t\t\tt.async = !0;\n\t\t\tt.src = v;\n\t\t\ts = b.getElementsByTagName(e)[0];\n\t\t\ts.parentNode.insertBefore(t, s)\n\t\t}(window, document, 'script',\n\t\t\t'https:\/\/connect.facebook.net\/en_US\/fbevents.js');\n\t\tfbq('init', '338315473262380');\n\t\tfbq('track', 'PageView');\n\t<\/script><br \/>\n<br \/>[ad_2]<br \/>\n<br \/><a href=\"https:\/\/catracalivre.com.br\/cidadania\/governo-federal-atualiza-formulario-do-mei\/\" target=\"_blank\" rel=\"noopener\">Source link <\/a><\/p>\n<div class='code-block code-block-4' style='margin: 8px auto 8px 0; text-align: left; display: block; clear: both;'>\n\ud83d\udce2 Aviso Legal\n\nO site ismaelcolosi.com.br atua apenas como um canal de divulga\u00e7\u00e3o de oportunidades de emprego e n\u00e3o se responsabiliza pelo processo seletivo, contrata\u00e7\u00e3o ou qualquer outra etapa relacionada \u00e0s vagas publicadas. Todas as informa\u00e7\u00f5es s\u00e3o de responsabilidade dos anunciantes.\n\n\u26a0\ufe0f Aten\u00e7\u00e3o! Nunca pague por promessas de emprego nem compre cursos que garantam contrata\u00e7\u00e3o. Desconfie de qualquer cobran\u00e7a para participar de sele\u00e7\u00f5es.\n\n\n\n<\/div>\n<!-- CONTENT END 1 -->\n","protected":false},"excerpt":{"rendered":"<p>[ad_1] Cr\u00e9ditos: Ag\u00eancia Brasil\/Arquivo MEI: Aprenda a consultar informa\u00e7\u00f5es do seu CNPJ usando o CPF O Portal do Empreendedor passou por atualiza\u00e7\u00f5es significativas promovidas pelo Governo Federal, visando aprimorar a experi\u00eancia dos microempreendedores individuais (MEIs) em todo o pa\u00eds. Estas mudan\u00e7as est\u00e3o direcionadas para simplificar os processos de inscri\u00e7\u00e3o e atualiza\u00e7\u00e3o, tornando o sistema mais&hellip;&nbsp;<\/p>\n","protected":false},"author":1,"featured_media":10285,"comment_status":"open","ping_status":"open","sticky":false,"template":"","format":"standard","meta":{"_uag_custom_page_level_css":"","neve_meta_sidebar":"","neve_meta_container":"","neve_meta_enable_content_width":"","neve_meta_content_width":0,"neve_meta_title_alignment":"","neve_meta_author_avatar":"","neve_post_elements_order":"","neve_meta_disable_header":"","neve_meta_disable_footer":"","neve_meta_disable_title":"","_jetpack_newsletter_access":"","_jetpack_dont_email_post_to_subs":false,"_jetpack_newsletter_tier_id":0,"_jetpack_memberships_contains_paywalled_content":false,"_jetpack_memberships_contains_paid_content":false,"footnotes":""},"categories":[19],"tags":[],"class_list":["post-10284","post","type-post","status-publish","format-standard","has-post-thumbnail","hentry","category-variedades"],"uagb_featured_image_src":{"full":["https:\/\/i0.wp.com\/ismaelcolosi.com.br\/wp-content\/uploads\/2023\/12\/istock-638953230.jpg?fit=1200%2C638&ssl=1",1200,638,false],"thumbnail":["https:\/\/i0.wp.com\/ismaelcolosi.com.br\/wp-content\/uploads\/2023\/12\/istock-638953230.jpg?resize=150%2C150&ssl=1",150,150,true],"medium":["https:\/\/i0.wp.com\/ismaelcolosi.com.br\/wp-content\/uploads\/2023\/12\/istock-638953230.jpg?fit=300%2C160&ssl=1",300,160,true],"medium_large":["https:\/\/i0.wp.com\/ismaelcolosi.com.br\/wp-content\/uploads\/2023\/12\/istock-638953230.jpg?fit=768%2C408&ssl=1",768,408,true],"large":["https:\/\/i0.wp.com\/ismaelcolosi.com.br\/wp-content\/uploads\/2023\/12\/istock-638953230.jpg?fit=1024%2C544&ssl=1",1024,544,true],"1536x1536":["https:\/\/i0.wp.com\/ismaelcolosi.com.br\/wp-content\/uploads\/2023\/12\/istock-638953230.jpg?fit=1200%2C638&ssl=1",1200,638,true],"2048x2048":["https:\/\/i0.wp.com\/ismaelcolosi.com.br\/wp-content\/uploads\/2023\/12\/istock-638953230.jpg?fit=1200%2C638&ssl=1",1200,638,true],"neve-blog":["https:\/\/i0.wp.com\/ismaelcolosi.com.br\/wp-content\/uploads\/2023\/12\/istock-638953230.jpg?resize=930%2C620&ssl=1",930,620,true]},"uagb_author_info":{"display_name":"ismaelcolosi.com.br","author_link":"https:\/\/ismaelcolosi.com.br\/author\/vidareal-online\/"},"uagb_comment_info":0,"uagb_excerpt":"[ad_1] Cr\u00e9ditos: Ag\u00eancia Brasil\/Arquivo MEI: Aprenda a consultar informa\u00e7\u00f5es do seu CNPJ usando o CPF O Portal do Empreendedor passou por atualiza\u00e7\u00f5es significativas promovidas pelo Governo Federal, visando aprimorar a experi\u00eancia dos microempreendedores individuais (MEIs) em todo o pa\u00eds. Estas mudan\u00e7as est\u00e3o direcionadas para simplificar os processos de inscri\u00e7\u00e3o e atualiza\u00e7\u00e3o, tornando o sistema mais&hellip;&nbsp;","jetpack-related-posts":[{"id":18283,"url":"https:\/\/ismaelcolosi.com.br\/index.php\/2023\/12\/20\/finalmente-governo-divulga-calendario-de-pagamento-do-pis-pasep-2024\/","url_meta":{"origin":10284,"position":0},"title":"FINALMENTE! Governo divulga calend\u00e1rio de pagamento do PIS\/Pasep 2024","author":"ismaelcolosi.com.br","date":"20 de Dezembro de 2023","format":false,"excerpt":"[ad_1] O Conselho Deliberativo do Fundo de Amparo do Trabalhador (Codefat), aprovou o calend\u00e1rio de pagamento do Abono Salarial PIS\/Pasep de 2024, relativo ao ano-base 2022. Cr\u00e9ditos: Istock\/gustavomellossaFINALMENTE! Governo divulga calend\u00e1rio de pagamento do PIS\/Pasep 2024 A estimativa \u00e9 que cerca de 24,5 milh\u00f5es de trabalhadores recebam o abono salarial,\u2026","rel":"","context":"In &quot;Variedades&quot;","block_context":{"text":"Variedades","link":"https:\/\/ismaelcolosi.com.br\/index.php\/category\/variedades\/"},"img":{"alt_text":"","src":"https:\/\/i0.wp.com\/ismaelcolosi.com.br\/wp-content\/uploads\/2023\/12\/1703062351_istock-1359193526.jpg?fit=1200%2C638&ssl=1&resize=350%2C200","width":350,"height":200,"srcset":"https:\/\/i0.wp.com\/ismaelcolosi.com.br\/wp-content\/uploads\/2023\/12\/1703062351_istock-1359193526.jpg?fit=1200%2C638&ssl=1&resize=350%2C200 1x, https:\/\/i0.wp.com\/ismaelcolosi.com.br\/wp-content\/uploads\/2023\/12\/1703062351_istock-1359193526.jpg?fit=1200%2C638&ssl=1&resize=525%2C300 1.5x, https:\/\/i0.wp.com\/ismaelcolosi.com.br\/wp-content\/uploads\/2023\/12\/1703062351_istock-1359193526.jpg?fit=1200%2C638&ssl=1&resize=700%2C400 2x, https:\/\/i0.wp.com\/ismaelcolosi.com.br\/wp-content\/uploads\/2023\/12\/1703062351_istock-1359193526.jpg?fit=1200%2C638&ssl=1&resize=1050%2C600 3x"},"classes":[]},{"id":9687,"url":"https:\/\/ismaelcolosi.com.br\/index.php\/2023\/12\/02\/bolsa-familia-de-dezembro-consulte-os-valores-agora\/","url_meta":{"origin":10284,"position":1},"title":"Bolsa Fam\u00edlia de dezembro: consulte os valores agora!","author":"ismaelcolosi.com.br","date":"2 de Dezembro de 2023","format":false,"excerpt":"[ad_1] Cr\u00e9ditos: Ag\u00eancia Brasil\/Marcello Casal JrO governo federal inicia calend\u00e1rio de pagamento do programa Bolsa Fam\u00edlia para o m\u00easO Bolsa Fam\u00edlia, programa social crucial para milhares de brasileiros, tem seu calend\u00e1rio para o m\u00eas de dezembro j\u00e1 dispon\u00edvel pela Caixa Econ\u00f4mica Federal (CEF). Este \u00e9 o momento para os benefici\u00e1rios\u2026","rel":"","context":"In &quot;Variedades&quot;","block_context":{"text":"Variedades","link":"https:\/\/ismaelcolosi.com.br\/index.php\/category\/variedades\/"},"img":{"alt_text":"","src":"https:\/\/i0.wp.com\/ismaelcolosi.com.br\/wp-content\/uploads\/2023\/12\/bolsa-familia-caixa-libera-pagamento-para-novo-grupo-em-julho.jpg?fit=1200%2C638&ssl=1&resize=350%2C200","width":350,"height":200,"srcset":"https:\/\/i0.wp.com\/ismaelcolosi.com.br\/wp-content\/uploads\/2023\/12\/bolsa-familia-caixa-libera-pagamento-para-novo-grupo-em-julho.jpg?fit=1200%2C638&ssl=1&resize=350%2C200 1x, https:\/\/i0.wp.com\/ismaelcolosi.com.br\/wp-content\/uploads\/2023\/12\/bolsa-familia-caixa-libera-pagamento-para-novo-grupo-em-julho.jpg?fit=1200%2C638&ssl=1&resize=525%2C300 1.5x, https:\/\/i0.wp.com\/ismaelcolosi.com.br\/wp-content\/uploads\/2023\/12\/bolsa-familia-caixa-libera-pagamento-para-novo-grupo-em-julho.jpg?fit=1200%2C638&ssl=1&resize=700%2C400 2x, https:\/\/i0.wp.com\/ismaelcolosi.com.br\/wp-content\/uploads\/2023\/12\/bolsa-familia-caixa-libera-pagamento-para-novo-grupo-em-julho.jpg?fit=1200%2C638&ssl=1&resize=1050%2C600 3x"},"classes":[]},{"id":6864,"url":"https:\/\/ismaelcolosi.com.br\/index.php\/2023\/11\/27\/aposentados-e-pensionistas-do-inss-recebem-valor-extra\/","url_meta":{"origin":10284,"position":2},"title":"Aposentados e pensionistas do INSS recebem valor extra","author":"ismaelcolosi.com.br","date":"27 de Novembro de 2023","format":false,"excerpt":"[ad_1] Boa not\u00edcia para quem recebe pelo INSS Aposentados e pensionistas do Instituto Nacional do Seguro Social (INSS) t\u00eam uma not\u00edcia positiva neste m\u00eas: a libera\u00e7\u00e3o de um valor extra em suas contas, fruto de uma decis\u00e3o do Conselho da Justi\u00e7a Federal (CJF). A quantia de R$ 2,1 bilh\u00f5es foi\u2026","rel":"","context":"In &quot;Variedades&quot;","block_context":{"text":"Variedades","link":"https:\/\/ismaelcolosi.com.br\/index.php\/category\/variedades\/"},"img":{"alt_text":"","src":"https:\/\/i0.wp.com\/ismaelcolosi.com.br\/wp-content\/uploads\/2023\/11\/1701078178_inss-dispensa-pericia-medica-para-auxilio-doenca-entenda-1.jpg?fit=1200%2C638&ssl=1&resize=350%2C200","width":350,"height":200,"srcset":"https:\/\/i0.wp.com\/ismaelcolosi.com.br\/wp-content\/uploads\/2023\/11\/1701078178_inss-dispensa-pericia-medica-para-auxilio-doenca-entenda-1.jpg?fit=1200%2C638&ssl=1&resize=350%2C200 1x, https:\/\/i0.wp.com\/ismaelcolosi.com.br\/wp-content\/uploads\/2023\/11\/1701078178_inss-dispensa-pericia-medica-para-auxilio-doenca-entenda-1.jpg?fit=1200%2C638&ssl=1&resize=525%2C300 1.5x, https:\/\/i0.wp.com\/ismaelcolosi.com.br\/wp-content\/uploads\/2023\/11\/1701078178_inss-dispensa-pericia-medica-para-auxilio-doenca-entenda-1.jpg?fit=1200%2C638&ssl=1&resize=700%2C400 2x, https:\/\/i0.wp.com\/ismaelcolosi.com.br\/wp-content\/uploads\/2023\/11\/1701078178_inss-dispensa-pericia-medica-para-auxilio-doenca-entenda-1.jpg?fit=1200%2C638&ssl=1&resize=1050%2C600 3x"},"classes":[]},{"id":81985,"url":"https:\/\/ismaelcolosi.com.br\/index.php\/2025\/01\/21\/carteira-de-trabalho-digital-agora-permite-consultas-a-vagas-do-sine\/","url_meta":{"origin":10284,"position":3},"title":"Carteira de Trabalho Digital agora permite consultas a vagas do Sine","author":"ismaelcolosi.com.br","date":"21 de Janeiro de 2025","format":false,"excerpt":"[ad_1] Ag\u00eancia Brasili Ag\u00eancia Brasil 21\/01\/2025 - 17:51 Os trabalhadores podem usar o aplicativo da Carteira de Trabalho Digital para consultar vagas de emprego dispon\u00edveis nas ag\u00eancias do Sistema Nacional de Emprego (Sine). A ferramenta substituir\u00e1 o aplicativo Sine F\u00e1cil, que foi extinto.+ 3 em cada 5 brasileiros planejam buscar\u2026","rel":"","context":"In &quot;Empregos - Classificados&quot;","block_context":{"text":"Empregos - Classificados","link":"https:\/\/ismaelcolosi.com.br\/index.php\/category\/empregos-classificados-vagas-trabalho\/"},"img":{"alt_text":"","src":"https:\/\/i0.wp.com\/ismaelcolosi.com.br\/wp-content\/uploads\/2025\/01\/trabalho.jpg?fit=1010%2C613&ssl=1&resize=350%2C200","width":350,"height":200,"srcset":"https:\/\/i0.wp.com\/ismaelcolosi.com.br\/wp-content\/uploads\/2025\/01\/trabalho.jpg?fit=1010%2C613&ssl=1&resize=350%2C200 1x, https:\/\/i0.wp.com\/ismaelcolosi.com.br\/wp-content\/uploads\/2025\/01\/trabalho.jpg?fit=1010%2C613&ssl=1&resize=525%2C300 1.5x, https:\/\/i0.wp.com\/ismaelcolosi.com.br\/wp-content\/uploads\/2025\/01\/trabalho.jpg?fit=1010%2C613&ssl=1&resize=700%2C400 2x"},"classes":[]},{"id":5977,"url":"https:\/\/ismaelcolosi.com.br\/index.php\/2023\/11\/24\/veja-quem-sera-contemplado-com-restituicao-extra-este-mes\/","url_meta":{"origin":10284,"position":4},"title":"Veja quem ser\u00e1 contemplado com RESTITUI\u00c7\u00c3O EXTRA este m\u00eas","author":"ismaelcolosi.com.br","date":"24 de Novembro de 2023","format":false,"excerpt":"[ad_1] A consulta ao lote residual de restitui\u00e7\u00e3o do Imposto de Renda da Pessoa F\u00edsica (IRPF) do m\u00eas de novembro de 2023 poder\u00e1 ser feita, a partir das 10h desta quinta-feira, 23. Cr\u00e9ditos: Ag\u00eancia Brasil\/Jo\u00e9dson SilvaIR 2023: Veja quem ser\u00e1 contemplado com RESTITUI\u00c7\u00c3O EXTRA este m\u00eas De acordo com a\u2026","rel":"","context":"In &quot;Variedades&quot;","block_context":{"text":"Variedades","link":"https:\/\/ismaelcolosi.com.br\/index.php\/category\/variedades\/"},"img":{"alt_text":"","src":"https:\/\/i0.wp.com\/ismaelcolosi.com.br\/wp-content\/uploads\/2023\/11\/receita-abre-consulta-ao-4o-lote-de-restituicao-do-ir-2023.jpg?fit=1200%2C638&ssl=1&resize=350%2C200","width":350,"height":200,"srcset":"https:\/\/i0.wp.com\/ismaelcolosi.com.br\/wp-content\/uploads\/2023\/11\/receita-abre-consulta-ao-4o-lote-de-restituicao-do-ir-2023.jpg?fit=1200%2C638&ssl=1&resize=350%2C200 1x, https:\/\/i0.wp.com\/ismaelcolosi.com.br\/wp-content\/uploads\/2023\/11\/receita-abre-consulta-ao-4o-lote-de-restituicao-do-ir-2023.jpg?fit=1200%2C638&ssl=1&resize=525%2C300 1.5x, https:\/\/i0.wp.com\/ismaelcolosi.com.br\/wp-content\/uploads\/2023\/11\/receita-abre-consulta-ao-4o-lote-de-restituicao-do-ir-2023.jpg?fit=1200%2C638&ssl=1&resize=700%2C400 2x, https:\/\/i0.wp.com\/ismaelcolosi.com.br\/wp-content\/uploads\/2023\/11\/receita-abre-consulta-ao-4o-lote-de-restituicao-do-ir-2023.jpg?fit=1200%2C638&ssl=1&resize=1050%2C600 3x"},"classes":[]},{"id":5656,"url":"https:\/\/ismaelcolosi.com.br\/index.php\/2023\/11\/24\/lote-extra-de-restituicao-do-ir-2023-e-liberado-para-consulta-hoje\/","url_meta":{"origin":10284,"position":5},"title":"Lote extra de restitui\u00e7\u00e3o do IR 2023 \u00e9 liberado para consulta HOJE","author":"ismaelcolosi.com.br","date":"24 de Novembro de 2023","format":false,"excerpt":"[ad_1] A consulta ao lote residual de restitui\u00e7\u00e3o do Imposto de Renda da Pessoa F\u00edsica (IRPF) do m\u00eas de novembro de 2023 poder\u00e1 ser feita, a partir das 10h desta quinta-feira, 23. Cr\u00e9ditos: Ag\u00eancia Brasil\/Marcello Casal JrLote extra de restitui\u00e7\u00e3o do IR 2023 \u00e9 liberado para consulta HOJE De acordo\u2026","rel":"","context":"In &quot;Variedades&quot;","block_context":{"text":"Variedades","link":"https:\/\/ismaelcolosi.com.br\/index.php\/category\/variedades\/"},"img":{"alt_text":"","src":"https:\/\/i0.wp.com\/ismaelcolosi.com.br\/wp-content\/uploads\/2023\/11\/como-saber-se-vou-receber-a-restituicao-do-ir-2023-no-3o-lote-veja-aqui.jpg?fit=1200%2C638&ssl=1&resize=350%2C200","width":350,"height":200,"srcset":"https:\/\/i0.wp.com\/ismaelcolosi.com.br\/wp-content\/uploads\/2023\/11\/como-saber-se-vou-receber-a-restituicao-do-ir-2023-no-3o-lote-veja-aqui.jpg?fit=1200%2C638&ssl=1&resize=350%2C200 1x, https:\/\/i0.wp.com\/ismaelcolosi.com.br\/wp-content\/uploads\/2023\/11\/como-saber-se-vou-receber-a-restituicao-do-ir-2023-no-3o-lote-veja-aqui.jpg?fit=1200%2C638&ssl=1&resize=525%2C300 1.5x, https:\/\/i0.wp.com\/ismaelcolosi.com.br\/wp-content\/uploads\/2023\/11\/como-saber-se-vou-receber-a-restituicao-do-ir-2023-no-3o-lote-veja-aqui.jpg?fit=1200%2C638&ssl=1&resize=700%2C400 2x, https:\/\/i0.wp.com\/ismaelcolosi.com.br\/wp-content\/uploads\/2023\/11\/como-saber-se-vou-receber-a-restituicao-do-ir-2023-no-3o-lote-veja-aqui.jpg?fit=1200%2C638&ssl=1&resize=1050%2C600 3x"},"classes":[]}],"jetpack_sharing_enabled":true,"jetpack_shortlink":"https:\/\/wp.me\/pfMlyK-2FS","jetpack_featured_media_url":"https:\/\/i0.wp.com\/ismaelcolosi.com.br\/wp-content\/uploads\/2023\/12\/istock-638953230.jpg?fit=1200%2C638&ssl=1","_links":{"self":[{"href":"https:\/\/ismaelcolosi.com.br\/index.php\/wp-json\/wp\/v2\/posts\/10284","targetHints":{"allow":["GET"]}}],"collection":[{"href":"https:\/\/ismaelcolosi.com.br\/index.php\/wp-json\/wp\/v2\/posts"}],"about":[{"href":"https:\/\/ismaelcolosi.com.br\/index.php\/wp-json\/wp\/v2\/types\/post"}],"author":[{"embeddable":true,"href":"https:\/\/ismaelcolosi.com.br\/index.php\/wp-json\/wp\/v2\/users\/1"}],"replies":[{"embeddable":true,"href":"https:\/\/ismaelcolosi.com.br\/index.php\/wp-json\/wp\/v2\/comments?post=10284"}],"version-history":[{"count":0,"href":"https:\/\/ismaelcolosi.com.br\/index.php\/wp-json\/wp\/v2\/posts\/10284\/revisions"}],"wp:featuredmedia":[{"embeddable":true,"href":"https:\/\/ismaelcolosi.com.br\/index.php\/wp-json\/wp\/v2\/media\/10285"}],"wp:attachment":[{"href":"https:\/\/ismaelcolosi.com.br\/index.php\/wp-json\/wp\/v2\/media?parent=10284"}],"wp:term":[{"taxonomy":"category","embeddable":true,"href":"https:\/\/ismaelcolosi.com.br\/index.php\/wp-json\/wp\/v2\/categories?post=10284"},{"taxonomy":"post_tag","embeddable":true,"href":"https:\/\/ismaelcolosi.com.br\/index.php\/wp-json\/wp\/v2\/tags?post=10284"}],"curies":[{"name":"wp","href":"https:\/\/api.w.org\/{rel}","templated":true}]}}