{"id":10264,"date":"2023-12-04T08:08:07","date_gmt":"2023-12-04T11:08:07","guid":{"rendered":"https:\/\/ismaelcolosi.com.br\/index.php\/2023\/12\/04\/estudantes-poderao-renovar-o-cartao-de-onibus-a-partir-desta-segunda-4\/"},"modified":"2023-12-04T08:08:07","modified_gmt":"2023-12-04T11:08:07","slug":"estudantes-poderao-renovar-o-cartao-de-onibus-a-partir-desta-segunda-4","status":"publish","type":"post","link":"https:\/\/ismaelcolosi.com.br\/index.php\/2023\/12\/04\/estudantes-poderao-renovar-o-cartao-de-onibus-a-partir-desta-segunda-4\/","title":{"rendered":"Estudantes poder\u00e3o renovar o cart\u00e3o de \u00f4nibus a partir desta segunda (4)"},"content":{"rendered":"<p> <br \/>\n<\/p>\n<div id=\"\">\n<p> <span class=\"entry-meta-item penci-posted-on\"><i class=\"fa fa-clock-o\"\/><time class=\"entry-date published\" datetime=\"2023-12-04T08:00:17-03:00\">4 de dezembro de 2023 | 8:00<\/time><time class=\"updated\" datetime=\"2023-12-01T16:49:44-03:00\">1 de dezembro de 2023 | 16:49<\/time><\/span><\/p>\n<p> <span class=\"penci-social-buttons penci-social-share-footer\"><a href=\"#\" class=\"penci-post-like penci_post-meta_item  single-like-button penci-social-item like\" data-post_id=\"365960\" title=\"Like\" data-like=\"Like\" data-unlike=\"Unlike\"><i class=\"fa fa-thumbs-o-up\"\/><span class=\"penci-share-number\">0<\/span><\/a><i class=\"fa fa-facebook\"\/><a class=\"penci-social-item twitter\" target=\"_blank\" rel=\"noopener\" title=\"\" href=\"https:\/\/twitter.com\/intent\/tweet?text=Estudantes%20poder\u00e3o%20renovar%20o%20cart\u00e3o%20de%20\u00f4nibus%20a%20partir%20desta%20segunda%20(4)%20-%20https:\/\/www.tribunaribeirao.com.br\/site\/estudantes-poderao-renovar-o-cartao-de-onibus-a-partir-desta-segunda-4\/\"><i class=\"fa fa-twitter\"\/><\/a><i class=\"fa fa-whatsapp\"\/><\/span><\/div>\n<div>\n<p><noscript><img data-recalc-dims=\"1\" loading=\"lazy\" decoding=\"async\" class=\"size-medium wp-image-365961 alignleft\" src=\"https:\/\/i0.wp.com\/www.tribunaribeirao.com.br\/site\/wp-content\/uploads\/2023\/12\/cartao-192x300.png?resize=192%2C300&#038;ssl=1\" alt=\"\" width=\"192\" height=\"300\" srcset=\"https:\/\/www.tribunaribeirao.com.br\/site\/wp-content\/uploads\/2023\/12\/cartao-192x300.png 192w, https:\/\/www.tribunaribeirao.com.br\/site\/wp-content\/uploads\/2023\/12\/cartao-654x1024.png 654w, https:\/\/www.tribunaribeirao.com.br\/site\/wp-content\/uploads\/2023\/12\/cartao-256x400.png 256w, https:\/\/www.tribunaribeirao.com.br\/site\/wp-content\/uploads\/2023\/12\/cartao-585x916.png 585w, https:\/\/www.tribunaribeirao.com.br\/site\/wp-content\/uploads\/2023\/12\/cartao.png 412w\" sizes=\"auto, (max-width: 192px) 100vw, 192px\"\/><\/noscript>Para evitar transtornos no per\u00edodo de volta \u00e0s aulas em 2024, a RP Mobi alerta estudantes do munic\u00edpio, que a partir da pr\u00f3xima segunda-feira, dia 4 de dezembro, o sistema on-line do transporte coletivo urbano, estar\u00e1 totalmente habilitado para receber solicita\u00e7\u00f5es de alunos que precisam renovar ou obter o cart\u00e3o de \u00f4nibus.<\/p>\n<p>Na p\u00e1gina rpmobilidade.com.br, o estudante dever\u00e1 acessar a aba \u201cservi\u00e7os digitais\u201d e informar os dados pessoais para iniciar o processo, seguir as orienta\u00e7\u00f5es e anexar a documenta\u00e7\u00e3o necess\u00e1ria para que o \u00f3rg\u00e3o gestor fa\u00e7a a checagem.<\/p>\n<p>Ap\u00f3s an\u00e1lise da RP Mobi, a renova\u00e7\u00e3o ser\u00e1 autom\u00e1tica, sendo os cart\u00f5es atualizados no primeiro uso no validador. J\u00e1 para a obten\u00e7\u00e3o da primeira via do cart\u00e3o, ap\u00f3s a avalia\u00e7\u00e3o dos documentos, o estudante realiza o agendamento para o atendimento presencial na rua S\u00e3o Sebasti\u00e3o, n\u00ba 909 \u2013 Centro.<\/p>\n<p>Os estudantes interessados no servi\u00e7o de obten\u00e7\u00e3o e renova\u00e7\u00e3o do cart\u00e3o dever\u00e3o enviar on-line os seguintes documentos:<\/p>\n<p><strong>a)<\/strong>\u00a0Original e c\u00f3pia de CPF e C\u00e9dula de Identidade (RG). Se menor de 16 anos, \u00e9 aceita a Certid\u00e3o de Nascimento em substitui\u00e7\u00e3o ao RG;<\/p>\n<p><strong>b)<\/strong>\u00a0Declara\u00e7\u00e3o fornecida pela escola, constando: nome completo do estudante, do curso, especifica\u00e7\u00f5es do grau, s\u00e9rie, turno e o endere\u00e7o residencial. A declara\u00e7\u00e3o deve ser original e atualizada (v\u00e1lida por 30 dias a partir da data de emiss\u00e3o);<\/p>\n<p>\u2013 Para aluno do curso de forma\u00e7\u00e3o t\u00e9cnica, a declara\u00e7\u00e3o deve conter tamb\u00e9m in\u00edcio e t\u00e9rmino previsto do curso;<\/p>\n<p>\u2013 A declara\u00e7\u00e3o deve conter, ainda, dados completos da escola, nome completo com carimbo e assinatura do diretor ou do representante legal;<\/p>\n<p><strong>c)<\/strong>\u00a0Original e c\u00f3pia do comprovante de resid\u00eancia em nome do aluno ou dos pais, emitido h\u00e1 menos de 90 dias (contas de luz, telefone, g\u00e1s, internet, conv\u00eanio m\u00e9dico, odontol\u00f3gicos ou fatura de cart\u00e3o de cr\u00e9dito);<\/p>\n<p>\u2013 Na aus\u00eancia de comprovante de endere\u00e7o em nome do aluno ou dos pais, pode-se apresentar uma Declara\u00e7\u00e3o de Resid\u00eancia assinada pelo titular do comprovante de endere\u00e7o, junto com c\u00f3pia simples do RG ou CNH do declarante, para autentica\u00e7\u00e3o da assinatura; o comprovante de endere\u00e7o deve ter validade de 90 dias contados da data de emiss\u00e3o.<\/p>\n<p><strong>d)<\/strong>\u00a0Termo de Consentimento: seja para estudantes maiores ou menores de 18 anos, conforme a Lei n\u00ba 13.709\/2018 Lei Geral de Prote\u00e7\u00e3o de dados Pessoais (LGPD) modelo no site.<\/p>\n<p>O atendimento digital tem como finalidade proporcionar mais comodidade aos estudantes. Por isso, a orienta\u00e7\u00e3o \u00e9 que os estudantes n\u00e3o deixem a renova\u00e7\u00e3o para a \u00faltima hora, pois a documenta\u00e7\u00e3o necessita de um prazo para an\u00e1lise.\u00a0 Para mais informa\u00e7\u00f5es basta ligar no telefone: (16) 3632-3952.<\/p>\n<\/div>\n<p><script async src=\"\/\/platform.twitter.com\/widgets.js\" charset=\"utf-8\"><\/script><br \/>\n<br \/><br \/>\n<br \/><a href=\"https:\/\/www.tribunaribeirao.com.br\/site\/estudantes-poderao-renovar-o-cartao-de-onibus-a-partir-desta-segunda-4\/\">Source link <\/a><\/p>\n<div class='code-block code-block-4' style='margin: 8px auto 8px 0; text-align: left; display: block; clear: both;'>\n\ud83d\udce2 Aviso Legal\n\nO site ismaelcolosi.com.br atua apenas como um canal de divulga\u00e7\u00e3o de oportunidades de emprego e n\u00e3o se responsabiliza pelo processo seletivo, contrata\u00e7\u00e3o ou qualquer outra etapa relacionada \u00e0s vagas publicadas. Todas as informa\u00e7\u00f5es s\u00e3o de responsabilidade dos anunciantes.\n\n\u26a0\ufe0f Aten\u00e7\u00e3o! Nunca pague por promessas de emprego nem compre cursos que garantam contrata\u00e7\u00e3o. Desconfie de qualquer cobran\u00e7a para participar de sele\u00e7\u00f5es.\n\n\n\n<\/div>\n<!-- CONTENT END 1 -->\n","protected":false},"excerpt":{"rendered":"<p>4 de dezembro de 2023 | 8:001 de dezembro de 2023 | 16:49 0 Para evitar transtornos no per\u00edodo de volta \u00e0s aulas em 2024,&#8230;<\/p>\n","protected":false},"author":1,"featured_media":10265,"comment_status":"open","ping_status":"open","sticky":false,"template":"","format":"standard","meta":{"_uag_custom_page_level_css":"","advanced_seo_description":"","jetpack_seo_html_title":"","jetpack_seo_noindex":false,"jetpack_post_was_ever_published":false,"_jetpack_newsletter_access":"","_jetpack_dont_email_post_to_subs":false,"_jetpack_newsletter_tier_id":0,"_jetpack_memberships_contains_paywalled_content":false,"_jetpack_memberships_contains_paid_content":false,"footnotes":"","jetpack_publicize_message":"","jetpack_publicize_feature_enabled":true,"jetpack_social_post_already_shared":true,"jetpack_social_options":{"image_generator_settings":{"template":"highway","default_image_id":0,"font":"","enabled":false},"version":2}},"categories":[11],"tags":[1389,167,1387,335,166,757,1388,839],"class_list":["post-10264","post","type-post","status-publish","format-standard","has-post-thumbnail","hentry","category-noticias-de-ribeirao-preto-sp-e-regiao-ismael-colosi","tag-cartao","tag-desta","tag-estudantes","tag-onibus","tag-partir","tag-poderao","tag-renovar","tag-segunda"],"jetpack_publicize_connections":[],"jetpack_featured_media_url":"https:\/\/i0.wp.com\/ismaelcolosi.com.br\/wp-content\/uploads\/2023\/12\/onibus-1.jpg?fit=700%2C450&ssl=1","uagb_featured_image_src":{"full":["https:\/\/i0.wp.com\/ismaelcolosi.com.br\/wp-content\/uploads\/2023\/12\/onibus-1.jpg?fit=700%2C450&ssl=1",700,450,false],"thumbnail":["https:\/\/i0.wp.com\/ismaelcolosi.com.br\/wp-content\/uploads\/2023\/12\/onibus-1.jpg?resize=150%2C150&ssl=1",150,150,true],"medium":["https:\/\/i0.wp.com\/ismaelcolosi.com.br\/wp-content\/uploads\/2023\/12\/onibus-1.jpg?fit=300%2C193&ssl=1",300,193,true],"medium_large":["https:\/\/i0.wp.com\/ismaelcolosi.com.br\/wp-content\/uploads\/2023\/12\/onibus-1.jpg?fit=700%2C450&ssl=1",700,450,true],"large":["https:\/\/i0.wp.com\/ismaelcolosi.com.br\/wp-content\/uploads\/2023\/12\/onibus-1.jpg?fit=700%2C450&ssl=1",700,450,true],"1536x1536":["https:\/\/i0.wp.com\/ismaelcolosi.com.br\/wp-content\/uploads\/2023\/12\/onibus-1.jpg?fit=700%2C450&ssl=1",700,450,true],"2048x2048":["https:\/\/i0.wp.com\/ismaelcolosi.com.br\/wp-content\/uploads\/2023\/12\/onibus-1.jpg?fit=700%2C450&ssl=1",700,450,true],"really-simple-thumb":["https:\/\/i0.wp.com\/ismaelcolosi.com.br\/wp-content\/uploads\/2023\/12\/onibus-1.jpg?resize=370%2C247&ssl=1",370,247,true]},"uagb_author_info":{"display_name":"ismaelcolosi.com.br","author_link":"https:\/\/ismaelcolosi.com.br\/index.php\/author\/vidareal-online\/"},"uagb_comment_info":0,"uagb_excerpt":"4 de dezembro de 2023 | 8:001 de dezembro de 2023 | 16:49 0 Para evitar transtornos no per\u00edodo de volta \u00e0s aulas em 2024,...","jetpack-related-posts":[{"id":77320,"url":"https:\/\/ismaelcolosi.com.br\/index.php\/2024\/11\/23\/estudantes-de-ribeirao-ja-podem-renovar-o-cartao-de-onibus-saiba-como\/","url_meta":{"origin":10264,"position":0},"title":"Estudantes de Ribeir\u00e3o j\u00e1 podem renovar o cart\u00e3o de \u00f4nibus; saiba como","author":"ismaelcolosi.com.br","date":"23 de November de 2024","format":false,"excerpt":"Para evitar contratempos no retorno \u00e0s aulas em 2025, a RP Mobi orienta os estudantes de Ribeir\u00e3o Preto sobre os passos necess\u00e1rios para renovar ou obter a primeira via do cart\u00e3o de transporte coletivo. O processo pode ser realizado de forma pr\u00e1tica e r\u00e1pida online, acessando o site oficial \u2013\u2026","rel":"","context":"In &quot;Not\u00edcias de Ribeir\u00e3o Preto-SP e Regi\u00e3o&quot;","block_context":{"text":"Not\u00edcias de Ribeir\u00e3o Preto-SP e Regi\u00e3o","link":"https:\/\/ismaelcolosi.com.br\/index.php\/category\/noticias-de-ribeirao-preto-sp-e-regiao-ismael-colosi\/"},"img":{"alt_text":"","src":"https:\/\/i0.wp.com\/ismaelcolosi.com.br\/wp-content\/uploads\/2024\/11\/WhatsApp-Image-2024-10-17-at-15.21.39_2024-10-17_21-53-54_jpeg_2024-10-17_21-53-54.webp.webp?fit=1200%2C800&ssl=1&resize=350%2C200","width":350,"height":200,"srcset":"https:\/\/i0.wp.com\/ismaelcolosi.com.br\/wp-content\/uploads\/2024\/11\/WhatsApp-Image-2024-10-17-at-15.21.39_2024-10-17_21-53-54_jpeg_2024-10-17_21-53-54.webp.webp?fit=1200%2C800&ssl=1&resize=350%2C200 1x, https:\/\/i0.wp.com\/ismaelcolosi.com.br\/wp-content\/uploads\/2024\/11\/WhatsApp-Image-2024-10-17-at-15.21.39_2024-10-17_21-53-54_jpeg_2024-10-17_21-53-54.webp.webp?fit=1200%2C800&ssl=1&resize=525%2C300 1.5x, https:\/\/i0.wp.com\/ismaelcolosi.com.br\/wp-content\/uploads\/2024\/11\/WhatsApp-Image-2024-10-17-at-15.21.39_2024-10-17_21-53-54_jpeg_2024-10-17_21-53-54.webp.webp?fit=1200%2C800&ssl=1&resize=700%2C400 2x, https:\/\/i0.wp.com\/ismaelcolosi.com.br\/wp-content\/uploads\/2024\/11\/WhatsApp-Image-2024-10-17-at-15.21.39_2024-10-17_21-53-54_jpeg_2024-10-17_21-53-54.webp.webp?fit=1200%2C800&ssl=1&resize=1050%2C600 3x"},"classes":[]},{"id":32403,"url":"https:\/\/ismaelcolosi.com.br\/index.php\/2024\/01\/25\/veja-como-solicitar-e-renovar-o-cartao-de-onibus-para-estudantes-em-ribeirao-preto\/","url_meta":{"origin":10264,"position":1},"title":"Veja como solicitar e renovar o cart\u00e3o de \u00f4nibus para estudantes em Ribeir\u00e3o Preto","author":"ismaelcolosi.com.br","date":"25 de January de 2024","format":false,"excerpt":"Os estudantes da rede municipal de Ribeir\u00e3o Preto j\u00e1 podem solicitar e pedir a renova\u00e7\u00e3o do cart\u00e3o de \u00f4nibus para o transporte p\u00fablico. As aulas no munic\u00edpio come\u00e7am no dia 5 de fevereiro. Para agilizar os procedimentos, a RP Mobi \u2013 empresa que gerencia o tr\u00e2nsito e o transporte p\u00fablico\u2026","rel":"","context":"In &quot;Not\u00edcias de Ribeir\u00e3o Preto-SP e Regi\u00e3o&quot;","block_context":{"text":"Not\u00edcias de Ribeir\u00e3o Preto-SP e Regi\u00e3o","link":"https:\/\/ismaelcolosi.com.br\/index.php\/category\/noticias-de-ribeirao-preto-sp-e-regiao-ismael-colosi\/"},"img":{"alt_text":"","src":"https:\/\/i0.wp.com\/ismaelcolosi.com.br\/wp-content\/uploads\/2024\/01\/1706165171_novos-onibus-ribeirao-preto.jpg?fit=1200%2C800&ssl=1&resize=350%2C200","width":350,"height":200,"srcset":"https:\/\/i0.wp.com\/ismaelcolosi.com.br\/wp-content\/uploads\/2024\/01\/1706165171_novos-onibus-ribeirao-preto.jpg?fit=1200%2C800&ssl=1&resize=350%2C200 1x, https:\/\/i0.wp.com\/ismaelcolosi.com.br\/wp-content\/uploads\/2024\/01\/1706165171_novos-onibus-ribeirao-preto.jpg?fit=1200%2C800&ssl=1&resize=525%2C300 1.5x, https:\/\/i0.wp.com\/ismaelcolosi.com.br\/wp-content\/uploads\/2024\/01\/1706165171_novos-onibus-ribeirao-preto.jpg?fit=1200%2C800&ssl=1&resize=700%2C400 2x, https:\/\/i0.wp.com\/ismaelcolosi.com.br\/wp-content\/uploads\/2024\/01\/1706165171_novos-onibus-ribeirao-preto.jpg?fit=1200%2C800&ssl=1&resize=1050%2C600 3x"},"classes":[]},{"id":55278,"url":"https:\/\/ismaelcolosi.com.br\/index.php\/2024\/07\/01\/quatro-linhas-do-transporte-coletivo-de-ribeirao-preto-receberao-novos-onibus-saiba-quais\/","url_meta":{"origin":10264,"position":2},"title":"Quatro linhas do transporte coletivo de Ribeir\u00e3o Preto receber\u00e3o novos \u00f4nibus; Saiba quais","author":"ismaelcolosi.com.br","date":"1 de July de 2024","format":false,"excerpt":"A Prefeitura de Ribeir\u00e3o Preto informou que quatro linhas do transporte coletivo do munic\u00edpio v\u00e3o operar com os ve\u00edculos da nova frota, a partir desta ter\u00e7a-feira (2). Conforme o an\u00fancio, a linha 910 \u2013 Norte-Sul 1B, que liga a regi\u00e3o do complexo de bairros do Ribeir\u00e3o Verde \u00e0 regi\u00e3o do\u2026","rel":"","context":"In &quot;Not\u00edcias de Ribeir\u00e3o Preto-SP e Regi\u00e3o&quot;","block_context":{"text":"Not\u00edcias de Ribeir\u00e3o Preto-SP e Regi\u00e3o","link":"https:\/\/ismaelcolosi.com.br\/index.php\/category\/noticias-de-ribeirao-preto-sp-e-regiao-ismael-colosi\/"},"img":{"alt_text":"","src":"https:\/\/i0.wp.com\/ismaelcolosi.com.br\/wp-content\/uploads\/2024\/07\/novosonibusrp_fernando_gonzaga_dcs_07_2024-07-01_22-10-58_jpeg_2024-07-01_22-10-58.webp.webp?fit=1200%2C799&ssl=1&resize=350%2C200","width":350,"height":200,"srcset":"https:\/\/i0.wp.com\/ismaelcolosi.com.br\/wp-content\/uploads\/2024\/07\/novosonibusrp_fernando_gonzaga_dcs_07_2024-07-01_22-10-58_jpeg_2024-07-01_22-10-58.webp.webp?fit=1200%2C799&ssl=1&resize=350%2C200 1x, https:\/\/i0.wp.com\/ismaelcolosi.com.br\/wp-content\/uploads\/2024\/07\/novosonibusrp_fernando_gonzaga_dcs_07_2024-07-01_22-10-58_jpeg_2024-07-01_22-10-58.webp.webp?fit=1200%2C799&ssl=1&resize=525%2C300 1.5x, https:\/\/i0.wp.com\/ismaelcolosi.com.br\/wp-content\/uploads\/2024\/07\/novosonibusrp_fernando_gonzaga_dcs_07_2024-07-01_22-10-58_jpeg_2024-07-01_22-10-58.webp.webp?fit=1200%2C799&ssl=1&resize=700%2C400 2x, https:\/\/i0.wp.com\/ismaelcolosi.com.br\/wp-content\/uploads\/2024\/07\/novosonibusrp_fernando_gonzaga_dcs_07_2024-07-01_22-10-58_jpeg_2024-07-01_22-10-58.webp.webp?fit=1200%2C799&ssl=1&resize=1050%2C600 3x"},"classes":[]},{"id":55174,"url":"https:\/\/ismaelcolosi.com.br\/index.php\/2024\/07\/01\/entenda-a-portabilidade-da-divida-do-cartao-de-credito-que-comeca-a-valer-nesta-segunda\/","url_meta":{"origin":10264,"position":3},"title":"Entenda a portabilidade da d\u00edvida do cart\u00e3o de cr\u00e9dito que come\u00e7a a valer nesta segunda","author":"ismaelcolosi.com.br","date":"1 de July de 2024","format":false,"excerpt":"A partir desta segunda-feira (1\u00ba), os donos de cart\u00e3o de cr\u00e9dito poder\u00e3o transferir o saldo devedor da fatura para uma institui\u00e7\u00e3o financeira que oferecer melhores condi\u00e7\u00f5es de renegocia\u00e7\u00e3o. \u00c9 que entra em vigor uma resolu\u00e7\u00e3o do Conselho Monet\u00e1rio Nacional (CMN) \u2013 aprovada em dezembro do ano passado \u2013 que busca\u2026","rel":"","context":"In &quot;Not\u00edcias de Ribeir\u00e3o Preto-SP e Regi\u00e3o&quot;","block_context":{"text":"Not\u00edcias de Ribeir\u00e3o Preto-SP e Regi\u00e3o","link":"https:\/\/ismaelcolosi.com.br\/index.php\/category\/noticias-de-ribeirao-preto-sp-e-regiao-ismael-colosi\/"},"img":{"alt_text":"","src":"https:\/\/i0.wp.com\/ismaelcolosi.com.br\/wp-content\/uploads\/2024\/07\/money-256319_1280.jpg?fit=1200%2C800&ssl=1&resize=350%2C200","width":350,"height":200,"srcset":"https:\/\/i0.wp.com\/ismaelcolosi.com.br\/wp-content\/uploads\/2024\/07\/money-256319_1280.jpg?fit=1200%2C800&ssl=1&resize=350%2C200 1x, https:\/\/i0.wp.com\/ismaelcolosi.com.br\/wp-content\/uploads\/2024\/07\/money-256319_1280.jpg?fit=1200%2C800&ssl=1&resize=525%2C300 1.5x, https:\/\/i0.wp.com\/ismaelcolosi.com.br\/wp-content\/uploads\/2024\/07\/money-256319_1280.jpg?fit=1200%2C800&ssl=1&resize=700%2C400 2x, https:\/\/i0.wp.com\/ismaelcolosi.com.br\/wp-content\/uploads\/2024\/07\/money-256319_1280.jpg?fit=1200%2C800&ssl=1&resize=1050%2C600 3x"},"classes":[]},{"id":17608,"url":"https:\/\/ismaelcolosi.com.br\/index.php\/2023\/12\/18\/inscricoes-para-alunos-que-mudaram-de-endereco-comecam-em-janeiro-em-rp\/","url_meta":{"origin":10264,"position":4},"title":"Inscri\u00e7\u00f5es para alunos que mudaram de endere\u00e7o come\u00e7am em janeiro em RP","author":"ismaelcolosi.com.br","date":"18 de December de 2023","format":false,"excerpt":"18 de dezembro de 2023 | 18:0018 de dezembro de 2023 | 17:02 0A partir de 3 de janeiro de 2024, os pais ou respons\u00e1veis dos estudantes da rede municipal poder\u00e3o inscrever seus filhos para o deslocamento de matr\u00edcula no Ensino Fundamental. Este servi\u00e7o estar\u00e1 dispon\u00edvel em todas as unidades\u2026","rel":"","context":"In &quot;Not\u00edcias de Ribeir\u00e3o Preto-SP e Regi\u00e3o&quot;","block_context":{"text":"Not\u00edcias de Ribeir\u00e3o Preto-SP e Regi\u00e3o","link":"https:\/\/ismaelcolosi.com.br\/index.php\/category\/noticias-de-ribeirao-preto-sp-e-regiao-ismael-colosi\/"},"img":{"alt_text":"","src":"https:\/\/i0.wp.com\/ismaelcolosi.com.br\/wp-content\/uploads\/2023\/12\/inscricoescristo__fernando_gonzaga-scaled.jpg?fit=967%2C645&ssl=1&resize=350%2C200","width":350,"height":200,"srcset":"https:\/\/i0.wp.com\/ismaelcolosi.com.br\/wp-content\/uploads\/2023\/12\/inscricoescristo__fernando_gonzaga-scaled.jpg?fit=967%2C645&ssl=1&resize=350%2C200 1x, https:\/\/i0.wp.com\/ismaelcolosi.com.br\/wp-content\/uploads\/2023\/12\/inscricoescristo__fernando_gonzaga-scaled.jpg?fit=967%2C645&ssl=1&resize=525%2C300 1.5x, https:\/\/i0.wp.com\/ismaelcolosi.com.br\/wp-content\/uploads\/2023\/12\/inscricoescristo__fernando_gonzaga-scaled.jpg?fit=967%2C645&ssl=1&resize=700%2C400 2x"},"classes":[]},{"id":52464,"url":"https:\/\/ismaelcolosi.com.br\/index.php\/2024\/06\/06\/joao-rock-tem-linha-de-onibus-especial-confira-o-itinerario\/","url_meta":{"origin":10264,"position":5},"title":"Jo\u00e3o Rock tem linha de \u00f4nibus especial; Confira o itiner\u00e1rio","author":"ismaelcolosi.com.br","date":"6 de June de 2024","format":false,"excerpt":"A RP Mobi, empresa que gerencia o tr\u00e2nsito e o transporte urbano de Ribeir\u00e3o Preto, informou que ser\u00e1 implantada uma linha especial de \u00f4nibus para quem estiver voltando do Festival Jo\u00e3o Rock, que acontece no s\u00e1bado (8), no Parque Permanente de Exposi\u00e7\u00f5es, na zona Norte da cidade. Segundo a RP\u2026","rel":"","context":"In &quot;Not\u00edcias de Ribeir\u00e3o Preto-SP e Regi\u00e3o&quot;","block_context":{"text":"Not\u00edcias de Ribeir\u00e3o Preto-SP e Regi\u00e3o","link":"https:\/\/ismaelcolosi.com.br\/index.php\/category\/noticias-de-ribeirao-preto-sp-e-regiao-ismael-colosi\/"},"img":{"alt_text":"","src":"https:\/\/i0.wp.com\/ismaelcolosi.com.br\/wp-content\/uploads\/2024\/05\/Copia-de-Copia-de-TAMANHO-EXATO-PARA-FOTOS-NO-SISTEMA-NOVO-35_2024-05-23_16-30-22_jpg_2024-05-23_16-30-22.webp.webp?fit=1200%2C675&ssl=1&resize=350%2C200","width":350,"height":200,"srcset":"https:\/\/i0.wp.com\/ismaelcolosi.com.br\/wp-content\/uploads\/2024\/05\/Copia-de-Copia-de-TAMANHO-EXATO-PARA-FOTOS-NO-SISTEMA-NOVO-35_2024-05-23_16-30-22_jpg_2024-05-23_16-30-22.webp.webp?fit=1200%2C675&ssl=1&resize=350%2C200 1x, https:\/\/i0.wp.com\/ismaelcolosi.com.br\/wp-content\/uploads\/2024\/05\/Copia-de-Copia-de-TAMANHO-EXATO-PARA-FOTOS-NO-SISTEMA-NOVO-35_2024-05-23_16-30-22_jpg_2024-05-23_16-30-22.webp.webp?fit=1200%2C675&ssl=1&resize=525%2C300 1.5x, https:\/\/i0.wp.com\/ismaelcolosi.com.br\/wp-content\/uploads\/2024\/05\/Copia-de-Copia-de-TAMANHO-EXATO-PARA-FOTOS-NO-SISTEMA-NOVO-35_2024-05-23_16-30-22_jpg_2024-05-23_16-30-22.webp.webp?fit=1200%2C675&ssl=1&resize=700%2C400 2x, https:\/\/i0.wp.com\/ismaelcolosi.com.br\/wp-content\/uploads\/2024\/05\/Copia-de-Copia-de-TAMANHO-EXATO-PARA-FOTOS-NO-SISTEMA-NOVO-35_2024-05-23_16-30-22_jpg_2024-05-23_16-30-22.webp.webp?fit=1200%2C675&ssl=1&resize=1050%2C600 3x"},"classes":[]}],"jetpack_sharing_enabled":true,"jetpack_shortlink":"https:\/\/wp.me\/pfMlyK-2Fy","_links":{"self":[{"href":"https:\/\/ismaelcolosi.com.br\/index.php\/wp-json\/wp\/v2\/posts\/10264","targetHints":{"allow":["GET"]}}],"collection":[{"href":"https:\/\/ismaelcolosi.com.br\/index.php\/wp-json\/wp\/v2\/posts"}],"about":[{"href":"https:\/\/ismaelcolosi.com.br\/index.php\/wp-json\/wp\/v2\/types\/post"}],"author":[{"embeddable":true,"href":"https:\/\/ismaelcolosi.com.br\/index.php\/wp-json\/wp\/v2\/users\/1"}],"replies":[{"embeddable":true,"href":"https:\/\/ismaelcolosi.com.br\/index.php\/wp-json\/wp\/v2\/comments?post=10264"}],"version-history":[{"count":0,"href":"https:\/\/ismaelcolosi.com.br\/index.php\/wp-json\/wp\/v2\/posts\/10264\/revisions"}],"wp:featuredmedia":[{"embeddable":true,"href":"https:\/\/ismaelcolosi.com.br\/index.php\/wp-json\/wp\/v2\/media\/10265"}],"wp:attachment":[{"href":"https:\/\/ismaelcolosi.com.br\/index.php\/wp-json\/wp\/v2\/media?parent=10264"}],"wp:term":[{"taxonomy":"category","embeddable":true,"href":"https:\/\/ismaelcolosi.com.br\/index.php\/wp-json\/wp\/v2\/categories?post=10264"},{"taxonomy":"post_tag","embeddable":true,"href":"https:\/\/ismaelcolosi.com.br\/index.php\/wp-json\/wp\/v2\/tags?post=10264"}],"curies":[{"name":"wp","href":"https:\/\/api.w.org\/{rel}","templated":true}]}}