{"id":10242,"date":"2023-12-04T06:43:12","date_gmt":"2023-12-04T09:43:12","guid":{"rendered":"https:\/\/ismaelcolosi.com.br\/index.php\/2023\/12\/04\/sp-oferece-12-mil-vagas-em-cursos-gratuitos-de-qualificacao\/"},"modified":"2023-12-04T06:43:12","modified_gmt":"2023-12-04T09:43:12","slug":"sp-oferece-12-mil-vagas-em-cursos-gratuitos-de-qualificacao","status":"publish","type":"post","link":"https:\/\/ismaelcolosi.com.br\/index.php\/2023\/12\/04\/sp-oferece-12-mil-vagas-em-cursos-gratuitos-de-qualificacao\/","title":{"rendered":"SP oferece 12 mil vagas em cursos gratuitos de qualifica\u00e7\u00e3o"},"content":{"rendered":"<p> [ad_1]<br \/>\n<\/p>\n<div>\n<p>O\u00a0Fussp (<a href=\"https:\/\/www.fundosocial.sp.gov.br\/\" target=\"_blank\" rel=\"noopener\">Fundo Social de S\u00e3o Paulo<\/a>)\u00a0firmou parceria com o Servi\u00e7o Nacional de Aprendizagem Comercial em S\u00e3o Paulo (Senac-SP) e o Sebrae e passa a oferecer 18 novos cursos gratuitos de <a href=\"https:\/\/catracalivre.com.br\/educacao\/ita-tem-vagas-para-cursos-gratuitos-e-ead-na-area-de-tecnologia\/\" target=\"_blank\" rel=\"noopener\">curta dura\u00e7\u00e3o<\/a> para pessoas em situa\u00e7\u00e3o de vulnerabilidade social.<\/p>\n<p>As forma\u00e7\u00f5es abrangem diversas \u00e1reas, incluindo beleza, gastronomia, moda, administra\u00e7\u00e3o e tecnologia da informa\u00e7\u00e3o.<\/p>\n<div id=\"attachment_2315810\" class=\"wp-caption aligncenter\">\n<div class=\"d-flex justify-content-center\" data-attachment-id=\"2315810\">\n<div class=\"position-relative d-inline-block\"><img data-recalc-dims=\"1\" data-portal-copyright=\"Divulga\u00e7\u00e3o\" fetchpriority=\"high\" decoding=\"async\" class=\"wp-image-2315810 size-full\" src=\"https:\/\/i0.wp.com\/catracalivre.com.br\/wp-content\/uploads\/2023\/12\/cursos-gratuitos-fundo-social-sp.jpeg?resize=750%2C563&#038;ssl=1\" alt=\"SP oferece 12 mil vagas em cursos gratuitos de qualifica\u00e7\u00e3o\" width=\"750\" height=\"563\" srcset=\"https:\/\/catracalivre.com.br\/wp-content\/uploads\/2023\/12\/cursos-gratuitos-fundo-social-sp.jpeg 750w, https:\/\/catracalivre.com.br\/wp-content\/uploads\/2023\/12\/cursos-gratuitos-fundo-social-sp-450x338.jpeg 450w\" sizes=\"(max-width: 750px) 100vw, 750px\"\/><\/p>\n<p>Cr\u00e9ditos: Divulga\u00e7\u00e3o<\/p>\n<\/div>\n<\/div>\n<p><span class=\"post-imagem__legenda\">SP oferece 12 mil vagas em cursos gratuitos de qualifica\u00e7\u00e3o<\/span><\/p>\n<\/div>\n<p>Entre os novos cursos gratuitos oferecidos pelo Fussp est\u00e3o:<\/p>\n<ul>\n<li>Brigadeiro Gourmet,<\/li>\n<li>Telemarketing,<\/li>\n<li>Gest\u00e3o de Brech\u00f3s,<\/li>\n<li>Administra\u00e7\u00e3o de Buffet Infantil.<\/li>\n<\/ul>\n<p>Uma especializa\u00e7\u00e3o espec\u00edfica sobre empreendedorismo, ministrada pelo Sebrae, tamb\u00e9m est\u00e1 dispon\u00edvel no curr\u00edculo dos cursos.<\/p>\n<h2>Local dos cursos gratuitos<\/h2>\n<p>As aulas est\u00e3o sendo oferecidas em tr\u00eas unidades do Programa Pra\u00e7a da Cidadania, em Parais\u00f3polis, na zona sul da capital, em Guarulhos e Santo Andr\u00e9, na Grande S\u00e3o Paulo, e em 10 unidades dos Centros de Integra\u00e7\u00e3o da Cidadania (CIC\u2019s), da Secretaria de Justi\u00e7a do Governo de SP.<\/p>\n<p>As informa\u00e7\u00f5es completas sobre inscri\u00e7\u00f5es, cursos e locais das aulas podem ser encontradas no\u00a0site do Fussp. Para participar \u00e9 necess\u00e1rio apenas ter mais de 18 anos.<\/p>\n<p>O Fundo Social \u00e9 um \u00f3rg\u00e3o do governo do Estado de S\u00e3o Paulo tem como objetivo instituir programas sociais destinados a atender diretamente pessoas em situa\u00e7\u00e3o de vulnerabilidade social ou atrav\u00e9s do apoio \u00e0s organiza\u00e7\u00f5es sociais e munic\u00edpios, especialmente por meio da oferta de cursos de capacita\u00e7\u00e3o profissional e oferta de ajuda humanit\u00e1ria.<\/p>\n<\/div>\n<p><script>\n\t\t! function(f, b, e, v, n, t, s) {\n\t\t\tif (f.fbq) return;\n\t\t\tn = f.fbq = function() {\n\t\t\t\tn.callMethod ?\n\t\t\t\t\tn.callMethod.apply(n, arguments) : n.queue.push(arguments)\n\t\t\t};\n\t\t\tif (!f._fbq) f._fbq = n;\n\t\t\tn.push = n;\n\t\t\tn.loaded = !0;\n\t\t\tn.version = '2.0';\n\t\t\tn.queue = [];\n\t\t\tt = b.createElement(e);\n\t\t\tt.async = !0;\n\t\t\tt.src = v;\n\t\t\ts = b.getElementsByTagName(e)[0];\n\t\t\ts.parentNode.insertBefore(t, s)\n\t\t}(window, document, 'script',\n\t\t\t'https:\/\/connect.facebook.net\/en_US\/fbevents.js');\n\t\tfbq('init', '338315473262380');\n\t\tfbq('track', 'PageView');\n\t<\/script><br \/>\n<br \/>[ad_2]<br \/>\n<br \/><a href=\"https:\/\/catracalivre.com.br\/educacao\/sp-oferece-12-mil-vagas-em-cursos-gratuitos-de-qualificacao\/\" target=\"_blank\" rel=\"noopener\">Source link <\/a><\/p>\n<div class='code-block code-block-4' style='margin: 8px auto 8px 0; text-align: left; display: block; clear: both;'>\n\ud83d\udce2 Aviso Legal\n\nO site ismaelcolosi.com.br atua apenas como um canal de divulga\u00e7\u00e3o de oportunidades de emprego e n\u00e3o se responsabiliza pelo processo seletivo, contrata\u00e7\u00e3o ou qualquer outra etapa relacionada \u00e0s vagas publicadas. Todas as informa\u00e7\u00f5es s\u00e3o de responsabilidade dos anunciantes.\n\n\u26a0\ufe0f Aten\u00e7\u00e3o! Nunca pague por promessas de emprego nem compre cursos que garantam contrata\u00e7\u00e3o. Desconfie de qualquer cobran\u00e7a para participar de sele\u00e7\u00f5es.\n\n\n\n<\/div>\n<!-- CONTENT END 1 -->\n","protected":false},"excerpt":{"rendered":"<p>[ad_1] O\u00a0Fussp (Fundo Social de S\u00e3o Paulo)\u00a0firmou parceria com o Servi\u00e7o Nacional de Aprendizagem Comercial em S\u00e3o Paulo (Senac-SP) e o Sebrae e passa a oferecer 18 novos cursos gratuitos de curta dura\u00e7\u00e3o para pessoas em situa\u00e7\u00e3o de vulnerabilidade social. As forma\u00e7\u00f5es abrangem diversas \u00e1reas, incluindo beleza, gastronomia, moda, administra\u00e7\u00e3o e tecnologia da informa\u00e7\u00e3o. Cr\u00e9ditos:&hellip;&nbsp;<\/p>\n","protected":false},"author":1,"featured_media":10243,"comment_status":"open","ping_status":"open","sticky":false,"template":"","format":"standard","meta":{"_uag_custom_page_level_css":"","neve_meta_sidebar":"","neve_meta_container":"","neve_meta_enable_content_width":"","neve_meta_content_width":0,"neve_meta_title_alignment":"","neve_meta_author_avatar":"","neve_post_elements_order":"","neve_meta_disable_header":"","neve_meta_disable_footer":"","neve_meta_disable_title":"","_jetpack_newsletter_access":"","_jetpack_dont_email_post_to_subs":false,"_jetpack_newsletter_tier_id":0,"_jetpack_memberships_contains_paywalled_content":false,"_jetpack_memberships_contains_paid_content":false,"footnotes":""},"categories":[19],"tags":[],"class_list":["post-10242","post","type-post","status-publish","format-standard","has-post-thumbnail","hentry","category-variedades"],"uagb_featured_image_src":{"full":["https:\/\/i0.wp.com\/ismaelcolosi.com.br\/wp-content\/uploads\/2023\/12\/cursos-gratuitos-senac-sp.png?fit=1200%2C638&ssl=1",1200,638,false],"thumbnail":["https:\/\/i0.wp.com\/ismaelcolosi.com.br\/wp-content\/uploads\/2023\/12\/cursos-gratuitos-senac-sp.png?resize=150%2C150&ssl=1",150,150,true],"medium":["https:\/\/i0.wp.com\/ismaelcolosi.com.br\/wp-content\/uploads\/2023\/12\/cursos-gratuitos-senac-sp.png?fit=300%2C160&ssl=1",300,160,true],"medium_large":["https:\/\/i0.wp.com\/ismaelcolosi.com.br\/wp-content\/uploads\/2023\/12\/cursos-gratuitos-senac-sp.png?fit=768%2C408&ssl=1",768,408,true],"large":["https:\/\/i0.wp.com\/ismaelcolosi.com.br\/wp-content\/uploads\/2023\/12\/cursos-gratuitos-senac-sp.png?fit=1024%2C544&ssl=1",1024,544,true],"1536x1536":["https:\/\/i0.wp.com\/ismaelcolosi.com.br\/wp-content\/uploads\/2023\/12\/cursos-gratuitos-senac-sp.png?fit=1200%2C638&ssl=1",1200,638,true],"2048x2048":["https:\/\/i0.wp.com\/ismaelcolosi.com.br\/wp-content\/uploads\/2023\/12\/cursos-gratuitos-senac-sp.png?fit=1200%2C638&ssl=1",1200,638,true],"neve-blog":["https:\/\/i0.wp.com\/ismaelcolosi.com.br\/wp-content\/uploads\/2023\/12\/cursos-gratuitos-senac-sp.png?resize=930%2C620&ssl=1",930,620,true]},"uagb_author_info":{"display_name":"ismaelcolosi.com.br","author_link":"https:\/\/ismaelcolosi.com.br\/author\/vidareal-online\/"},"uagb_comment_info":0,"uagb_excerpt":"[ad_1] O\u00a0Fussp (Fundo Social de S\u00e3o Paulo)\u00a0firmou parceria com o Servi\u00e7o Nacional de Aprendizagem Comercial em S\u00e3o Paulo (Senac-SP) e o Sebrae e passa a oferecer 18 novos cursos gratuitos de curta dura\u00e7\u00e3o para pessoas em situa\u00e7\u00e3o de vulnerabilidade social. As forma\u00e7\u00f5es abrangem diversas \u00e1reas, incluindo beleza, gastronomia, moda, administra\u00e7\u00e3o e tecnologia da informa\u00e7\u00e3o. Cr\u00e9ditos:&hellip;&nbsp;","jetpack-related-posts":[{"id":11238,"url":"https:\/\/ismaelcolosi.com.br\/index.php\/2023\/12\/05\/fundo-social-de-sp-oferece-18-novos-cursos-gratuitos\/","url_meta":{"origin":10242,"position":0},"title":"Fundo Social de SP oferece 18 novos cursos gratuitos","author":"ismaelcolosi.com.br","date":"5 de Dezembro de 2023","format":false,"excerpt":"[ad_1] O\u00a0Fundo Social de S\u00e3o Paulo\u00a0firmou parceria in\u00e9dita com o Servi\u00e7o Nacional de Aprendizagem Comercial (Senac) e o Servi\u00e7o Brasileiro de Apoio \u00e0s Micro e Pequenas Empresas (Sebrae) para oferecer 18 novos cursos gratuitos de curta dura\u00e7\u00e3o. Os cursos gratuitos s\u00e3o voltados a pessoas em situa\u00e7\u00e3o de vulnerabilidade social. Cr\u00e9ditos:\u2026","rel":"","context":"In &quot;Variedades&quot;","block_context":{"text":"Variedades","link":"https:\/\/ismaelcolosi.com.br\/index.php\/category\/variedades\/"},"img":{"alt_text":"","src":"https:\/\/i0.wp.com\/ismaelcolosi.com.br\/wp-content\/uploads\/2023\/12\/financas.jpg?fit=1200%2C638&ssl=1&resize=350%2C200","width":350,"height":200,"srcset":"https:\/\/i0.wp.com\/ismaelcolosi.com.br\/wp-content\/uploads\/2023\/12\/financas.jpg?fit=1200%2C638&ssl=1&resize=350%2C200 1x, https:\/\/i0.wp.com\/ismaelcolosi.com.br\/wp-content\/uploads\/2023\/12\/financas.jpg?fit=1200%2C638&ssl=1&resize=525%2C300 1.5x, https:\/\/i0.wp.com\/ismaelcolosi.com.br\/wp-content\/uploads\/2023\/12\/financas.jpg?fit=1200%2C638&ssl=1&resize=700%2C400 2x, https:\/\/i0.wp.com\/ismaelcolosi.com.br\/wp-content\/uploads\/2023\/12\/financas.jpg?fit=1200%2C638&ssl=1&resize=1050%2C600 3x"},"classes":[]},{"id":7936,"url":"https:\/\/ismaelcolosi.com.br\/index.php\/2023\/11\/29\/sesi-sp-oferece-cursos-gratuitos-para-jovens-e-adultos\/","url_meta":{"origin":10242,"position":1},"title":"Sesi-SP oferece cursos gratuitos para jovens e adultos","author":"ismaelcolosi.com.br","date":"29 de Novembro de 2023","format":false,"excerpt":"[ad_1] O Servi\u00e7o Social da Ind\u00fastria em S\u00e3o Paulo (Sesi-SP) est\u00e1 com inscri\u00e7\u00f5es abertas para Educa\u00e7\u00e3o de Jovens e Adultos, com a Nova EJA e a EJA Profissionalizante. Os programas s\u00e3o gratuitos e visam proporcionar a conclus\u00e3o da educa\u00e7\u00e3o b\u00e1sica para aqueles que n\u00e3o tiveram a oportunidade de finaliz\u00e1-la. Cr\u00e9ditos:\u2026","rel":"","context":"In &quot;Variedades&quot;","block_context":{"text":"Variedades","link":"https:\/\/ismaelcolosi.com.br\/index.php\/category\/variedades\/"},"img":{"alt_text":"","src":"https:\/\/i0.wp.com\/ismaelcolosi.com.br\/wp-content\/uploads\/2023\/11\/escolas-sesi-sp.jpg?fit=1200%2C638&ssl=1&resize=350%2C200","width":350,"height":200,"srcset":"https:\/\/i0.wp.com\/ismaelcolosi.com.br\/wp-content\/uploads\/2023\/11\/escolas-sesi-sp.jpg?fit=1200%2C638&ssl=1&resize=350%2C200 1x, https:\/\/i0.wp.com\/ismaelcolosi.com.br\/wp-content\/uploads\/2023\/11\/escolas-sesi-sp.jpg?fit=1200%2C638&ssl=1&resize=525%2C300 1.5x, https:\/\/i0.wp.com\/ismaelcolosi.com.br\/wp-content\/uploads\/2023\/11\/escolas-sesi-sp.jpg?fit=1200%2C638&ssl=1&resize=700%2C400 2x, https:\/\/i0.wp.com\/ismaelcolosi.com.br\/wp-content\/uploads\/2023\/11\/escolas-sesi-sp.jpg?fit=1200%2C638&ssl=1&resize=1050%2C600 3x"},"classes":[]},{"id":7444,"url":"https:\/\/ismaelcolosi.com.br\/index.php\/2023\/11\/28\/sesc-oferece-cursos-gratuitos-para-publico-lgbtqiap\/","url_meta":{"origin":10242,"position":2},"title":"Sesc oferece cursos gratuitos para p\u00fablico LGBTQIAP+","author":"ismaelcolosi.com.br","date":"28 de Novembro de 2023","format":false,"excerpt":"[ad_1] A unidade do Servi\u00e7o Social do Com\u00e9rcio (Sesc) em Santo Andr\u00e9 , na Grande S\u00e3o Paulo, est\u00e1 com inscri\u00e7\u00f5es abertas em cursos gratuitos de inclus\u00e3o digital voltados ao p\u00fablico LGBTQIAP+. As atividades s\u00e3o gratuitas e acontecem mediante inscri\u00e7\u00f5es pelo Portal Sesc SP. Cr\u00e9ditos: iStockSesc oferece cursos gratuitos para p\u00fablico\u2026","rel":"","context":"In &quot;Variedades&quot;","block_context":{"text":"Variedades","link":"https:\/\/ismaelcolosi.com.br\/index.php\/category\/variedades\/"},"img":{"alt_text":"","src":"https:\/\/i0.wp.com\/ismaelcolosi.com.br\/wp-content\/uploads\/2023\/11\/pexels-luca-sammarco-6155000.jpg?fit=1200%2C638&ssl=1&resize=350%2C200","width":350,"height":200,"srcset":"https:\/\/i0.wp.com\/ismaelcolosi.com.br\/wp-content\/uploads\/2023\/11\/pexels-luca-sammarco-6155000.jpg?fit=1200%2C638&ssl=1&resize=350%2C200 1x, https:\/\/i0.wp.com\/ismaelcolosi.com.br\/wp-content\/uploads\/2023\/11\/pexels-luca-sammarco-6155000.jpg?fit=1200%2C638&ssl=1&resize=525%2C300 1.5x, https:\/\/i0.wp.com\/ismaelcolosi.com.br\/wp-content\/uploads\/2023\/11\/pexels-luca-sammarco-6155000.jpg?fit=1200%2C638&ssl=1&resize=700%2C400 2x, https:\/\/i0.wp.com\/ismaelcolosi.com.br\/wp-content\/uploads\/2023\/11\/pexels-luca-sammarco-6155000.jpg?fit=1200%2C638&ssl=1&resize=1050%2C600 3x"},"classes":[]},{"id":41179,"url":"https:\/\/ismaelcolosi.com.br\/index.php\/2024\/03\/06\/projeto-social-oferece-mais-de-200-vagas-para-curso-de-capacitacao-em-ribeirao-preto\/","url_meta":{"origin":10242,"position":3},"title":"Projeto social oferece mais de 200 vagas para curso de capacita\u00e7\u00e3o em Ribeir\u00e3o Preto","author":"ismaelcolosi.com.br","date":"6 de Mar\u00e7o de 2024","format":false,"excerpt":"[ad_1] Est\u00e3o abertas as inscri\u00e7\u00f5es para um curso de capacita\u00e7\u00e3o em compet\u00eancias socioemocionais, conhecidas como soft skills, destinado a alunos da rede p\u00fablica de Ribeir\u00e3o Preto, que estejam cursando o ensino m\u00e9dio. \u00a0 Os interessados t\u00eam at\u00e9 o dia 14 de abril para se inscreverem. Ao todo, s\u00e3o 245 vagas,\u2026","rel":"","context":"In &quot;Not\u00edcias de Ribeir\u00e3o Preto-SP e Regi\u00e3o&quot;","block_context":{"text":"Not\u00edcias de Ribeir\u00e3o Preto-SP e Regi\u00e3o","link":"https:\/\/ismaelcolosi.com.br\/index.php\/category\/noticias-de-ribeirao-preto-sp-e-regiao-ismael-colosi\/"},"img":{"alt_text":"","src":"https:\/\/i0.wp.com\/ismaelcolosi.com.br\/wp-content\/uploads\/2024\/03\/2023-05-06-Projete-319-1-.jpg?fit=1200%2C800&ssl=1&resize=350%2C200","width":350,"height":200,"srcset":"https:\/\/i0.wp.com\/ismaelcolosi.com.br\/wp-content\/uploads\/2024\/03\/2023-05-06-Projete-319-1-.jpg?fit=1200%2C800&ssl=1&resize=350%2C200 1x, https:\/\/i0.wp.com\/ismaelcolosi.com.br\/wp-content\/uploads\/2024\/03\/2023-05-06-Projete-319-1-.jpg?fit=1200%2C800&ssl=1&resize=525%2C300 1.5x, https:\/\/i0.wp.com\/ismaelcolosi.com.br\/wp-content\/uploads\/2024\/03\/2023-05-06-Projete-319-1-.jpg?fit=1200%2C800&ssl=1&resize=700%2C400 2x, https:\/\/i0.wp.com\/ismaelcolosi.com.br\/wp-content\/uploads\/2024\/03\/2023-05-06-Projete-319-1-.jpg?fit=1200%2C800&ssl=1&resize=1050%2C600 3x"},"classes":[]},{"id":5174,"url":"https:\/\/ismaelcolosi.com.br\/index.php\/2023\/11\/23\/ford-e-senai-abrem-inscricoes-para-curso-gratuito-com-certificado\/","url_meta":{"origin":10242,"position":4},"title":"Ford e Senai abrem inscri\u00e7\u00f5es para curso gratuito com certificado","author":"ismaelcolosi.com.br","date":"23 de Novembro de 2023","format":false,"excerpt":"[ad_1] A montadora Ford, em parceria com o Servi\u00e7o Nacional de Aprendizagem Industrial S\u00e3o Paulo (Senai-SP), est\u00e1 com inscri\u00e7\u00f5es abertas para curso gratuito de qualifica\u00e7\u00e3o profissional.\u00a0As vagas s\u00e3o destinadas a pessoas em situa\u00e7\u00e3o de vulnerabilidade social. A iniciativa faz parte do Ford <Enter>,\u00a0 programa gratuito de capacita\u00e7\u00e3o na \u00e1rea de\u2026","rel":"","context":"In &quot;Variedades&quot;","block_context":{"text":"Variedades","link":"https:\/\/ismaelcolosi.com.br\/index.php\/category\/variedades\/"},"img":{"alt_text":"","src":"https:\/\/i0.wp.com\/ismaelcolosi.com.br\/wp-content\/uploads\/2023\/11\/istock-459014867.jpg?fit=1200%2C638&ssl=1&resize=350%2C200","width":350,"height":200,"srcset":"https:\/\/i0.wp.com\/ismaelcolosi.com.br\/wp-content\/uploads\/2023\/11\/istock-459014867.jpg?fit=1200%2C638&ssl=1&resize=350%2C200 1x, https:\/\/i0.wp.com\/ismaelcolosi.com.br\/wp-content\/uploads\/2023\/11\/istock-459014867.jpg?fit=1200%2C638&ssl=1&resize=525%2C300 1.5x, https:\/\/i0.wp.com\/ismaelcolosi.com.br\/wp-content\/uploads\/2023\/11\/istock-459014867.jpg?fit=1200%2C638&ssl=1&resize=700%2C400 2x, https:\/\/i0.wp.com\/ismaelcolosi.com.br\/wp-content\/uploads\/2023\/11\/istock-459014867.jpg?fit=1200%2C638&ssl=1&resize=1050%2C600 3x"},"classes":[]},{"id":43249,"url":"https:\/\/ismaelcolosi.com.br\/index.php\/2024\/03\/20\/projeto-guri-tem-5-045-vagas-na-regiao\/","url_meta":{"origin":10242,"position":5},"title":"Projeto Guri tem 5.045 vagas na regi\u00e3o\u00a0","author":"ismaelcolosi.com.br","date":"20 de Mar\u00e7o de 2024","format":false,"excerpt":"[ad_1] 20 de mar\u00e7o de 2024 | 9:3020 de mar\u00e7o de 2024 | 6:07 0O Projeto Guri, programa de educa\u00e7\u00e3o musical e inclus\u00e3o sociocultural da Secretaria de Cultura e Economia Criativa do Estado de S\u00e3o Paulo, gerido pela organiza\u00e7\u00e3o social Santa Marcelina Cultura, abriu prazo para matr\u00edcula de alunos na\u2026","rel":"","context":"In &quot;Not\u00edcias de Ribeir\u00e3o Preto-SP e Regi\u00e3o&quot;","block_context":{"text":"Not\u00edcias de Ribeir\u00e3o Preto-SP e Regi\u00e3o","link":"https:\/\/ismaelcolosi.com.br\/index.php\/category\/noticias-de-ribeirao-preto-sp-e-regiao-ismael-colosi\/"},"img":{"alt_text":"","src":"https:\/\/i0.wp.com\/ismaelcolosi.com.br\/wp-content\/uploads\/2024\/03\/GuriRP-Divulgacao.jpg?fit=761%2C373&ssl=1&resize=350%2C200","width":350,"height":200,"srcset":"https:\/\/i0.wp.com\/ismaelcolosi.com.br\/wp-content\/uploads\/2024\/03\/GuriRP-Divulgacao.jpg?fit=761%2C373&ssl=1&resize=350%2C200 1x, https:\/\/i0.wp.com\/ismaelcolosi.com.br\/wp-content\/uploads\/2024\/03\/GuriRP-Divulgacao.jpg?fit=761%2C373&ssl=1&resize=525%2C300 1.5x, https:\/\/i0.wp.com\/ismaelcolosi.com.br\/wp-content\/uploads\/2024\/03\/GuriRP-Divulgacao.jpg?fit=761%2C373&ssl=1&resize=700%2C400 2x"},"classes":[]}],"jetpack_sharing_enabled":true,"jetpack_shortlink":"https:\/\/wp.me\/pfMlyK-2Fc","jetpack_featured_media_url":"https:\/\/i0.wp.com\/ismaelcolosi.com.br\/wp-content\/uploads\/2023\/12\/cursos-gratuitos-senac-sp.png?fit=1200%2C638&ssl=1","_links":{"self":[{"href":"https:\/\/ismaelcolosi.com.br\/index.php\/wp-json\/wp\/v2\/posts\/10242","targetHints":{"allow":["GET"]}}],"collection":[{"href":"https:\/\/ismaelcolosi.com.br\/index.php\/wp-json\/wp\/v2\/posts"}],"about":[{"href":"https:\/\/ismaelcolosi.com.br\/index.php\/wp-json\/wp\/v2\/types\/post"}],"author":[{"embeddable":true,"href":"https:\/\/ismaelcolosi.com.br\/index.php\/wp-json\/wp\/v2\/users\/1"}],"replies":[{"embeddable":true,"href":"https:\/\/ismaelcolosi.com.br\/index.php\/wp-json\/wp\/v2\/comments?post=10242"}],"version-history":[{"count":0,"href":"https:\/\/ismaelcolosi.com.br\/index.php\/wp-json\/wp\/v2\/posts\/10242\/revisions"}],"wp:featuredmedia":[{"embeddable":true,"href":"https:\/\/ismaelcolosi.com.br\/index.php\/wp-json\/wp\/v2\/media\/10243"}],"wp:attachment":[{"href":"https:\/\/ismaelcolosi.com.br\/index.php\/wp-json\/wp\/v2\/media?parent=10242"}],"wp:term":[{"taxonomy":"category","embeddable":true,"href":"https:\/\/ismaelcolosi.com.br\/index.php\/wp-json\/wp\/v2\/categories?post=10242"},{"taxonomy":"post_tag","embeddable":true,"href":"https:\/\/ismaelcolosi.com.br\/index.php\/wp-json\/wp\/v2\/tags?post=10242"}],"curies":[{"name":"wp","href":"https:\/\/api.w.org\/{rel}","templated":true}]}}