{"id":10172,"date":"2023-12-03T22:51:46","date_gmt":"2023-12-04T01:51:46","guid":{"rendered":"https:\/\/ismaelcolosi.com.br\/index.php\/2023\/12\/03\/utm_sourcerssutm_mediumrssutm_campaignestudante-de-medicina-e-detido-suspeito-de-falsificar-assinatura-de-medica-em-serrana-o-fato-ocorreu-na-upa-da-cidade\/"},"modified":"2023-12-03T22:51:46","modified_gmt":"2023-12-04T01:51:46","slug":"utm_sourcerssutm_mediumrssutm_campaignestudante-de-medicina-e-detido-suspeito-de-falsificar-assinatura-de-medica-em-serrana-o-fato-ocorreu-na-upa-da-cidade","status":"publish","type":"post","link":"https:\/\/ismaelcolosi.com.br\/index.php\/2023\/12\/03\/utm_sourcerssutm_mediumrssutm_campaignestudante-de-medicina-e-detido-suspeito-de-falsificar-assinatura-de-medica-em-serrana-o-fato-ocorreu-na-upa-da-cidade\/","title":{"rendered":"Estudante de medicina \u00e9 detido suspeito de falsificar assinatura de m\u00e9dica em Serrana; o fato ocorreu na UPA da cidade \u2013 X Tudo Ribeir\u00e3o"},"content":{"rendered":"<p> <br \/>\n<\/p>\n<div>\n<p>Um aluno de medicina que estava estagiando na Unidade de Pronto Atendimento (UPA) de Serrana, foi detido neste domingo (3\/12), ap\u00f3s a suspeita de falsificar a assinatura de uma m\u00e9dica residente durante um atendimento m\u00e9dico.<\/p>\n<p>Segundo informa\u00e7\u00f5es da PM, o secret\u00e1rio da Sa\u00fade Guilherme Montanari, acionou os Policiais, versando sobre uma suposta falsidade ideol\u00f3gica que estaria ocorrendo durante atendimento m\u00e9dico nas depend\u00eancias da Santa Casa, onde a UPA est\u00e1 instalada na cidade de Serrana.<\/p>\n<p>De acordo com a Pol\u00edcia, a falsifica\u00e7\u00e3o ocorreu durante o atendimento m\u00e9dico a uma paciente. Momento que o estagi\u00e1rio, supostamente, teria pegado o carimbo da m\u00e9dica residente e falsificou a assinatura da profissional. \u201cRecebi um telefonema de um mun\u00edcipe, que informou que durante o atendimento m\u00e9dico, teria presenciado o estagi\u00e1rio de medicina falsificando a assinatura da m\u00e9dica. Rapidamente acionei os Policiais, para que \u00e0 Pol\u00edcia investigue a suposta irregularidade\u201d. Contou o secret\u00e1rio ao <strong><mark style=\"background-color:rgba(0, 0, 0, 0)\" class=\"has-inline-color has-luminous-vivid-orange-color\">X Tudo Ribeir\u00e3o<\/mark><\/strong>.<\/p>\n<p>O caso foi levado at\u00e9 o conhecimento da autoridade Policial da Central de Pol\u00edcia Judici\u00e1ria (CPJ) de Ribeir\u00e3o Preto, onde foi lavrado um boletim de ocorr\u00eancia de falsifica\u00e7\u00e3o de documento p\u00fablico. Em depoimento, tanto o estagi\u00e1rio e a residente negaram o fato.<\/p>\n<p>A Pol\u00edcia Civil vai investigar.<\/p>\n<\/p><\/div>\n<p><br \/>\n<br \/><a href=\"https:\/\/xtudoribeirao.com.br\/2023\/12\/03\/estudante-de-medicina-e-detido-suspeito-de-falsificar-assinatura-de-medica-em-serrana-o-fato-ocorreu-na-upa-da-cidade\/?utm_source=rss&#038;utm_medium=rss&#038;utm_campaign=estudante-de-medicina-e-detido-suspeito-de-falsificar-assinatura-de-medica-em-serrana-o-fato-ocorreu-na-upa-da-cidade\">Source link <\/a><\/p>\n<div class='code-block code-block-4' style='margin: 8px auto 8px 0; text-align: left; display: block; clear: both;'>\n\ud83d\udce2 Aviso Legal\n\nO site ismaelcolosi.com.br atua apenas como um canal de divulga\u00e7\u00e3o de oportunidades de emprego e n\u00e3o se responsabiliza pelo processo seletivo, contrata\u00e7\u00e3o ou qualquer outra etapa relacionada \u00e0s vagas publicadas. Todas as informa\u00e7\u00f5es s\u00e3o de responsabilidade dos anunciantes.\n\n\u26a0\ufe0f Aten\u00e7\u00e3o! Nunca pague por promessas de emprego nem compre cursos que garantam contrata\u00e7\u00e3o. Desconfie de qualquer cobran\u00e7a para participar de sele\u00e7\u00f5es.\n\n\n\n<\/div>\n<!-- CONTENT END 1 -->\n","protected":false},"excerpt":{"rendered":"<p>Um aluno de medicina que estava estagiando na Unidade de Pronto Atendimento (UPA) de Serrana, foi detido neste domingo (3\/12), ap\u00f3s a suspeita de falsificar&#8230;<\/p>\n","protected":false},"author":1,"featured_media":10173,"comment_status":"open","ping_status":"open","sticky":false,"template":"","format":"standard","meta":{"_uag_custom_page_level_css":"","advanced_seo_description":"","jetpack_seo_html_title":"","jetpack_seo_noindex":false,"jetpack_post_was_ever_published":false,"_jetpack_newsletter_access":"","_jetpack_dont_email_post_to_subs":false,"_jetpack_newsletter_tier_id":0,"_jetpack_memberships_contains_paywalled_content":false,"_jetpack_memberships_contains_paid_content":false,"footnotes":"","jetpack_publicize_message":"","jetpack_publicize_feature_enabled":true,"jetpack_social_post_already_shared":true,"jetpack_social_options":{"image_generator_settings":{"template":"highway","default_image_id":0,"font":"","enabled":false},"version":2}},"categories":[11],"tags":[1381,273,1379,1378,1380,1383,1382,1083,1384,26,606,24,43,258],"class_list":["post-10172","post","type-post","status-publish","format-standard","has-post-thumbnail","hentry","category-noticias-de-ribeirao-preto-sp-e-regiao-ismael-colosi","tag-assinatura","tag-cidade","tag-detido","tag-estudante","tag-falsificar","tag-fato","tag-medica","tag-medicina","tag-ocorreu","tag-ribeirao","tag-serrana","tag-suspeito","tag-tudo","tag-upa"],"jetpack_publicize_connections":[],"jetpack_featured_media_url":"https:\/\/i0.wp.com\/ismaelcolosi.com.br\/wp-content\/uploads\/2023\/12\/stethoscope-1584223_640.jpg?fit=640%2C480&ssl=1","uagb_featured_image_src":{"full":["https:\/\/i0.wp.com\/ismaelcolosi.com.br\/wp-content\/uploads\/2023\/12\/stethoscope-1584223_640.jpg?fit=640%2C480&ssl=1",640,480,false],"thumbnail":["https:\/\/i0.wp.com\/ismaelcolosi.com.br\/wp-content\/uploads\/2023\/12\/stethoscope-1584223_640.jpg?resize=150%2C150&ssl=1",150,150,true],"medium":["https:\/\/i0.wp.com\/ismaelcolosi.com.br\/wp-content\/uploads\/2023\/12\/stethoscope-1584223_640.jpg?fit=300%2C225&ssl=1",300,225,true],"medium_large":["https:\/\/i0.wp.com\/ismaelcolosi.com.br\/wp-content\/uploads\/2023\/12\/stethoscope-1584223_640.jpg?fit=640%2C480&ssl=1",640,480,true],"large":["https:\/\/i0.wp.com\/ismaelcolosi.com.br\/wp-content\/uploads\/2023\/12\/stethoscope-1584223_640.jpg?fit=640%2C480&ssl=1",640,480,true],"1536x1536":["https:\/\/i0.wp.com\/ismaelcolosi.com.br\/wp-content\/uploads\/2023\/12\/stethoscope-1584223_640.jpg?fit=640%2C480&ssl=1",640,480,true],"2048x2048":["https:\/\/i0.wp.com\/ismaelcolosi.com.br\/wp-content\/uploads\/2023\/12\/stethoscope-1584223_640.jpg?fit=640%2C480&ssl=1",640,480,true],"really-simple-thumb":["https:\/\/i0.wp.com\/ismaelcolosi.com.br\/wp-content\/uploads\/2023\/12\/stethoscope-1584223_640.jpg?resize=370%2C247&ssl=1",370,247,true]},"uagb_author_info":{"display_name":"ismaelcolosi.com.br","author_link":"https:\/\/ismaelcolosi.com.br\/index.php\/author\/vidareal-online\/"},"uagb_comment_info":0,"uagb_excerpt":"Um aluno de medicina que estava estagiando na Unidade de Pronto Atendimento (UPA) de Serrana, foi detido neste domingo (3\/12), ap\u00f3s a suspeita de falsificar...","jetpack-related-posts":[{"id":56375,"url":"https:\/\/ismaelcolosi.com.br\/index.php\/2024\/07\/11\/homem-e-detido-apos-ameacar-medica-em-upa-de-ribeirao-preto\/","url_meta":{"origin":10172,"position":0},"title":"Homem \u00e9 detido ap\u00f3s amea\u00e7ar m\u00e9dica em UPA de Ribeir\u00e3o Preto","author":"ismaelcolosi.com.br","date":"11 de July de 2024","format":false,"excerpt":"Um homem de 25 anos foi detido por desacato contra uma m\u00e9dica na madrugada desta quinta-feira (11), na UPA Norte de Ribeir\u00e3o Preto. A unidade de sa\u00fade localizada no Adelino Simioni \u00e9 a mesma onde um m\u00e9dico foi agredido durante o trabalho no \u00faltimo dia 29 de junho. Segundo o\u2026","rel":"","context":"In &quot;Not\u00edcias de Ribeir\u00e3o Preto-SP e Regi\u00e3o&quot;","block_context":{"text":"Not\u00edcias de Ribeir\u00e3o Preto-SP e Regi\u00e3o","link":"https:\/\/ismaelcolosi.com.br\/index.php\/category\/noticias-de-ribeirao-preto-sp-e-regiao-ismael-colosi\/"},"img":{"alt_text":"","src":"https:\/\/i0.wp.com\/ismaelcolosi.com.br\/wp-content\/uploads\/2024\/07\/upa.jpg?fit=1200%2C799&ssl=1&resize=350%2C200","width":350,"height":200,"srcset":"https:\/\/i0.wp.com\/ismaelcolosi.com.br\/wp-content\/uploads\/2024\/07\/upa.jpg?fit=1200%2C799&ssl=1&resize=350%2C200 1x, https:\/\/i0.wp.com\/ismaelcolosi.com.br\/wp-content\/uploads\/2024\/07\/upa.jpg?fit=1200%2C799&ssl=1&resize=525%2C300 1.5x, https:\/\/i0.wp.com\/ismaelcolosi.com.br\/wp-content\/uploads\/2024\/07\/upa.jpg?fit=1200%2C799&ssl=1&resize=700%2C400 2x, https:\/\/i0.wp.com\/ismaelcolosi.com.br\/wp-content\/uploads\/2024\/07\/upa.jpg?fit=1200%2C799&ssl=1&resize=1050%2C600 3x"},"classes":[]},{"id":77122,"url":"https:\/\/ismaelcolosi.com.br\/index.php\/2024\/11\/21\/dois-morrem-em-acidente-na-regiao\/","url_meta":{"origin":10172,"position":1},"title":"Dois morrem em acidente na regi\u00e3o","author":"ismaelcolosi.com.br","date":"21 de November de 2024","format":false,"excerpt":"Por: Adalberto Luque Um grave acidente deixou duas pessoas mortas e cinco feridas, nesta quarta-feira (20). A colis\u00e3o ocorreu na Rodovia Arlindo Vicentini (SPV-048), entre as cidades de Altin\u00f3polis e Serrana, ambas na regi\u00e3o metropolitana de Ribeir\u00e3o Preto. Segundo informa\u00e7\u00f5es, um Fiat Uno de uma empresa de Cabre\u00fava, cidade da\u2026","rel":"","context":"In &quot;Not\u00edcias de Ribeir\u00e3o Preto-SP e Regi\u00e3o&quot;","block_context":{"text":"Not\u00edcias de Ribeir\u00e3o Preto-SP e Regi\u00e3o","link":"https:\/\/ismaelcolosi.com.br\/index.php\/category\/noticias-de-ribeirao-preto-sp-e-regiao-ismael-colosi\/"},"img":{"alt_text":"","src":"https:\/\/i0.wp.com\/ismaelcolosi.com.br\/wp-content\/uploads\/2024\/11\/21nov2024-acidenteserrana1-scaled.jpg?fit=800%2C447&ssl=1&resize=350%2C200","width":350,"height":200,"srcset":"https:\/\/i0.wp.com\/ismaelcolosi.com.br\/wp-content\/uploads\/2024\/11\/21nov2024-acidenteserrana1-scaled.jpg?fit=800%2C447&ssl=1&resize=350%2C200 1x, https:\/\/i0.wp.com\/ismaelcolosi.com.br\/wp-content\/uploads\/2024\/11\/21nov2024-acidenteserrana1-scaled.jpg?fit=800%2C447&ssl=1&resize=525%2C300 1.5x, https:\/\/i0.wp.com\/ismaelcolosi.com.br\/wp-content\/uploads\/2024\/11\/21nov2024-acidenteserrana1-scaled.jpg?fit=800%2C447&ssl=1&resize=700%2C400 2x"},"classes":[]},{"id":24155,"url":"https:\/\/ismaelcolosi.com.br\/index.php\/2024\/01\/03\/utm_sourcerssutm_mediumrssutm_campaignvelho-safado-preso-por-abusar-de-duas-criancas-em-matao-morre-apos-passar-mal-na-penitenciaria-de-serra-azul\/","url_meta":{"origin":10172,"position":2},"title":"VELHO SAFADO preso por abusar de duas crian\u00e7as em Mat\u00e3o morre ap\u00f3s passar mal na Penitenci\u00e1ria de Serra Azul \u2013 X Tudo Ribeir\u00e3o","author":"ismaelcolosi.com.br","date":"3 de January de 2024","format":false,"excerpt":"Um velho safado preso ap\u00f3s abusar sexualmente de duas crian\u00e7as no ano de 2017, morreu ap\u00f3s passar mal nas depend\u00eancias da Penitenci\u00e1ria de Serra Azul, onde estava preso.\u00a0 Segundo apurado com a Pol\u00edcia, o velho safado de 69 anos, teria passado mal na Penitenci\u00e1ria de Serra Azul, sendo socorrido pela\u2026","rel":"","context":"In &quot;Not\u00edcias de Ribeir\u00e3o Preto-SP e Regi\u00e3o&quot;","block_context":{"text":"Not\u00edcias de Ribeir\u00e3o Preto-SP e Regi\u00e3o","link":"https:\/\/ismaelcolosi.com.br\/index.php\/category\/noticias-de-ribeirao-preto-sp-e-regiao-ismael-colosi\/"},"img":{"alt_text":"","src":"https:\/\/i0.wp.com\/ismaelcolosi.com.br\/wp-content\/uploads\/2024\/01\/cadeia-preso.jpeg?fit=1200%2C800&ssl=1&resize=350%2C200","width":350,"height":200,"srcset":"https:\/\/i0.wp.com\/ismaelcolosi.com.br\/wp-content\/uploads\/2024\/01\/cadeia-preso.jpeg?fit=1200%2C800&ssl=1&resize=350%2C200 1x, https:\/\/i0.wp.com\/ismaelcolosi.com.br\/wp-content\/uploads\/2024\/01\/cadeia-preso.jpeg?fit=1200%2C800&ssl=1&resize=525%2C300 1.5x, https:\/\/i0.wp.com\/ismaelcolosi.com.br\/wp-content\/uploads\/2024\/01\/cadeia-preso.jpeg?fit=1200%2C800&ssl=1&resize=700%2C400 2x, https:\/\/i0.wp.com\/ismaelcolosi.com.br\/wp-content\/uploads\/2024\/01\/cadeia-preso.jpeg?fit=1200%2C800&ssl=1&resize=1050%2C600 3x"},"classes":[]},{"id":67297,"url":"https:\/\/ismaelcolosi.com.br\/index.php\/2024\/09\/22\/homem-e-preso-por-dano-ao-patrimonio-em-upa-de-ribeirao-preto\/","url_meta":{"origin":10172,"position":3},"title":"Homem \u00e9 preso por dano ao patrim\u00f4nio em UPA de Ribeir\u00e3o Preto","author":"ismaelcolosi.com.br","date":"22 de September de 2024","format":false,"excerpt":"Um homem foi preso no \u00faltimo s\u00e1bado (21) por dano ao patrim\u00f4nio ap\u00f3s confus\u00e3o na UPA (Unidade de Pronto Atendimento) Norte, em Ribeir\u00e3o Preto. Ele foi detido pela GCM (Guarda Civil Metropolitana) e encaminhado para CPJ (Central de Pol\u00edcia Judici\u00e1ria). De acordo com a GCM, o homem admitiu que havia\u2026","rel":"","context":"In &quot;Not\u00edcias de Ribeir\u00e3o Preto-SP e Regi\u00e3o&quot;","block_context":{"text":"Not\u00edcias de Ribeir\u00e3o Preto-SP e Regi\u00e3o","link":"https:\/\/ismaelcolosi.com.br\/index.php\/category\/noticias-de-ribeirao-preto-sp-e-regiao-ismael-colosi\/"},"img":{"alt_text":"","src":"https:\/\/i0.wp.com\/ismaelcolosi.com.br\/wp-content\/uploads\/2024\/09\/upa-quebrada_2024-09-22_14-18-17_jpg_2024-09-22_14-18-17.webp.webp?fit=1039%2C622&ssl=1&resize=350%2C200","width":350,"height":200,"srcset":"https:\/\/i0.wp.com\/ismaelcolosi.com.br\/wp-content\/uploads\/2024\/09\/upa-quebrada_2024-09-22_14-18-17_jpg_2024-09-22_14-18-17.webp.webp?fit=1039%2C622&ssl=1&resize=350%2C200 1x, https:\/\/i0.wp.com\/ismaelcolosi.com.br\/wp-content\/uploads\/2024\/09\/upa-quebrada_2024-09-22_14-18-17_jpg_2024-09-22_14-18-17.webp.webp?fit=1039%2C622&ssl=1&resize=525%2C300 1.5x, https:\/\/i0.wp.com\/ismaelcolosi.com.br\/wp-content\/uploads\/2024\/09\/upa-quebrada_2024-09-22_14-18-17_jpg_2024-09-22_14-18-17.webp.webp?fit=1039%2C622&ssl=1&resize=700%2C400 2x"},"classes":[]},{"id":55478,"url":"https:\/\/ismaelcolosi.com.br\/index.php\/2024\/07\/03\/medico-agredido-em-upa-de-ribeirao-preto-tem-alta-de-hospital\/","url_meta":{"origin":10172,"position":4},"title":"M\u00e9dico agredido em UPA de Ribeir\u00e3o Preto tem alta de hospital","author":"ismaelcolosi.com.br","date":"3 de July de 2024","format":false,"excerpt":"O m\u00e9dico agredido com socos e chutes durante o trabalho no \u00faltimo s\u00e1bado (29), na UPA Norte, em Ribeir\u00e3o Preto, teve alta e deixou o hospital. A Secretaria Municipal da Sa\u00fade de Ribeir\u00e3o informou que o profissional passa bem. O m\u00e9dico prestava atendimento a uma paciente idosa na sala de\u2026","rel":"","context":"In &quot;Not\u00edcias de Ribeir\u00e3o Preto-SP e Regi\u00e3o&quot;","block_context":{"text":"Not\u00edcias de Ribeir\u00e3o Preto-SP e Regi\u00e3o","link":"https:\/\/ismaelcolosi.com.br\/index.php\/category\/noticias-de-ribeirao-preto-sp-e-regiao-ismael-colosi\/"},"img":{"alt_text":"","src":"https:\/\/i0.wp.com\/ismaelcolosi.com.br\/wp-content\/uploads\/2024\/07\/upa-norte-em-ribeirao-preto.jpg?fit=1200%2C800&ssl=1&resize=350%2C200","width":350,"height":200,"srcset":"https:\/\/i0.wp.com\/ismaelcolosi.com.br\/wp-content\/uploads\/2024\/07\/upa-norte-em-ribeirao-preto.jpg?fit=1200%2C800&ssl=1&resize=350%2C200 1x, https:\/\/i0.wp.com\/ismaelcolosi.com.br\/wp-content\/uploads\/2024\/07\/upa-norte-em-ribeirao-preto.jpg?fit=1200%2C800&ssl=1&resize=525%2C300 1.5x, https:\/\/i0.wp.com\/ismaelcolosi.com.br\/wp-content\/uploads\/2024\/07\/upa-norte-em-ribeirao-preto.jpg?fit=1200%2C800&ssl=1&resize=700%2C400 2x, https:\/\/i0.wp.com\/ismaelcolosi.com.br\/wp-content\/uploads\/2024\/07\/upa-norte-em-ribeirao-preto.jpg?fit=1200%2C800&ssl=1&resize=1050%2C600 3x"},"classes":[]},{"id":36568,"url":"https:\/\/ismaelcolosi.com.br\/index.php\/2024\/02\/10\/empresa-de-sp-construira-upa-do-ribeirao-verde\/","url_meta":{"origin":10172,"position":5},"title":"Empresa de SP construir\u00e1 UPA do Ribeir\u00e3o Verde","author":"ismaelcolosi.com.br","date":"10 de February de 2024","format":false,"excerpt":"A prefeitura de Ribeir\u00e3o Preto definiu a empresa respons\u00e1vel pela constru\u00e7\u00e3o da Unidade de Pronto Atendimento do Complexo Ribeir\u00e3o Verde, na Zona Leste de Ribeir\u00e3o Preto, a primeira UPA municipal. A homologa\u00e7\u00e3o ocorreu na quinta-feira, 8 de fevereiro, ap\u00f3s a fase de recursos. O edital de julgamento de licita\u00e7\u00e3o havia\u2026","rel":"","context":"In &quot;Not\u00edcias de Ribeir\u00e3o Preto-SP e Regi\u00e3o&quot;","block_context":{"text":"Not\u00edcias de Ribeir\u00e3o Preto-SP e Regi\u00e3o","link":"https:\/\/ismaelcolosi.com.br\/index.php\/category\/noticias-de-ribeirao-preto-sp-e-regiao-ismael-colosi\/"},"img":{"alt_text":"","src":"https:\/\/i0.wp.com\/ismaelcolosi.com.br\/wp-content\/uploads\/2024\/02\/SaudeUPA-Divulgacao-1-scaled.jpg?fit=1000%2C553&ssl=1&resize=350%2C200","width":350,"height":200,"srcset":"https:\/\/i0.wp.com\/ismaelcolosi.com.br\/wp-content\/uploads\/2024\/02\/SaudeUPA-Divulgacao-1-scaled.jpg?fit=1000%2C553&ssl=1&resize=350%2C200 1x, https:\/\/i0.wp.com\/ismaelcolosi.com.br\/wp-content\/uploads\/2024\/02\/SaudeUPA-Divulgacao-1-scaled.jpg?fit=1000%2C553&ssl=1&resize=525%2C300 1.5x, https:\/\/i0.wp.com\/ismaelcolosi.com.br\/wp-content\/uploads\/2024\/02\/SaudeUPA-Divulgacao-1-scaled.jpg?fit=1000%2C553&ssl=1&resize=700%2C400 2x"},"classes":[]}],"jetpack_sharing_enabled":true,"jetpack_shortlink":"https:\/\/wp.me\/pfMlyK-2E4","_links":{"self":[{"href":"https:\/\/ismaelcolosi.com.br\/index.php\/wp-json\/wp\/v2\/posts\/10172","targetHints":{"allow":["GET"]}}],"collection":[{"href":"https:\/\/ismaelcolosi.com.br\/index.php\/wp-json\/wp\/v2\/posts"}],"about":[{"href":"https:\/\/ismaelcolosi.com.br\/index.php\/wp-json\/wp\/v2\/types\/post"}],"author":[{"embeddable":true,"href":"https:\/\/ismaelcolosi.com.br\/index.php\/wp-json\/wp\/v2\/users\/1"}],"replies":[{"embeddable":true,"href":"https:\/\/ismaelcolosi.com.br\/index.php\/wp-json\/wp\/v2\/comments?post=10172"}],"version-history":[{"count":0,"href":"https:\/\/ismaelcolosi.com.br\/index.php\/wp-json\/wp\/v2\/posts\/10172\/revisions"}],"wp:featuredmedia":[{"embeddable":true,"href":"https:\/\/ismaelcolosi.com.br\/index.php\/wp-json\/wp\/v2\/media\/10173"}],"wp:attachment":[{"href":"https:\/\/ismaelcolosi.com.br\/index.php\/wp-json\/wp\/v2\/media?parent=10172"}],"wp:term":[{"taxonomy":"category","embeddable":true,"href":"https:\/\/ismaelcolosi.com.br\/index.php\/wp-json\/wp\/v2\/categories?post=10172"},{"taxonomy":"post_tag","embeddable":true,"href":"https:\/\/ismaelcolosi.com.br\/index.php\/wp-json\/wp\/v2\/tags?post=10172"}],"curies":[{"name":"wp","href":"https:\/\/api.w.org\/{rel}","templated":true}]}}