{"id":10168,"date":"2023-12-03T22:41:30","date_gmt":"2023-12-04T01:41:30","guid":{"rendered":"https:\/\/ismaelcolosi.com.br\/index.php\/2023\/12\/03\/lista-de-doencas-do-trabalho-amplia-beneficios-do-inss\/"},"modified":"2023-12-03T22:41:30","modified_gmt":"2023-12-04T01:41:30","slug":"lista-de-doencas-do-trabalho-amplia-beneficios-do-inss","status":"publish","type":"post","link":"https:\/\/ismaelcolosi.com.br\/index.php\/2023\/12\/03\/lista-de-doencas-do-trabalho-amplia-beneficios-do-inss\/","title":{"rendered":"Lista de doen\u00e7as do trabalho amplia benef\u00edcios do INSS"},"content":{"rendered":"<p> <br \/>\n<\/p>\n<div id=\"attachment_2314666\">\n<div class=\"d-flex justify-content-center\" data-attachment-id=\"2314666\">\n<div class=\"position-relative d-inline-block\"><img data-recalc-dims=\"1\" data-portal-copyright=\"Gov.br\" fetchpriority=\"high\" decoding=\"async\" class=\"size-full wp-image-2314666\" src=\"https:\/\/i0.wp.com\/catracalivre.com.br\/wp-content\/uploads\/2023\/11\/apos-mudancas-veja-quais-servicos-do-inss-sao-prestados-nas-agencias-1.png?resize=800%2C448&#038;ssl=1\" alt=\"INSS muda as regras para concess\u00e3o do aux\u00edlio-doen\u00e7a; confira\" width=\"800\" height=\"448\" srcset=\"https:\/\/catracalivre.com.br\/wp-content\/uploads\/2023\/11\/apos-mudancas-veja-quais-servicos-do-inss-sao-prestados-nas-agencias-1.png 800w, https:\/\/catracalivre.com.br\/wp-content\/uploads\/2023\/11\/apos-mudancas-veja-quais-servicos-do-inss-sao-prestados-nas-agencias-1-450x252.png 450w, https:\/\/catracalivre.com.br\/wp-content\/uploads\/2023\/11\/apos-mudancas-veja-quais-servicos-do-inss-sao-prestados-nas-agencias-1-768x430.png 768w\" sizes=\"(max-width: 800px) 100vw, 800px\"\/><\/p>\n<p>Cr\u00e9ditos: Gov.br<\/p>\n<\/div>\n<\/div>\n<p><span class=\"post-imagem__legenda\">INSS muda as regras para concess\u00e3o do aux\u00edlio-doen\u00e7a; confira<\/span><\/p>\n<\/div>\n<p>O Minist\u00e9rio do Trabalho anunciou uma atualiza\u00e7\u00e3o crucial na lista de Doen\u00e7as do<a href=\"https:\/\/catracalivre.com.br\/cidadania\/trabalha-como-mei-e-nao-consegue-comprovar-renda-saiba-agora\/\"> Trabalho<\/a>, impactando diretamente as condi\u00e7\u00f5es de sa\u00fade reconhecidas e, consequentemente, os benef\u00edcios dispon\u00edveis para os trabalhadores por meio do Instituto Nacional do Seguro Social (INSS). Com a inclus\u00e3o de <a href=\"https:\/\/www.in.gov.br\/en\/web\/dou\/-\/portaria-gm\/ms-n-1.999-de-27-de-novembro-de-2023-526629116\">165 novas doen\u00e7as<\/a>, a legisla\u00e7\u00e3o agora prev\u00ea um total de 347 doen\u00e7as relacionadas ao ambiente de trabalho.<\/p>\n<p>Essa mudan\u00e7a \u00e9 significativa e visa n\u00e3o apenas ampliar a cobertura previdenci\u00e1ria, mas tamb\u00e9m incentivar pr\u00e1ticas de assist\u00eancia e vigil\u00e2ncia mais efetivas por parte dos empregadores. Entre as novas condi\u00e7\u00f5es acrescentadas \u00e0 lista, destacam-se o burnout, transtornos relacionados ao abuso de \u00e1lcool, caf\u00e9 e dist\u00farbios musculares.<\/p>\n<p>Os trabalhadores que, porventura, se encontrarem afetados por alguma das condi\u00e7\u00f5es listadas agora t\u00eam mais facilidade ao buscar assist\u00eancia previdenci\u00e1ria. Algumas orienta\u00e7\u00f5es importantes incluem:<\/p>\n<p><script>\n\t\t! function(f, b, e, v, n, t, s) {\n\t\t\tif (f.fbq) return;\n\t\t\tn = f.fbq = function() {\n\t\t\t\tn.callMethod ?\n\t\t\t\t\tn.callMethod.apply(n, arguments) : n.queue.push(arguments)\n\t\t\t};\n\t\t\tif (!f._fbq) f._fbq = n;\n\t\t\tn.push = n;\n\t\t\tn.loaded = !0;\n\t\t\tn.version = '2.0';\n\t\t\tn.queue = [];\n\t\t\tt = b.createElement(e);\n\t\t\tt.async = !0;\n\t\t\tt.src = v;\n\t\t\ts = b.getElementsByTagName(e)[0];\n\t\t\ts.parentNode.insertBefore(t, s)\n\t\t}(window, document, 'script',\n\t\t\t'https:\/\/connect.facebook.net\/en_US\/fbevents.js');\n\t\tfbq('init', '338315473262380');\n\t\tfbq('track', 'PageView');\n\t<\/script><br \/>\n<br \/><br \/>\n<br \/><a href=\"https:\/\/catracalivre.com.br\/cidadania\/lista-de-doencas-do-trabalho-amplia-beneficios-do-inss\/\">Source link <\/a><\/p>\n<div class='code-block code-block-4' style='margin: 8px auto 8px 0; text-align: left; display: block; clear: both;'>\n\ud83d\udce2 Aviso Legal\n\nO site ismaelcolosi.com.br atua apenas como um canal de divulga\u00e7\u00e3o de oportunidades de emprego e n\u00e3o se responsabiliza pelo processo seletivo, contrata\u00e7\u00e3o ou qualquer outra etapa relacionada \u00e0s vagas publicadas. Todas as informa\u00e7\u00f5es s\u00e3o de responsabilidade dos anunciantes.\n\n\u26a0\ufe0f Aten\u00e7\u00e3o! Nunca pague por promessas de emprego nem compre cursos que garantam contrata\u00e7\u00e3o. Desconfie de qualquer cobran\u00e7a para participar de sele\u00e7\u00f5es.\n\n\n\n<\/div>\n<!-- CONTENT END 1 -->\n","protected":false},"excerpt":{"rendered":"<p>Cr\u00e9ditos: Gov.br INSS muda as regras para concess\u00e3o do aux\u00edlio-doen\u00e7a; confira O Minist\u00e9rio do Trabalho anunciou uma atualiza\u00e7\u00e3o crucial na lista de Doen\u00e7as do Trabalho,&#8230;<\/p>\n","protected":false},"author":1,"featured_media":10169,"comment_status":"open","ping_status":"open","sticky":false,"template":"","format":"standard","meta":{"_uag_custom_page_level_css":"","advanced_seo_description":"","jetpack_seo_html_title":"","jetpack_seo_noindex":false,"jetpack_post_was_ever_published":false,"_jetpack_newsletter_access":"","_jetpack_dont_email_post_to_subs":false,"_jetpack_newsletter_tier_id":0,"_jetpack_memberships_contains_paywalled_content":false,"_jetpack_memberships_contains_paid_content":false,"footnotes":"","jetpack_publicize_message":"","jetpack_publicize_feature_enabled":true,"jetpack_social_post_already_shared":true,"jetpack_social_options":{"image_generator_settings":{"template":"highway","default_image_id":0,"font":"","enabled":false},"version":2}},"categories":[19],"tags":[],"class_list":["post-10168","post","type-post","status-publish","format-standard","has-post-thumbnail","hentry","category-variedades"],"jetpack_publicize_connections":[],"jetpack_featured_media_url":"https:\/\/i0.wp.com\/ismaelcolosi.com.br\/wp-content\/uploads\/2023\/12\/inss-dispensa-pericia-medica-para-auxilio-doenca-entenda-1.jpg?fit=1200%2C638&ssl=1","uagb_featured_image_src":{"full":["https:\/\/i0.wp.com\/ismaelcolosi.com.br\/wp-content\/uploads\/2023\/12\/inss-dispensa-pericia-medica-para-auxilio-doenca-entenda-1.jpg?fit=1200%2C638&ssl=1",1200,638,false],"thumbnail":["https:\/\/i0.wp.com\/ismaelcolosi.com.br\/wp-content\/uploads\/2023\/12\/inss-dispensa-pericia-medica-para-auxilio-doenca-entenda-1.jpg?resize=150%2C150&ssl=1",150,150,true],"medium":["https:\/\/i0.wp.com\/ismaelcolosi.com.br\/wp-content\/uploads\/2023\/12\/inss-dispensa-pericia-medica-para-auxilio-doenca-entenda-1.jpg?fit=300%2C160&ssl=1",300,160,true],"medium_large":["https:\/\/i0.wp.com\/ismaelcolosi.com.br\/wp-content\/uploads\/2023\/12\/inss-dispensa-pericia-medica-para-auxilio-doenca-entenda-1.jpg?fit=768%2C408&ssl=1",768,408,true],"large":["https:\/\/i0.wp.com\/ismaelcolosi.com.br\/wp-content\/uploads\/2023\/12\/inss-dispensa-pericia-medica-para-auxilio-doenca-entenda-1.jpg?fit=1024%2C544&ssl=1",1024,544,true],"1536x1536":["https:\/\/i0.wp.com\/ismaelcolosi.com.br\/wp-content\/uploads\/2023\/12\/inss-dispensa-pericia-medica-para-auxilio-doenca-entenda-1.jpg?fit=1200%2C638&ssl=1",1200,638,true],"2048x2048":["https:\/\/i0.wp.com\/ismaelcolosi.com.br\/wp-content\/uploads\/2023\/12\/inss-dispensa-pericia-medica-para-auxilio-doenca-entenda-1.jpg?fit=1200%2C638&ssl=1",1200,638,true],"really-simple-thumb":["https:\/\/i0.wp.com\/ismaelcolosi.com.br\/wp-content\/uploads\/2023\/12\/inss-dispensa-pericia-medica-para-auxilio-doenca-entenda-1.jpg?resize=370%2C247&ssl=1",370,247,true]},"uagb_author_info":{"display_name":"ismaelcolosi.com.br","author_link":"https:\/\/ismaelcolosi.com.br\/index.php\/author\/vidareal-online\/"},"uagb_comment_info":0,"uagb_excerpt":"Cr\u00e9ditos: Gov.br INSS muda as regras para concess\u00e3o do aux\u00edlio-doen\u00e7a; confira O Minist\u00e9rio do Trabalho anunciou uma atualiza\u00e7\u00e3o crucial na lista de Doen\u00e7as do Trabalho,...","jetpack-related-posts":[{"id":8192,"url":"https:\/\/ismaelcolosi.com.br\/index.php\/2023\/11\/29\/inss-muda-as-regras-para-concessao-do-auxilio-doenca-confira\/","url_meta":{"origin":10168,"position":0},"title":"INSS muda as regras para concess\u00e3o do aux\u00edlio-doen\u00e7a; confira","author":"ismaelcolosi.com.br","date":"29 de November de 2023","format":false,"excerpt":"Uma recente Portaria conjunta do Minist\u00e9rio da Previd\u00eancia Social (MPS) e do Instituto Nacional do Seguro Social (INSS), de n\u00famero 38, estabeleceu novas regras para a concess\u00e3o de benef\u00edcios relacionados \u00e0 incapacidade tempor\u00e1ria, abrangendo tanto o aux\u00edlio-doen\u00e7a quanto o aux\u00edlio-acident\u00e1rio. Cr\u00e9ditos: Gov.brINSS muda as regras para concess\u00e3o do aux\u00edlio-doen\u00e7a; confira\u2026","rel":"","context":"In &quot;Variedades&quot;","block_context":{"text":"Variedades","link":"https:\/\/ismaelcolosi.com.br\/index.php\/category\/variedades\/"},"img":{"alt_text":"","src":"https:\/\/i0.wp.com\/ismaelcolosi.com.br\/wp-content\/uploads\/2023\/11\/1701287599_apos-mudancas-veja-quais-servicos-do-inss-sao-prestados-nas-agencias-1.png?fit=1200%2C638&ssl=1&resize=350%2C200","width":350,"height":200,"srcset":"https:\/\/i0.wp.com\/ismaelcolosi.com.br\/wp-content\/uploads\/2023\/11\/1701287599_apos-mudancas-veja-quais-servicos-do-inss-sao-prestados-nas-agencias-1.png?fit=1200%2C638&ssl=1&resize=350%2C200 1x, https:\/\/i0.wp.com\/ismaelcolosi.com.br\/wp-content\/uploads\/2023\/11\/1701287599_apos-mudancas-veja-quais-servicos-do-inss-sao-prestados-nas-agencias-1.png?fit=1200%2C638&ssl=1&resize=525%2C300 1.5x, https:\/\/i0.wp.com\/ismaelcolosi.com.br\/wp-content\/uploads\/2023\/11\/1701287599_apos-mudancas-veja-quais-servicos-do-inss-sao-prestados-nas-agencias-1.png?fit=1200%2C638&ssl=1&resize=700%2C400 2x, https:\/\/i0.wp.com\/ismaelcolosi.com.br\/wp-content\/uploads\/2023\/11\/1701287599_apos-mudancas-veja-quais-servicos-do-inss-sao-prestados-nas-agencias-1.png?fit=1200%2C638&ssl=1&resize=1050%2C600 3x"},"classes":[]},{"id":8428,"url":"https:\/\/ismaelcolosi.com.br\/index.php\/2023\/11\/30\/fique-atento-inss-muda-os-criterios-para-autorizar-auxilio-doenca\/","url_meta":{"origin":10168,"position":1},"title":"FIQUE ATENTO! INSS muda os crit\u00e9rios para autorizar aux\u00edlio-doen\u00e7a","author":"ismaelcolosi.com.br","date":"30 de November de 2023","format":false,"excerpt":"Uma recente Portaria conjunta do Minist\u00e9rio da Previd\u00eancia Social (MPS) e do Instituto Nacional do Seguro Social (INSS), de n\u00famero 38, estabeleceu novas regras para a concess\u00e3o de benef\u00edcios relacionados \u00e0 incapacidade tempor\u00e1ria, abrangendo tanto o aux\u00edlio-doen\u00e7a quanto o aux\u00edlio-acident\u00e1rio. Cr\u00e9ditos: Ag\u00eancia BrasilFIQUE ATENTO! INSS muda os crit\u00e9rios para autorizar\u2026","rel":"","context":"In &quot;Variedades&quot;","block_context":{"text":"Variedades","link":"https:\/\/ismaelcolosi.com.br\/index.php\/category\/variedades\/"},"img":{"alt_text":"","src":"https:\/\/i0.wp.com\/ismaelcolosi.com.br\/wp-content\/uploads\/2023\/11\/1701334023_inss-dispensa-pericia-medica-para-auxilio-doenca-entenda-1.jpg?fit=1200%2C638&ssl=1&resize=350%2C200","width":350,"height":200,"srcset":"https:\/\/i0.wp.com\/ismaelcolosi.com.br\/wp-content\/uploads\/2023\/11\/1701334023_inss-dispensa-pericia-medica-para-auxilio-doenca-entenda-1.jpg?fit=1200%2C638&ssl=1&resize=350%2C200 1x, https:\/\/i0.wp.com\/ismaelcolosi.com.br\/wp-content\/uploads\/2023\/11\/1701334023_inss-dispensa-pericia-medica-para-auxilio-doenca-entenda-1.jpg?fit=1200%2C638&ssl=1&resize=525%2C300 1.5x, https:\/\/i0.wp.com\/ismaelcolosi.com.br\/wp-content\/uploads\/2023\/11\/1701334023_inss-dispensa-pericia-medica-para-auxilio-doenca-entenda-1.jpg?fit=1200%2C638&ssl=1&resize=700%2C400 2x, https:\/\/i0.wp.com\/ismaelcolosi.com.br\/wp-content\/uploads\/2023\/11\/1701334023_inss-dispensa-pericia-medica-para-auxilio-doenca-entenda-1.jpg?fit=1200%2C638&ssl=1&resize=1050%2C600 3x"},"classes":[]},{"id":11465,"url":"https:\/\/ismaelcolosi.com.br\/index.php\/2023\/12\/06\/governo-lula-inclui-165-diagnosticos-na-lista-de-doencas-do-trabalho\/","url_meta":{"origin":10168,"position":2},"title":"Governo Lula inclui 165 diagn\u00f3sticos na lista de doen\u00e7as do trabalho","author":"ismaelcolosi.com.br","date":"6 de December de 2023","format":false,"excerpt":"Uma recente atualiza\u00e7\u00e3o na lista de doen\u00e7as relacionadas ao trabalho do Minist\u00e9rio do Trabalho mexeu com as pol\u00edticas do Instituto Nacional do Seguro Social (INSS). Agora, 165 enfermidades entraram na lista, totalizando 347. A nova legisla\u00e7\u00e3o contribui tanto para o reconhecimento de diversas condi\u00e7\u00f5es de sa\u00fade, quanto para altera\u00e7\u00f5es nos\u2026","rel":"","context":"In &quot;Variedades&quot;","block_context":{"text":"Variedades","link":"https:\/\/ismaelcolosi.com.br\/index.php\/category\/variedades\/"},"img":{"alt_text":"","src":"https:\/\/i0.wp.com\/ismaelcolosi.com.br\/wp-content\/uploads\/2023\/12\/istock-485841736.jpg?fit=1200%2C638&ssl=1&resize=350%2C200","width":350,"height":200,"srcset":"https:\/\/i0.wp.com\/ismaelcolosi.com.br\/wp-content\/uploads\/2023\/12\/istock-485841736.jpg?fit=1200%2C638&ssl=1&resize=350%2C200 1x, https:\/\/i0.wp.com\/ismaelcolosi.com.br\/wp-content\/uploads\/2023\/12\/istock-485841736.jpg?fit=1200%2C638&ssl=1&resize=525%2C300 1.5x, https:\/\/i0.wp.com\/ismaelcolosi.com.br\/wp-content\/uploads\/2023\/12\/istock-485841736.jpg?fit=1200%2C638&ssl=1&resize=700%2C400 2x, https:\/\/i0.wp.com\/ismaelcolosi.com.br\/wp-content\/uploads\/2023\/12\/istock-485841736.jpg?fit=1200%2C638&ssl=1&resize=1050%2C600 3x"},"classes":[]},{"id":22737,"url":"https:\/\/ismaelcolosi.com.br\/index.php\/2023\/12\/30\/os-casos-em-que-o-inss-aprova-aposentadoria-imediata-em-2024\/","url_meta":{"origin":10168,"position":3},"title":"Os casos em que o INSS aprova aposentadoria imediata em 2024","author":"ismaelcolosi.com.br","date":"30 de December de 2023","format":false,"excerpt":"Cr\u00e9ditos: Ag\u00eancia Brasil\/Marcello CamargoINSS: Veja o que muda nas regras para aposentadoria em 2024O Instituto Nacional do Seguro Social (INSS) trouxe importantes atualiza\u00e7\u00f5es para o pr\u00f3ximo ano, visando facilitar o processo de aposentadoria imediata em situa\u00e7\u00f5es espec\u00edficas de doen\u00e7as.Estas mudan\u00e7as representam um avan\u00e7o no amparo aos contribuintes que enfrentam condi\u00e7\u00f5es\u2026","rel":"","context":"In &quot;Variedades&quot;","block_context":{"text":"Variedades","link":"https:\/\/ismaelcolosi.com.br\/index.php\/category\/variedades\/"},"img":{"alt_text":"","src":"https:\/\/i0.wp.com\/ismaelcolosi.com.br\/wp-content\/uploads\/2023\/12\/1703979460_fotos-catraca-2023-11-30t121633253.png?fit=1200%2C638&ssl=1&resize=350%2C200","width":350,"height":200,"srcset":"https:\/\/i0.wp.com\/ismaelcolosi.com.br\/wp-content\/uploads\/2023\/12\/1703979460_fotos-catraca-2023-11-30t121633253.png?fit=1200%2C638&ssl=1&resize=350%2C200 1x, https:\/\/i0.wp.com\/ismaelcolosi.com.br\/wp-content\/uploads\/2023\/12\/1703979460_fotos-catraca-2023-11-30t121633253.png?fit=1200%2C638&ssl=1&resize=525%2C300 1.5x, https:\/\/i0.wp.com\/ismaelcolosi.com.br\/wp-content\/uploads\/2023\/12\/1703979460_fotos-catraca-2023-11-30t121633253.png?fit=1200%2C638&ssl=1&resize=700%2C400 2x, https:\/\/i0.wp.com\/ismaelcolosi.com.br\/wp-content\/uploads\/2023\/12\/1703979460_fotos-catraca-2023-11-30t121633253.png?fit=1200%2C638&ssl=1&resize=1050%2C600 3x"},"classes":[]},{"id":16730,"url":"https:\/\/ismaelcolosi.com.br\/index.php\/2023\/12\/16\/convocacao-do-inss-quer-reduzir-lista-de-espera-entenda\/","url_meta":{"origin":10168,"position":4},"title":"Convoca\u00e7\u00e3o do INSS quer reduzir lista de espera; entenda","author":"ismaelcolosi.com.br","date":"16 de December de 2023","format":false,"excerpt":"Cr\u00e9ditos: Ag\u00eancia Brasil\/Valter CampanatoRegras do INSS passam por mudan\u00e7as radicais a partir de 2024; confira O Instituto Nacional do Seguro Social (INSS) tomou uma iniciativa inesperada ao convocar benefici\u00e1rios que aguardam per\u00edcia m\u00e9dica, buscando reduzir significativamente as filas de espera. A surpreendente a\u00e7\u00e3o visa agilizar os processos e proporcionar uma\u2026","rel":"","context":"In &quot;Variedades&quot;","block_context":{"text":"Variedades","link":"https:\/\/ismaelcolosi.com.br\/index.php\/category\/variedades\/"},"img":{"alt_text":"","src":"https:\/\/i0.wp.com\/ismaelcolosi.com.br\/wp-content\/uploads\/2023\/12\/pericia-marcada-no-inss-veja-como-ter-beneficio-concedido-mais-rapido.png?fit=1200%2C638&ssl=1&resize=350%2C200","width":350,"height":200,"srcset":"https:\/\/i0.wp.com\/ismaelcolosi.com.br\/wp-content\/uploads\/2023\/12\/pericia-marcada-no-inss-veja-como-ter-beneficio-concedido-mais-rapido.png?fit=1200%2C638&ssl=1&resize=350%2C200 1x, https:\/\/i0.wp.com\/ismaelcolosi.com.br\/wp-content\/uploads\/2023\/12\/pericia-marcada-no-inss-veja-como-ter-beneficio-concedido-mais-rapido.png?fit=1200%2C638&ssl=1&resize=525%2C300 1.5x, https:\/\/i0.wp.com\/ismaelcolosi.com.br\/wp-content\/uploads\/2023\/12\/pericia-marcada-no-inss-veja-como-ter-beneficio-concedido-mais-rapido.png?fit=1200%2C638&ssl=1&resize=700%2C400 2x, https:\/\/i0.wp.com\/ismaelcolosi.com.br\/wp-content\/uploads\/2023\/12\/pericia-marcada-no-inss-veja-como-ter-beneficio-concedido-mais-rapido.png?fit=1200%2C638&ssl=1&resize=1050%2C600 3x"},"classes":[]},{"id":13510,"url":"https:\/\/ismaelcolosi.com.br\/index.php\/2023\/12\/10\/aposentadoria-especial-do-inss-tera-novas-regras\/","url_meta":{"origin":10168,"position":5},"title":"Aposentadoria especial do INSS ter\u00e1 novas regras","author":"ismaelcolosi.com.br","date":"10 de December de 2023","format":false,"excerpt":"Cr\u00e9ditos: Ag\u00eancia Brasil\/Marcello CamargoINSS d\u00e1 a melhor not\u00edcia para quem espera concess\u00e3o de benef\u00edcio A aposentadoria especial do INSS, uma das modalidades mais impactadas pela Reforma da Previd\u00eancia de 2019, enfrentar\u00e1 novas altera\u00e7\u00f5es a partir de 2024. Essas mudan\u00e7as afetar\u00e3o diversos aspectos, desde a per\u00edcia m\u00e9dica at\u00e9 as condi\u00e7\u00f5es necess\u00e1rias\u2026","rel":"","context":"In &quot;Variedades&quot;","block_context":{"text":"Variedades","link":"https:\/\/ismaelcolosi.com.br\/index.php\/category\/variedades\/"},"img":{"alt_text":"","src":"https:\/\/i0.wp.com\/ismaelcolosi.com.br\/wp-content\/uploads\/2023\/12\/1702224475_depositphotos-652081292-xl-scaled.jpg?fit=1200%2C638&ssl=1&resize=350%2C200","width":350,"height":200,"srcset":"https:\/\/i0.wp.com\/ismaelcolosi.com.br\/wp-content\/uploads\/2023\/12\/1702224475_depositphotos-652081292-xl-scaled.jpg?fit=1200%2C638&ssl=1&resize=350%2C200 1x, https:\/\/i0.wp.com\/ismaelcolosi.com.br\/wp-content\/uploads\/2023\/12\/1702224475_depositphotos-652081292-xl-scaled.jpg?fit=1200%2C638&ssl=1&resize=525%2C300 1.5x, https:\/\/i0.wp.com\/ismaelcolosi.com.br\/wp-content\/uploads\/2023\/12\/1702224475_depositphotos-652081292-xl-scaled.jpg?fit=1200%2C638&ssl=1&resize=700%2C400 2x, https:\/\/i0.wp.com\/ismaelcolosi.com.br\/wp-content\/uploads\/2023\/12\/1702224475_depositphotos-652081292-xl-scaled.jpg?fit=1200%2C638&ssl=1&resize=1050%2C600 3x"},"classes":[]}],"jetpack_sharing_enabled":true,"jetpack_shortlink":"https:\/\/wp.me\/pfMlyK-2E0","_links":{"self":[{"href":"https:\/\/ismaelcolosi.com.br\/index.php\/wp-json\/wp\/v2\/posts\/10168","targetHints":{"allow":["GET"]}}],"collection":[{"href":"https:\/\/ismaelcolosi.com.br\/index.php\/wp-json\/wp\/v2\/posts"}],"about":[{"href":"https:\/\/ismaelcolosi.com.br\/index.php\/wp-json\/wp\/v2\/types\/post"}],"author":[{"embeddable":true,"href":"https:\/\/ismaelcolosi.com.br\/index.php\/wp-json\/wp\/v2\/users\/1"}],"replies":[{"embeddable":true,"href":"https:\/\/ismaelcolosi.com.br\/index.php\/wp-json\/wp\/v2\/comments?post=10168"}],"version-history":[{"count":0,"href":"https:\/\/ismaelcolosi.com.br\/index.php\/wp-json\/wp\/v2\/posts\/10168\/revisions"}],"wp:featuredmedia":[{"embeddable":true,"href":"https:\/\/ismaelcolosi.com.br\/index.php\/wp-json\/wp\/v2\/media\/10169"}],"wp:attachment":[{"href":"https:\/\/ismaelcolosi.com.br\/index.php\/wp-json\/wp\/v2\/media?parent=10168"}],"wp:term":[{"taxonomy":"category","embeddable":true,"href":"https:\/\/ismaelcolosi.com.br\/index.php\/wp-json\/wp\/v2\/categories?post=10168"},{"taxonomy":"post_tag","embeddable":true,"href":"https:\/\/ismaelcolosi.com.br\/index.php\/wp-json\/wp\/v2\/tags?post=10168"}],"curies":[{"name":"wp","href":"https:\/\/api.w.org\/{rel}","templated":true}]}}