{"id":10146,"date":"2023-12-03T21:27:39","date_gmt":"2023-12-04T00:27:39","guid":{"rendered":"https:\/\/ismaelcolosi.com.br\/index.php\/2023\/12\/03\/mae-e-filha-perdem-a-vida-apos-acidente-provocado-por-jovem-embriagado-de-22-anos\/"},"modified":"2023-12-03T21:27:39","modified_gmt":"2023-12-04T00:27:39","slug":"mae-e-filha-perdem-a-vida-apos-acidente-provocado-por-jovem-embriagado-de-22-anos","status":"publish","type":"post","link":"https:\/\/ismaelcolosi.com.br\/index.php\/2023\/12\/03\/mae-e-filha-perdem-a-vida-apos-acidente-provocado-por-jovem-embriagado-de-22-anos\/","title":{"rendered":"M\u00e3e e filha perdem a vida ap\u00f3s acidente provocado por jovem embriagado de 22 anos"},"content":{"rendered":"<p> [ad_1]<br \/>\n<\/p>\n<div itemprop=\"text\">\n<p>Na BR-277, na regi\u00e3o de Medianeira, no Paran\u00e1, uma m\u00e3e e sua filha, de 27 anos e 12 anos de idade, morreram ap\u00f3s terem sofrido com um grave acidente de tr\u00e2nsito.<\/p>\n<p>De acordo com informa\u00e7\u00f5es fornecidas pela PRF (Pol\u00edcia Rodovi\u00e1ria Federal), o motorista da caminhonete estava embriagado, assim causando todo o fatal acidente para essa fam\u00edlia.<\/p>\n<p>O acidente ocorreu durante o per\u00edodo da madrugada, neste \u00faltimo domingo, dia 3 de dezembro. Segundo a PRF, o condutor de outro carro invadiu a contram\u00e3o e bateu de frente com o ve\u00edculo nas outras v\u00edtimas.<\/p>\n<p>Uma m\u00e3e e sua filha morreram enquanto ainda estavam no local. O motorista da caminhonete, um homem de 22 anos, recebeu atendimento do Corpo de Bombeiros, mas n\u00e3o precisou ser levado para uma unidade de sa\u00fade, segundo informa\u00e7\u00f5es das autoridades.<\/p>\n<p>Devido a gravidade da situa\u00e7\u00e3o, o motorista foi preso em flagrante pelos crimes de embriaguez e homic\u00eddio. Assim, ele foi encaminhado para a Pol\u00edcia Civil, para prestar maiores esclarecimentos.<\/p>\n<p>Por enquanto, n\u00e3o foram divulgadas informa\u00e7\u00f5es referente ao nome das v\u00edtimas. O que se sabe \u00e9 que se trata de uma m\u00e3e e de sua filha que infelizmente perderam suas vidas por conta da atitude imprudente de uma outra pessoa.<\/p>\n<p>Diante do exposto, \u00e9 not\u00e1vel que todo o cuidado \u00e9 pouco quando se trata de viagens no tr\u00e2nsito. Utilize sempre o cinto de seguran\u00e7a e jamais dirija sob o efeito de qualquer entorpecente que possa alterar os seus sentidos.<\/p>\n<\/div>\n<p>[ad_2]<br \/>\n<br \/><a href=\"https:\/\/fnmais.com\/mae-filha-perdem-vida-apos-acidente-provocado-por-jovem-embriagado-22-anos\/\" target=\"_blank\" rel=\"noopener\">Source link <\/a><\/p>\n<div class='code-block code-block-4' style='margin: 8px auto 8px 0; text-align: left; display: block; clear: both;'>\n\ud83d\udce2 Aviso Legal\n\nO site ismaelcolosi.com.br atua apenas como um canal de divulga\u00e7\u00e3o de oportunidades de emprego e n\u00e3o se responsabiliza pelo processo seletivo, contrata\u00e7\u00e3o ou qualquer outra etapa relacionada \u00e0s vagas publicadas. Todas as informa\u00e7\u00f5es s\u00e3o de responsabilidade dos anunciantes.\n\n\u26a0\ufe0f Aten\u00e7\u00e3o! Nunca pague por promessas de emprego nem compre cursos que garantam contrata\u00e7\u00e3o. Desconfie de qualquer cobran\u00e7a para participar de sele\u00e7\u00f5es.\n\n\n\n<\/div>\n<!-- CONTENT END 1 -->\n","protected":false},"excerpt":{"rendered":"<p>[ad_1] Na BR-277, na regi\u00e3o de Medianeira, no Paran\u00e1, uma m\u00e3e e sua filha, de 27 anos e 12 anos de idade, morreram ap\u00f3s terem sofrido com um grave acidente de tr\u00e2nsito. De acordo com informa\u00e7\u00f5es fornecidas pela PRF (Pol\u00edcia Rodovi\u00e1ria Federal), o motorista da caminhonete estava embriagado, assim causando todo o fatal acidente para&hellip;&nbsp;<\/p>\n","protected":false},"author":1,"featured_media":10147,"comment_status":"open","ping_status":"open","sticky":false,"template":"","format":"standard","meta":{"_uag_custom_page_level_css":"","neve_meta_sidebar":"","neve_meta_container":"","neve_meta_enable_content_width":"","neve_meta_content_width":0,"neve_meta_title_alignment":"","neve_meta_author_avatar":"","neve_post_elements_order":"","neve_meta_disable_header":"","neve_meta_disable_footer":"","neve_meta_disable_title":"","_jetpack_newsletter_access":"","_jetpack_dont_email_post_to_subs":false,"_jetpack_newsletter_tier_id":0,"_jetpack_memberships_contains_paywalled_content":false,"_jetpack_memberships_contains_paid_content":false,"footnotes":""},"categories":[1],"tags":[],"class_list":["post-10146","post","type-post","status-publish","format-standard","has-post-thumbnail","hentry","category-blog"],"uagb_featured_image_src":{"full":["https:\/\/i0.wp.com\/ismaelcolosi.com.br\/wp-content\/uploads\/2023\/12\/postimg-656d1cf2745ec2858.jpg?fit=1200%2C628&ssl=1",1200,628,false],"thumbnail":["https:\/\/i0.wp.com\/ismaelcolosi.com.br\/wp-content\/uploads\/2023\/12\/postimg-656d1cf2745ec2858.jpg?resize=150%2C150&ssl=1",150,150,true],"medium":["https:\/\/i0.wp.com\/ismaelcolosi.com.br\/wp-content\/uploads\/2023\/12\/postimg-656d1cf2745ec2858.jpg?fit=300%2C157&ssl=1",300,157,true],"medium_large":["https:\/\/i0.wp.com\/ismaelcolosi.com.br\/wp-content\/uploads\/2023\/12\/postimg-656d1cf2745ec2858.jpg?fit=768%2C402&ssl=1",768,402,true],"large":["https:\/\/i0.wp.com\/ismaelcolosi.com.br\/wp-content\/uploads\/2023\/12\/postimg-656d1cf2745ec2858.jpg?fit=1024%2C536&ssl=1",1024,536,true],"1536x1536":["https:\/\/i0.wp.com\/ismaelcolosi.com.br\/wp-content\/uploads\/2023\/12\/postimg-656d1cf2745ec2858.jpg?fit=1200%2C628&ssl=1",1200,628,true],"2048x2048":["https:\/\/i0.wp.com\/ismaelcolosi.com.br\/wp-content\/uploads\/2023\/12\/postimg-656d1cf2745ec2858.jpg?fit=1200%2C628&ssl=1",1200,628,true],"neve-blog":["https:\/\/i0.wp.com\/ismaelcolosi.com.br\/wp-content\/uploads\/2023\/12\/postimg-656d1cf2745ec2858.jpg?resize=930%2C620&ssl=1",930,620,true]},"uagb_author_info":{"display_name":"ismaelcolosi.com.br","author_link":"https:\/\/ismaelcolosi.com.br\/author\/vidareal-online\/"},"uagb_comment_info":0,"uagb_excerpt":"[ad_1] Na BR-277, na regi\u00e3o de Medianeira, no Paran\u00e1, uma m\u00e3e e sua filha, de 27 anos e 12 anos de idade, morreram ap\u00f3s terem sofrido com um grave acidente de tr\u00e2nsito. De acordo com informa\u00e7\u00f5es fornecidas pela PRF (Pol\u00edcia Rodovi\u00e1ria Federal), o motorista da caminhonete estava embriagado, assim causando todo o fatal acidente para&hellip;&nbsp;","jetpack-related-posts":[{"id":10716,"url":"https:\/\/ismaelcolosi.com.br\/index.php\/2023\/12\/05\/quem-sao-mae-e-filha-que-morreram-em-grave-acidente-causado-por-motorista-embriagado\/","url_meta":{"origin":10146,"position":0},"title":"Quem s\u00e3o m\u00e3e e filha que morreram em grave acidente causado por motorista embriagado","author":"ismaelcolosi.com.br","date":"5 de Dezembro de 2023","format":false,"excerpt":"[ad_1] Um grave acidente provocado por um motorista b\u00eabado provocou uma verdadeira trag\u00e9dia e deixou uma fam\u00edlia devastada e mergulhada na dor do luto por causa do \u00f3bito de entes queridos.Uma mulher de 27 anos e sua filha, de 12 anos, perderam a vida em uma colis\u00e3o fatal que envolveu\u2026","rel":"","context":"In &quot;Blog&quot;","block_context":{"text":"Blog","link":"https:\/\/ismaelcolosi.com.br\/index.php\/category\/blog\/"},"img":{"alt_text":"","src":"https:\/\/i0.wp.com\/ismaelcolosi.com.br\/wp-content\/uploads\/2023\/12\/postimg-656e939e669e18056.jpg?fit=1200%2C628&ssl=1&resize=350%2C200","width":350,"height":200,"srcset":"https:\/\/i0.wp.com\/ismaelcolosi.com.br\/wp-content\/uploads\/2023\/12\/postimg-656e939e669e18056.jpg?fit=1200%2C628&ssl=1&resize=350%2C200 1x, https:\/\/i0.wp.com\/ismaelcolosi.com.br\/wp-content\/uploads\/2023\/12\/postimg-656e939e669e18056.jpg?fit=1200%2C628&ssl=1&resize=525%2C300 1.5x, https:\/\/i0.wp.com\/ismaelcolosi.com.br\/wp-content\/uploads\/2023\/12\/postimg-656e939e669e18056.jpg?fit=1200%2C628&ssl=1&resize=700%2C400 2x, https:\/\/i0.wp.com\/ismaelcolosi.com.br\/wp-content\/uploads\/2023\/12\/postimg-656e939e669e18056.jpg?fit=1200%2C628&ssl=1&resize=1050%2C600 3x"},"classes":[]},{"id":20546,"url":"https:\/\/ismaelcolosi.com.br\/index.php\/2023\/12\/25\/quem-e-a-familia-que-perdeu-a-vida-em-acidente-de-carro-a-caminho-de-brasilia-identidades-sao-divulgadas\/","url_meta":{"origin":10146,"position":1},"title":"Quem \u00e9 a fam\u00edlia que perdeu a vida em acidente de carro a caminho de Bras\u00edlia; identidades s\u00e3o divulgadas","author":"ismaelcolosi.com.br","date":"25 de Dezembro de 2023","format":false,"excerpt":"[ad_1] Um grave acidente acabou resultando na morte de quatro pessoas de uma mesma fam\u00edlia no \u00faltimo final de semana na BR-020. As v\u00edtimas eram um homem, a esposa e os dois filhos pequenos, que n\u00e3o resistiram aos ferimentos.O acidente ocorreu em um trecho da cidade de Correntina, que fica\u2026","rel":"","context":"In &quot;Blog&quot;","block_context":{"text":"Blog","link":"https:\/\/ismaelcolosi.com.br\/index.php\/category\/blog\/"},"img":{"alt_text":"","src":"https:\/\/i0.wp.com\/ismaelcolosi.com.br\/wp-content\/uploads\/2023\/12\/postimg-6589fa0401c742453.jpg?fit=1200%2C628&ssl=1&resize=350%2C200","width":350,"height":200,"srcset":"https:\/\/i0.wp.com\/ismaelcolosi.com.br\/wp-content\/uploads\/2023\/12\/postimg-6589fa0401c742453.jpg?fit=1200%2C628&ssl=1&resize=350%2C200 1x, https:\/\/i0.wp.com\/ismaelcolosi.com.br\/wp-content\/uploads\/2023\/12\/postimg-6589fa0401c742453.jpg?fit=1200%2C628&ssl=1&resize=525%2C300 1.5x, https:\/\/i0.wp.com\/ismaelcolosi.com.br\/wp-content\/uploads\/2023\/12\/postimg-6589fa0401c742453.jpg?fit=1200%2C628&ssl=1&resize=700%2C400 2x, https:\/\/i0.wp.com\/ismaelcolosi.com.br\/wp-content\/uploads\/2023\/12\/postimg-6589fa0401c742453.jpg?fit=1200%2C628&ssl=1&resize=1050%2C600 3x"},"classes":[]},{"id":58283,"url":"https:\/\/ismaelcolosi.com.br\/index.php\/2024\/07\/30\/mae-morre-e-filho-fica-ferido-apos-batida-de-moto-e-caminhonete-na-regiao-de-ribeirao\/","url_meta":{"origin":10146,"position":2},"title":"M\u00e3e morre e filho fica ferido ap\u00f3s batida de moto e caminhonete na regi\u00e3o de Ribeir\u00e3o","author":"ismaelcolosi.com.br","date":"30 de Julho de 2024","format":false,"excerpt":"[ad_1] Uma mulher de 33 anos morreu e o filho dela, de 11 anos, ficou ferido na tarde desta segunda-feira (29), depois de uma batida entre moto e caminhonete, em Sert\u00e3ozinho, na regi\u00e3o de Ribeir\u00e3o Preto. As v\u00edtimas estavam na motocicleta e o motorista da caminhonete, identificado pela pol\u00edcia como\u2026","rel":"","context":"In &quot;Not\u00edcias de Ribeir\u00e3o Preto-SP e Regi\u00e3o&quot;","block_context":{"text":"Not\u00edcias de Ribeir\u00e3o Preto-SP e Regi\u00e3o","link":"https:\/\/ismaelcolosi.com.br\/index.php\/category\/noticias-de-ribeirao-preto-sp-e-regiao-ismael-colosi\/"},"img":{"alt_text":"","src":"https:\/\/i0.wp.com\/ismaelcolosi.com.br\/wp-content\/uploads\/2024\/07\/WhatsApp-Image-2024-07-30-at-06.55.57_2024-07-30_09-57-02_jpeg_2024-07-30_09-57-02.webp.webp?fit=1200%2C1135&ssl=1&resize=350%2C200","width":350,"height":200,"srcset":"https:\/\/i0.wp.com\/ismaelcolosi.com.br\/wp-content\/uploads\/2024\/07\/WhatsApp-Image-2024-07-30-at-06.55.57_2024-07-30_09-57-02_jpeg_2024-07-30_09-57-02.webp.webp?fit=1200%2C1135&ssl=1&resize=350%2C200 1x, https:\/\/i0.wp.com\/ismaelcolosi.com.br\/wp-content\/uploads\/2024\/07\/WhatsApp-Image-2024-07-30-at-06.55.57_2024-07-30_09-57-02_jpeg_2024-07-30_09-57-02.webp.webp?fit=1200%2C1135&ssl=1&resize=525%2C300 1.5x, https:\/\/i0.wp.com\/ismaelcolosi.com.br\/wp-content\/uploads\/2024\/07\/WhatsApp-Image-2024-07-30-at-06.55.57_2024-07-30_09-57-02_jpeg_2024-07-30_09-57-02.webp.webp?fit=1200%2C1135&ssl=1&resize=700%2C400 2x, https:\/\/i0.wp.com\/ismaelcolosi.com.br\/wp-content\/uploads\/2024\/07\/WhatsApp-Image-2024-07-30-at-06.55.57_2024-07-30_09-57-02_jpeg_2024-07-30_09-57-02.webp.webp?fit=1200%2C1135&ssl=1&resize=1050%2C600 3x"},"classes":[]},{"id":13895,"url":"https:\/\/ismaelcolosi.com.br\/index.php\/2023\/12\/11\/bebe-nao-resiste-apos-ser-ejetado-de-veiculo-na-br-369-mae-esta-em-estado-grave\/","url_meta":{"origin":10146,"position":3},"title":"Beb\u00ea n\u00e3o resiste ap\u00f3s ser ejetado de ve\u00edculo na BR-369; m\u00e3e est\u00e1 em estado grave","author":"ismaelcolosi.com.br","date":"11 de Dezembro de 2023","format":false,"excerpt":"[ad_1] Neste \u00faltimo domingo, dia 10 de dezembro, um beb\u00ea morreu ap\u00f3s ter sido ejetado de um ve\u00edculo na BR-369, entre as regi\u00f5es de Londrina e Ibipor\u00e3, no norte do Paran\u00e1. O caso aconteceu durante o per\u00edodo noturno e est\u00e1 sendo bastante lamentado.De acordo com informa\u00e7\u00f5es fornecidas pela PRF (Pol\u00edcia\u2026","rel":"","context":"In &quot;Blog&quot;","block_context":{"text":"Blog","link":"https:\/\/ismaelcolosi.com.br\/index.php\/category\/blog\/"},"img":{"alt_text":"","src":"https:\/\/i0.wp.com\/ismaelcolosi.com.br\/wp-content\/uploads\/2023\/12\/postimg-65772acf01e4e8965.jpg?fit=1200%2C628&ssl=1&resize=350%2C200","width":350,"height":200,"srcset":"https:\/\/i0.wp.com\/ismaelcolosi.com.br\/wp-content\/uploads\/2023\/12\/postimg-65772acf01e4e8965.jpg?fit=1200%2C628&ssl=1&resize=350%2C200 1x, https:\/\/i0.wp.com\/ismaelcolosi.com.br\/wp-content\/uploads\/2023\/12\/postimg-65772acf01e4e8965.jpg?fit=1200%2C628&ssl=1&resize=525%2C300 1.5x, https:\/\/i0.wp.com\/ismaelcolosi.com.br\/wp-content\/uploads\/2023\/12\/postimg-65772acf01e4e8965.jpg?fit=1200%2C628&ssl=1&resize=700%2C400 2x, https:\/\/i0.wp.com\/ismaelcolosi.com.br\/wp-content\/uploads\/2023\/12\/postimg-65772acf01e4e8965.jpg?fit=1200%2C628&ssl=1&resize=1050%2C600 3x"},"classes":[]},{"id":28870,"url":"https:\/\/ismaelcolosi.com.br\/index.php\/2024\/01\/16\/quem-eram-mae-e-filho-que-perderam-a-vida-em-grave-acidente-na-br-282\/","url_meta":{"origin":10146,"position":4},"title":"Quem eram m\u00e3e e filho que perderam a vida em grave acidente na BR-282","author":"ismaelcolosi.com.br","date":"16 de Janeiro de 2024","format":false,"excerpt":"[ad_1] No fim da manh\u00e3 desta ter\u00e7a-feira (16), um grave acidente que teve como cen\u00e1rio a rodovia BR-282, que provocou uma enorme trag\u00e9dia deixando uma fam\u00edlia de luto.O acidente envolvendo um carro e um caminh\u00e3o na BR-282, na altura do munic\u00edpio de Ponte Serrada, que fica localizado no interior do\u2026","rel":"","context":"In &quot;Blog&quot;","block_context":{"text":"Blog","link":"https:\/\/ismaelcolosi.com.br\/index.php\/category\/blog\/"},"img":{"alt_text":"","src":"https:\/\/i0.wp.com\/ismaelcolosi.com.br\/wp-content\/uploads\/2024\/01\/postimg-65a722b4e05c58716.jpg?fit=1200%2C628&ssl=1&resize=350%2C200","width":350,"height":200,"srcset":"https:\/\/i0.wp.com\/ismaelcolosi.com.br\/wp-content\/uploads\/2024\/01\/postimg-65a722b4e05c58716.jpg?fit=1200%2C628&ssl=1&resize=350%2C200 1x, https:\/\/i0.wp.com\/ismaelcolosi.com.br\/wp-content\/uploads\/2024\/01\/postimg-65a722b4e05c58716.jpg?fit=1200%2C628&ssl=1&resize=525%2C300 1.5x, https:\/\/i0.wp.com\/ismaelcolosi.com.br\/wp-content\/uploads\/2024\/01\/postimg-65a722b4e05c58716.jpg?fit=1200%2C628&ssl=1&resize=700%2C400 2x, https:\/\/i0.wp.com\/ismaelcolosi.com.br\/wp-content\/uploads\/2024\/01\/postimg-65a722b4e05c58716.jpg?fit=1200%2C628&ssl=1&resize=1050%2C600 3x"},"classes":[]},{"id":17240,"url":"https:\/\/ismaelcolosi.com.br\/index.php\/2023\/12\/17\/quem-sao-mae-e-filho-que-perderam-a-vida-em-acidente-tragico-velorio-e-sepultamento-foi-marcado-por-grande-comocao\/","url_meta":{"origin":10146,"position":5},"title":"Quem s\u00e3o m\u00e3e e filho que perderam a vida em acidente tr\u00e1gico, vel\u00f3rio e sepultamento foi marcado por grande como\u00e7\u00e3o","author":"ismaelcolosi.com.br","date":"17 de Dezembro de 2023","format":false,"excerpt":"[ad_1] Uma trag\u00e9dia ocorreu na tarde desta da \u00faltima sexta-feira (15) com a colis\u00e3o frontal entre um caminh\u00e3o e uma caminhonete na rodovia RO-460, em processo de asfaltamento no munic\u00edpio de Buritis, localizado no interior de Rond\u00f4nia, que fica na regi\u00e3o Vale do Jamari, resultando na perda de duas vidas.De\u2026","rel":"","context":"In &quot;Blog&quot;","block_context":{"text":"Blog","link":"https:\/\/ismaelcolosi.com.br\/index.php\/category\/blog\/"},"img":{"alt_text":"","src":"https:\/\/i0.wp.com\/ismaelcolosi.com.br\/wp-content\/uploads\/2023\/12\/postimg-657f85f5652382634.jpg?fit=1200%2C628&ssl=1&resize=350%2C200","width":350,"height":200,"srcset":"https:\/\/i0.wp.com\/ismaelcolosi.com.br\/wp-content\/uploads\/2023\/12\/postimg-657f85f5652382634.jpg?fit=1200%2C628&ssl=1&resize=350%2C200 1x, https:\/\/i0.wp.com\/ismaelcolosi.com.br\/wp-content\/uploads\/2023\/12\/postimg-657f85f5652382634.jpg?fit=1200%2C628&ssl=1&resize=525%2C300 1.5x, https:\/\/i0.wp.com\/ismaelcolosi.com.br\/wp-content\/uploads\/2023\/12\/postimg-657f85f5652382634.jpg?fit=1200%2C628&ssl=1&resize=700%2C400 2x, https:\/\/i0.wp.com\/ismaelcolosi.com.br\/wp-content\/uploads\/2023\/12\/postimg-657f85f5652382634.jpg?fit=1200%2C628&ssl=1&resize=1050%2C600 3x"},"classes":[]}],"jetpack_sharing_enabled":true,"jetpack_shortlink":"https:\/\/wp.me\/pfMlyK-2DE","jetpack_featured_media_url":"https:\/\/i0.wp.com\/ismaelcolosi.com.br\/wp-content\/uploads\/2023\/12\/postimg-656d1cf2745ec2858.jpg?fit=1200%2C628&ssl=1","_links":{"self":[{"href":"https:\/\/ismaelcolosi.com.br\/index.php\/wp-json\/wp\/v2\/posts\/10146","targetHints":{"allow":["GET"]}}],"collection":[{"href":"https:\/\/ismaelcolosi.com.br\/index.php\/wp-json\/wp\/v2\/posts"}],"about":[{"href":"https:\/\/ismaelcolosi.com.br\/index.php\/wp-json\/wp\/v2\/types\/post"}],"author":[{"embeddable":true,"href":"https:\/\/ismaelcolosi.com.br\/index.php\/wp-json\/wp\/v2\/users\/1"}],"replies":[{"embeddable":true,"href":"https:\/\/ismaelcolosi.com.br\/index.php\/wp-json\/wp\/v2\/comments?post=10146"}],"version-history":[{"count":0,"href":"https:\/\/ismaelcolosi.com.br\/index.php\/wp-json\/wp\/v2\/posts\/10146\/revisions"}],"wp:featuredmedia":[{"embeddable":true,"href":"https:\/\/ismaelcolosi.com.br\/index.php\/wp-json\/wp\/v2\/media\/10147"}],"wp:attachment":[{"href":"https:\/\/ismaelcolosi.com.br\/index.php\/wp-json\/wp\/v2\/media?parent=10146"}],"wp:term":[{"taxonomy":"category","embeddable":true,"href":"https:\/\/ismaelcolosi.com.br\/index.php\/wp-json\/wp\/v2\/categories?post=10146"},{"taxonomy":"post_tag","embeddable":true,"href":"https:\/\/ismaelcolosi.com.br\/index.php\/wp-json\/wp\/v2\/tags?post=10146"}],"curies":[{"name":"wp","href":"https:\/\/api.w.org\/{rel}","templated":true}]}}