{"id":10141,"date":"2023-12-03T21:06:14","date_gmt":"2023-12-04T00:06:14","guid":{"rendered":"https:\/\/ismaelcolosi.com.br\/index.php\/2023\/12\/03\/visto-de-estudante-para-portugal-confira-passo-a-passo\/"},"modified":"2023-12-03T21:06:14","modified_gmt":"2023-12-04T00:06:14","slug":"visto-de-estudante-para-portugal-confira-passo-a-passo","status":"publish","type":"post","link":"https:\/\/ismaelcolosi.com.br\/index.php\/2023\/12\/03\/visto-de-estudante-para-portugal-confira-passo-a-passo\/","title":{"rendered":"Visto de estudante para Portugal: confira passo a passo"},"content":{"rendered":"<p> [ad_1]<br \/>\n<\/p>\n<div>\n<p>In\u00fameros fatores t\u00eam levado brasileiros a optarem por estudar em Portugal. Alguns deles s\u00e3o o custo de vida reduzido, a vantagem de estudar em <a href=\"https:\/\/catracalivre.com.br\/educacao\/alemanha-oferece-intercambio-gratuito-para-brasileiros\/\" target=\"_blank\" rel=\"noopener\">universidades europeias<\/a>, o idioma similar e o clima ameno.<\/p>\n<p>Mas, como em tantos outros pa\u00edses estrangeiros, a etapa crucial para fazer interc\u00e2mbio no pa\u00eds europeu \u00e9 obter o visto.<\/p>\n<div id=\"attachment_2207520\" class=\"wp-caption aligncenter\">\n<div class=\"d-flex justify-content-center\" data-attachment-id=\"2207520\">\n<div class=\"position-relative d-inline-block\"><img data-recalc-dims=\"1\" data-portal-copyright=\"Caroline Brundle Bugge\/iStock\" fetchpriority=\"high\" decoding=\"async\" class=\"wp-image-2207520 size-large\" src=\"https:\/\/i0.wp.com\/catracalivre.com.br\/wp-content\/uploads\/2022\/04\/bolsas-de-estudo-portugal-910x607.jpg?resize=910%2C607&#038;ssl=1\" alt=\"Visto de estudante para Portugal: confira passo a passo\" width=\"910\" height=\"607\" srcset=\"https:\/\/catracalivre.com.br\/wp-content\/uploads\/2022\/04\/bolsas-de-estudo-portugal-910x607.jpg 910w, https:\/\/catracalivre.com.br\/wp-content\/uploads\/2022\/04\/bolsas-de-estudo-portugal-450x300.jpg 450w, https:\/\/catracalivre.com.br\/wp-content\/uploads\/2022\/04\/bolsas-de-estudo-portugal-768x512.jpg 768w\" sizes=\"(max-width: 910px) 100vw, 910px\"\/><\/p>\n<p>Cr\u00e9ditos: Caroline Brundle Bugge\/iStock<\/p>\n<\/div>\n<\/div>\n<p><span class=\"post-imagem__legenda\">Visto de estudante para Portugal: confira passo a passo<\/span><\/p>\n<\/div>\n<p>No caso de Portugal, o procedimento \u00e9 feito pelo\u00a0<a href=\"https:\/\/www.vfsglobal.com\/en\/individuals\/index.html\" target=\"_blank\" rel=\"noopener\">VFS Global<\/a>, que \u00e9 um Centro de Solicita\u00e7\u00e3o de Vistos. A seguir, vamos falar sobre os tipos de autoriza\u00e7\u00e3o, regras e procedimentos para obt\u00ea-la. Acompanhe!<\/p>\n<h2>Categorias do visto para estudar em Portugal<\/h2>\n<p>O primeiro passo para iniciar o processo de visto para estudar em Portugal \u00e9 identificar o tipo de documento espec\u00edfico que precisa ser solicitado. S\u00e3o tr\u00eas categorias:<\/p>\n<ul>\n<li><strong>Visto de resid\u00eancia<\/strong>: destinado aos requerentes cujas atividades em Portugal tenham per\u00edodo superior a um ano.<\/li>\n<li><strong>Visto de estada tempor\u00e1ria<\/strong>: para quem precisa ficar por menos de um ano no pa\u00eds (que tem diversas subcategorias espec\u00edficas para cada atividade exercida). \u00c9 o caso de quem vai fazer um interc\u00e2mbio ou p\u00f3s-gradua\u00e7\u00e3o com menos de um ano de dura\u00e7\u00e3o.<\/li>\n<li><strong>Visto Schengen<\/strong>: destinado aos requerentes n\u00e3o brasileiros, que v\u00e3o a Portugal para turismo ou viagens de neg\u00f3cios. Esta modalidade \u00e9 aplic\u00e1vel apenas para uma lista espec\u00edfica de nacionalidades.<\/li>\n<\/ul>\n<h3>Documenta\u00e7\u00e3o e checklist para o visto<\/h3>\n<p>Para o visto de resid\u00eancia, o mais comum entre os estudantes, \u00e9 preciso separar os seguintes documentos:<\/p>\n<ul>\n<li>Formul\u00e1rio de pedido de visto nacional preenchido na \u00edntegra e assinado pelo requerente (no caso de menores ou incapazes, pelo representante legal);<\/li>\n<li>Duas Fotografias iguais, tipo passe, atualizadas e em boas condi\u00e7\u00f5es de identifica\u00e7\u00e3o do requerente (1 colada no formul\u00e1rio);<\/li>\n<li>Passaporte ou outro documento de viagem com validade superior em pelo menos tr\u00eas meses \u00e0 dura\u00e7\u00e3o da estada prevista (+ fotoc\u00f3pia da p\u00e1gina biogr\u00e1fica);<\/li>\n<li>Comprovativo da situa\u00e7\u00e3o regular, caso seja de outra nacionalidade que n\u00e3o a do pa\u00eds onde solicita visto (brasileiros que solicitam o visto no Brasil n\u00e3o precisam se preocupar com isso);<\/li>\n<li>Seguro de viagem v\u00e1lido, que permita cobrir as despesas necess\u00e1rias por raz\u00f5es m\u00e9dicas, incluindo assist\u00eancia m\u00e9dica urgente e eventual repatriamento, ou PB4;<\/li>\n<li>Certificado de registo criminal emitido pela autoridade competente do pa\u00eds de nacionalidade do requerente ou do pa\u00eds em que resida h\u00e1 mais de um ano;<\/li>\n<li>Requerimento para consulta do registo criminal portugu\u00eas pelo Servi\u00e7o de Estrangeiros e Fronteiras (n\u00e3o aplic\u00e1vel a menores de 16 anos);<\/li>\n<li>Comprovativo de meios de subsist\u00eancia;<\/li>\n<li>Comprovativo de admiss\u00e3o em institui\u00e7\u00e3o do ensino superior em Portugal.<\/li>\n<\/ul>\n<p>Tamb\u00e9m \u00e9 preciso enviar o <a href=\"https:\/\/www.vfsglobal.com\/Portugal\/brazil\/pdf\/consent-form-new.pdf\" target=\"_blank\" rel=\"noopener\">termo de consentimento assinado<\/a>, 2 vias do respectivo checklist devidamente preenchidas e comprovante de pagamento das taxas consulares e da VFS (que ficam em torno de R$ 628,96, acesse <a href=\"https:\/\/www.vfsglobal.com\/portugal\/brazil\/residency-visa.html\" target=\"_blank\" rel=\"noopener\">aqui<\/a> e clique em \u201ctaxas consulares\u201d para saber como pagar).<\/p>\n<p>Os itens necess\u00e1rios podem ser entregues pelos Correios, depois de observar a jurisdi\u00e7\u00e3o correspondente.<\/p>\n<p>Todos os documentos dever\u00e3o ser enviados na exata ordem da checklist e impressos em papel branco A4 sem inscri\u00e7\u00f5es no verso da p\u00e1gina, nem grampos, clips, post-its ou folhas de rosto.<\/p>\n<p>Vale destacar que, com exce\u00e7\u00e3o do passaporte, nenhum outro documento enviado ser\u00e1 devolvido, ent\u00e3o, a dica do pr\u00f3prio VFS \u00e9 tirar c\u00f3pia de tudo previamente.<\/p>\n<p>Todas as demais informa\u00e7\u00f5es sobre como brasileiros podem pedir o visto para Portugal, bem como endere\u00e7os dos escrit\u00f3rios e dados banc\u00e1rios est\u00e3o\u00a0nesta <a href=\"https:\/\/www.vfsglobal.com\/portugal\/brazil\/how-to-apply.html\" target=\"_blank\" rel=\"noopener\">p\u00e1gina<\/a>.<\/p>\n<p>Ap\u00f3s enviar os documentos, voc\u00ea poder\u00e1 acompanhar o status de sua an\u00e1lise aqui ou enviar um e-mail para <a href=\"https:\/\/catracalivre.com.br\/viagem-livre\/visto-de-estudante-para-portugal-confira-passo-a-passo\/mailto:status.portugalbr@vfsglobal.com\" target=\"_blank\" rel=\"noopener\">status.portugalbr@vfsglobal.com<\/a>. Os vistos de resid\u00eancia levam em m\u00e9dia 60 dias \u00fateis.<\/p>\n<p>Apesar das orienta\u00e7\u00f5es, sabemos que processos de requerimento de visto podem ser confusos. Al\u00e9m de entrar em contato com a pr\u00f3pria VFS para tirar suas d\u00favidas, voc\u00ea pode pedir aux\u00edlio para outras pessoas que j\u00e1 estiveram na mesma situa\u00e7\u00e3o.<\/p>\n<p>No <a href=\"https:\/\/www.facebook.com\/groups\/476048576533480\" target=\"_blank\" rel=\"noopener\">Facebook<\/a>, por exemplo, h\u00e1 um\u00a0grupo\u00a0bastante ativo que pode ajudar.<\/p>\n<p>Visto portugu\u00eas para brasileiros<\/p>\n<p>No \u00faltimo m\u00eas de fevereiro, entrou em vigor, em Portugal, a portaria n\u00ba 97\/2023, que alterou a Lei de Estrangeiros no pa\u00eds europeu. Na pr\u00e1tica, a medida veio para desburocratizar a imigra\u00e7\u00e3o por parte de quem vem da Comunidade dos Pa\u00edses de L\u00edngua Portuguesa (CPLP), entre os quais est\u00e1 o Brasil.<\/p>\n<p>O modelo de visto aprovado pelo texto (\u201ct\u00edtulo administrativo de resid\u00eancia\u201d) \u2013 tamb\u00e9m chamado de \u201cvisto autom\u00e1tico\u201d \u2013 permite, portanto, que brasileiros obtenham autoriza\u00e7\u00e3o para se instalar em Portugal por um gasto menor do que teriam com outras modalidades de visto at\u00e9 ent\u00e3o dispon\u00edveis.<\/p>\n<p>Com a autoriza\u00e7\u00e3o, os brasileiros podem permanecer no pa\u00eds por 90 dias, prorrog\u00e1veis por mais 90.<\/p>\n<p>Com a mudan\u00e7a em rela\u00e7\u00e3o \u00e0 lei de estrangeiros, houve, tamb\u00e9m, uma flexibiliza\u00e7\u00e3o das regras para estudantes de ensino superior, que, agora, n\u00e3o precisam mais passar pela aprova\u00e7\u00e3o pr\u00e9via do SEF (Servi\u00e7o de Estrangeiros e Fronteiras) se tiverem sido aprovados para estudar em uma universidade portuguesa.<\/p>\n<p>Na pr\u00e1tica, isso significa que a concess\u00e3o de visto estudantil ficou mais f\u00e1cil nestes casos.<\/p>\n<\/div>\n<p><script>\n\t\t! function(f, b, e, v, n, t, s) {\n\t\t\tif (f.fbq) return;\n\t\t\tn = f.fbq = function() {\n\t\t\t\tn.callMethod ?\n\t\t\t\t\tn.callMethod.apply(n, arguments) : n.queue.push(arguments)\n\t\t\t};\n\t\t\tif (!f._fbq) f._fbq = n;\n\t\t\tn.push = n;\n\t\t\tn.loaded = !0;\n\t\t\tn.version = '2.0';\n\t\t\tn.queue = [];\n\t\t\tt = b.createElement(e);\n\t\t\tt.async = !0;\n\t\t\tt.src = v;\n\t\t\ts = b.getElementsByTagName(e)[0];\n\t\t\ts.parentNode.insertBefore(t, s)\n\t\t}(window, document, 'script',\n\t\t\t'https:\/\/connect.facebook.net\/en_US\/fbevents.js');\n\t\tfbq('init', '338315473262380');\n\t\tfbq('track', 'PageView');\n\t<\/script><br \/>\n<br \/>[ad_2]<br \/>\n<br \/><a href=\"https:\/\/catracalivre.com.br\/viagem-livre\/visto-de-estudante-para-portugal-confira-passo-a-passo\/\" target=\"_blank\" rel=\"noopener\">Source link <\/a><\/p>\n<div class='code-block code-block-4' style='margin: 8px auto 8px 0; text-align: left; display: block; clear: both;'>\n\ud83d\udce2 Aviso Legal\n\nO site ismaelcolosi.com.br atua apenas como um canal de divulga\u00e7\u00e3o de oportunidades de emprego e n\u00e3o se responsabiliza pelo processo seletivo, contrata\u00e7\u00e3o ou qualquer outra etapa relacionada \u00e0s vagas publicadas. Todas as informa\u00e7\u00f5es s\u00e3o de responsabilidade dos anunciantes.\n\n\u26a0\ufe0f Aten\u00e7\u00e3o! Nunca pague por promessas de emprego nem compre cursos que garantam contrata\u00e7\u00e3o. Desconfie de qualquer cobran\u00e7a para participar de sele\u00e7\u00f5es.\n\n\n\n<\/div>\n<!-- CONTENT END 1 -->\n","protected":false},"excerpt":{"rendered":"<p>[ad_1] In\u00fameros fatores t\u00eam levado brasileiros a optarem por estudar em Portugal. Alguns deles s\u00e3o o custo de vida reduzido, a vantagem de estudar em universidades europeias, o idioma similar e o clima ameno. Mas, como em tantos outros pa\u00edses estrangeiros, a etapa crucial para fazer interc\u00e2mbio no pa\u00eds europeu \u00e9 obter o visto. Cr\u00e9ditos:&hellip;&nbsp;<\/p>\n","protected":false},"author":1,"featured_media":10142,"comment_status":"open","ping_status":"open","sticky":false,"template":"","format":"standard","meta":{"_uag_custom_page_level_css":"","neve_meta_sidebar":"","neve_meta_container":"","neve_meta_enable_content_width":"","neve_meta_content_width":0,"neve_meta_title_alignment":"","neve_meta_author_avatar":"","neve_post_elements_order":"","neve_meta_disable_header":"","neve_meta_disable_footer":"","neve_meta_disable_title":"","_jetpack_newsletter_access":"","_jetpack_dont_email_post_to_subs":false,"_jetpack_newsletter_tier_id":0,"_jetpack_memberships_contains_paywalled_content":false,"_jetpack_memberships_contains_paid_content":false,"footnotes":""},"categories":[19],"tags":[],"class_list":["post-10141","post","type-post","status-publish","format-standard","has-post-thumbnail","hentry","category-variedades"],"uagb_featured_image_src":{"full":["https:\/\/i0.wp.com\/ismaelcolosi.com.br\/wp-content\/uploads\/2023\/12\/bolsas-de-estudo-portugal.jpg?fit=1200%2C638&ssl=1",1200,638,false],"thumbnail":["https:\/\/i0.wp.com\/ismaelcolosi.com.br\/wp-content\/uploads\/2023\/12\/bolsas-de-estudo-portugal.jpg?resize=150%2C150&ssl=1",150,150,true],"medium":["https:\/\/i0.wp.com\/ismaelcolosi.com.br\/wp-content\/uploads\/2023\/12\/bolsas-de-estudo-portugal.jpg?fit=300%2C160&ssl=1",300,160,true],"medium_large":["https:\/\/i0.wp.com\/ismaelcolosi.com.br\/wp-content\/uploads\/2023\/12\/bolsas-de-estudo-portugal.jpg?fit=768%2C408&ssl=1",768,408,true],"large":["https:\/\/i0.wp.com\/ismaelcolosi.com.br\/wp-content\/uploads\/2023\/12\/bolsas-de-estudo-portugal.jpg?fit=1024%2C544&ssl=1",1024,544,true],"1536x1536":["https:\/\/i0.wp.com\/ismaelcolosi.com.br\/wp-content\/uploads\/2023\/12\/bolsas-de-estudo-portugal.jpg?fit=1200%2C638&ssl=1",1200,638,true],"2048x2048":["https:\/\/i0.wp.com\/ismaelcolosi.com.br\/wp-content\/uploads\/2023\/12\/bolsas-de-estudo-portugal.jpg?fit=1200%2C638&ssl=1",1200,638,true],"neve-blog":["https:\/\/i0.wp.com\/ismaelcolosi.com.br\/wp-content\/uploads\/2023\/12\/bolsas-de-estudo-portugal.jpg?resize=930%2C620&ssl=1",930,620,true]},"uagb_author_info":{"display_name":"ismaelcolosi.com.br","author_link":"https:\/\/ismaelcolosi.com.br\/author\/vidareal-online\/"},"uagb_comment_info":0,"uagb_excerpt":"[ad_1] In\u00fameros fatores t\u00eam levado brasileiros a optarem por estudar em Portugal. Alguns deles s\u00e3o o custo de vida reduzido, a vantagem de estudar em universidades europeias, o idioma similar e o clima ameno. Mas, como em tantos outros pa\u00edses estrangeiros, a etapa crucial para fazer interc\u00e2mbio no pa\u00eds europeu \u00e9 obter o visto. Cr\u00e9ditos:&hellip;&nbsp;","jetpack-related-posts":[{"id":84312,"url":"https:\/\/ismaelcolosi.com.br\/index.php\/2025\/04\/07\/tudo-o-que-voce-precisa-saber-para-se-tornar-um\/","url_meta":{"origin":10141,"position":0},"title":"tudo o que voc\u00ea precisa saber para se tornar um","author":"ismaelcolosi.com.br","date":"7 de Abril de 2025","format":false,"excerpt":"[ad_1] \r Getty Images\r Ter um trabalho remoto \u00e9 o ponto de partida para quem quer viver como um n\u00f4made digital\r Acessibilidade \r L\r L\r A-\r A+\r \r \u25d0\r \r \u00a0 Em busca de mais flexibilidade e da liberdade de trabalhar de qualquer lugar do mundo, muitos profissionais est\u00e3o adotando\u2026","rel":"","context":"In &quot;Carreira e Sucesso&quot;","block_context":{"text":"Carreira e Sucesso","link":"https:\/\/ismaelcolosi.com.br\/index.php\/category\/carreira-e-sucesso-dicas-para-carreira\/"},"img":{"alt_text":"","src":"https:\/\/i0.wp.com\/ismaelcolosi.com.br\/wp-content\/uploads\/2025\/04\/carreira-nomade-digital-1200x675.jpg?fit=1200%2C675&ssl=1&resize=350%2C200","width":350,"height":200,"srcset":"https:\/\/i0.wp.com\/ismaelcolosi.com.br\/wp-content\/uploads\/2025\/04\/carreira-nomade-digital-1200x675.jpg?fit=1200%2C675&ssl=1&resize=350%2C200 1x, https:\/\/i0.wp.com\/ismaelcolosi.com.br\/wp-content\/uploads\/2025\/04\/carreira-nomade-digital-1200x675.jpg?fit=1200%2C675&ssl=1&resize=525%2C300 1.5x, https:\/\/i0.wp.com\/ismaelcolosi.com.br\/wp-content\/uploads\/2025\/04\/carreira-nomade-digital-1200x675.jpg?fit=1200%2C675&ssl=1&resize=700%2C400 2x, https:\/\/i0.wp.com\/ismaelcolosi.com.br\/wp-content\/uploads\/2025\/04\/carreira-nomade-digital-1200x675.jpg?fit=1200%2C675&ssl=1&resize=1050%2C600 3x"},"classes":[]},{"id":87537,"url":"https:\/\/ismaelcolosi.com.br\/index.php\/2025\/09\/17\/os-10-melhores-vistos-para-nomades-digitais\/","url_meta":{"origin":10141,"position":1},"title":"Os 10 Melhores Vistos para N\u00f4mades Digitais","author":"ismaelcolosi.com.br","date":"17 de Setembro de 2025","format":false,"excerpt":"[ad_1] \r Marco Bottigelli\/Getty Images\r Espanha lidera o ranking dos melhores vistos para n\u00f4mades digitais\r Acessibilidade \r L\r L\r A-\r A+\r \r \u25d0\r \r A combina\u00e7\u00e3o entre internet de alta velocidade e a consolida\u00e7\u00e3o do trabalho remoto, intensificada pela pandemia, impulsionou o n\u00famero de pessoas que optam por viver e\u2026","rel":"","context":"In &quot;Carreira e Sucesso&quot;","block_context":{"text":"Carreira e Sucesso","link":"https:\/\/ismaelcolosi.com.br\/index.php\/category\/carreira-e-sucesso-dicas-para-carreira\/"},"img":{"alt_text":"","src":"https:\/\/i0.wp.com\/ismaelcolosi.com.br\/wp-content\/uploads\/2025\/09\/espanha-nomade-digital-1200x675.jpg?fit=1200%2C675&ssl=1&resize=350%2C200","width":350,"height":200,"srcset":"https:\/\/i0.wp.com\/ismaelcolosi.com.br\/wp-content\/uploads\/2025\/09\/espanha-nomade-digital-1200x675.jpg?fit=1200%2C675&ssl=1&resize=350%2C200 1x, https:\/\/i0.wp.com\/ismaelcolosi.com.br\/wp-content\/uploads\/2025\/09\/espanha-nomade-digital-1200x675.jpg?fit=1200%2C675&ssl=1&resize=525%2C300 1.5x, https:\/\/i0.wp.com\/ismaelcolosi.com.br\/wp-content\/uploads\/2025\/09\/espanha-nomade-digital-1200x675.jpg?fit=1200%2C675&ssl=1&resize=700%2C400 2x, https:\/\/i0.wp.com\/ismaelcolosi.com.br\/wp-content\/uploads\/2025\/09\/espanha-nomade-digital-1200x675.jpg?fit=1200%2C675&ssl=1&resize=1050%2C600 3x"},"classes":[]},{"id":31167,"url":"https:\/\/ismaelcolosi.com.br\/index.php\/2024\/01\/21\/top-10-destinos-internacionais-mais-visitados-pelos-brasileiros\/","url_meta":{"origin":10141,"position":2},"title":"Top 10 destinos internacionais mais visitados pelos brasileiros","author":"ismaelcolosi.com.br","date":"21 de Janeiro de 2024","format":false,"excerpt":"[ad_1] Nos \u00faltimos anos, os brasileiros t\u00eam expandido cada vez mais seus horizontes ao decidir para onde ir\u00e3o em suas f\u00e9rias. O gosto pela aventura, a busca por novas culturas e experi\u00eancias, a melhoria do poder de compra, a facilidade de acesso a informa\u00e7\u00f5es e a crescente conectividade a\u00e9rea contribu\u00edram\u2026","rel":"","context":"In &quot;Blog&quot;","block_context":{"text":"Blog","link":"https:\/\/ismaelcolosi.com.br\/index.php\/category\/blog\/"},"img":{"alt_text":"","src":"https:\/\/i0.wp.com\/ismaelcolosi.com.br\/wp-content\/uploads\/2024\/01\/viagens-internacionais.png?fit=600%2C384&ssl=1&resize=350%2C200","width":350,"height":200,"srcset":"https:\/\/i0.wp.com\/ismaelcolosi.com.br\/wp-content\/uploads\/2024\/01\/viagens-internacionais.png?fit=600%2C384&ssl=1&resize=350%2C200 1x, https:\/\/i0.wp.com\/ismaelcolosi.com.br\/wp-content\/uploads\/2024\/01\/viagens-internacionais.png?fit=600%2C384&ssl=1&resize=525%2C300 1.5x"},"classes":[]},{"id":90092,"url":"https:\/\/ismaelcolosi.com.br\/index.php\/2026\/04\/29\/empresas-em-portugal-implementam-semana-de-quatro-dias-de-trabalho\/","url_meta":{"origin":10141,"position":3},"title":"Empresas em Portugal Implementam Semana de Quatro Dias de Trabalho","author":"ismaelcolosi.com.br","date":"29 de Abril de 2026","format":false,"excerpt":"[ad_1] Com o livro \u201cSexta-Feira \u00e9 o Novo S\u00e1bado\u201c, o professor de economia da Universidade de Londres, o portugu\u00eas Pedro Gomes, tem divulgado os casos de 41 empresas em Portugal que decidiram, por conta pr\u00f3pria, reduzir a escala para quatro dias de trabalho por tr\u00eas de descanso (4\u00d73). O especialista\u2026","rel":"","context":"In &quot;Carreira e Sucesso&quot;","block_context":{"text":"Carreira e Sucesso","link":"https:\/\/ismaelcolosi.com.br\/index.php\/category\/carreira-e-sucesso-dicas-para-carreira\/"},"img":{"alt_text":"","src":"https:\/\/i0.wp.com\/ismaelcolosi.com.br\/wp-content\/uploads\/2026\/04\/portugal-semana-de-trabalho-1200x675.jpg?fit=1200%2C675&ssl=1&resize=350%2C200","width":350,"height":200,"srcset":"https:\/\/i0.wp.com\/ismaelcolosi.com.br\/wp-content\/uploads\/2026\/04\/portugal-semana-de-trabalho-1200x675.jpg?fit=1200%2C675&ssl=1&resize=350%2C200 1x, https:\/\/i0.wp.com\/ismaelcolosi.com.br\/wp-content\/uploads\/2026\/04\/portugal-semana-de-trabalho-1200x675.jpg?fit=1200%2C675&ssl=1&resize=525%2C300 1.5x, https:\/\/i0.wp.com\/ismaelcolosi.com.br\/wp-content\/uploads\/2026\/04\/portugal-semana-de-trabalho-1200x675.jpg?fit=1200%2C675&ssl=1&resize=700%2C400 2x, https:\/\/i0.wp.com\/ismaelcolosi.com.br\/wp-content\/uploads\/2026\/04\/portugal-semana-de-trabalho-1200x675.jpg?fit=1200%2C675&ssl=1&resize=1050%2C600 3x"},"classes":[]},{"id":52096,"url":"https:\/\/ismaelcolosi.com.br\/index.php\/2024\/06\/04\/trabalhe-viajando-veja-paises-que-dao-visto-de-nomade-digital-para-atrair-estrangeiros\/","url_meta":{"origin":10141,"position":4},"title":"Trabalhe viajando: Veja pa\u00edses que d\u00e3o visto de n\u00f4made digital para atrair estrangeiros","author":"ismaelcolosi.com.br","date":"4 de Junho de 2024","format":false,"excerpt":"[ad_1] Tha\u00eds Matosi Tha\u00eds Matos 04\/06\/2024 - 7:00 0Com o crescimento dos trabalhos remotos e h\u00edbridos durante e depois da pandemia de covid-19, cresceu tamb\u00e9m a regulariza\u00e7\u00e3o desta atividade. Atualmente, v\u00e1rios pa\u00edses possuem at\u00e9 uma modalidade de visto especial para trabalhadores n\u00f4mades.De modo geral, esse visto permite que viajantes consigam\u2026","rel":"","context":"In &quot;Empregos - Classificados&quot;","block_context":{"text":"Empregos - Classificados","link":"https:\/\/ismaelcolosi.com.br\/index.php\/category\/empregos-classificados-vagas-trabalho\/"},"img":{"alt_text":"","src":"https:\/\/i0.wp.com\/ismaelcolosi.com.br\/wp-content\/uploads\/2024\/06\/home-office-e1626114027859.jpg?fit=550%2C366&ssl=1&resize=350%2C200","width":350,"height":200,"srcset":"https:\/\/i0.wp.com\/ismaelcolosi.com.br\/wp-content\/uploads\/2024\/06\/home-office-e1626114027859.jpg?fit=550%2C366&ssl=1&resize=350%2C200 1x, https:\/\/i0.wp.com\/ismaelcolosi.com.br\/wp-content\/uploads\/2024\/06\/home-office-e1626114027859.jpg?fit=550%2C366&ssl=1&resize=525%2C300 1.5x"},"classes":[]},{"id":89418,"url":"https:\/\/ismaelcolosi.com.br\/index.php\/2026\/03\/10\/sri-lanka-quer-atrair-nomades-digitais-com-novo-visto\/","url_meta":{"origin":10141,"position":5},"title":"Sri Lanka Quer Atrair N\u00f4mades Digitais Com Novo Visto","author":"ismaelcolosi.com.br","date":"10 de Mar\u00e7o de 2026","format":false,"excerpt":"[ad_1] O Sri Lanka entrou na disputa global por profissionais remotos. O pa\u00eds asi\u00e1tico lan\u00e7ou um visto para n\u00f4mades digitais que permite viver e trabalhar na ilha por at\u00e9 um ano, desde que o profissional comprove renda mensal superior a US$ 2.000 (R$ 10.426,60). A iniciativa faz parte da estrat\u00e9gia\u2026","rel":"","context":"In &quot;Carreira e Sucesso&quot;","block_context":{"text":"Carreira e Sucesso","link":"https:\/\/ismaelcolosi.com.br\/index.php\/category\/carreira-e-sucesso-dicas-para-carreira\/"},"img":{"alt_text":"","src":"https:\/\/i0.wp.com\/ismaelcolosi.com.br\/wp-content\/uploads\/2026\/03\/sri-lanka-1200x675.jpg?fit=1200%2C675&ssl=1&resize=350%2C200","width":350,"height":200,"srcset":"https:\/\/i0.wp.com\/ismaelcolosi.com.br\/wp-content\/uploads\/2026\/03\/sri-lanka-1200x675.jpg?fit=1200%2C675&ssl=1&resize=350%2C200 1x, https:\/\/i0.wp.com\/ismaelcolosi.com.br\/wp-content\/uploads\/2026\/03\/sri-lanka-1200x675.jpg?fit=1200%2C675&ssl=1&resize=525%2C300 1.5x, https:\/\/i0.wp.com\/ismaelcolosi.com.br\/wp-content\/uploads\/2026\/03\/sri-lanka-1200x675.jpg?fit=1200%2C675&ssl=1&resize=700%2C400 2x, https:\/\/i0.wp.com\/ismaelcolosi.com.br\/wp-content\/uploads\/2026\/03\/sri-lanka-1200x675.jpg?fit=1200%2C675&ssl=1&resize=1050%2C600 3x"},"classes":[]}],"jetpack_sharing_enabled":true,"jetpack_shortlink":"https:\/\/wp.me\/pfMlyK-2Dz","jetpack_featured_media_url":"https:\/\/i0.wp.com\/ismaelcolosi.com.br\/wp-content\/uploads\/2023\/12\/bolsas-de-estudo-portugal.jpg?fit=1200%2C638&ssl=1","_links":{"self":[{"href":"https:\/\/ismaelcolosi.com.br\/index.php\/wp-json\/wp\/v2\/posts\/10141","targetHints":{"allow":["GET"]}}],"collection":[{"href":"https:\/\/ismaelcolosi.com.br\/index.php\/wp-json\/wp\/v2\/posts"}],"about":[{"href":"https:\/\/ismaelcolosi.com.br\/index.php\/wp-json\/wp\/v2\/types\/post"}],"author":[{"embeddable":true,"href":"https:\/\/ismaelcolosi.com.br\/index.php\/wp-json\/wp\/v2\/users\/1"}],"replies":[{"embeddable":true,"href":"https:\/\/ismaelcolosi.com.br\/index.php\/wp-json\/wp\/v2\/comments?post=10141"}],"version-history":[{"count":0,"href":"https:\/\/ismaelcolosi.com.br\/index.php\/wp-json\/wp\/v2\/posts\/10141\/revisions"}],"wp:featuredmedia":[{"embeddable":true,"href":"https:\/\/ismaelcolosi.com.br\/index.php\/wp-json\/wp\/v2\/media\/10142"}],"wp:attachment":[{"href":"https:\/\/ismaelcolosi.com.br\/index.php\/wp-json\/wp\/v2\/media?parent=10141"}],"wp:term":[{"taxonomy":"category","embeddable":true,"href":"https:\/\/ismaelcolosi.com.br\/index.php\/wp-json\/wp\/v2\/categories?post=10141"},{"taxonomy":"post_tag","embeddable":true,"href":"https:\/\/ismaelcolosi.com.br\/index.php\/wp-json\/wp\/v2\/tags?post=10141"}],"curies":[{"name":"wp","href":"https:\/\/api.w.org\/{rel}","templated":true}]}}