{"id":10137,"date":"2023-12-03T20:31:03","date_gmt":"2023-12-03T23:31:03","guid":{"rendered":"https:\/\/ismaelcolosi.com.br\/index.php\/2023\/12\/03\/menopausa-tambem-afeta-emocional-indica-estudo\/"},"modified":"2023-12-03T20:31:03","modified_gmt":"2023-12-03T23:31:03","slug":"menopausa-tambem-afeta-emocional-indica-estudo","status":"publish","type":"post","link":"https:\/\/ismaelcolosi.com.br\/index.php\/2023\/12\/03\/menopausa-tambem-afeta-emocional-indica-estudo\/","title":{"rendered":"Menopausa tamb\u00e9m afeta emocional, indica estudo"},"content":{"rendered":"<p> [ad_1]<br \/>\n<\/p>\n<div>\n<div id=\"attachment_2315775\" class=\"wp-caption alignnone\">\n<div class=\"d-flex justify-content-center\" data-attachment-id=\"2315775\">\n<div class=\"position-relative d-inline-block\"><img data-recalc-dims=\"1\" data-portal-copyright=\"Getty Images\" fetchpriority=\"high\" decoding=\"async\" class=\"wp-image-2315775 size-full\" src=\"https:\/\/i0.wp.com\/catracalivre.com.br\/wp-content\/uploads\/2023\/11\/istock-1525380448.jpg?resize=1200%2C801&#038;ssl=1\" alt=\"Para al\u00e9m dos sintomas f\u00edsicos, sa\u00fade emocional da mulher durante a menopausa se tornou objeto de estudo revelador \u2013 iStock\/Getty Images\" width=\"1200\" height=\"801\" srcset=\"https:\/\/catracalivre.com.br\/wp-content\/uploads\/2023\/11\/istock-1525380448.jpg 1253w, https:\/\/catracalivre.com.br\/wp-content\/uploads\/2023\/11\/istock-1525380448-450x300.jpg 450w, https:\/\/catracalivre.com.br\/wp-content\/uploads\/2023\/11\/istock-1525380448-768x512.jpg 768w\" sizes=\"(max-width: 1253px) 100vw, 1253px\"\/><\/p>\n<p>Cr\u00e9ditos: Getty Images<\/p>\n<\/div>\n<\/div>\n<p><span class=\"post-imagem__legenda\">Para al\u00e9m dos sintomas f\u00edsicos, sa\u00fade emocional da mulher durante a menopausa se tornou objeto de estudo revelador \u2013 iStock\/Getty Images<\/span><\/p>\n<\/div>\n<p>Etapa esperada na vida de todas as mulheres entre 45 e 65 anos, a menopausa se define pela transi\u00e7\u00e3o da idade f\u00e9rtil para a idade n\u00e3o f\u00e9rtil e traz consigo v\u00e1rias mudan\u00e7as devido \u00e0 diminui\u00e7\u00e3o da produ\u00e7\u00e3o hormonal. Por conta disso, \u00e9 um per\u00edodo que pode ter in\u00fameras consequ\u00eancias para a<strong><a href=\"https:\/\/catracalivre.com.br\/saude-bem-estar\/medicos-fazem-alerta-global-sobre-doenca-que-mais-mata-mulheres\/\" target=\"_blank\" rel=\"noopener\"> sa\u00fade da mulher<\/a><\/strong>, f\u00edsicos e emocionais.<\/p>\n<p>Estudo recente realizado pela<strong><a href=\"https:\/\/sobrac.org.br\/\" target=\"_blank\" rel=\"noopener\"> Sociedade Brasileira de Climat\u00e9rio (SOBRAC)<\/a><\/strong> revelou insights sobre as variadas manifesta\u00e7\u00f5es da menopausa que v\u00e3o al\u00e9m dos conhecidos sintomas f\u00edsicos, como ondas de calor.<\/p>\n<p>Al\u00e9m dos sintomas f\u00edsicos, as mulheres na menopausa tamb\u00e9m sofrem de manifesta\u00e7\u00f5es emocionais como depress\u00e3o, ansiedade e mudan\u00e7as de humor. \u00c9 importante salientar que a menopausa \u00e9 um evento, n\u00e3o um per\u00edodo, ent\u00e3o tudo que acontece ap\u00f3s esse evento \u00e9 chamado de p\u00f3s-menopausa.<\/p>\n<h2>Al\u00e9m do emocional: quais os riscos adicionais ap\u00f3s a menopausa?<\/h2>\n<p>A pesquisa tamb\u00e9m apontou que, na p\u00f3s-menopausa, as mulheres podem encontrar maior risco de desenvolver outras doen\u00e7as como diabetes, doen\u00e7as cardiovasculares, c\u00e2ncer, e em alguns casos, dem\u00eancia.<\/p>\n<p>O estudo refor\u00e7a a import\u00e2ncia de adotar h\u00e1bitos saud\u00e1veis para se passar pela menopausa de forma mais tranquila poss\u00edvel.<\/p>\n<h2>Benef\u00edcios da reposi\u00e7\u00e3o hormonal na menopausa<\/h2>\n<p>Sob a correta supervis\u00e3o m\u00e9dica, esse tratamento tem o potencial de reduzir alguns dos sintomas da menopausa, bem como ajudar a prevenir a osteoporose e promover uma melhor qualidade de vida no longo prazo.<\/p>\n<p>Al\u00e9m disso, as descobertas deste estudo s\u00e3o importantes para aumentar a conscientiza\u00e7\u00e3o tanto da sociedade quanto das mulheres sobre os diferentes aspectos da menopausa, um processo natural e inevit\u00e1vel na vida de todas as mulheres.<\/p>\n<\/div>\n<p><script>\n\t\t! function(f, b, e, v, n, t, s) {\n\t\t\tif (f.fbq) return;\n\t\t\tn = f.fbq = function() {\n\t\t\t\tn.callMethod ?\n\t\t\t\t\tn.callMethod.apply(n, arguments) : n.queue.push(arguments)\n\t\t\t};\n\t\t\tif (!f._fbq) f._fbq = n;\n\t\t\tn.push = n;\n\t\t\tn.loaded = !0;\n\t\t\tn.version = '2.0';\n\t\t\tn.queue = [];\n\t\t\tt = b.createElement(e);\n\t\t\tt.async = !0;\n\t\t\tt.src = v;\n\t\t\ts = b.getElementsByTagName(e)[0];\n\t\t\ts.parentNode.insertBefore(t, s)\n\t\t}(window, document, 'script',\n\t\t\t'https:\/\/connect.facebook.net\/en_US\/fbevents.js');\n\t\tfbq('init', '338315473262380');\n\t\tfbq('track', 'PageView');\n\t<\/script><br \/>\n<br \/>[ad_2]<br \/>\n<br \/><a href=\"https:\/\/catracalivre.com.br\/saude-bem-estar\/menopausa-tambem-afeta-emocional-indica-estudo\/\" target=\"_blank\" rel=\"noopener\">Source link <\/a><\/p>\n<div class='code-block code-block-4' style='margin: 8px auto 8px 0; text-align: left; display: block; clear: both;'>\n\ud83d\udce2 Aviso Legal\n\nO site ismaelcolosi.com.br atua apenas como um canal de divulga\u00e7\u00e3o de oportunidades de emprego e n\u00e3o se responsabiliza pelo processo seletivo, contrata\u00e7\u00e3o ou qualquer outra etapa relacionada \u00e0s vagas publicadas. Todas as informa\u00e7\u00f5es s\u00e3o de responsabilidade dos anunciantes.\n\n\u26a0\ufe0f Aten\u00e7\u00e3o! Nunca pague por promessas de emprego nem compre cursos que garantam contrata\u00e7\u00e3o. Desconfie de qualquer cobran\u00e7a para participar de sele\u00e7\u00f5es.\n\n\n\n<\/div>\n<!-- CONTENT END 1 -->\n","protected":false},"excerpt":{"rendered":"<p>[ad_1] Cr\u00e9ditos: Getty Images Para al\u00e9m dos sintomas f\u00edsicos, sa\u00fade emocional da mulher durante a menopausa se tornou objeto de estudo revelador \u2013 iStock\/Getty Images Etapa esperada na vida de todas as mulheres entre 45 e 65 anos, a menopausa se define pela transi\u00e7\u00e3o da idade f\u00e9rtil para a idade n\u00e3o f\u00e9rtil e traz consigo&hellip;&nbsp;<\/p>\n","protected":false},"author":1,"featured_media":10138,"comment_status":"open","ping_status":"open","sticky":false,"template":"","format":"standard","meta":{"_uag_custom_page_level_css":"","neve_meta_sidebar":"","neve_meta_container":"","neve_meta_enable_content_width":"","neve_meta_content_width":0,"neve_meta_title_alignment":"","neve_meta_author_avatar":"","neve_post_elements_order":"","neve_meta_disable_header":"","neve_meta_disable_footer":"","neve_meta_disable_title":"","_jetpack_newsletter_access":"","_jetpack_dont_email_post_to_subs":false,"_jetpack_newsletter_tier_id":0,"_jetpack_memberships_contains_paywalled_content":false,"_jetpack_memberships_contains_paid_content":false,"footnotes":""},"categories":[19],"tags":[],"class_list":["post-10137","post","type-post","status-publish","format-standard","has-post-thumbnail","hentry","category-variedades"],"uagb_featured_image_src":{"full":["https:\/\/i0.wp.com\/ismaelcolosi.com.br\/wp-content\/uploads\/2023\/12\/istock-1525380448.jpg?fit=1200%2C638&ssl=1",1200,638,false],"thumbnail":["https:\/\/i0.wp.com\/ismaelcolosi.com.br\/wp-content\/uploads\/2023\/12\/istock-1525380448.jpg?resize=150%2C150&ssl=1",150,150,true],"medium":["https:\/\/i0.wp.com\/ismaelcolosi.com.br\/wp-content\/uploads\/2023\/12\/istock-1525380448.jpg?fit=300%2C160&ssl=1",300,160,true],"medium_large":["https:\/\/i0.wp.com\/ismaelcolosi.com.br\/wp-content\/uploads\/2023\/12\/istock-1525380448.jpg?fit=768%2C408&ssl=1",768,408,true],"large":["https:\/\/i0.wp.com\/ismaelcolosi.com.br\/wp-content\/uploads\/2023\/12\/istock-1525380448.jpg?fit=1024%2C544&ssl=1",1024,544,true],"1536x1536":["https:\/\/i0.wp.com\/ismaelcolosi.com.br\/wp-content\/uploads\/2023\/12\/istock-1525380448.jpg?fit=1200%2C638&ssl=1",1200,638,true],"2048x2048":["https:\/\/i0.wp.com\/ismaelcolosi.com.br\/wp-content\/uploads\/2023\/12\/istock-1525380448.jpg?fit=1200%2C638&ssl=1",1200,638,true],"neve-blog":["https:\/\/i0.wp.com\/ismaelcolosi.com.br\/wp-content\/uploads\/2023\/12\/istock-1525380448.jpg?resize=930%2C620&ssl=1",930,620,true]},"uagb_author_info":{"display_name":"ismaelcolosi.com.br","author_link":"https:\/\/ismaelcolosi.com.br\/author\/vidareal-online\/"},"uagb_comment_info":0,"uagb_excerpt":"[ad_1] Cr\u00e9ditos: Getty Images Para al\u00e9m dos sintomas f\u00edsicos, sa\u00fade emocional da mulher durante a menopausa se tornou objeto de estudo revelador \u2013 iStock\/Getty Images Etapa esperada na vida de todas as mulheres entre 45 e 65 anos, a menopausa se define pela transi\u00e7\u00e3o da idade f\u00e9rtil para a idade n\u00e3o f\u00e9rtil e traz consigo&hellip;&nbsp;","jetpack-related-posts":[{"id":21661,"url":"https:\/\/ismaelcolosi.com.br\/index.php\/2023\/12\/28\/menopausa-precoce-aumenta-o-risco-de-demencia-diz-estudo\/","url_meta":{"origin":10137,"position":0},"title":"Menopausa precoce aumenta o risco de dem\u00eancia, diz estudo","author":"ismaelcolosi.com.br","date":"28 de Dezembro de 2023","format":false,"excerpt":"[ad_1] Cr\u00e9ditos: tommaso79\/istockPara entender a poss\u00edvel rela\u00e7\u00e3o entre a menopausa e a dem\u00eancia, a pesquisa observou 9.163 mulheres \u2013 iStock\/Getty Images Uma forte rela\u00e7\u00e3o entre o in\u00edcio precoce da menopausa e o risco elevado de desenvolvimento de comorbidades como o comprometimento cognitivo, e dem\u00eancia, foi observado em uma pesquisa realizada\u2026","rel":"","context":"In &quot;Variedades&quot;","block_context":{"text":"Variedades","link":"https:\/\/ismaelcolosi.com.br\/index.php\/category\/variedades\/"},"img":{"alt_text":"","src":"https:\/\/i0.wp.com\/ismaelcolosi.com.br\/wp-content\/uploads\/2023\/12\/menopausa-covid.jpg?fit=1200%2C638&ssl=1&resize=350%2C200","width":350,"height":200,"srcset":"https:\/\/i0.wp.com\/ismaelcolosi.com.br\/wp-content\/uploads\/2023\/12\/menopausa-covid.jpg?fit=1200%2C638&ssl=1&resize=350%2C200 1x, https:\/\/i0.wp.com\/ismaelcolosi.com.br\/wp-content\/uploads\/2023\/12\/menopausa-covid.jpg?fit=1200%2C638&ssl=1&resize=525%2C300 1.5x, https:\/\/i0.wp.com\/ismaelcolosi.com.br\/wp-content\/uploads\/2023\/12\/menopausa-covid.jpg?fit=1200%2C638&ssl=1&resize=700%2C400 2x, https:\/\/i0.wp.com\/ismaelcolosi.com.br\/wp-content\/uploads\/2023\/12\/menopausa-covid.jpg?fit=1200%2C638&ssl=1&resize=1050%2C600 3x"},"classes":[]},{"id":6303,"url":"https:\/\/ismaelcolosi.com.br\/index.php\/2023\/11\/25\/descoberta-dieta-que-reduz-ondas-de-calor-da-menopausa-em-96\/","url_meta":{"origin":10137,"position":1},"title":"Descoberta dieta que reduz ondas de calor da menopausa em 96%","author":"ismaelcolosi.com.br","date":"25 de Novembro de 2023","format":false,"excerpt":"[ad_1] Um novo estudo do Comit\u00ea de M\u00e9dicos para Medicina Respons\u00e1vel revelou que uma dieta vegana com baixo teor de gordura que inclui soja \u00e9 capaz de reduzir as ondas de calor da menopausa, em cerca de 96%. Segundo os pesquisadores, essa dieta promove mudan\u00e7as no microbioma intestinal que diminuem\u2026","rel":"","context":"In &quot;Variedades&quot;","block_context":{"text":"Variedades","link":"https:\/\/ismaelcolosi.com.br\/index.php\/category\/variedades\/"},"img":{"alt_text":"","src":"https:\/\/i0.wp.com\/ismaelcolosi.com.br\/wp-content\/uploads\/2023\/11\/istock-1477775902.jpg?fit=1200%2C638&ssl=1&resize=350%2C200","width":350,"height":200,"srcset":"https:\/\/i0.wp.com\/ismaelcolosi.com.br\/wp-content\/uploads\/2023\/11\/istock-1477775902.jpg?fit=1200%2C638&ssl=1&resize=350%2C200 1x, https:\/\/i0.wp.com\/ismaelcolosi.com.br\/wp-content\/uploads\/2023\/11\/istock-1477775902.jpg?fit=1200%2C638&ssl=1&resize=525%2C300 1.5x, https:\/\/i0.wp.com\/ismaelcolosi.com.br\/wp-content\/uploads\/2023\/11\/istock-1477775902.jpg?fit=1200%2C638&ssl=1&resize=700%2C400 2x, https:\/\/i0.wp.com\/ismaelcolosi.com.br\/wp-content\/uploads\/2023\/11\/istock-1477775902.jpg?fit=1200%2C638&ssl=1&resize=1050%2C600 3x"},"classes":[]},{"id":87955,"url":"https:\/\/ismaelcolosi.com.br\/index.php\/2025\/10\/18\/como-lideres-podem-oferecer-apoio-para-mulheres\/","url_meta":{"origin":10137,"position":2},"title":"Como L\u00edderes Podem Oferecer Apoio Para Mulheres","author":"ismaelcolosi.com.br","date":"18 de Outubro de 2025","format":false,"excerpt":"[ad_1] \r RealPeopleGroup\/Getty Images\r Evitar o tema da menopausa no ambiente de trabalho pode levar \u00e0 sa\u00edda de lideran\u00e7as femininas\r Acessibilidade \r L\r L\r A-\r A+\r \r \u25d0\r \r At\u00e9 2030, 1,2 bilh\u00e3o de mulheres estar\u00e3o na menopausa ou p\u00f3s-menopausa, com 47 milh\u00f5es entrando anualmente nesse per\u00edodo. No Brasil, cerca\u2026","rel":"","context":"In &quot;Carreira e Sucesso&quot;","block_context":{"text":"Carreira e Sucesso","link":"https:\/\/ismaelcolosi.com.br\/index.php\/category\/carreira-e-sucesso-dicas-para-carreira\/"},"img":{"alt_text":"","src":"https:\/\/i0.wp.com\/ismaelcolosi.com.br\/wp-content\/uploads\/2025\/10\/menopausa-no-trabalho-1200x675.jpg?fit=1200%2C675&ssl=1&resize=350%2C200","width":350,"height":200,"srcset":"https:\/\/i0.wp.com\/ismaelcolosi.com.br\/wp-content\/uploads\/2025\/10\/menopausa-no-trabalho-1200x675.jpg?fit=1200%2C675&ssl=1&resize=350%2C200 1x, https:\/\/i0.wp.com\/ismaelcolosi.com.br\/wp-content\/uploads\/2025\/10\/menopausa-no-trabalho-1200x675.jpg?fit=1200%2C675&ssl=1&resize=525%2C300 1.5x, https:\/\/i0.wp.com\/ismaelcolosi.com.br\/wp-content\/uploads\/2025\/10\/menopausa-no-trabalho-1200x675.jpg?fit=1200%2C675&ssl=1&resize=700%2C400 2x, https:\/\/i0.wp.com\/ismaelcolosi.com.br\/wp-content\/uploads\/2025\/10\/menopausa-no-trabalho-1200x675.jpg?fit=1200%2C675&ssl=1&resize=1050%2C600 3x"},"classes":[]},{"id":37355,"url":"https:\/\/ismaelcolosi.com.br\/index.php\/2024\/02\/15\/menopausa-e-carreira-como-as-mudancas-hormonais-afetam-as-mulheres-no-trabalho\/","url_meta":{"origin":10137,"position":3},"title":"Menopausa e carreira: como as mudan\u00e7as hormonais afetam as mulheres no trabalho","author":"ismaelcolosi.com.br","date":"15 de Fevereiro de 2024","format":false,"excerpt":"[ad_1] Globalmente, as perdas de produtividade relacionadas \u00e0 menopausa podem exceder US$ 150 bilh\u00f5es anualmente Quando o assunto \u00e9 menopausa, existe uma pauta importante, mas que muitas vezes fica ofuscada: sua rela\u00e7\u00e3o com o trabalho e a lideran\u00e7a. Tasneem Bhatia, conhecida como Dra. Taz, \u00e9 uma especialista em sa\u00fade da\u2026","rel":"","context":"In &quot;Carreira e Sucesso&quot;","block_context":{"text":"Carreira e Sucesso","link":"https:\/\/ismaelcolosi.com.br\/index.php\/category\/carreira-e-sucesso-dicas-para-carreira\/"},"img":{"alt_text":"","src":"https:\/\/i0.wp.com\/ismaelcolosi.com.br\/wp-content\/uploads\/2024\/02\/mulher-menopausa-trabalho.jpg?fit=1200%2C800&ssl=1&resize=350%2C200","width":350,"height":200,"srcset":"https:\/\/i0.wp.com\/ismaelcolosi.com.br\/wp-content\/uploads\/2024\/02\/mulher-menopausa-trabalho.jpg?fit=1200%2C800&ssl=1&resize=350%2C200 1x, https:\/\/i0.wp.com\/ismaelcolosi.com.br\/wp-content\/uploads\/2024\/02\/mulher-menopausa-trabalho.jpg?fit=1200%2C800&ssl=1&resize=525%2C300 1.5x, https:\/\/i0.wp.com\/ismaelcolosi.com.br\/wp-content\/uploads\/2024\/02\/mulher-menopausa-trabalho.jpg?fit=1200%2C800&ssl=1&resize=700%2C400 2x, https:\/\/i0.wp.com\/ismaelcolosi.com.br\/wp-content\/uploads\/2024\/02\/mulher-menopausa-trabalho.jpg?fit=1200%2C800&ssl=1&resize=1050%2C600 3x"},"classes":[]},{"id":20056,"url":"https:\/\/ismaelcolosi.com.br\/index.php\/2023\/12\/24\/5-causas-incomuns-relacionadas-a-falta-de-memoria\/","url_meta":{"origin":10137,"position":4},"title":"5 causas incomuns relacionadas \u00e0 falta de mem\u00f3ria","author":"ismaelcolosi.com.br","date":"24 de Dezembro de 2023","format":false,"excerpt":"[ad_1] Cr\u00e9ditos: Deepak Sethi\/istockFalta de mem\u00f3ria afeta 40% dos brasileiros acima dos 50 anos, indica estudo recente sobre o tema \u2013 iStock\/Getty Images Problemas com a mem\u00f3ria podem afetar pessoas de todas as idades e, segundo pesquisas sobre o tema, as poss\u00edveis causas para suas dificuldades de recorda\u00e7\u00e3o s\u00e3o infinitas.\u2026","rel":"","context":"In &quot;Variedades&quot;","block_context":{"text":"Variedades","link":"https:\/\/ismaelcolosi.com.br\/index.php\/category\/variedades\/"},"img":{"alt_text":"","src":"https:\/\/i0.wp.com\/ismaelcolosi.com.br\/wp-content\/uploads\/2023\/12\/istock-1369063073.jpg?fit=1200%2C638&ssl=1&resize=350%2C200","width":350,"height":200,"srcset":"https:\/\/i0.wp.com\/ismaelcolosi.com.br\/wp-content\/uploads\/2023\/12\/istock-1369063073.jpg?fit=1200%2C638&ssl=1&resize=350%2C200 1x, https:\/\/i0.wp.com\/ismaelcolosi.com.br\/wp-content\/uploads\/2023\/12\/istock-1369063073.jpg?fit=1200%2C638&ssl=1&resize=525%2C300 1.5x, https:\/\/i0.wp.com\/ismaelcolosi.com.br\/wp-content\/uploads\/2023\/12\/istock-1369063073.jpg?fit=1200%2C638&ssl=1&resize=700%2C400 2x, https:\/\/i0.wp.com\/ismaelcolosi.com.br\/wp-content\/uploads\/2023\/12\/istock-1369063073.jpg?fit=1200%2C638&ssl=1&resize=1050%2C600 3x"},"classes":[]},{"id":20350,"url":"https:\/\/ismaelcolosi.com.br\/index.php\/2023\/12\/25\/3-sintomas-ignorados-pela-maioria-das-mulheres\/","url_meta":{"origin":10137,"position":5},"title":"3 sintomas ignorados pela maioria das mulheres","author":"ismaelcolosi.com.br","date":"25 de Dezembro de 2023","format":false,"excerpt":"[ad_1] Cr\u00e9ditos: pepifoto\/istockDiagn\u00f3stico precoce do c\u00e2ncer de \u00fatero est\u00e1 diretamente ligado \u00e0 maior taxa de sobreviv\u00eancia. Descubra os sintomas \u2013 iStock\/Getty Images O c\u00e2ncer de \u00fatero foi respons\u00e1vel por 17 mil novos casos no Brasil em 2022, apontam n\u00fameros divulgados pelo Instituto Nacional do C\u00e2ncer (INCA). O alto n\u00famero de\u2026","rel":"","context":"In &quot;Variedades&quot;","block_context":{"text":"Variedades","link":"https:\/\/ismaelcolosi.com.br\/index.php\/category\/variedades\/"},"img":{"alt_text":"","src":"https:\/\/i0.wp.com\/ismaelcolosi.com.br\/wp-content\/uploads\/2023\/12\/istock-1369349748.jpg?fit=1200%2C638&ssl=1&resize=350%2C200","width":350,"height":200,"srcset":"https:\/\/i0.wp.com\/ismaelcolosi.com.br\/wp-content\/uploads\/2023\/12\/istock-1369349748.jpg?fit=1200%2C638&ssl=1&resize=350%2C200 1x, https:\/\/i0.wp.com\/ismaelcolosi.com.br\/wp-content\/uploads\/2023\/12\/istock-1369349748.jpg?fit=1200%2C638&ssl=1&resize=525%2C300 1.5x, https:\/\/i0.wp.com\/ismaelcolosi.com.br\/wp-content\/uploads\/2023\/12\/istock-1369349748.jpg?fit=1200%2C638&ssl=1&resize=700%2C400 2x, https:\/\/i0.wp.com\/ismaelcolosi.com.br\/wp-content\/uploads\/2023\/12\/istock-1369349748.jpg?fit=1200%2C638&ssl=1&resize=1050%2C600 3x"},"classes":[]}],"jetpack_sharing_enabled":true,"jetpack_shortlink":"https:\/\/wp.me\/pfMlyK-2Dv","jetpack_featured_media_url":"https:\/\/i0.wp.com\/ismaelcolosi.com.br\/wp-content\/uploads\/2023\/12\/istock-1525380448.jpg?fit=1200%2C638&ssl=1","_links":{"self":[{"href":"https:\/\/ismaelcolosi.com.br\/index.php\/wp-json\/wp\/v2\/posts\/10137","targetHints":{"allow":["GET"]}}],"collection":[{"href":"https:\/\/ismaelcolosi.com.br\/index.php\/wp-json\/wp\/v2\/posts"}],"about":[{"href":"https:\/\/ismaelcolosi.com.br\/index.php\/wp-json\/wp\/v2\/types\/post"}],"author":[{"embeddable":true,"href":"https:\/\/ismaelcolosi.com.br\/index.php\/wp-json\/wp\/v2\/users\/1"}],"replies":[{"embeddable":true,"href":"https:\/\/ismaelcolosi.com.br\/index.php\/wp-json\/wp\/v2\/comments?post=10137"}],"version-history":[{"count":0,"href":"https:\/\/ismaelcolosi.com.br\/index.php\/wp-json\/wp\/v2\/posts\/10137\/revisions"}],"wp:featuredmedia":[{"embeddable":true,"href":"https:\/\/ismaelcolosi.com.br\/index.php\/wp-json\/wp\/v2\/media\/10138"}],"wp:attachment":[{"href":"https:\/\/ismaelcolosi.com.br\/index.php\/wp-json\/wp\/v2\/media?parent=10137"}],"wp:term":[{"taxonomy":"category","embeddable":true,"href":"https:\/\/ismaelcolosi.com.br\/index.php\/wp-json\/wp\/v2\/categories?post=10137"},{"taxonomy":"post_tag","embeddable":true,"href":"https:\/\/ismaelcolosi.com.br\/index.php\/wp-json\/wp\/v2\/tags?post=10137"}],"curies":[{"name":"wp","href":"https:\/\/api.w.org\/{rel}","templated":true}]}}