{"id":10133,"date":"2023-12-03T20:15:04","date_gmt":"2023-12-03T23:15:04","guid":{"rendered":"https:\/\/ismaelcolosi.com.br\/index.php\/2023\/12\/03\/protecao-essencial-para-criancas-e-adolescentes-na-internet\/"},"modified":"2023-12-03T20:15:04","modified_gmt":"2023-12-03T23:15:04","slug":"protecao-essencial-para-criancas-e-adolescentes-na-internet","status":"publish","type":"post","link":"https:\/\/ismaelcolosi.com.br\/index.php\/2023\/12\/03\/protecao-essencial-para-criancas-e-adolescentes-na-internet\/","title":{"rendered":"prote\u00e7\u00e3o essencial para crian\u00e7as e adolescentes na internet"},"content":{"rendered":"<p> [ad_1]<br \/>\n<\/p>\n<div>\n<p>O <strong>controle parental<\/strong> \u00e9 uma ferramenta essencial para <a href=\"https:\/\/catracalivre.com.br\/educacao\/ebook-gratuito-tecnologias-criancas\/\" target=\"_blank\" rel=\"noopener\">proteger crian\u00e7as e adolescentes<\/a> na internet. Na inf\u00e2ncia, os filhos ainda n\u00e3o t\u00eam o senso cr\u00edtico agu\u00e7ado o suficiente para avaliar tudo o que veem e ouvem nas redes. Eles podem ser facilmente influenciados por conte\u00fado prejudicial e inadequados, como pornografia, viol\u00eancia e discurso de \u00f3dio.<\/p>\n<p>O blog <a href=\"https:\/\/novosalunos.com.br\/\" target=\"_blank\" rel=\"noopener\">Novos Alunos<\/a>, do <a href=\"https:\/\/www.sebsa.com.br\/\" target=\"_blank\" rel=\"noopener\">Grupo SEB (Sistema Educacional Brasileiro)<\/a>, explica como o controle parental \u00e9 uma forma de acompanhar o que os filhos est\u00e3o fazendo na internet e de orientar o seu uso de forma respons\u00e1vel. Acompanhe a leitura e saiba mais!<\/p>\n<h3>Defina hor\u00e1rios de uso<\/h3>\n<div id=\"attachment_2316226\" class=\"wp-caption aligncenter\">\n<div class=\"d-flex justify-content-center\" data-attachment-id=\"2316226\">\n<div class=\"position-relative d-inline-block\"><img data-recalc-dims=\"1\" data-portal-copyright=\"Kampus Production\/Pexels\" fetchpriority=\"high\" decoding=\"async\" class=\"size-full wp-image-2316226\" src=\"https:\/\/i0.wp.com\/catracalivre.com.br\/wp-content\/uploads\/2023\/12\/pexels-kampus-production-7925220.jpg?resize=1200%2C800&#038;ssl=1\" alt=\"Controle parental: prote\u00e7\u00e3o essencial para crian\u00e7as e adolescentes na internet\" width=\"1200\" height=\"800\" srcset=\"https:\/\/catracalivre.com.br\/wp-content\/uploads\/2023\/12\/pexels-kampus-production-7925220.jpg 1280w, https:\/\/catracalivre.com.br\/wp-content\/uploads\/2023\/12\/pexels-kampus-production-7925220-450x300.jpg 450w, https:\/\/catracalivre.com.br\/wp-content\/uploads\/2023\/12\/pexels-kampus-production-7925220-768x512.jpg 768w\" sizes=\"(max-width: 1280px) 100vw, 1280px\"\/><\/p>\n<p>Cr\u00e9ditos: Kampus Production\/Pexels<\/p>\n<\/div>\n<\/div>\n<p><span class=\"post-imagem__legenda\">Controle parental: prote\u00e7\u00e3o essencial para crian\u00e7as e adolescentes na internet<\/span><\/p>\n<\/div>\n<p>Apesar de navegar na internet ser uma forma de preencher o tempo e, at\u00e9 mesmo, de divers\u00e3o e aprendizagem, \u00e9 importante as crian\u00e7as compreenderem que o seu uso deve ser limitado. Para alcan\u00e7ar esse objetivo, os pais precisam determinar para os filhos qual hor\u00e1rio \u00e9 mais adequado para eles estarem conectados na web.<\/p>\n<p>No entanto, antes de realizar essa a\u00e7\u00e3o, \u00e9 imprescind\u00edvel que dialoguem com as crian\u00e7as e expliquem quais s\u00e3o os motivos dessa decis\u00e3o. Vale deixar claro que \u00e9 para o bem delas, e que v\u00e3o estar sempre dispostos a dar qualquer apoio quando houver necessidade (nos momentos de acesso para estudos, por exemplo).<\/p>\n<h3>Acompanhe de perto o que os pequenos acessam<\/h3>\n<p>\u00c9 necess\u00e1rio que os pais estejam sempre atentos aos sites que os filhos acessam. Veja algumas dicas de como os pais podem controlar a internet dos filhos, sem retirar o direito \u00e0 privacidade deles. Afinal, o respeito tamb\u00e9m se ensina pelo exemplo. Observe algumas estrat\u00e9gias que n\u00e3o s\u00e3o consideradas invasivas.<\/p>\n<h4>Visualize<\/h4>\n<p>Deixar o computador na sala, por exemplo, ou em local em que os pais estejam constantemente transitando \u00e9 uma \u00f3tima oportunidade de visualizar as p\u00e1ginas a que os seus filhos t\u00eam acesso. Mas n\u00e3o se esque\u00e7a de colocar o computador de frente para a passagem.<\/p>\n<h4>Computador no quarto<\/h4>\n<p>Alguns pais se sentem inseguros quando o computador est\u00e1 no quarto de seus filhos. Com o uso mais numeroso de notebooks, essa preocupa\u00e7\u00e3o ficou ainda maior.<\/p>\n<p>\u00c9 conveniente que os pais apresentem sites interessantes para os seus filhos e instalem jogos saud\u00e1veis e educativos nos notebooks e outros dispositivos eletr\u00f4nicos a que eles t\u00eam acesso. Muitas escolas trabalham com a metodologia conhecida como gamifica\u00e7\u00e3o, que favorece os estudos, por exemplo.<\/p>\n<h4>Bloqueie acesso a conte\u00fados impr\u00f3prios para a idade<\/h4>\n<div id=\"attachment_2265070\" class=\"wp-caption aligncenter\">\n<div class=\"d-flex justify-content-center\" data-attachment-id=\"2265070\">\n<div class=\"position-relative d-inline-block\"><img data-recalc-dims=\"1\" loading=\"lazy\" data-portal-copyright=\"Marina Demidiuk\/istock\" decoding=\"async\" class=\"wp-image-2265070 size-full\" src=\"https:\/\/i0.wp.com\/catracalivre.com.br\/wp-content\/uploads\/2023\/04\/istock-1354022389.jpg?resize=1200%2C789&#038;ssl=1\" alt=\"Bloqueie acesso a conte\u00fados impr\u00f3prios para a idade\" width=\"1200\" height=\"789\" srcset=\"https:\/\/catracalivre.com.br\/wp-content\/uploads\/2023\/04\/istock-1354022389.jpg 1263w, https:\/\/catracalivre.com.br\/wp-content\/uploads\/2023\/04\/istock-1354022389-450x296.jpg 450w, https:\/\/catracalivre.com.br\/wp-content\/uploads\/2023\/04\/istock-1354022389-768x505.jpg 768w\" sizes=\"auto, (max-width: 1263px) 100vw, 1263px\"\/><\/p>\n<p>Cr\u00e9ditos: Marina Demidiuk\/istock<\/p>\n<\/div>\n<\/div>\n<p><span class=\"post-imagem__legenda\">Bloqueie acesso a conte\u00fados impr\u00f3prios para a idade<\/span><\/p>\n<\/div>\n<p>Entre os riscos envolvendo a internet e seu uso pelas crian\u00e7as, est\u00e1 o acesso a conte\u00fados impr\u00f3prios para sua faixa et\u00e1ria. Em decorr\u00eancia de os pais passarem grande parte do dia no trabalho, a seguran\u00e7a dos pequenos pode ser feita ao se bloquear sites considerados prejudiciais.<\/p>\n<p>Isso pode ser feito ao configurar o provedor de internet. Normalmente, o sistema j\u00e1 cont\u00e9m essa fun\u00e7\u00e3o. Em casos de d\u00favida, \u00e9 s\u00f3 consultar um especialista para orientar sobre a ativa\u00e7\u00e3o da fun\u00e7\u00e3o.<\/p>\n<h3>Configure aparelhos para fazer controle parental<\/h3>\n<p>As crian\u00e7as da gera\u00e7\u00e3o Z ou p\u00f3s-millennial (s\u00e3o os nascidos at\u00e9 2010) ou, at\u00e9 mesmo, os que nasceram nos \u00faltimos anos, j\u00e1 est\u00e3o conectados desde cedo. A internet faz parte da sua ess\u00eancia; por isso, \u00e9 importante que se tenha controle em rela\u00e7\u00e3o ao que eles acessam.<\/p>\n<p>A vantagem \u00e9 que a maioria dos produtos digitais oferecem recursos de seguran\u00e7a para fazer controle parental em diferentes plataformas e dispositivos, a partir das suas configura\u00e7\u00f5es.<\/p>\n<p>As smart TVs, por exemplo, cont\u00eam ferramentas de controle parental que podem ser gerenciadas por meio de senha. Os tablets e smartphones disp\u00f5em de aplicativos em suas lojas, com vers\u00f5es gratuitas, como o Google Family Link, dispon\u00edvel para Android e iOS.<\/p>\n<p>Ao acess\u00e1-lo, os pais podem bloquear aplicativos, fazer a localiza\u00e7\u00e3o da crian\u00e7a e definir limite de tempo de uso do aparelho para, assim, controlar a internet dos filhos. Outra vers\u00e3o completa \u00e9 o aplicativo que realiza controle parental \u201cQustodio Controle Parental\u201d, oferecido em vers\u00e3o paga.<\/p>\n<p>Por meio dele, \u00e9 poss\u00edvel acompanhar chamadas, textos, mensagens SMS, lista de contatos bloqueados, e ainda ter relat\u00f3rios detalhados. Tamb\u00e9m d\u00e1 para monitorar computadores desktop e notebooks, por interm\u00e9dio do aplicativo Qust\u00f3dio. Ele est\u00e1 dispon\u00edvel para multiplataforma, ou seja, pode ser usado em computadores e telefones por meio da mesma conta.<\/p>\n<h3>Conscientize por meio do di\u00e1logo<\/h3>\n<p>Al\u00e9m de todos os cuidados que relatamos, \u00e9 fundamental que os pequenos aprendam a ter responsabilidade sobre suas a\u00e7\u00f5es, decis\u00f5es e de como aprender a cuidar da sua pr\u00f3pria vida. \u00c9 importante os pais os alertarem sobre quais informa\u00e7\u00f5es na internet eles consideram inadequadas, pois o conhecimento leva ao amadurecimento, o que pode evitar danos para as suas vidas.<\/p>\n<div id=\"attachment_2240441\" class=\"wp-caption aligncenter\">\n<div class=\"d-flex justify-content-center\" data-attachment-id=\"2240441\">\n<div class=\"position-relative d-inline-block\"><img data-recalc-dims=\"1\" loading=\"lazy\" data-portal-copyright=\"Kampus Production\/Pexels\" decoding=\"async\" class=\"wp-image-2240441 size-full\" src=\"https:\/\/i0.wp.com\/catracalivre.com.br\/wp-content\/uploads\/2022\/11\/e-book-gratuito-tecnologia-pexels-kampus-production.jpg?resize=1200%2C800&#038;ssl=1\" alt=\"Acompanhar o que os filhos est\u00e3o fazendo na internet \u00e9 fundamental para orientar seu uso de forma respons\u00e1vel\" width=\"1200\" height=\"800\" srcset=\"https:\/\/catracalivre.com.br\/wp-content\/uploads\/2022\/11\/e-book-gratuito-tecnologia-pexels-kampus-production.jpg 1280w, https:\/\/catracalivre.com.br\/wp-content\/uploads\/2022\/11\/e-book-gratuito-tecnologia-pexels-kampus-production-450x300.jpg 450w, https:\/\/catracalivre.com.br\/wp-content\/uploads\/2022\/11\/e-book-gratuito-tecnologia-pexels-kampus-production-768x512.jpg 768w\" sizes=\"auto, (max-width: 1280px) 100vw, 1280px\"\/><\/p>\n<p>Cr\u00e9ditos: Kampus Production\/Pexels<\/p>\n<\/div>\n<\/div>\n<p><span class=\"post-imagem__legenda\">Acompanhar o que os filhos est\u00e3o fazendo na internet \u00e9 fundamental para orientar seu uso de forma respons\u00e1vel<\/span><\/p>\n<\/div>\n<p>Ao conversar com os filhos, reforce a informa\u00e7\u00e3o de que a internet \u00e9 uma boa fonte para obter diversos conhecimentos que podem ajudar as pessoas a se desenvolverem, ganhar novas experi\u00eancias positivas e, assim, at\u00e9 auxiliar na constru\u00e7\u00e3o de um mundo melhor.<\/p>\n<p>Outro ponto que n\u00e3o pode deixar de ser refor\u00e7ado \u00e9 a confian\u00e7a entre os pais e as crian\u00e7as, a qual n\u00e3o pode ser quebrada. Essa abordagem estimula os pequenos a manterem sua dignidade e credibilidade juntos a seus pais.<\/p>\n<p>Controlar a internet dos filhos \u00e9 uma a\u00e7\u00e3o que n\u00e3o pode ser descartada pelos pais. Realizar diversas formas de monitoramento pode evitar transtornos futuros, como ass\u00e9dio, envolvimento com m\u00e1s companhias, transforma\u00e7\u00e3o de personalidade, entre outros.<\/p>\n<p>Quer saber mais sobre a educa\u00e7\u00e3o dos filhos? Acesse o <a href=\"https:\/\/novosalunos.com.br\/\" target=\"_blank\" rel=\"noopener\">blog Novos Alunos<\/a>!<\/p>\n<hr\/>\n<h3>Grupo SEB<\/h3>\n<p>Al\u00e9m do blog, que trata sobre assuntos como educa\u00e7\u00e3o bil\u00edngue, per\u00edodo integral, ensino m\u00e9dio, vestibulares e Enem, voc\u00ea pode acompanhar o SEB por meio da p\u00e1gina no <a href=\"https:\/\/www.facebook.com\/blognovosalunos\" target=\"_blank\" rel=\"noopener\">Facebook<\/a> , no perfil no <a href=\"https:\/\/www.instagram.com\/blognovosalunos\/\" target=\"_blank\" rel=\"noopener\">Instagram<\/a> e no <a href=\"https:\/\/www.youtube.com\/channel\/UCrOqp7tLra62HiAdiER3CsQ\" target=\"_blank\" rel=\"noopener\">canal do Youtube<\/a>. Voc\u00ea tamb\u00e9m pode assinar a <a href=\"https:\/\/novosalunos.com.br\/newsletter\" target=\"_blank\" rel=\"noopener\">newsletter<\/a> para receber conte\u00fado por e-mail.<\/p>\n<\/div>\n<p><script>\n\t\t! function(f, b, e, v, n, t, s) {\n\t\t\tif (f.fbq) return;\n\t\t\tn = f.fbq = function() {\n\t\t\t\tn.callMethod ?\n\t\t\t\t\tn.callMethod.apply(n, arguments) : n.queue.push(arguments)\n\t\t\t};\n\t\t\tif (!f._fbq) f._fbq = n;\n\t\t\tn.push = n;\n\t\t\tn.loaded = !0;\n\t\t\tn.version = '2.0';\n\t\t\tn.queue = [];\n\t\t\tt = b.createElement(e);\n\t\t\tt.async = !0;\n\t\t\tt.src = v;\n\t\t\ts = b.getElementsByTagName(e)[0];\n\t\t\ts.parentNode.insertBefore(t, s)\n\t\t}(window, document, 'script',\n\t\t\t'https:\/\/connect.facebook.net\/en_US\/fbevents.js');\n\t\tfbq('init', '338315473262380');\n\t\tfbq('track', 'PageView');\n\t<\/script><script async src=\"\/\/www.instagram.com\/embed.js\"><\/script><br \/>\n<br \/>[ad_2]<br \/>\n<br \/><a href=\"https:\/\/catracalivre.com.br\/educacao\/controle-parental-internet\/\" target=\"_blank\" rel=\"noopener\">Source link <\/a><\/p>\n<div class='code-block code-block-4' style='margin: 8px auto 8px 0; text-align: left; display: block; clear: both;'>\n\ud83d\udce2 Aviso Legal\n\nO site ismaelcolosi.com.br atua apenas como um canal de divulga\u00e7\u00e3o de oportunidades de emprego e n\u00e3o se responsabiliza pelo processo seletivo, contrata\u00e7\u00e3o ou qualquer outra etapa relacionada \u00e0s vagas publicadas. Todas as informa\u00e7\u00f5es s\u00e3o de responsabilidade dos anunciantes.\n\n\u26a0\ufe0f Aten\u00e7\u00e3o! Nunca pague por promessas de emprego nem compre cursos que garantam contrata\u00e7\u00e3o. Desconfie de qualquer cobran\u00e7a para participar de sele\u00e7\u00f5es.\n\n\n\n<\/div>\n<!-- CONTENT END 1 -->\n","protected":false},"excerpt":{"rendered":"<p>[ad_1] O controle parental \u00e9 uma ferramenta essencial para proteger crian\u00e7as e adolescentes na internet. Na inf\u00e2ncia, os filhos ainda n\u00e3o t\u00eam o senso cr\u00edtico agu\u00e7ado o suficiente para avaliar tudo o que veem e ouvem nas redes. Eles podem ser facilmente influenciados por conte\u00fado prejudicial e inadequados, como pornografia, viol\u00eancia e discurso de \u00f3dio.&hellip;&nbsp;<\/p>\n","protected":false},"author":1,"featured_media":10134,"comment_status":"open","ping_status":"open","sticky":false,"template":"","format":"standard","meta":{"_uag_custom_page_level_css":"","neve_meta_sidebar":"","neve_meta_container":"","neve_meta_enable_content_width":"","neve_meta_content_width":0,"neve_meta_title_alignment":"","neve_meta_author_avatar":"","neve_post_elements_order":"","neve_meta_disable_header":"","neve_meta_disable_footer":"","neve_meta_disable_title":"","_jetpack_newsletter_access":"","_jetpack_dont_email_post_to_subs":false,"_jetpack_newsletter_tier_id":0,"_jetpack_memberships_contains_paywalled_content":false,"_jetpack_memberships_contains_paid_content":false,"footnotes":""},"categories":[19],"tags":[],"class_list":["post-10133","post","type-post","status-publish","format-standard","has-post-thumbnail","hentry","category-variedades"],"uagb_featured_image_src":{"full":["https:\/\/i0.wp.com\/ismaelcolosi.com.br\/wp-content\/uploads\/2023\/12\/pexels-kampus-production-7925220.jpg?fit=1200%2C638&ssl=1",1200,638,false],"thumbnail":["https:\/\/i0.wp.com\/ismaelcolosi.com.br\/wp-content\/uploads\/2023\/12\/pexels-kampus-production-7925220.jpg?resize=150%2C150&ssl=1",150,150,true],"medium":["https:\/\/i0.wp.com\/ismaelcolosi.com.br\/wp-content\/uploads\/2023\/12\/pexels-kampus-production-7925220.jpg?fit=300%2C160&ssl=1",300,160,true],"medium_large":["https:\/\/i0.wp.com\/ismaelcolosi.com.br\/wp-content\/uploads\/2023\/12\/pexels-kampus-production-7925220.jpg?fit=768%2C408&ssl=1",768,408,true],"large":["https:\/\/i0.wp.com\/ismaelcolosi.com.br\/wp-content\/uploads\/2023\/12\/pexels-kampus-production-7925220.jpg?fit=1024%2C544&ssl=1",1024,544,true],"1536x1536":["https:\/\/i0.wp.com\/ismaelcolosi.com.br\/wp-content\/uploads\/2023\/12\/pexels-kampus-production-7925220.jpg?fit=1200%2C638&ssl=1",1200,638,true],"2048x2048":["https:\/\/i0.wp.com\/ismaelcolosi.com.br\/wp-content\/uploads\/2023\/12\/pexels-kampus-production-7925220.jpg?fit=1200%2C638&ssl=1",1200,638,true],"neve-blog":["https:\/\/i0.wp.com\/ismaelcolosi.com.br\/wp-content\/uploads\/2023\/12\/pexels-kampus-production-7925220.jpg?resize=930%2C620&ssl=1",930,620,true]},"uagb_author_info":{"display_name":"ismaelcolosi.com.br","author_link":"https:\/\/ismaelcolosi.com.br\/author\/vidareal-online\/"},"uagb_comment_info":0,"uagb_excerpt":"[ad_1] O controle parental \u00e9 uma ferramenta essencial para proteger crian\u00e7as e adolescentes na internet. Na inf\u00e2ncia, os filhos ainda n\u00e3o t\u00eam o senso cr\u00edtico agu\u00e7ado o suficiente para avaliar tudo o que veem e ouvem nas redes. Eles podem ser facilmente influenciados por conte\u00fado prejudicial e inadequados, como pornografia, viol\u00eancia e discurso de \u00f3dio.&hellip;&nbsp;","jetpack-related-posts":[{"id":39175,"url":"https:\/\/ismaelcolosi.com.br\/index.php\/2024\/02\/23\/comissao-do-senado-aprova-lei-para-proteger-criancas-em-ambientes-digitais\/","url_meta":{"origin":10133,"position":0},"title":"Comiss\u00e3o do Senado aprova lei para proteger crian\u00e7as em ambientes digitais","author":"ismaelcolosi.com.br","date":"23 de Fevereiro de 2024","format":false,"excerpt":"[ad_1] 23 de fevereiro de 2024 | 16:19 0A Comiss\u00e3o de Constitui\u00e7\u00e3o e Justi\u00e7a (CCJ) do Senado aprovou o projeto de lei (PL) 2.628\/2022, que busca proteger crian\u00e7as e adolescentes em ambientes digitais. Os senadores aprovaram um requerimento de urg\u00eancia para a vota\u00e7\u00e3o da mat\u00e9ria, que segue para a Comiss\u00e3o\u2026","rel":"","context":"In &quot;Not\u00edcias de Ribeir\u00e3o Preto-SP e Regi\u00e3o&quot;","block_context":{"text":"Not\u00edcias de Ribeir\u00e3o Preto-SP e Regi\u00e3o","link":"https:\/\/ismaelcolosi.com.br\/index.php\/category\/noticias-de-ribeirao-preto-sp-e-regiao-ismael-colosi\/"},"img":{"alt_text":"","src":"https:\/\/i0.wp.com\/ismaelcolosi.com.br\/wp-content\/uploads\/2024\/02\/588dc7e2-9d70-44d1-ba41-cad6f14dd088.jpeg?fit=675%2C450&ssl=1&resize=350%2C200","width":350,"height":200,"srcset":"https:\/\/i0.wp.com\/ismaelcolosi.com.br\/wp-content\/uploads\/2024\/02\/588dc7e2-9d70-44d1-ba41-cad6f14dd088.jpeg?fit=675%2C450&ssl=1&resize=350%2C200 1x, https:\/\/i0.wp.com\/ismaelcolosi.com.br\/wp-content\/uploads\/2024\/02\/588dc7e2-9d70-44d1-ba41-cad6f14dd088.jpeg?fit=675%2C450&ssl=1&resize=525%2C300 1.5x"},"classes":[]},{"id":59495,"url":"https:\/\/ismaelcolosi.com.br\/index.php\/2024\/08\/09\/8-em-cada-10-pais-querem-mais-dias-de-licenca-paternidade\/","url_meta":{"origin":10133,"position":1},"title":"8 em cada 10 pais querem mais dias de licen\u00e7a-paternidade","author":"ismaelcolosi.com.br","date":"9 de Agosto de 2024","format":false,"excerpt":"[ad_1] \u00a0 Acessibilidade L L A- A+ \u25d0 \u00a0 Mais de 80% dos pais gostariam de ter licen\u00e7a-paternidade estendida. Entre eles, 34% gostariam de ter mais de 21 dias de licen\u00e7a; 26% desejam 120 dias ou mais (como a licen\u00e7a-maternidade) e 22%, de 6 a 22 dias. Apenas 11% concordam\u2026","rel":"","context":"In &quot;Carreira e Sucesso&quot;","block_context":{"text":"Carreira e Sucesso","link":"https:\/\/ismaelcolosi.com.br\/index.php\/category\/carreira-e-sucesso-dicas-para-carreira\/"},"img":{"alt_text":"","src":"https:\/\/i0.wp.com\/ismaelcolosi.com.br\/wp-content\/uploads\/2024\/08\/carreira-licenca-paternidade-1024x683.jpg?fit=1024%2C683&ssl=1&resize=350%2C200","width":350,"height":200,"srcset":"https:\/\/i0.wp.com\/ismaelcolosi.com.br\/wp-content\/uploads\/2024\/08\/carreira-licenca-paternidade-1024x683.jpg?fit=1024%2C683&ssl=1&resize=350%2C200 1x, https:\/\/i0.wp.com\/ismaelcolosi.com.br\/wp-content\/uploads\/2024\/08\/carreira-licenca-paternidade-1024x683.jpg?fit=1024%2C683&ssl=1&resize=525%2C300 1.5x, https:\/\/i0.wp.com\/ismaelcolosi.com.br\/wp-content\/uploads\/2024\/08\/carreira-licenca-paternidade-1024x683.jpg?fit=1024%2C683&ssl=1&resize=700%2C400 2x"},"classes":[]},{"id":86839,"url":"https:\/\/ismaelcolosi.com.br\/index.php\/2025\/07\/29\/nova-licenca-parental-da-espanha-esta-entre-as-mais-generosas-da-europa-para-pais\/","url_meta":{"origin":10133,"position":2},"title":"Nova Licen\u00e7a Parental da Espanha Est\u00e1 entre as Mais Generosas da Europa para Pais","author":"ismaelcolosi.com.br","date":"29 de Julho de 2025","format":false,"excerpt":"[ad_1] \r Getty Images\r Pa\u00edses como Cro\u00e1cia, Irlanda e Bulg\u00e1ria oferecem licen\u00e7as maternidade mais longas do que a Espanha, mas s\u00e3o menos generosos com os pais\r Acessibilidade \r L\r L\r A-\r A+\r \r \u25d0\r \r A Espanha anunciou planos nesta ter\u00e7a-feira (29) para dar \u00e0s m\u00e3es e aos pais uma\u2026","rel":"","context":"In &quot;Carreira e Sucesso&quot;","block_context":{"text":"Carreira e Sucesso","link":"https:\/\/ismaelcolosi.com.br\/index.php\/category\/carreira-e-sucesso-dicas-para-carreira\/"},"img":{"alt_text":"","src":"https:\/\/i0.wp.com\/ismaelcolosi.com.br\/wp-content\/uploads\/2025\/07\/carreira-paternidade-licenca-parental-1200x675.jpg?fit=1200%2C675&ssl=1&resize=350%2C200","width":350,"height":200,"srcset":"https:\/\/i0.wp.com\/ismaelcolosi.com.br\/wp-content\/uploads\/2025\/07\/carreira-paternidade-licenca-parental-1200x675.jpg?fit=1200%2C675&ssl=1&resize=350%2C200 1x, https:\/\/i0.wp.com\/ismaelcolosi.com.br\/wp-content\/uploads\/2025\/07\/carreira-paternidade-licenca-parental-1200x675.jpg?fit=1200%2C675&ssl=1&resize=525%2C300 1.5x, https:\/\/i0.wp.com\/ismaelcolosi.com.br\/wp-content\/uploads\/2025\/07\/carreira-paternidade-licenca-parental-1200x675.jpg?fit=1200%2C675&ssl=1&resize=700%2C400 2x, https:\/\/i0.wp.com\/ismaelcolosi.com.br\/wp-content\/uploads\/2025\/07\/carreira-paternidade-licenca-parental-1200x675.jpg?fit=1200%2C675&ssl=1&resize=1050%2C600 3x"},"classes":[]},{"id":86076,"url":"https:\/\/ismaelcolosi.com.br\/index.php\/2025\/06\/11\/a-importancia-de-executivos-falarem-sobre-paternidade\/","url_meta":{"origin":10133,"position":3},"title":"a Import\u00e2ncia de Executivos Falarem sobre Paternidade","author":"ismaelcolosi.com.br","date":"11 de Junho de 2025","format":false,"excerpt":"[ad_1] \r Getty Images\r Segundo pesquisa, 8 em cada 10 pais querem mais dias de licen\u00e7a-paternidade\r Acessibilidade \r L\r L\r A-\r A+\r \r \u25d0\r \r \u00a0 A licen\u00e7a-paternidade \u00e9 um tema que ganha cada vez mais aten\u00e7\u00e3o no Brasil, impulsionado por movimentos que buscam equiparar direitos e responsabilidades parentais. Hoje,\u2026","rel":"","context":"In &quot;Carreira e Sucesso&quot;","block_context":{"text":"Carreira e Sucesso","link":"https:\/\/ismaelcolosi.com.br\/index.php\/category\/carreira-e-sucesso-dicas-para-carreira\/"},"img":{"alt_text":"","src":"https:\/\/i0.wp.com\/ismaelcolosi.com.br\/wp-content\/uploads\/2025\/06\/forbes-paternidade-1-1200x675.jpg?fit=1200%2C675&ssl=1&resize=350%2C200","width":350,"height":200,"srcset":"https:\/\/i0.wp.com\/ismaelcolosi.com.br\/wp-content\/uploads\/2025\/06\/forbes-paternidade-1-1200x675.jpg?fit=1200%2C675&ssl=1&resize=350%2C200 1x, https:\/\/i0.wp.com\/ismaelcolosi.com.br\/wp-content\/uploads\/2025\/06\/forbes-paternidade-1-1200x675.jpg?fit=1200%2C675&ssl=1&resize=525%2C300 1.5x, https:\/\/i0.wp.com\/ismaelcolosi.com.br\/wp-content\/uploads\/2025\/06\/forbes-paternidade-1-1200x675.jpg?fit=1200%2C675&ssl=1&resize=700%2C400 2x, https:\/\/i0.wp.com\/ismaelcolosi.com.br\/wp-content\/uploads\/2025\/06\/forbes-paternidade-1-1200x675.jpg?fit=1200%2C675&ssl=1&resize=1050%2C600 3x"},"classes":[]},{"id":75169,"url":"https:\/\/ismaelcolosi.com.br\/index.php\/2024\/11\/04\/governo-processa-tiktok-por-violacao-no-tratamento-de-dados-de-criancas-no-brasil\/","url_meta":{"origin":10133,"position":4},"title":"Governo Processa TikTok por Viola\u00e7\u00e3o no Tratamento de Dados de Crian\u00e7as no Brasil","author":"ismaelcolosi.com.br","date":"4 de Novembro de 2024","format":false,"excerpt":"[ad_1] O governo brasileiro, atrav\u00e9s do Minist\u00e9rio da Justi\u00e7a e Seguran\u00e7a P\u00fablica, anunciou nesta segunda-feira (4) uma a\u00e7\u00e3o judicial contra o TikTok, acusando a plataforma de tratamento irregular de dados pessoais de crian\u00e7as. O processo, que se baseia na suspeita de coleta e uso inadequados de informa\u00e7\u00f5es de menores de\u2026","rel":"","context":"In &quot;Not\u00edcias de Ribeir\u00e3o Preto-SP e Regi\u00e3o&quot;","block_context":{"text":"Not\u00edcias de Ribeir\u00e3o Preto-SP e Regi\u00e3o","link":"https:\/\/ismaelcolosi.com.br\/index.php\/category\/noticias-de-ribeirao-preto-sp-e-regiao-ismael-colosi\/"},"img":{"alt_text":"","src":"https:\/\/i0.wp.com\/ismaelcolosi.com.br\/wp-content\/uploads\/2024\/11\/2024-03-13t174544z_1559419393_rc24l6azm3pa_rtrmadp_3_usa-tiktok.webp.webp?fit=1170%2C700&ssl=1&resize=350%2C200","width":350,"height":200,"srcset":"https:\/\/i0.wp.com\/ismaelcolosi.com.br\/wp-content\/uploads\/2024\/11\/2024-03-13t174544z_1559419393_rc24l6azm3pa_rtrmadp_3_usa-tiktok.webp.webp?fit=1170%2C700&ssl=1&resize=350%2C200 1x, https:\/\/i0.wp.com\/ismaelcolosi.com.br\/wp-content\/uploads\/2024\/11\/2024-03-13t174544z_1559419393_rc24l6azm3pa_rtrmadp_3_usa-tiktok.webp.webp?fit=1170%2C700&ssl=1&resize=525%2C300 1.5x, https:\/\/i0.wp.com\/ismaelcolosi.com.br\/wp-content\/uploads\/2024\/11\/2024-03-13t174544z_1559419393_rc24l6azm3pa_rtrmadp_3_usa-tiktok.webp.webp?fit=1170%2C700&ssl=1&resize=700%2C400 2x, https:\/\/i0.wp.com\/ismaelcolosi.com.br\/wp-content\/uploads\/2024\/11\/2024-03-13t174544z_1559419393_rc24l6azm3pa_rtrmadp_3_usa-tiktok.webp.webp?fit=1170%2C700&ssl=1&resize=1050%2C600 3x"},"classes":[]},{"id":49231,"url":"https:\/\/ismaelcolosi.com.br\/index.php\/2024\/05\/09\/o-boticario-e-ingrid-guimaraes-celebram-o-dia-das-maes-com-reflexao-poderosa\/","url_meta":{"origin":10133,"position":5},"title":"O Botic\u00e1rio e Ingrid Guimar\u00e3es celebram o Dia das M\u00e3es com reflex\u00e3o poderosa","author":"ismaelcolosi.com.br","date":"9 de Maio de 2024","format":false,"excerpt":"[ad_1] O Botic\u00e1rio e Ingrid Guimar\u00e3es celebram o Dia das M\u00e3es com reflex\u00e3o poderosaNa \u00faltima semana, o Botic\u00e1rio, marca de beleza mais amada do Brasil, realizou um talk show exclusivo em S\u00e3o Paulo. Com presen\u00e7a da atriz Ingrid Guimar\u00e3es, o encontro apresentou a nova campanha de Dia das M\u00e3es e\u2026","rel":"","context":"In &quot;Not\u00edcias de Ribeir\u00e3o Preto-SP e Regi\u00e3o&quot;","block_context":{"text":"Not\u00edcias de Ribeir\u00e3o Preto-SP e Regi\u00e3o","link":"https:\/\/ismaelcolosi.com.br\/index.php\/category\/noticias-de-ribeirao-preto-sp-e-regiao-ismael-colosi\/"},"img":{"alt_text":"","src":"https:\/\/i0.wp.com\/ismaelcolosi.com.br\/wp-content\/uploads\/2024\/05\/handler-2.jpeg?fit=1200%2C800&ssl=1&resize=350%2C200","width":350,"height":200,"srcset":"https:\/\/i0.wp.com\/ismaelcolosi.com.br\/wp-content\/uploads\/2024\/05\/handler-2.jpeg?fit=1200%2C800&ssl=1&resize=350%2C200 1x, https:\/\/i0.wp.com\/ismaelcolosi.com.br\/wp-content\/uploads\/2024\/05\/handler-2.jpeg?fit=1200%2C800&ssl=1&resize=525%2C300 1.5x, https:\/\/i0.wp.com\/ismaelcolosi.com.br\/wp-content\/uploads\/2024\/05\/handler-2.jpeg?fit=1200%2C800&ssl=1&resize=700%2C400 2x, https:\/\/i0.wp.com\/ismaelcolosi.com.br\/wp-content\/uploads\/2024\/05\/handler-2.jpeg?fit=1200%2C800&ssl=1&resize=1050%2C600 3x"},"classes":[]}],"jetpack_sharing_enabled":true,"jetpack_shortlink":"https:\/\/wp.me\/pfMlyK-2Dr","jetpack_featured_media_url":"https:\/\/i0.wp.com\/ismaelcolosi.com.br\/wp-content\/uploads\/2023\/12\/pexels-kampus-production-7925220.jpg?fit=1200%2C638&ssl=1","_links":{"self":[{"href":"https:\/\/ismaelcolosi.com.br\/index.php\/wp-json\/wp\/v2\/posts\/10133","targetHints":{"allow":["GET"]}}],"collection":[{"href":"https:\/\/ismaelcolosi.com.br\/index.php\/wp-json\/wp\/v2\/posts"}],"about":[{"href":"https:\/\/ismaelcolosi.com.br\/index.php\/wp-json\/wp\/v2\/types\/post"}],"author":[{"embeddable":true,"href":"https:\/\/ismaelcolosi.com.br\/index.php\/wp-json\/wp\/v2\/users\/1"}],"replies":[{"embeddable":true,"href":"https:\/\/ismaelcolosi.com.br\/index.php\/wp-json\/wp\/v2\/comments?post=10133"}],"version-history":[{"count":0,"href":"https:\/\/ismaelcolosi.com.br\/index.php\/wp-json\/wp\/v2\/posts\/10133\/revisions"}],"wp:featuredmedia":[{"embeddable":true,"href":"https:\/\/ismaelcolosi.com.br\/index.php\/wp-json\/wp\/v2\/media\/10134"}],"wp:attachment":[{"href":"https:\/\/ismaelcolosi.com.br\/index.php\/wp-json\/wp\/v2\/media?parent=10133"}],"wp:term":[{"taxonomy":"category","embeddable":true,"href":"https:\/\/ismaelcolosi.com.br\/index.php\/wp-json\/wp\/v2\/categories?post=10133"},{"taxonomy":"post_tag","embeddable":true,"href":"https:\/\/ismaelcolosi.com.br\/index.php\/wp-json\/wp\/v2\/tags?post=10133"}],"curies":[{"name":"wp","href":"https:\/\/api.w.org\/{rel}","templated":true}]}}