{"id":10117,"date":"2023-12-03T19:01:30","date_gmt":"2023-12-03T22:01:30","guid":{"rendered":"https:\/\/ismaelcolosi.com.br\/index.php\/2023\/12\/03\/segundo-estudo-medicamento-popular-aumenta-risco-de-demencia\/"},"modified":"2023-12-03T19:01:30","modified_gmt":"2023-12-03T22:01:30","slug":"segundo-estudo-medicamento-popular-aumenta-risco-de-demencia","status":"publish","type":"post","link":"https:\/\/ismaelcolosi.com.br\/index.php\/2023\/12\/03\/segundo-estudo-medicamento-popular-aumenta-risco-de-demencia\/","title":{"rendered":"Segundo estudo, medicamento popular aumenta risco de dem\u00eancia"},"content":{"rendered":"<p> [ad_1]<br \/>\n<\/p>\n<div>\n<div id=\"attachment_2315768\" class=\"wp-caption alignnone\">\n<div class=\"d-flex justify-content-center\" data-attachment-id=\"2315768\">\n<div class=\"position-relative d-inline-block\"><img data-recalc-dims=\"1\" data-portal-copyright=\"Getty Images\" fetchpriority=\"high\" decoding=\"async\" class=\"wp-image-2315768 size-full\" src=\"https:\/\/i0.wp.com\/catracalivre.com.br\/wp-content\/uploads\/2023\/11\/istock-1471839731.jpg?resize=1200%2C800&#038;ssl=1\" alt=\"Embora eficazes, esses medicamentos t\u00eam sido associados a diversos problemas de sa\u00fade como a dem\u00eancia \u2013 iStock\/Getty Images\" width=\"1200\" height=\"800\" srcset=\"https:\/\/catracalivre.com.br\/wp-content\/uploads\/2023\/11\/istock-1471839731.jpg 1254w, https:\/\/catracalivre.com.br\/wp-content\/uploads\/2023\/11\/istock-1471839731-450x300.jpg 450w, https:\/\/catracalivre.com.br\/wp-content\/uploads\/2023\/11\/istock-1471839731-768x512.jpg 768w\" sizes=\"(max-width: 1254px) 100vw, 1254px\"\/><\/p>\n<p>Cr\u00e9ditos: Getty Images<\/p>\n<\/div>\n<\/div>\n<p><span class=\"post-imagem__legenda\">Embora eficazes, esses medicamentos t\u00eam sido associados a diversos problemas de sa\u00fade como a dem\u00eancia \u2013 iStock\/Getty Images<\/span><\/p>\n<\/div>\n<p>O uso prolongado de Inibidores de Bomba de Pr\u00f3tons (IBPs), uma classe de medicamento comumente atrelada ao tratamento de refluxo \u00e1cido, pode aumentar em at\u00e9 33% o risco de desenvolvimento de dem\u00eancia, aponta pesquisa divulgada na revista cient\u00edfica <strong><a href=\"https:\/\/www.neurology.org\/\" target=\"_blank\" rel=\"noopener\">Neurology<\/a><\/strong>.<\/p>\n<p>O rem\u00e9dio \u00e9 comumente receitado para o tratamento de desconforto e eventuais danos aos tecidos esof\u00e1gicos, que ocorre quando os \u00e1cidos presentes no <strong><a href=\"https:\/\/catracalivre.com.br\/saude-bem-estar\/estes-alimentos-nao-devem-ser-consumidos-com-o-estomago-vazio\/\" target=\"_blank\" rel=\"noopener\">est\u00f4mago<\/a><\/strong> regurgitam para o es\u00f4fago. Para combater esse problema, os IBPs s\u00e3o amplamente prescritos, pois atuam reduzindo a quantidade de \u00e1cido produzido pelo est\u00f4mago.<\/p>\n<h2>Por que o medicamento aumenta o risco de dem\u00eancia?<\/h2>\n<p>Estudos recentes sobre o tema mostram que, embora sejam eficazes no tratamento do refluxo,\u00a0esses medicamentos t\u00eam sido associados a diversos problemas de sa\u00fade.<\/p>\n<p>Um desses ensaios, realizado pela equipe de Neurology, observou o impacto desses f\u00e1rmacos no desenvolvimento de dem\u00eancia. Nele,\u00a0os participantes foram divididos em quatro grupos, de acordo com o uso das drogas e o per\u00edodo deste uso. Dentre aqueles que usaram os medicamentos por mais de 4,4 anos (497 pessoas), foi identificado que 58 desenvolveram quadros de dem\u00eancia.<\/p>\n<p>Ao todo, a pesquisa envolveu mais de 5.700 pessoas acima de 45 anos sem sinais de dem\u00eancia no in\u00edcio do estudo, e desses, 1.490 utilizavam medicamentos para refluxo \u00e1cido.<\/p>\n<h2>Qual o risco de dem\u00eancia para quem usa IBPs?<\/h2>\n<p>Ao levar em conta fatores como idade, sexo, ra\u00e7a e condi\u00e7\u00f5es de sa\u00fade correlacionadas, o estudo chegou \u00e0 conclus\u00e3o que as pessoas que consomem medicamentos para refluxo \u00e1cido por mais de 4,4 anos t\u00eam um risco 33% maior de desenvolver dem\u00eancia.<\/p>\n<p>Por outro lado, \u00e9 importante frisar, entretanto, que o estudo n\u00e3o encontrou um risco aumentado de dem\u00eancia para aqueles que tomam os medicamentos por um per\u00edodo inferior a 4,4 anos.<\/p>\n<h2>Uso consciente<\/h2>\n<p>Estas descobertas refor\u00e7am a necessidade de prescri\u00e7\u00e3o criteriosa, e uso consciente destes medicamentos, respeitando sempre as orienta\u00e7\u00f5es m\u00e9dicas e ponderando os riscos e benef\u00edcios do uso prolongado. Lembrando que esta pesquisa \u00e9 um avan\u00e7o importante para entendermos melhor sobre os impactos do uso dos IBPs, mas ainda s\u00e3o necess\u00e1rios mais estudos para confirmar tal associa\u00e7\u00e3o e entender os mecanismos exatos que levam a tal rela\u00e7\u00e3o.<\/p>\n<\/div>\n<p><script>\n\t\t! function(f, b, e, v, n, t, s) {\n\t\t\tif (f.fbq) return;\n\t\t\tn = f.fbq = function() {\n\t\t\t\tn.callMethod ?\n\t\t\t\t\tn.callMethod.apply(n, arguments) : n.queue.push(arguments)\n\t\t\t};\n\t\t\tif (!f._fbq) f._fbq = n;\n\t\t\tn.push = n;\n\t\t\tn.loaded = !0;\n\t\t\tn.version = '2.0';\n\t\t\tn.queue = [];\n\t\t\tt = b.createElement(e);\n\t\t\tt.async = !0;\n\t\t\tt.src = v;\n\t\t\ts = b.getElementsByTagName(e)[0];\n\t\t\ts.parentNode.insertBefore(t, s)\n\t\t}(window, document, 'script',\n\t\t\t'https:\/\/connect.facebook.net\/en_US\/fbevents.js');\n\t\tfbq('init', '338315473262380');\n\t\tfbq('track', 'PageView');\n\t<\/script><br \/>\n<br \/>[ad_2]<br \/>\n<br \/><a href=\"https:\/\/catracalivre.com.br\/saude-bem-estar\/segundo-estudo-medicamento-popular-aumenta-risco-de-demencia\/\" target=\"_blank\" rel=\"noopener\">Source link <\/a><\/p>\n<div class='code-block code-block-4' style='margin: 8px auto 8px 0; text-align: left; display: block; clear: both;'>\n\ud83d\udce2 Aviso Legal\n\nO site ismaelcolosi.com.br atua apenas como um canal de divulga\u00e7\u00e3o de oportunidades de emprego e n\u00e3o se responsabiliza pelo processo seletivo, contrata\u00e7\u00e3o ou qualquer outra etapa relacionada \u00e0s vagas publicadas. Todas as informa\u00e7\u00f5es s\u00e3o de responsabilidade dos anunciantes.\n\n\u26a0\ufe0f Aten\u00e7\u00e3o! Nunca pague por promessas de emprego nem compre cursos que garantam contrata\u00e7\u00e3o. Desconfie de qualquer cobran\u00e7a para participar de sele\u00e7\u00f5es.\n\n\n\n<\/div>\n<!-- CONTENT END 1 -->\n","protected":false},"excerpt":{"rendered":"<p>[ad_1] Cr\u00e9ditos: Getty Images Embora eficazes, esses medicamentos t\u00eam sido associados a diversos problemas de sa\u00fade como a dem\u00eancia \u2013 iStock\/Getty Images O uso prolongado de Inibidores de Bomba de Pr\u00f3tons (IBPs), uma classe de medicamento comumente atrelada ao tratamento de refluxo \u00e1cido, pode aumentar em at\u00e9 33% o risco de desenvolvimento de dem\u00eancia, aponta&hellip;&nbsp;<\/p>\n","protected":false},"author":1,"featured_media":10118,"comment_status":"open","ping_status":"open","sticky":false,"template":"","format":"standard","meta":{"_uag_custom_page_level_css":"","neve_meta_sidebar":"","neve_meta_container":"","neve_meta_enable_content_width":"","neve_meta_content_width":0,"neve_meta_title_alignment":"","neve_meta_author_avatar":"","neve_post_elements_order":"","neve_meta_disable_header":"","neve_meta_disable_footer":"","neve_meta_disable_title":"","_jetpack_newsletter_access":"","_jetpack_dont_email_post_to_subs":false,"_jetpack_newsletter_tier_id":0,"_jetpack_memberships_contains_paywalled_content":false,"_jetpack_memberships_contains_paid_content":false,"footnotes":""},"categories":[19],"tags":[],"class_list":["post-10117","post","type-post","status-publish","format-standard","has-post-thumbnail","hentry","category-variedades"],"uagb_featured_image_src":{"full":["https:\/\/i0.wp.com\/ismaelcolosi.com.br\/wp-content\/uploads\/2023\/12\/istock-1471839731.jpg?fit=1200%2C638&ssl=1",1200,638,false],"thumbnail":["https:\/\/i0.wp.com\/ismaelcolosi.com.br\/wp-content\/uploads\/2023\/12\/istock-1471839731.jpg?resize=150%2C150&ssl=1",150,150,true],"medium":["https:\/\/i0.wp.com\/ismaelcolosi.com.br\/wp-content\/uploads\/2023\/12\/istock-1471839731.jpg?fit=300%2C160&ssl=1",300,160,true],"medium_large":["https:\/\/i0.wp.com\/ismaelcolosi.com.br\/wp-content\/uploads\/2023\/12\/istock-1471839731.jpg?fit=768%2C408&ssl=1",768,408,true],"large":["https:\/\/i0.wp.com\/ismaelcolosi.com.br\/wp-content\/uploads\/2023\/12\/istock-1471839731.jpg?fit=1024%2C544&ssl=1",1024,544,true],"1536x1536":["https:\/\/i0.wp.com\/ismaelcolosi.com.br\/wp-content\/uploads\/2023\/12\/istock-1471839731.jpg?fit=1200%2C638&ssl=1",1200,638,true],"2048x2048":["https:\/\/i0.wp.com\/ismaelcolosi.com.br\/wp-content\/uploads\/2023\/12\/istock-1471839731.jpg?fit=1200%2C638&ssl=1",1200,638,true],"neve-blog":["https:\/\/i0.wp.com\/ismaelcolosi.com.br\/wp-content\/uploads\/2023\/12\/istock-1471839731.jpg?resize=930%2C620&ssl=1",930,620,true]},"uagb_author_info":{"display_name":"ismaelcolosi.com.br","author_link":"https:\/\/ismaelcolosi.com.br\/author\/vidareal-online\/"},"uagb_comment_info":0,"uagb_excerpt":"[ad_1] Cr\u00e9ditos: Getty Images Embora eficazes, esses medicamentos t\u00eam sido associados a diversos problemas de sa\u00fade como a dem\u00eancia \u2013 iStock\/Getty Images O uso prolongado de Inibidores de Bomba de Pr\u00f3tons (IBPs), uma classe de medicamento comumente atrelada ao tratamento de refluxo \u00e1cido, pode aumentar em at\u00e9 33% o risco de desenvolvimento de dem\u00eancia, aponta&hellip;&nbsp;","jetpack-related-posts":[{"id":16717,"url":"https:\/\/ismaelcolosi.com.br\/index.php\/2023\/12\/16\/estudo-destaca-3-medicamentos-que-aumentam-o-risco-de-demencia\/","url_meta":{"origin":10117,"position":0},"title":"Estudo destaca 3 medicamentos que aumentam o risco de dem\u00eancia","author":"ismaelcolosi.com.br","date":"16 de Dezembro de 2023","format":false,"excerpt":"[ad_1] Cr\u00e9ditos: haydenbird\/istockEstudo observou efeitos de medicamentos usados para dormir associados ao risco de dem\u00eancia \u2013 iStock\/Getty Images O uso frequente de medicamentos para dormir, como zolpidem, clonazepam, diazepam e antidepressivos, pode aumentar consideravelmente o risco de dem\u00eancia em at\u00e9 79%, indica recente pesquisa conduzida pela Universidade da Calif\u00f3rnia-S\u00e3o Francisco\u2026","rel":"","context":"In &quot;Variedades&quot;","block_context":{"text":"Variedades","link":"https:\/\/ismaelcolosi.com.br\/index.php\/category\/variedades\/"},"img":{"alt_text":"","src":"https:\/\/i0.wp.com\/ismaelcolosi.com.br\/wp-content\/uploads\/2023\/12\/istock-97873871-1.jpg?fit=1200%2C638&ssl=1&resize=350%2C200","width":350,"height":200,"srcset":"https:\/\/i0.wp.com\/ismaelcolosi.com.br\/wp-content\/uploads\/2023\/12\/istock-97873871-1.jpg?fit=1200%2C638&ssl=1&resize=350%2C200 1x, https:\/\/i0.wp.com\/ismaelcolosi.com.br\/wp-content\/uploads\/2023\/12\/istock-97873871-1.jpg?fit=1200%2C638&ssl=1&resize=525%2C300 1.5x, https:\/\/i0.wp.com\/ismaelcolosi.com.br\/wp-content\/uploads\/2023\/12\/istock-97873871-1.jpg?fit=1200%2C638&ssl=1&resize=700%2C400 2x, https:\/\/i0.wp.com\/ismaelcolosi.com.br\/wp-content\/uploads\/2023\/12\/istock-97873871-1.jpg?fit=1200%2C638&ssl=1&resize=1050%2C600 3x"},"classes":[]},{"id":3874,"url":"https:\/\/ismaelcolosi.com.br\/index.php\/2023\/11\/20\/sintoma-associado-a-demencia-pode-aparecer-ao-volante-diz-estudo\/","url_meta":{"origin":10117,"position":1},"title":"Sintoma associado \u00e0 dem\u00eancia pode aparecer ao volante, diz estudo","author":"ismaelcolosi.com.br","date":"20 de Novembro de 2023","format":false,"excerpt":"[ad_1] Cr\u00e9ditos: Getty ImagesSintoma de dem\u00eancia no tr\u00e2nsito pode se manifestar por meio de erros simples como troca de pedais \u2013 iStock\/Getty Images Estimativas do projeto Global Burden of Disease indicam que, hoje, aproximadamente dois milh\u00f5es de pessoas vivem com dem\u00eancia no Brasil e a expectativa \u00e9 de que o\u2026","rel":"","context":"In &quot;Variedades&quot;","block_context":{"text":"Variedades","link":"https:\/\/ismaelcolosi.com.br\/index.php\/category\/variedades\/"},"img":{"alt_text":"","src":"https:\/\/i0.wp.com\/ismaelcolosi.com.br\/wp-content\/uploads\/2023\/11\/istock-1164572180.jpg?fit=1200%2C638&ssl=1&resize=350%2C200","width":350,"height":200,"srcset":"https:\/\/i0.wp.com\/ismaelcolosi.com.br\/wp-content\/uploads\/2023\/11\/istock-1164572180.jpg?fit=1200%2C638&ssl=1&resize=350%2C200 1x, https:\/\/i0.wp.com\/ismaelcolosi.com.br\/wp-content\/uploads\/2023\/11\/istock-1164572180.jpg?fit=1200%2C638&ssl=1&resize=525%2C300 1.5x, https:\/\/i0.wp.com\/ismaelcolosi.com.br\/wp-content\/uploads\/2023\/11\/istock-1164572180.jpg?fit=1200%2C638&ssl=1&resize=700%2C400 2x, https:\/\/i0.wp.com\/ismaelcolosi.com.br\/wp-content\/uploads\/2023\/11\/istock-1164572180.jpg?fit=1200%2C638&ssl=1&resize=1050%2C600 3x"},"classes":[]},{"id":16524,"url":"https:\/\/ismaelcolosi.com.br\/index.php\/2023\/12\/15\/8-sinais-menos-conhecidos-da-demencia\/","url_meta":{"origin":10117,"position":2},"title":"8 sinais menos conhecidos da dem\u00eancia","author":"ismaelcolosi.com.br","date":"15 de Dezembro de 2023","format":false,"excerpt":"[ad_1] Cr\u00e9ditos: Getty ImagesProblemas em gerenciar as finan\u00e7as pessoais, como pagar contas ou entender declara\u00e7\u00f5es financeiras, tamb\u00e9m \u00e9 considerado um dos sintomas vinculados \u00e0 dem\u00eancia \u2013 iStock\/Getty Images Embora a perda de mem\u00f3ria seja um dos sintomas mais conhecidos e associados \u00e0 dem\u00eancia, existem outros sinais que podem surgir antes.\u00a0Algumas\u2026","rel":"","context":"In &quot;Variedades&quot;","block_context":{"text":"Variedades","link":"https:\/\/ismaelcolosi.com.br\/index.php\/category\/variedades\/"},"img":{"alt_text":"","src":"https:\/\/i0.wp.com\/ismaelcolosi.com.br\/wp-content\/uploads\/2023\/12\/istock-1369285084.jpg?fit=1200%2C638&ssl=1&resize=350%2C200","width":350,"height":200,"srcset":"https:\/\/i0.wp.com\/ismaelcolosi.com.br\/wp-content\/uploads\/2023\/12\/istock-1369285084.jpg?fit=1200%2C638&ssl=1&resize=350%2C200 1x, https:\/\/i0.wp.com\/ismaelcolosi.com.br\/wp-content\/uploads\/2023\/12\/istock-1369285084.jpg?fit=1200%2C638&ssl=1&resize=525%2C300 1.5x, https:\/\/i0.wp.com\/ismaelcolosi.com.br\/wp-content\/uploads\/2023\/12\/istock-1369285084.jpg?fit=1200%2C638&ssl=1&resize=700%2C400 2x, https:\/\/i0.wp.com\/ismaelcolosi.com.br\/wp-content\/uploads\/2023\/12\/istock-1369285084.jpg?fit=1200%2C638&ssl=1&resize=1050%2C600 3x"},"classes":[]},{"id":22696,"url":"https:\/\/ismaelcolosi.com.br\/index.php\/2023\/12\/30\/cafe-ajuda-a-reduzir-risco-de-demencia-saiba-a-quantidade-ideal\/","url_meta":{"origin":10117,"position":3},"title":"Caf\u00e9 ajuda a reduzir risco de dem\u00eancia; saiba a quantidade ideal","author":"ismaelcolosi.com.br","date":"30 de Dezembro de 2023","format":false,"excerpt":"[ad_1] Cr\u00e9ditos: BrazilPhotos\/istockAntioxidantes, cafe\u00edna, bem como fen\u00f3is e outros compostos bioativos, presentes no caf\u00e9, t\u00eam um efeito protetor no c\u00e9rebro e reduz risco de dem\u00eancia \u2013 iStock\/Getty Images Beber duas a tr\u00eas x\u00edcaras de caf\u00e9 por dia diminui o risco de dem\u00eancia ou derrame, conclu\u00edram pesquisadores da Escola de Sa\u00fade\u2026","rel":"","context":"In &quot;Variedades&quot;","block_context":{"text":"Variedades","link":"https:\/\/ismaelcolosi.com.br\/index.php\/category\/variedades\/"},"img":{"alt_text":"","src":"https:\/\/i0.wp.com\/ismaelcolosi.com.br\/wp-content\/uploads\/2023\/12\/jovem-morre-apos-overdose-por-cafeina.jpg?fit=1200%2C638&ssl=1&resize=350%2C200","width":350,"height":200,"srcset":"https:\/\/i0.wp.com\/ismaelcolosi.com.br\/wp-content\/uploads\/2023\/12\/jovem-morre-apos-overdose-por-cafeina.jpg?fit=1200%2C638&ssl=1&resize=350%2C200 1x, https:\/\/i0.wp.com\/ismaelcolosi.com.br\/wp-content\/uploads\/2023\/12\/jovem-morre-apos-overdose-por-cafeina.jpg?fit=1200%2C638&ssl=1&resize=525%2C300 1.5x, https:\/\/i0.wp.com\/ismaelcolosi.com.br\/wp-content\/uploads\/2023\/12\/jovem-morre-apos-overdose-por-cafeina.jpg?fit=1200%2C638&ssl=1&resize=700%2C400 2x, https:\/\/i0.wp.com\/ismaelcolosi.com.br\/wp-content\/uploads\/2023\/12\/jovem-morre-apos-overdose-por-cafeina.jpg?fit=1200%2C638&ssl=1&resize=1050%2C600 3x"},"classes":[]},{"id":6453,"url":"https:\/\/ismaelcolosi.com.br\/index.php\/2023\/11\/25\/sintoma-pouco-conhecido-pode-ser-percebido-no-banho\/","url_meta":{"origin":10117,"position":4},"title":"sintoma pouco conhecido pode ser percebido no banho","author":"ismaelcolosi.com.br","date":"25 de Novembro de 2023","format":false,"excerpt":"[ad_1] Cr\u00e9ditos: haydenbird\/istockEm todo o mundo, em torno de 50 milh\u00f5es de pessoas est\u00e3o vivendo com dem\u00eancia. Saiba os sintomas \u2013 iStock\/Getty Images O envelhecimento \u00e9 um dos principais fatores de risco para a dem\u00eancia, doen\u00e7a que afeta o c\u00e9rebro e \u00e9 uma das principais causas de morte em todo\u2026","rel":"","context":"In &quot;Variedades&quot;","block_context":{"text":"Variedades","link":"https:\/\/ismaelcolosi.com.br\/index.php\/category\/variedades\/"},"img":{"alt_text":"","src":"https:\/\/i0.wp.com\/ismaelcolosi.com.br\/wp-content\/uploads\/2023\/11\/istock-97873871-1.jpg?fit=1200%2C638&ssl=1&resize=350%2C200","width":350,"height":200,"srcset":"https:\/\/i0.wp.com\/ismaelcolosi.com.br\/wp-content\/uploads\/2023\/11\/istock-97873871-1.jpg?fit=1200%2C638&ssl=1&resize=350%2C200 1x, https:\/\/i0.wp.com\/ismaelcolosi.com.br\/wp-content\/uploads\/2023\/11\/istock-97873871-1.jpg?fit=1200%2C638&ssl=1&resize=525%2C300 1.5x, https:\/\/i0.wp.com\/ismaelcolosi.com.br\/wp-content\/uploads\/2023\/11\/istock-97873871-1.jpg?fit=1200%2C638&ssl=1&resize=700%2C400 2x, https:\/\/i0.wp.com\/ismaelcolosi.com.br\/wp-content\/uploads\/2023\/11\/istock-97873871-1.jpg?fit=1200%2C638&ssl=1&resize=1050%2C600 3x"},"classes":[]},{"id":21702,"url":"https:\/\/ismaelcolosi.com.br\/index.php\/2023\/12\/28\/4-habitos-que-devem-ser-evitados-para-diminuir-o-risco-de-demencia\/","url_meta":{"origin":10117,"position":5},"title":"4 h\u00e1bitos que devem ser evitados para diminuir o risco de dem\u00eancia","author":"ismaelcolosi.com.br","date":"28 de Dezembro de 2023","format":false,"excerpt":"[ad_1] Cr\u00e9ditos: MarcBruxelle\/istockMudan\u00e7as de h\u00e1bito podem ajudar a diminuir risco de dem\u00eancia \u2013 iStock\/Getty Images Ao menos 1,76 milh\u00e3o de brasileiros com mais de 60 anos vivem com alguma forma de dem\u00eancia, um termo abrangente que envolve, entre muitos sintomas, dificuldade em lembrar informa\u00e7\u00f5es recentes e frequentes lapsos de mem\u00f3ria.\u2026","rel":"","context":"In &quot;Variedades&quot;","block_context":{"text":"Variedades","link":"https:\/\/ismaelcolosi.com.br\/index.php\/category\/variedades\/"},"img":{"alt_text":"","src":"https:\/\/i0.wp.com\/ismaelcolosi.com.br\/wp-content\/uploads\/2023\/12\/1703770165_cigarro.jpg?fit=1200%2C638&ssl=1&resize=350%2C200","width":350,"height":200,"srcset":"https:\/\/i0.wp.com\/ismaelcolosi.com.br\/wp-content\/uploads\/2023\/12\/1703770165_cigarro.jpg?fit=1200%2C638&ssl=1&resize=350%2C200 1x, https:\/\/i0.wp.com\/ismaelcolosi.com.br\/wp-content\/uploads\/2023\/12\/1703770165_cigarro.jpg?fit=1200%2C638&ssl=1&resize=525%2C300 1.5x, https:\/\/i0.wp.com\/ismaelcolosi.com.br\/wp-content\/uploads\/2023\/12\/1703770165_cigarro.jpg?fit=1200%2C638&ssl=1&resize=700%2C400 2x, https:\/\/i0.wp.com\/ismaelcolosi.com.br\/wp-content\/uploads\/2023\/12\/1703770165_cigarro.jpg?fit=1200%2C638&ssl=1&resize=1050%2C600 3x"},"classes":[]}],"jetpack_sharing_enabled":true,"jetpack_shortlink":"https:\/\/wp.me\/pfMlyK-2Db","jetpack_featured_media_url":"https:\/\/i0.wp.com\/ismaelcolosi.com.br\/wp-content\/uploads\/2023\/12\/istock-1471839731.jpg?fit=1200%2C638&ssl=1","_links":{"self":[{"href":"https:\/\/ismaelcolosi.com.br\/index.php\/wp-json\/wp\/v2\/posts\/10117","targetHints":{"allow":["GET"]}}],"collection":[{"href":"https:\/\/ismaelcolosi.com.br\/index.php\/wp-json\/wp\/v2\/posts"}],"about":[{"href":"https:\/\/ismaelcolosi.com.br\/index.php\/wp-json\/wp\/v2\/types\/post"}],"author":[{"embeddable":true,"href":"https:\/\/ismaelcolosi.com.br\/index.php\/wp-json\/wp\/v2\/users\/1"}],"replies":[{"embeddable":true,"href":"https:\/\/ismaelcolosi.com.br\/index.php\/wp-json\/wp\/v2\/comments?post=10117"}],"version-history":[{"count":0,"href":"https:\/\/ismaelcolosi.com.br\/index.php\/wp-json\/wp\/v2\/posts\/10117\/revisions"}],"wp:featuredmedia":[{"embeddable":true,"href":"https:\/\/ismaelcolosi.com.br\/index.php\/wp-json\/wp\/v2\/media\/10118"}],"wp:attachment":[{"href":"https:\/\/ismaelcolosi.com.br\/index.php\/wp-json\/wp\/v2\/media?parent=10117"}],"wp:term":[{"taxonomy":"category","embeddable":true,"href":"https:\/\/ismaelcolosi.com.br\/index.php\/wp-json\/wp\/v2\/categories?post=10117"},{"taxonomy":"post_tag","embeddable":true,"href":"https:\/\/ismaelcolosi.com.br\/index.php\/wp-json\/wp\/v2\/tags?post=10117"}],"curies":[{"name":"wp","href":"https:\/\/api.w.org\/{rel}","templated":true}]}}