{"id":10106,"date":"2023-12-03T18:37:21","date_gmt":"2023-12-03T21:37:21","guid":{"rendered":"https:\/\/ismaelcolosi.com.br\/index.php\/2023\/12\/03\/bolsa-familia-de-dezembro-surpresa-natalina-e-mais\/"},"modified":"2023-12-03T18:37:21","modified_gmt":"2023-12-03T21:37:21","slug":"bolsa-familia-de-dezembro-surpresa-natalina-e-mais","status":"publish","type":"post","link":"https:\/\/ismaelcolosi.com.br\/index.php\/2023\/12\/03\/bolsa-familia-de-dezembro-surpresa-natalina-e-mais\/","title":{"rendered":"Bolsa Fam\u00edlia de dezembro: surpresa natalina e mais"},"content":{"rendered":"<p> [ad_1]<br \/>\n<\/p>\n<div>\n<div id=\"attachment_2284500\" class=\"wp-caption alignnone\">\n<div class=\"d-flex justify-content-center\" data-attachment-id=\"2284500\">\n<div class=\"position-relative d-inline-block\"><img data-recalc-dims=\"1\" data-portal-copyright=\"Fabio Rodrigues-Pozzebom\/ Ag\u00eancia Brasil\" fetchpriority=\"high\" decoding=\"async\" class=\"size-full wp-image-2284500\" src=\"https:\/\/i0.wp.com\/catracalivre.com.br\/wp-content\/uploads\/2023\/07\/lula-da-excelente-noticia-para-quem-tem-divida-com-lojas-do-varejo.jpg?resize=1170%2C700&#038;ssl=1\" alt=\"Bolsa Fam\u00edlia: Governo vai pagar valor extra como abono natalino? Confira\" width=\"1170\" height=\"700\" srcset=\"https:\/\/catracalivre.com.br\/wp-content\/uploads\/2023\/07\/lula-da-excelente-noticia-para-quem-tem-divida-com-lojas-do-varejo.jpg 1170w, https:\/\/catracalivre.com.br\/wp-content\/uploads\/2023\/07\/lula-da-excelente-noticia-para-quem-tem-divida-com-lojas-do-varejo-450x269.jpg 450w, https:\/\/catracalivre.com.br\/wp-content\/uploads\/2023\/07\/lula-da-excelente-noticia-para-quem-tem-divida-com-lojas-do-varejo-768x459.jpg 768w\" sizes=\"(max-width: 1170px) 100vw, 1170px\"\/><\/p>\n<p>Cr\u00e9ditos: Fabio Rodrigues-Pozzebom\/ Ag\u00eancia Brasil<\/p>\n<\/div>\n<\/div>\n<p><span class=\"post-imagem__legenda\">Bolsa Fam\u00edlia: Governo vai pagar valor extra como abono natalino? Confira<\/span><\/p>\n<\/div>\n<p>Com a proximidade das festas de final de ano, as fam\u00edlias brasileiras atendidas pelo programa <a href=\"https:\/\/catracalivre.com.br\/cidadania\/espera-por-abono-de-natal-no-bolsa-familia-acabou-veja-decisao-do-governo\/\" target=\"_blank\" rel=\"noopener\">Bolsa Fam\u00edlia<\/a> aguardam com expectativa a libera\u00e7\u00e3o de um b\u00f4nus especial para o m\u00eas de dezembro. Este ano, apesar da suspens\u00e3o do 13\u00ba sal\u00e1rio, os benefici\u00e1rios ser\u00e3o contemplados com um pagamento extra que trar\u00e1 um al\u00edvio financeiro no per\u00edodo natalino.<\/p>\n<h2>Novidades do m\u00eas<\/h2>\n<p>A boa not\u00edcia \u00e9 o retorno do Vale G\u00e1s, um benef\u00edcio que consiste no pagamento de um valor m\u00e9dio correspondente a um botij\u00e3o de g\u00e1s de 13 kg para diversas fam\u00edlias atendidas pelo programa de transfer\u00eancia de renda. Ap\u00f3s ter sido suspenso em novembro, o benef\u00edcio ser\u00e1 retomado em dezembro, proporcionando aux\u00edlio financeiro a quem mais necessita.<\/p>\n<p>Embora ainda n\u00e3o haja confirma\u00e7\u00e3o sobre o valor exato que ser\u00e1 liberado, a expectativa \u00e9 que o benef\u00edcio social permane\u00e7a na casa dos R$ 100, mantendo-se alinhado com o montante disponibilizado em outubro, que foi de R$ 108. O dep\u00f3sito do valor ocorrer\u00e1 nas contas das fam\u00edlias atendidas por meio da poupan\u00e7a social do<a href=\"https:\/\/catracalivre.com.br\/cidadania\/nascido-em-janeiro-ja-pode-atualizar-dados-no-caixa-tem\/\" target=\"_blank\" rel=\"noopener\"> Caixa Tem<\/a>, seguindo o calend\u00e1rio de pagamentos do Bolsa Fam\u00edlia.<\/p>\n<p>O calend\u00e1rio de pagamentos para dezembro j\u00e1 est\u00e1 dispon\u00edvel, organizado conforme o N\u00famero de Identifica\u00e7\u00e3o Social (NIS) final de cada benefici\u00e1rio:<\/p>\n<ul>\n<li>NIS final 1: 11 de dezembro;<\/li>\n<li>NIS final 2: 12 de dezembro;<\/li>\n<li>NIS final 3: 13 de dezembro;<\/li>\n<li>NIS final 4: 14 de dezembro;<\/li>\n<li>NIS final 5: 15 de dezembro;<\/li>\n<li>NIS final 6: 18 de dezembro;<\/li>\n<li>NIS final 7: 19 de dezembro;<\/li>\n<li>NIS final 8: 20 de dezembro;<\/li>\n<li>NIS final 9: 21 de dezembro;<\/li>\n<li>NIS final 0: 22 de dezembro.<\/li>\n<\/ul>\n<p>Al\u00e9m do retorno do Vale G\u00e1s, algumas fam\u00edlias t\u00eam a oportunidade de receber outros pagamentos extras em dezembro. Para isso, \u00e9 necess\u00e1rio atender aos crit\u00e9rios espec\u00edficos desses benef\u00edcios.<\/p>\n<p>Caso as fam\u00edlias se enquadrem, \u00e9 importante realizar a atualiza\u00e7\u00e3o dos dados no Cadastro \u00danico em uma unidade do Centro de Refer\u00eancia de Assist\u00eancia Social (Cras) e, em seguida, solicitar a inclus\u00e3o nos pagamentos extras dispon\u00edveis. Essa atualiza\u00e7\u00e3o \u00e9 fundamental para garantir que todas as fam\u00edlias que preencham os requisitos possam usufruir desses benef\u00edcios adicionais no per\u00edodo de festas.<\/p>\n<\/div>\n<p><script>\n\t\t! function(f, b, e, v, n, t, s) {\n\t\t\tif (f.fbq) return;\n\t\t\tn = f.fbq = function() {\n\t\t\t\tn.callMethod ?\n\t\t\t\t\tn.callMethod.apply(n, arguments) : n.queue.push(arguments)\n\t\t\t};\n\t\t\tif (!f._fbq) f._fbq = n;\n\t\t\tn.push = n;\n\t\t\tn.loaded = !0;\n\t\t\tn.version = '2.0';\n\t\t\tn.queue = [];\n\t\t\tt = b.createElement(e);\n\t\t\tt.async = !0;\n\t\t\tt.src = v;\n\t\t\ts = b.getElementsByTagName(e)[0];\n\t\t\ts.parentNode.insertBefore(t, s)\n\t\t}(window, document, 'script',\n\t\t\t'https:\/\/connect.facebook.net\/en_US\/fbevents.js');\n\t\tfbq('init', '338315473262380');\n\t\tfbq('track', 'PageView');\n\t<\/script><br \/>\n<br \/>[ad_2]<br \/>\n<br \/><a href=\"https:\/\/catracalivre.com.br\/cidadania\/bolsa-familia-de-dezembro-surpresa-natalina-e-mais\/\" target=\"_blank\" rel=\"noopener\">Source link <\/a><\/p>\n<div class='code-block code-block-4' style='margin: 8px auto 8px 0; text-align: left; display: block; clear: both;'>\n\ud83d\udce2 Aviso Legal\n\nO site ismaelcolosi.com.br atua apenas como um canal de divulga\u00e7\u00e3o de oportunidades de emprego e n\u00e3o se responsabiliza pelo processo seletivo, contrata\u00e7\u00e3o ou qualquer outra etapa relacionada \u00e0s vagas publicadas. Todas as informa\u00e7\u00f5es s\u00e3o de responsabilidade dos anunciantes.\n\n\u26a0\ufe0f Aten\u00e7\u00e3o! Nunca pague por promessas de emprego nem compre cursos que garantam contrata\u00e7\u00e3o. Desconfie de qualquer cobran\u00e7a para participar de sele\u00e7\u00f5es.\n\n\n\n<\/div>\n<!-- CONTENT END 1 -->\n","protected":false},"excerpt":{"rendered":"<p>[ad_1] Cr\u00e9ditos: Fabio Rodrigues-Pozzebom\/ Ag\u00eancia Brasil Bolsa Fam\u00edlia: Governo vai pagar valor extra como abono natalino? Confira Com a proximidade das festas de final de ano, as fam\u00edlias brasileiras atendidas pelo programa Bolsa Fam\u00edlia aguardam com expectativa a libera\u00e7\u00e3o de um b\u00f4nus especial para o m\u00eas de dezembro. Este ano, apesar da suspens\u00e3o do 13\u00ba&hellip;&nbsp;<\/p>\n","protected":false},"author":1,"featured_media":10107,"comment_status":"open","ping_status":"open","sticky":false,"template":"","format":"standard","meta":{"_uag_custom_page_level_css":"","neve_meta_sidebar":"","neve_meta_container":"","neve_meta_enable_content_width":"","neve_meta_content_width":0,"neve_meta_title_alignment":"","neve_meta_author_avatar":"","neve_post_elements_order":"","neve_meta_disable_header":"","neve_meta_disable_footer":"","neve_meta_disable_title":"","_jetpack_newsletter_access":"","_jetpack_dont_email_post_to_subs":false,"_jetpack_newsletter_tier_id":0,"_jetpack_memberships_contains_paywalled_content":false,"_jetpack_memberships_contains_paid_content":false,"footnotes":""},"categories":[19],"tags":[],"class_list":["post-10106","post","type-post","status-publish","format-standard","has-post-thumbnail","hentry","category-variedades"],"uagb_featured_image_src":{"full":["https:\/\/i0.wp.com\/ismaelcolosi.com.br\/wp-content\/uploads\/2023\/12\/1701639444_bolsa-familia.jpg?fit=1200%2C638&ssl=1",1200,638,false],"thumbnail":["https:\/\/i0.wp.com\/ismaelcolosi.com.br\/wp-content\/uploads\/2023\/12\/1701639444_bolsa-familia.jpg?resize=150%2C150&ssl=1",150,150,true],"medium":["https:\/\/i0.wp.com\/ismaelcolosi.com.br\/wp-content\/uploads\/2023\/12\/1701639444_bolsa-familia.jpg?fit=300%2C160&ssl=1",300,160,true],"medium_large":["https:\/\/i0.wp.com\/ismaelcolosi.com.br\/wp-content\/uploads\/2023\/12\/1701639444_bolsa-familia.jpg?fit=768%2C408&ssl=1",768,408,true],"large":["https:\/\/i0.wp.com\/ismaelcolosi.com.br\/wp-content\/uploads\/2023\/12\/1701639444_bolsa-familia.jpg?fit=1024%2C544&ssl=1",1024,544,true],"1536x1536":["https:\/\/i0.wp.com\/ismaelcolosi.com.br\/wp-content\/uploads\/2023\/12\/1701639444_bolsa-familia.jpg?fit=1200%2C638&ssl=1",1200,638,true],"2048x2048":["https:\/\/i0.wp.com\/ismaelcolosi.com.br\/wp-content\/uploads\/2023\/12\/1701639444_bolsa-familia.jpg?fit=1200%2C638&ssl=1",1200,638,true],"neve-blog":["https:\/\/i0.wp.com\/ismaelcolosi.com.br\/wp-content\/uploads\/2023\/12\/1701639444_bolsa-familia.jpg?resize=930%2C620&ssl=1",930,620,true]},"uagb_author_info":{"display_name":"ismaelcolosi.com.br","author_link":"https:\/\/ismaelcolosi.com.br\/author\/vidareal-online\/"},"uagb_comment_info":0,"uagb_excerpt":"[ad_1] Cr\u00e9ditos: Fabio Rodrigues-Pozzebom\/ Ag\u00eancia Brasil Bolsa Fam\u00edlia: Governo vai pagar valor extra como abono natalino? Confira Com a proximidade das festas de final de ano, as fam\u00edlias brasileiras atendidas pelo programa Bolsa Fam\u00edlia aguardam com expectativa a libera\u00e7\u00e3o de um b\u00f4nus especial para o m\u00eas de dezembro. Este ano, apesar da suspens\u00e3o do 13\u00ba&hellip;&nbsp;","jetpack-related-posts":[{"id":2483,"url":"https:\/\/ismaelcolosi.com.br\/index.php\/2023\/11\/15\/bolsa-familia-com-valor-extra-no-natal-surpreende-veja-quem-recebe\/","url_meta":{"origin":10106,"position":0},"title":"Bolsa Fam\u00edlia com valor extra no Natal SURPREENDE; veja quem recebe","author":"ismaelcolosi.com.br","date":"15 de Novembro de 2023","format":false,"excerpt":"[ad_1] Recentemente, uma excelente not\u00edcia chegou aos benefici\u00e1rios do Bolsa Fam\u00edlia, com a confirma\u00e7\u00e3o do t\u00e3o aguardado abono de natal para o ano de 2023. Esta medida visa beneficiar aproximadamente 695 mil fam\u00edlias paraibanas que est\u00e3o inscritas no programa social. Infelizmente, n\u00e3o h\u00e1 previs\u00e3o para pagamento aos benefici\u00e1rios de outros\u2026","rel":"","context":"In &quot;Variedades&quot;","block_context":{"text":"Variedades","link":"https:\/\/ismaelcolosi.com.br\/index.php\/category\/variedades\/"},"img":{"alt_text":"","src":"https:\/\/i0.wp.com\/ismaelcolosi.com.br\/wp-content\/uploads\/2023\/11\/bolsa-familia-faz-ultimo-pagamento-do-mes-hoje.jpg?fit=1200%2C638&ssl=1&resize=350%2C200","width":350,"height":200,"srcset":"https:\/\/i0.wp.com\/ismaelcolosi.com.br\/wp-content\/uploads\/2023\/11\/bolsa-familia-faz-ultimo-pagamento-do-mes-hoje.jpg?fit=1200%2C638&ssl=1&resize=350%2C200 1x, https:\/\/i0.wp.com\/ismaelcolosi.com.br\/wp-content\/uploads\/2023\/11\/bolsa-familia-faz-ultimo-pagamento-do-mes-hoje.jpg?fit=1200%2C638&ssl=1&resize=525%2C300 1.5x, https:\/\/i0.wp.com\/ismaelcolosi.com.br\/wp-content\/uploads\/2023\/11\/bolsa-familia-faz-ultimo-pagamento-do-mes-hoje.jpg?fit=1200%2C638&ssl=1&resize=700%2C400 2x, https:\/\/i0.wp.com\/ismaelcolosi.com.br\/wp-content\/uploads\/2023\/11\/bolsa-familia-faz-ultimo-pagamento-do-mes-hoje.jpg?fit=1200%2C638&ssl=1&resize=1050%2C600 3x"},"classes":[]},{"id":4436,"url":"https:\/\/ismaelcolosi.com.br\/index.php\/2023\/11\/21\/bolsa-familia-com-valor-extra-no-natal-apenas-para-estes-brasileiros\/","url_meta":{"origin":10106,"position":1},"title":"Bolsa Fam\u00edlia com valor extra no Natal apenas para estes brasileiros","author":"ismaelcolosi.com.br","date":"21 de Novembro de 2023","format":false,"excerpt":"[ad_1] Recentemente, uma excelente not\u00edcia chegou aos benefici\u00e1rios do Bolsa Fam\u00edlia, com a confirma\u00e7\u00e3o do t\u00e3o aguardado abono de natal para o ano de 2023. Esta medida visa beneficiar aproximadamente 695 mil fam\u00edlias paraibanas que est\u00e3o inscritas no programa social. Infelizmente, n\u00e3o h\u00e1 previs\u00e3o para pagamento aos benefici\u00e1rios de outros\u2026","rel":"","context":"In &quot;Variedades&quot;","block_context":{"text":"Variedades","link":"https:\/\/ismaelcolosi.com.br\/index.php\/category\/variedades\/"},"img":{"alt_text":"","src":"https:\/\/i0.wp.com\/ismaelcolosi.com.br\/wp-content\/uploads\/2023\/11\/bolsa-familia-governo-finalmente-libera-novo-calendario-de-julho.png?fit=1200%2C638&ssl=1&resize=350%2C200","width":350,"height":200,"srcset":"https:\/\/i0.wp.com\/ismaelcolosi.com.br\/wp-content\/uploads\/2023\/11\/bolsa-familia-governo-finalmente-libera-novo-calendario-de-julho.png?fit=1200%2C638&ssl=1&resize=350%2C200 1x, https:\/\/i0.wp.com\/ismaelcolosi.com.br\/wp-content\/uploads\/2023\/11\/bolsa-familia-governo-finalmente-libera-novo-calendario-de-julho.png?fit=1200%2C638&ssl=1&resize=525%2C300 1.5x, https:\/\/i0.wp.com\/ismaelcolosi.com.br\/wp-content\/uploads\/2023\/11\/bolsa-familia-governo-finalmente-libera-novo-calendario-de-julho.png?fit=1200%2C638&ssl=1&resize=700%2C400 2x, https:\/\/i0.wp.com\/ismaelcolosi.com.br\/wp-content\/uploads\/2023\/11\/bolsa-familia-governo-finalmente-libera-novo-calendario-de-julho.png?fit=1200%2C638&ssl=1&resize=1050%2C600 3x"},"classes":[]},{"id":19782,"url":"https:\/\/ismaelcolosi.com.br\/index.php\/2023\/12\/23\/vai-ter-pagamento-do-abono-natalino\/","url_meta":{"origin":10106,"position":2},"title":"vai ter pagamento do abono natalino!","author":"ismaelcolosi.com.br","date":"23 de Dezembro de 2023","format":false,"excerpt":"[ad_1] Cr\u00e9ditos: Ag\u00eancia Brasil\/Jos\u00e9 CruzBolsa Fam\u00edlia SURPREENDE com pagamento diferenciado perto do Natal O abono natalino do Bolsa Fam\u00edlia, uma iniciativa do governo estadual da Para\u00edba, est\u00e1 em pleno andamento, oferecendo um suporte financeiro adicional de R$ 64 aos benefici\u00e1rios do programa. Este pagamento, realizado atrav\u00e9s do Caixa Tem, coincide\u2026","rel":"","context":"In &quot;Variedades&quot;","block_context":{"text":"Variedades","link":"https:\/\/ismaelcolosi.com.br\/index.php\/category\/variedades\/"},"img":{"alt_text":"","src":"https:\/\/i0.wp.com\/ismaelcolosi.com.br\/wp-content\/uploads\/2023\/12\/1703332977_bolsa-familia-a-noticia-mais-esperada-de-setembro-acaba-de-chegar.jpg?fit=1200%2C638&ssl=1&resize=350%2C200","width":350,"height":200,"srcset":"https:\/\/i0.wp.com\/ismaelcolosi.com.br\/wp-content\/uploads\/2023\/12\/1703332977_bolsa-familia-a-noticia-mais-esperada-de-setembro-acaba-de-chegar.jpg?fit=1200%2C638&ssl=1&resize=350%2C200 1x, https:\/\/i0.wp.com\/ismaelcolosi.com.br\/wp-content\/uploads\/2023\/12\/1703332977_bolsa-familia-a-noticia-mais-esperada-de-setembro-acaba-de-chegar.jpg?fit=1200%2C638&ssl=1&resize=525%2C300 1.5x, https:\/\/i0.wp.com\/ismaelcolosi.com.br\/wp-content\/uploads\/2023\/12\/1703332977_bolsa-familia-a-noticia-mais-esperada-de-setembro-acaba-de-chegar.jpg?fit=1200%2C638&ssl=1&resize=700%2C400 2x, https:\/\/i0.wp.com\/ismaelcolosi.com.br\/wp-content\/uploads\/2023\/12\/1703332977_bolsa-familia-a-noticia-mais-esperada-de-setembro-acaba-de-chegar.jpg?fit=1200%2C638&ssl=1&resize=1050%2C600 3x"},"classes":[]},{"id":19772,"url":"https:\/\/ismaelcolosi.com.br\/index.php\/2023\/12\/23\/bolsa-familia-reinicia-pagamentos-com-bonus-natalino\/","url_meta":{"origin":10106,"position":3},"title":"Bolsa Fam\u00edlia reinicia pagamentos com b\u00f4nus natalino","author":"ismaelcolosi.com.br","date":"23 de Dezembro de 2023","format":false,"excerpt":"[ad_1] Cr\u00e9ditos: Ag\u00eancia Brasil\/Marcello Casal JrBolsa Fam\u00edlia de dezembro tem MEGA novidade e empolga quem recebe HOJE O Programa Bolsa Fam\u00edlia, crucial para milh\u00f5es de brasileiros, est\u00e1 retomando seus pagamentos neste m\u00eas de dezembro, trazendo consigo um esperado b\u00f4nus natalino. Com a proximidade das festas de fim de ano, esse\u2026","rel":"","context":"In &quot;Variedades&quot;","block_context":{"text":"Variedades","link":"https:\/\/ismaelcolosi.com.br\/index.php\/category\/variedades\/"},"img":{"alt_text":"","src":"https:\/\/i0.wp.com\/ismaelcolosi.com.br\/wp-content\/uploads\/2023\/12\/1703329030_bolsa-familia-na-conta-saiba-se-voce-vai-receber-hoje.jpg?fit=1200%2C638&ssl=1&resize=350%2C200","width":350,"height":200,"srcset":"https:\/\/i0.wp.com\/ismaelcolosi.com.br\/wp-content\/uploads\/2023\/12\/1703329030_bolsa-familia-na-conta-saiba-se-voce-vai-receber-hoje.jpg?fit=1200%2C638&ssl=1&resize=350%2C200 1x, https:\/\/i0.wp.com\/ismaelcolosi.com.br\/wp-content\/uploads\/2023\/12\/1703329030_bolsa-familia-na-conta-saiba-se-voce-vai-receber-hoje.jpg?fit=1200%2C638&ssl=1&resize=525%2C300 1.5x, https:\/\/i0.wp.com\/ismaelcolosi.com.br\/wp-content\/uploads\/2023\/12\/1703329030_bolsa-familia-na-conta-saiba-se-voce-vai-receber-hoje.jpg?fit=1200%2C638&ssl=1&resize=700%2C400 2x, https:\/\/i0.wp.com\/ismaelcolosi.com.br\/wp-content\/uploads\/2023\/12\/1703329030_bolsa-familia-na-conta-saiba-se-voce-vai-receber-hoje.jpg?fit=1200%2C638&ssl=1&resize=1050%2C600 3x"},"classes":[]},{"id":2479,"url":"https:\/\/ismaelcolosi.com.br\/index.php\/2023\/11\/15\/abono-natalino-no-bolsa-familia-chegara-em-2023-confira-os-detalhes\/","url_meta":{"origin":10106,"position":4},"title":"Abono natalino no Bolsa Fam\u00edlia chegar\u00e1 em 2023? confira os detalhes","author":"ismaelcolosi.com.br","date":"15 de Novembro de 2023","format":false,"excerpt":"[ad_1] O Bolsa Fam\u00edlia, programa de assist\u00eancia social crucial do Brasil, continua a ser uma remunera\u00e7\u00e3o para in\u00fameras fam\u00edlias em todo o pa\u00eds. No entanto, com o final do ano se aproximando, muitos se perguntam se haver\u00e1 um abono natalino, uma ajuda financeira extra para enfrentar as despesas festivas. Cr\u00e9ditos:\u2026","rel":"","context":"In &quot;Variedades&quot;","block_context":{"text":"Variedades","link":"https:\/\/ismaelcolosi.com.br\/index.php\/category\/variedades\/"},"img":{"alt_text":"","src":"https:\/\/i0.wp.com\/ismaelcolosi.com.br\/wp-content\/uploads\/2023\/11\/istock-1413148950.jpg?fit=1200%2C638&ssl=1&resize=350%2C200","width":350,"height":200,"srcset":"https:\/\/i0.wp.com\/ismaelcolosi.com.br\/wp-content\/uploads\/2023\/11\/istock-1413148950.jpg?fit=1200%2C638&ssl=1&resize=350%2C200 1x, https:\/\/i0.wp.com\/ismaelcolosi.com.br\/wp-content\/uploads\/2023\/11\/istock-1413148950.jpg?fit=1200%2C638&ssl=1&resize=525%2C300 1.5x, https:\/\/i0.wp.com\/ismaelcolosi.com.br\/wp-content\/uploads\/2023\/11\/istock-1413148950.jpg?fit=1200%2C638&ssl=1&resize=700%2C400 2x, https:\/\/i0.wp.com\/ismaelcolosi.com.br\/wp-content\/uploads\/2023\/11\/istock-1413148950.jpg?fit=1200%2C638&ssl=1&resize=1050%2C600 3x"},"classes":[]},{"id":9659,"url":"https:\/\/ismaelcolosi.com.br\/index.php\/2023\/12\/02\/abono-natalino-do-bolsa-familia-anunciado-confira\/","url_meta":{"origin":10106,"position":5},"title":"Abono natalino do Bolsa Fam\u00edlia anunciado; confira","author":"ismaelcolosi.com.br","date":"2 de Dezembro de 2023","format":false,"excerpt":"[ad_1] Cr\u00e9ditos: Ag\u00eancia BrasilBOA NOT\u00cdCIA para o Natal! Confira o calend\u00e1rio especial do Bolsa Fam\u00edliaA temporada de festas de final de ano chega com uma not\u00edcia positiva para os benefici\u00e1rios do Bolsa Fam\u00edlia, especialmente para aqueles que residem no estado da Para\u00edba. O governo anunciou o t\u00e3o aguardado Abono Natalino,\u2026","rel":"","context":"In &quot;Variedades&quot;","block_context":{"text":"Variedades","link":"https:\/\/ismaelcolosi.com.br\/index.php\/category\/variedades\/"},"img":{"alt_text":"","src":"https:\/\/i0.wp.com\/ismaelcolosi.com.br\/wp-content\/uploads\/2023\/12\/bolsa-familia-a-noticia-mais-esperada-de-setembro-acaba-de-chegar.jpg?fit=1200%2C638&ssl=1&resize=350%2C200","width":350,"height":200,"srcset":"https:\/\/i0.wp.com\/ismaelcolosi.com.br\/wp-content\/uploads\/2023\/12\/bolsa-familia-a-noticia-mais-esperada-de-setembro-acaba-de-chegar.jpg?fit=1200%2C638&ssl=1&resize=350%2C200 1x, https:\/\/i0.wp.com\/ismaelcolosi.com.br\/wp-content\/uploads\/2023\/12\/bolsa-familia-a-noticia-mais-esperada-de-setembro-acaba-de-chegar.jpg?fit=1200%2C638&ssl=1&resize=525%2C300 1.5x, https:\/\/i0.wp.com\/ismaelcolosi.com.br\/wp-content\/uploads\/2023\/12\/bolsa-familia-a-noticia-mais-esperada-de-setembro-acaba-de-chegar.jpg?fit=1200%2C638&ssl=1&resize=700%2C400 2x, https:\/\/i0.wp.com\/ismaelcolosi.com.br\/wp-content\/uploads\/2023\/12\/bolsa-familia-a-noticia-mais-esperada-de-setembro-acaba-de-chegar.jpg?fit=1200%2C638&ssl=1&resize=1050%2C600 3x"},"classes":[]}],"jetpack_sharing_enabled":true,"jetpack_shortlink":"https:\/\/wp.me\/pfMlyK-2D0","jetpack_featured_media_url":"https:\/\/i0.wp.com\/ismaelcolosi.com.br\/wp-content\/uploads\/2023\/12\/1701639444_bolsa-familia.jpg?fit=1200%2C638&ssl=1","_links":{"self":[{"href":"https:\/\/ismaelcolosi.com.br\/index.php\/wp-json\/wp\/v2\/posts\/10106","targetHints":{"allow":["GET"]}}],"collection":[{"href":"https:\/\/ismaelcolosi.com.br\/index.php\/wp-json\/wp\/v2\/posts"}],"about":[{"href":"https:\/\/ismaelcolosi.com.br\/index.php\/wp-json\/wp\/v2\/types\/post"}],"author":[{"embeddable":true,"href":"https:\/\/ismaelcolosi.com.br\/index.php\/wp-json\/wp\/v2\/users\/1"}],"replies":[{"embeddable":true,"href":"https:\/\/ismaelcolosi.com.br\/index.php\/wp-json\/wp\/v2\/comments?post=10106"}],"version-history":[{"count":0,"href":"https:\/\/ismaelcolosi.com.br\/index.php\/wp-json\/wp\/v2\/posts\/10106\/revisions"}],"wp:featuredmedia":[{"embeddable":true,"href":"https:\/\/ismaelcolosi.com.br\/index.php\/wp-json\/wp\/v2\/media\/10107"}],"wp:attachment":[{"href":"https:\/\/ismaelcolosi.com.br\/index.php\/wp-json\/wp\/v2\/media?parent=10106"}],"wp:term":[{"taxonomy":"category","embeddable":true,"href":"https:\/\/ismaelcolosi.com.br\/index.php\/wp-json\/wp\/v2\/categories?post=10106"},{"taxonomy":"post_tag","embeddable":true,"href":"https:\/\/ismaelcolosi.com.br\/index.php\/wp-json\/wp\/v2\/tags?post=10106"}],"curies":[{"name":"wp","href":"https:\/\/api.w.org\/{rel}","templated":true}]}}