{"id":10100,"date":"2023-12-03T18:20:10","date_gmt":"2023-12-03T21:20:10","guid":{"rendered":"https:\/\/ismaelcolosi.com.br\/index.php\/2023\/12\/03\/campanha-alerta-para-riscos-do-glaucoma\/"},"modified":"2023-12-03T18:20:10","modified_gmt":"2023-12-03T21:20:10","slug":"campanha-alerta-para-riscos-do-glaucoma","status":"publish","type":"post","link":"https:\/\/ismaelcolosi.com.br\/index.php\/2023\/12\/03\/campanha-alerta-para-riscos-do-glaucoma\/","title":{"rendered":"Campanha alerta para riscos do glaucoma"},"content":{"rendered":"<p> [ad_1]<br \/>\n<\/p>\n<div>\n<p>A Sociedade Brasileira de Glaucoma (<a href=\"https:\/\/www.sbglaucoma.org.br\/\" target=\"_blank\" rel=\"noopener\">SBG<\/a>) lan\u00e7ou uma campanha de conscientiza\u00e7\u00e3o sobre a doen\u00e7a, que \u00e9 a causa mais comum da <a href=\"https:\/\/catracalivre.com.br\/saude-bem-estar\/pergunte-online-ao-doutor-sobre-glaucoma\/\" target=\"_blank\" rel=\"noopener\">cegueira<\/a> irrevers\u00edvel no mundo. A campanha, que vai at\u00e9 o dia 15 de dezembro, inclui um filme de 29 segundos que ser\u00e1 exibido nos cinemas de 125 cidades brasileiras.<\/p>\n<div id=\"attachment_1781123\" class=\"wp-caption aligncenter\">\n<div class=\"d-flex justify-content-center\" data-attachment-id=\"1781123\">\n<div class=\"position-relative d-inline-block\"><img data-recalc-dims=\"1\" data-portal-copyright=\"Stock Photo\" fetchpriority=\"high\" decoding=\"async\" class=\"wp-image-1781123 size-full\" src=\"https:\/\/i0.wp.com\/catracalivre.com.br\/wp-content\/uploads\/2019\/04\/istock-522550606-2.jpg?resize=1200%2C801&#038;ssl=1\" alt=\"O glaucoma \u00e9 um dos principais motivos de cegueira irrevers\u00edvel no mundo\" width=\"1200\" height=\"801\" srcset=\"https:\/\/catracalivre.com.br\/wp-content\/uploads\/2019\/04\/istock-522550606-2.jpg 1254w, https:\/\/catracalivre.com.br\/wp-content\/uploads\/2019\/04\/istock-522550606-2-450x300.jpg 450w, https:\/\/catracalivre.com.br\/wp-content\/uploads\/2019\/04\/istock-522550606-2-768x513.jpg 768w\" sizes=\"(max-width: 1254px) 100vw, 1254px\"\/><\/p>\n<p>Cr\u00e9ditos: Stock Photo<\/p>\n<\/div>\n<\/div>\n<p><span class=\"post-imagem__legenda\">O glaucoma \u00e9 um dos principais motivos de cegueira irrevers\u00edvel no mundo<\/span><\/p>\n<\/div>\n<p>Segundo divulgado pela <a href=\"https:\/\/agenciabrasil.ebc.com.br\/saude\" target=\"_blank\" rel=\"noopener\">Ag\u00eancia Brasil<\/a>,\u00a0 ideia \u00e9 mostrar \u00e0s pessoas que a perda de vis\u00e3o causada pelo glaucoma \u00e9 definitiva e que, por isso, \u00e9 importante fazer exames preventivos com o oftalmologista regularmente. Com o diagn\u00f3stico precoce, no entanto, \u00e9 poss\u00edvel conter o avan\u00e7o da doen\u00e7a.<\/p>\n<p>Uma pesquisa realizada pela SBG mostrou que 90% das pessoas que apresentam sinais de risco da doen\u00e7a n\u00e3o sabem disso. No Brasil, estima-se que 2,5 milh\u00f5es de pessoas vivam com glaucoma.<\/p>\n<p>A doen\u00e7a afeta a vis\u00e3o das laterais para o centro do olho e por isso o indiv\u00edduo n\u00e3o percebe que h\u00e1 algo errado, podendo se dar conta apenas quando at\u00e9 60% do nervo \u00f3tico j\u00e1 estiver destru\u00eddo.<\/p>\n<p>O glaucoma pode atingir pessoas de qualquer idade e normalmente \u00e9 causada pelo aumento da press\u00e3o intraocular, que tamb\u00e9m passa desapercebida pelo paciente. Al\u00e9m da press\u00e3o intraocular elevada, s\u00e3o fatores de risco o diabetes, a hipertens\u00e3o arterial e miopia.<\/p>\n<div id=\"attachment_2287825\" class=\"wp-caption alignnone\">\n<div class=\"d-flex justify-content-center\" data-attachment-id=\"2287825\">\n<div class=\"position-relative d-inline-block\"><img data-recalc-dims=\"1\" loading=\"lazy\" data-portal-copyright=\"iSTock\" decoding=\"async\" class=\"size-full wp-image-2287825\" src=\"https:\/\/i0.wp.com\/catracalivre.com.br\/wp-content\/uploads\/2023\/08\/cocar-olhos.jpg?resize=1200%2C800&#038;ssl=1\" alt=\"\u00c9 isso que acontece quando voc\u00ea co\u00e7a os olhos com as m\u00e3os\" width=\"1200\" height=\"800\" srcset=\"https:\/\/catracalivre.com.br\/wp-content\/uploads\/2023\/08\/cocar-olhos.jpg 1200w, https:\/\/catracalivre.com.br\/wp-content\/uploads\/2023\/08\/cocar-olhos-450x300.jpg 450w, https:\/\/catracalivre.com.br\/wp-content\/uploads\/2023\/08\/cocar-olhos-768x512.jpg 768w\" sizes=\"auto, (max-width: 1200px) 100vw, 1200px\"\/><\/p>\n<p>Cr\u00e9ditos: iSTock<\/p>\n<\/div>\n<\/div>\n<p><span class=\"post-imagem__legenda\">\u00c9 isso que acontece quando voc\u00ea co\u00e7a os olhos com as m\u00e3os<\/span><\/p>\n<\/div>\n<p><em>*Com informa\u00e7\u00f5es da <a href=\"https:\/\/agenciabrasil.ebc.com.br\/saude\" target=\"_blank\" rel=\"noopener\">Ag\u00eancia Brasil<\/a>.<\/em><\/p>\n<\/div>\n<p><script>\n\t\t! function(f, b, e, v, n, t, s) {\n\t\t\tif (f.fbq) return;\n\t\t\tn = f.fbq = function() {\n\t\t\t\tn.callMethod ?\n\t\t\t\t\tn.callMethod.apply(n, arguments) : n.queue.push(arguments)\n\t\t\t};\n\t\t\tif (!f._fbq) f._fbq = n;\n\t\t\tn.push = n;\n\t\t\tn.loaded = !0;\n\t\t\tn.version = '2.0';\n\t\t\tn.queue = [];\n\t\t\tt = b.createElement(e);\n\t\t\tt.async = !0;\n\t\t\tt.src = v;\n\t\t\ts = b.getElementsByTagName(e)[0];\n\t\t\ts.parentNode.insertBefore(t, s)\n\t\t}(window, document, 'script',\n\t\t\t'https:\/\/connect.facebook.net\/en_US\/fbevents.js');\n\t\tfbq('init', '338315473262380');\n\t\tfbq('track', 'PageView');\n\t<\/script><br \/>\n<br \/>[ad_2]<br \/>\n<br \/><a href=\"https:\/\/catracalivre.com.br\/saude-bem-estar\/campanha-glaucoma\/\" target=\"_blank\" rel=\"noopener\">Source link <\/a><\/p>\n<div class='code-block code-block-4' style='margin: 8px auto 8px 0; text-align: left; display: block; clear: both;'>\n\ud83d\udce2 Aviso Legal\n\nO site ismaelcolosi.com.br atua apenas como um canal de divulga\u00e7\u00e3o de oportunidades de emprego e n\u00e3o se responsabiliza pelo processo seletivo, contrata\u00e7\u00e3o ou qualquer outra etapa relacionada \u00e0s vagas publicadas. Todas as informa\u00e7\u00f5es s\u00e3o de responsabilidade dos anunciantes.\n\n\u26a0\ufe0f Aten\u00e7\u00e3o! Nunca pague por promessas de emprego nem compre cursos que garantam contrata\u00e7\u00e3o. Desconfie de qualquer cobran\u00e7a para participar de sele\u00e7\u00f5es.\n\n\n\n<\/div>\n<!-- CONTENT END 1 -->\n","protected":false},"excerpt":{"rendered":"<p>[ad_1] A Sociedade Brasileira de Glaucoma (SBG) lan\u00e7ou uma campanha de conscientiza\u00e7\u00e3o sobre a doen\u00e7a, que \u00e9 a causa mais comum da cegueira irrevers\u00edvel no mundo. A campanha, que vai at\u00e9 o dia 15 de dezembro, inclui um filme de 29 segundos que ser\u00e1 exibido nos cinemas de 125 cidades brasileiras. Cr\u00e9ditos: Stock Photo O&hellip;&nbsp;<\/p>\n","protected":false},"author":1,"featured_media":10101,"comment_status":"open","ping_status":"open","sticky":false,"template":"","format":"standard","meta":{"_uag_custom_page_level_css":"","neve_meta_sidebar":"","neve_meta_container":"","neve_meta_enable_content_width":"","neve_meta_content_width":0,"neve_meta_title_alignment":"","neve_meta_author_avatar":"","neve_post_elements_order":"","neve_meta_disable_header":"","neve_meta_disable_footer":"","neve_meta_disable_title":"","_jetpack_newsletter_access":"","_jetpack_dont_email_post_to_subs":false,"_jetpack_newsletter_tier_id":0,"_jetpack_memberships_contains_paywalled_content":false,"_jetpack_memberships_contains_paid_content":false,"footnotes":""},"categories":[19],"tags":[],"class_list":["post-10100","post","type-post","status-publish","format-standard","has-post-thumbnail","hentry","category-variedades"],"uagb_featured_image_src":{"full":["https:\/\/i0.wp.com\/ismaelcolosi.com.br\/wp-content\/uploads\/2023\/12\/istock-522550606-2.jpg?fit=1200%2C638&ssl=1",1200,638,false],"thumbnail":["https:\/\/i0.wp.com\/ismaelcolosi.com.br\/wp-content\/uploads\/2023\/12\/istock-522550606-2.jpg?resize=150%2C150&ssl=1",150,150,true],"medium":["https:\/\/i0.wp.com\/ismaelcolosi.com.br\/wp-content\/uploads\/2023\/12\/istock-522550606-2.jpg?fit=300%2C160&ssl=1",300,160,true],"medium_large":["https:\/\/i0.wp.com\/ismaelcolosi.com.br\/wp-content\/uploads\/2023\/12\/istock-522550606-2.jpg?fit=768%2C408&ssl=1",768,408,true],"large":["https:\/\/i0.wp.com\/ismaelcolosi.com.br\/wp-content\/uploads\/2023\/12\/istock-522550606-2.jpg?fit=1024%2C544&ssl=1",1024,544,true],"1536x1536":["https:\/\/i0.wp.com\/ismaelcolosi.com.br\/wp-content\/uploads\/2023\/12\/istock-522550606-2.jpg?fit=1200%2C638&ssl=1",1200,638,true],"2048x2048":["https:\/\/i0.wp.com\/ismaelcolosi.com.br\/wp-content\/uploads\/2023\/12\/istock-522550606-2.jpg?fit=1200%2C638&ssl=1",1200,638,true],"neve-blog":["https:\/\/i0.wp.com\/ismaelcolosi.com.br\/wp-content\/uploads\/2023\/12\/istock-522550606-2.jpg?resize=930%2C620&ssl=1",930,620,true]},"uagb_author_info":{"display_name":"ismaelcolosi.com.br","author_link":"https:\/\/ismaelcolosi.com.br\/author\/vidareal-online\/"},"uagb_comment_info":0,"uagb_excerpt":"[ad_1] A Sociedade Brasileira de Glaucoma (SBG) lan\u00e7ou uma campanha de conscientiza\u00e7\u00e3o sobre a doen\u00e7a, que \u00e9 a causa mais comum da cegueira irrevers\u00edvel no mundo. A campanha, que vai at\u00e9 o dia 15 de dezembro, inclui um filme de 29 segundos que ser\u00e1 exibido nos cinemas de 125 cidades brasileiras. Cr\u00e9ditos: Stock Photo O&hellip;&nbsp;","jetpack-related-posts":[{"id":10288,"url":"https:\/\/ismaelcolosi.com.br\/index.php\/2023\/12\/04\/campanha-alerta-para-riscos-do-glaucoma-2\/","url_meta":{"origin":10100,"position":0},"title":"Campanha alerta para riscos do glaucoma","author":"ismaelcolosi.com.br","date":"4 de Dezembro de 2023","format":false,"excerpt":"[ad_1] Entre\u00a0os dias 7 e 15 de dezembro, quem for aos cinemas de 125 cidades do Brasil assistir\u00e1\u00a0a\u00a0filme de 29 segundos com\u00a0alerta sobre os riscos do glaucoma, causa mais comum da cegueira irrevers\u00edvel no mundo. A campanha da Sociedade Brasileira de Glaucoma (SBG) quer mostrar a import\u00e2ncia dos exames\u00a0preventivos com\u2026","rel":"","context":"In &quot;Not\u00edcias de Ribeir\u00e3o Preto-SP e Regi\u00e3o&quot;","block_context":{"text":"Not\u00edcias de Ribeir\u00e3o Preto-SP e Regi\u00e3o","link":"https:\/\/ismaelcolosi.com.br\/index.php\/category\/noticias-de-ribeirao-preto-sp-e-regiao-ismael-colosi\/"},"img":{"alt_text":"","src":"https:\/\/i0.wp.com\/ismaelcolosi.com.br\/wp-content\/uploads\/2023\/12\/glaucoma-scaled.jpg?fit=1000%2C598&ssl=1&resize=350%2C200","width":350,"height":200,"srcset":"https:\/\/i0.wp.com\/ismaelcolosi.com.br\/wp-content\/uploads\/2023\/12\/glaucoma-scaled.jpg?fit=1000%2C598&ssl=1&resize=350%2C200 1x, https:\/\/i0.wp.com\/ismaelcolosi.com.br\/wp-content\/uploads\/2023\/12\/glaucoma-scaled.jpg?fit=1000%2C598&ssl=1&resize=525%2C300 1.5x, https:\/\/i0.wp.com\/ismaelcolosi.com.br\/wp-content\/uploads\/2023\/12\/glaucoma-scaled.jpg?fit=1000%2C598&ssl=1&resize=700%2C400 2x"},"classes":[]},{"id":10578,"url":"https:\/\/ismaelcolosi.com.br\/index.php\/2023\/12\/04\/campanha-alerta-para-riscos-do-glaucoma-e-importancia-da-prevencao\/","url_meta":{"origin":10100,"position":1},"title":"Campanha alerta para riscos do glaucoma e import\u00e2ncia da preven\u00e7\u00e3o \u2013 Folha de Ribeir\u00e3o","author":"ismaelcolosi.com.br","date":"4 de Dezembro de 2023","format":false,"excerpt":"[ad_1] Entre\u00a0os dias 7 e 15 de dezembro, quem for aos cinemas de 125 cidades do Brasil assistir\u00e1\u00a0a\u00a0filme de 29 segundos com\u00a0alerta sobre os riscos do glaucoma, causa mais comum da cegueira irrevers\u00edvel no mundo. A campanha da Sociedade Brasileira de Glaucoma (SBG) quer mostrar a import\u00e2ncia dos exames\u00a0preventivos com\u2026","rel":"","context":"In &quot;Not\u00edcias de Ribeir\u00e3o Preto-SP e Regi\u00e3o&quot;","block_context":{"text":"Not\u00edcias de Ribeir\u00e3o Preto-SP e Regi\u00e3o","link":"https:\/\/ismaelcolosi.com.br\/index.php\/category\/noticias-de-ribeirao-preto-sp-e-regiao-ismael-colosi\/"},"img":{"alt_text":"","src":"","width":0,"height":0},"classes":[]},{"id":56400,"url":"https:\/\/ismaelcolosi.com.br\/index.php\/2024\/07\/11\/confira-a-lista-de-remedios-gratuitos-oferecidos-pelo-programa-farmacia-popular\/","url_meta":{"origin":10100,"position":2},"title":"Confira a lista de rem\u00e9dios gratuitos oferecidos pelo programa Farm\u00e1cia Popular","author":"ismaelcolosi.com.br","date":"11 de Julho de 2024","format":false,"excerpt":"[ad_1] Mais dez medicamentos passaram a ser distribu\u00eddos, gratuitamente, esta semana pelo programa Farm\u00e1cia Popular. A lista inclui rem\u00e9dios para tratamento de colesterol alto, doen\u00e7a de Parkinson, glaucoma e rinite. At\u00e9 quarta-feira (10), apenas as medica\u00e7\u00f5es contra diabetes, hipertens\u00e3o, asma e osteoporose, al\u00e9m de anticoncepcionais, eram oferecidos sem custo nos\u2026","rel":"","context":"In &quot;Not\u00edcias de Ribeir\u00e3o Preto-SP e Regi\u00e3o&quot;","block_context":{"text":"Not\u00edcias de Ribeir\u00e3o Preto-SP e Regi\u00e3o","link":"https:\/\/ismaelcolosi.com.br\/index.php\/category\/noticias-de-ribeirao-preto-sp-e-regiao-ismael-colosi\/"},"img":{"alt_text":"","src":"https:\/\/i0.wp.com\/ismaelcolosi.com.br\/wp-content\/uploads\/2024\/07\/Copia-de-Copia-de-TAMANHO-EXATO-PARA-FOTOS-NO-SISTEMA-NOVO_2024-07-11_17-26-58_png_2024-07-11_17-26-58.webp.webp?fit=1200%2C675&ssl=1&resize=350%2C200","width":350,"height":200,"srcset":"https:\/\/i0.wp.com\/ismaelcolosi.com.br\/wp-content\/uploads\/2024\/07\/Copia-de-Copia-de-TAMANHO-EXATO-PARA-FOTOS-NO-SISTEMA-NOVO_2024-07-11_17-26-58_png_2024-07-11_17-26-58.webp.webp?fit=1200%2C675&ssl=1&resize=350%2C200 1x, https:\/\/i0.wp.com\/ismaelcolosi.com.br\/wp-content\/uploads\/2024\/07\/Copia-de-Copia-de-TAMANHO-EXATO-PARA-FOTOS-NO-SISTEMA-NOVO_2024-07-11_17-26-58_png_2024-07-11_17-26-58.webp.webp?fit=1200%2C675&ssl=1&resize=525%2C300 1.5x, https:\/\/i0.wp.com\/ismaelcolosi.com.br\/wp-content\/uploads\/2024\/07\/Copia-de-Copia-de-TAMANHO-EXATO-PARA-FOTOS-NO-SISTEMA-NOVO_2024-07-11_17-26-58_png_2024-07-11_17-26-58.webp.webp?fit=1200%2C675&ssl=1&resize=700%2C400 2x, https:\/\/i0.wp.com\/ismaelcolosi.com.br\/wp-content\/uploads\/2024\/07\/Copia-de-Copia-de-TAMANHO-EXATO-PARA-FOTOS-NO-SISTEMA-NOVO_2024-07-11_17-26-58_png_2024-07-11_17-26-58.webp.webp?fit=1200%2C675&ssl=1&resize=1050%2C600 3x"},"classes":[]},{"id":56249,"url":"https:\/\/ismaelcolosi.com.br\/index.php\/2024\/07\/10\/farmacia-popular-oferece-novos-medicamentos-gratuitos-para-tratamento-de-quatro-doencas\/","url_meta":{"origin":10100,"position":3},"title":"Farm\u00e1cia Popular oferece novos medicamentos gratuitos para tratamento de quatro doen\u00e7as","author":"ismaelcolosi.com.br","date":"10 de Julho de 2024","format":false,"excerpt":"[ad_1] Os locais credenciados pelo Programa \u201cFarm\u00e1cia Popular\u201d passam a oferecer, gratuitamente, medicamentos para tratamento de colesterol alto, doen\u00e7a de Parkinson, glaucoma e rinite. A medida \u00e9 v\u00e1lida a partir desta quarta-feira (10). Ao todo, o programa oferece 41 itens, entre, medicamentos, fraldas e absorventes. Segundo o Minist\u00e9rio da Sa\u00fade,\u2026","rel":"","context":"In &quot;Not\u00edcias de Ribeir\u00e3o Preto-SP e Regi\u00e3o&quot;","block_context":{"text":"Not\u00edcias de Ribeir\u00e3o Preto-SP e Regi\u00e3o","link":"https:\/\/ismaelcolosi.com.br\/index.php\/category\/noticias-de-ribeirao-preto-sp-e-regiao-ismael-colosi\/"},"img":{"alt_text":"","src":"https:\/\/i0.wp.com\/ismaelcolosi.com.br\/wp-content\/uploads\/2024\/07\/Copia-de-Copia-de-TAMANHO-EXATO-PARA-FOTOS-NO-SISTEMA-NOVO-2_2024-07-10_16-42-05_jpg_2024-07-10_16-42-05.webp.webp?fit=1200%2C675&ssl=1&resize=350%2C200","width":350,"height":200,"srcset":"https:\/\/i0.wp.com\/ismaelcolosi.com.br\/wp-content\/uploads\/2024\/07\/Copia-de-Copia-de-TAMANHO-EXATO-PARA-FOTOS-NO-SISTEMA-NOVO-2_2024-07-10_16-42-05_jpg_2024-07-10_16-42-05.webp.webp?fit=1200%2C675&ssl=1&resize=350%2C200 1x, https:\/\/i0.wp.com\/ismaelcolosi.com.br\/wp-content\/uploads\/2024\/07\/Copia-de-Copia-de-TAMANHO-EXATO-PARA-FOTOS-NO-SISTEMA-NOVO-2_2024-07-10_16-42-05_jpg_2024-07-10_16-42-05.webp.webp?fit=1200%2C675&ssl=1&resize=525%2C300 1.5x, https:\/\/i0.wp.com\/ismaelcolosi.com.br\/wp-content\/uploads\/2024\/07\/Copia-de-Copia-de-TAMANHO-EXATO-PARA-FOTOS-NO-SISTEMA-NOVO-2_2024-07-10_16-42-05_jpg_2024-07-10_16-42-05.webp.webp?fit=1200%2C675&ssl=1&resize=700%2C400 2x, https:\/\/i0.wp.com\/ismaelcolosi.com.br\/wp-content\/uploads\/2024\/07\/Copia-de-Copia-de-TAMANHO-EXATO-PARA-FOTOS-NO-SISTEMA-NOVO-2_2024-07-10_16-42-05_jpg_2024-07-10_16-42-05.webp.webp?fit=1200%2C675&ssl=1&resize=1050%2C600 3x"},"classes":[]},{"id":36738,"url":"https:\/\/ismaelcolosi.com.br\/index.php\/2024\/02\/11\/predio-pronto-hospital-veterinario-publico-de-rp-tem-entrega-adiada\/","url_meta":{"origin":10100,"position":4},"title":"Pr\u00e9dio pronto: hospital veterin\u00e1rio p\u00fablico de RP tem entrega adiada \u00a0","author":"ismaelcolosi.com.br","date":"11 de Fevereiro de 2024","format":false,"excerpt":"[ad_1] 11 de fevereiro de 2024 | 18:0011 de fevereiro de 2024 | 14:20 0Adriana Dorazi \u2013 especial para o Tribuna Imagine na sua pele a situa\u00e7\u00e3o vivida pela protetora de animais Asline Glenda Elias Gobara: seu pet est\u00e1 sem comer ou beber \u00e1gua, com risco de perder a vida,\u2026","rel":"","context":"In &quot;Not\u00edcias de Ribeir\u00e3o Preto-SP e Regi\u00e3o&quot;","block_context":{"text":"Not\u00edcias de Ribeir\u00e3o Preto-SP e Regi\u00e3o","link":"https:\/\/ismaelcolosi.com.br\/index.php\/category\/noticias-de-ribeirao-preto-sp-e-regiao-ismael-colosi\/"},"img":{"alt_text":"","src":"https:\/\/i0.wp.com\/ismaelcolosi.com.br\/wp-content\/uploads\/2024\/02\/BOB_01_divulgacao-scaled.jpg?fit=484%2C645&ssl=1&resize=350%2C200","width":350,"height":200},"classes":[]},{"id":37186,"url":"https:\/\/ismaelcolosi.com.br\/index.php\/2024\/02\/14\/fraternidade-e-amizade-social-sao-tema-da-campanha-da-fraternidade\/","url_meta":{"origin":10100,"position":5},"title":"Fraternidade e Amizade Social s\u00e3o tema da Campanha da Fraternidade","author":"ismaelcolosi.com.br","date":"14 de Fevereiro de 2024","format":false,"excerpt":"[ad_1] A Campanha da Fraternidade 2024 tem o tema\u00a0Fraternidade e Amizade Social\u00a0e o lema\u00a0V\u00f3s sois todos irm\u00e3os e irm\u00e3s\u00a0(Mateus 23,8). O lan\u00e7amento da campanha foi na Confer\u00eancia Nacional dos Bispos do Brasil (CNBB), em Bras\u00edlia, nesta Quarta-feira de Cinzas (14), dia que marca para as religi\u00f5es crist\u00e3s o in\u00edcio da\u2026","rel":"","context":"In &quot;Not\u00edcias de Ribeir\u00e3o Preto-SP e Regi\u00e3o&quot;","block_context":{"text":"Not\u00edcias de Ribeir\u00e3o Preto-SP e Regi\u00e3o","link":"https:\/\/ismaelcolosi.com.br\/index.php\/category\/noticias-de-ribeirao-preto-sp-e-regiao-ismael-colosi\/"},"img":{"alt_text":"","src":"https:\/\/i0.wp.com\/ismaelcolosi.com.br\/wp-content\/uploads\/2024\/02\/b6079495-e0fe-482d-9bb3-c05aec4f1ee5-scaled.jpg?fit=1000%2C598&ssl=1&resize=350%2C200","width":350,"height":200,"srcset":"https:\/\/i0.wp.com\/ismaelcolosi.com.br\/wp-content\/uploads\/2024\/02\/b6079495-e0fe-482d-9bb3-c05aec4f1ee5-scaled.jpg?fit=1000%2C598&ssl=1&resize=350%2C200 1x, https:\/\/i0.wp.com\/ismaelcolosi.com.br\/wp-content\/uploads\/2024\/02\/b6079495-e0fe-482d-9bb3-c05aec4f1ee5-scaled.jpg?fit=1000%2C598&ssl=1&resize=525%2C300 1.5x, https:\/\/i0.wp.com\/ismaelcolosi.com.br\/wp-content\/uploads\/2024\/02\/b6079495-e0fe-482d-9bb3-c05aec4f1ee5-scaled.jpg?fit=1000%2C598&ssl=1&resize=700%2C400 2x"},"classes":[]}],"jetpack_sharing_enabled":true,"jetpack_shortlink":"https:\/\/wp.me\/pfMlyK-2CU","jetpack_featured_media_url":"https:\/\/i0.wp.com\/ismaelcolosi.com.br\/wp-content\/uploads\/2023\/12\/istock-522550606-2.jpg?fit=1200%2C638&ssl=1","_links":{"self":[{"href":"https:\/\/ismaelcolosi.com.br\/index.php\/wp-json\/wp\/v2\/posts\/10100","targetHints":{"allow":["GET"]}}],"collection":[{"href":"https:\/\/ismaelcolosi.com.br\/index.php\/wp-json\/wp\/v2\/posts"}],"about":[{"href":"https:\/\/ismaelcolosi.com.br\/index.php\/wp-json\/wp\/v2\/types\/post"}],"author":[{"embeddable":true,"href":"https:\/\/ismaelcolosi.com.br\/index.php\/wp-json\/wp\/v2\/users\/1"}],"replies":[{"embeddable":true,"href":"https:\/\/ismaelcolosi.com.br\/index.php\/wp-json\/wp\/v2\/comments?post=10100"}],"version-history":[{"count":0,"href":"https:\/\/ismaelcolosi.com.br\/index.php\/wp-json\/wp\/v2\/posts\/10100\/revisions"}],"wp:featuredmedia":[{"embeddable":true,"href":"https:\/\/ismaelcolosi.com.br\/index.php\/wp-json\/wp\/v2\/media\/10101"}],"wp:attachment":[{"href":"https:\/\/ismaelcolosi.com.br\/index.php\/wp-json\/wp\/v2\/media?parent=10100"}],"wp:term":[{"taxonomy":"category","embeddable":true,"href":"https:\/\/ismaelcolosi.com.br\/index.php\/wp-json\/wp\/v2\/categories?post=10100"},{"taxonomy":"post_tag","embeddable":true,"href":"https:\/\/ismaelcolosi.com.br\/index.php\/wp-json\/wp\/v2\/tags?post=10100"}],"curies":[{"name":"wp","href":"https:\/\/api.w.org\/{rel}","templated":true}]}}