{"id":10090,"date":"2023-12-03T17:50:55","date_gmt":"2023-12-03T20:50:55","guid":{"rendered":"https:\/\/ismaelcolosi.com.br\/index.php\/2023\/12\/03\/motorista-e-passageiro-pegam-fogo-ate-falecerem-apos-batida-entre-carros-tragedia-aconteceu-apos-manobra-proibida\/"},"modified":"2023-12-03T17:50:55","modified_gmt":"2023-12-03T20:50:55","slug":"motorista-e-passageiro-pegam-fogo-ate-falecerem-apos-batida-entre-carros-tragedia-aconteceu-apos-manobra-proibida","status":"publish","type":"post","link":"https:\/\/ismaelcolosi.com.br\/index.php\/2023\/12\/03\/motorista-e-passageiro-pegam-fogo-ate-falecerem-apos-batida-entre-carros-tragedia-aconteceu-apos-manobra-proibida\/","title":{"rendered":"Motorista e passageiro pegam fogo at\u00e9 falecerem ap\u00f3s batida entre carros; trag\u00e9dia aconteceu ap\u00f3s manobra proibida"},"content":{"rendered":"<p> [ad_1]<br \/>\n<\/p>\n<div itemprop=\"text\">\n<p>Uma trag\u00e9dia ceifou a vida de quatro pessoas em mais um evento registrado pelas rodovias federais brasileiras durante a madrugada deste domingo, dia 03 de dezembro.<\/p>\n<p>Dois autom\u00f3veis de passeio bateram de frente em um trecho da BR-050 nas proximidades do munic\u00edpio de Catal\u00e3o, situado na regi\u00e3o sudeste do estado de Goi\u00e1s.<\/p>\n<p>O Corpo de Bombeiros do estado de Goi\u00e1s, que foi acionado para o atendimento \u00e0 ocorr\u00eancia, informou em documento p\u00fablico que, da batida, um dos autom\u00f3veis pegou fogo. Nesse contexto, duas v\u00edtimas que ficaram agarradas \u00e0s ferragens perderam suas vidas por meio da carboniza\u00e7\u00e3o de seus corpos.<\/p>\n<p>A PRF (Pol\u00edcia Rodovi\u00e1ria Federal), igualmente acionada para o atendimento \u00e0 ocorr\u00eancia, reportou que a causa da colis\u00e3o foi uma manobra irregular levada a efeito pelo condutor de um dos autom\u00f3veis.<\/p>\n<p>Neste sentido, o motorista teria realizado um retorno n\u00e3o autorizado, acessando a contram\u00e3o e batendo de frente contra o outro carro, cujo deslocamento se fazia no sentido de Catal\u00e3o em dire\u00e7\u00e3o a Campo Alegre.<\/p>\n<p>O impacto provocou uma explos\u00e3o desencadeando intensas chamas que rapidamente atingiram o segundo ve\u00edculo descrito. Sabe-se que os dois ocupantes fatais s\u00e3o homens, mas as identidades ainda carecem de identifica\u00e7\u00e3o por interm\u00e9dio dos laudos necrosc\u00f3picos.<\/p>\n<p>Em paralelo, a PRF informou, sem citar nomes, que as v\u00edtimas fatais estariam no interior do autom\u00f3vel que fez a manobra irregular. Tratam-se de pessoas com 42 anos e 47 anos, ambos retornavam do trabalho com dire\u00e7\u00e3o \u00e0s suas casas.<\/p>\n<\/div>\n<p>[ad_2]<br \/>\n<br \/><a href=\"https:\/\/fnmais.com\/motorista-passageiro-pegam-fogo-ate-falecerem-apos-batida-entre-carros-tragedia-aconteceu-apos-manobra-proibida\/\" target=\"_blank\" rel=\"noopener\">Source link <\/a><\/p>\n<div class='code-block code-block-4' style='margin: 8px auto 8px 0; text-align: left; display: block; clear: both;'>\n\ud83d\udce2 Aviso Legal\n\nO site ismaelcolosi.com.br atua apenas como um canal de divulga\u00e7\u00e3o de oportunidades de emprego e n\u00e3o se responsabiliza pelo processo seletivo, contrata\u00e7\u00e3o ou qualquer outra etapa relacionada \u00e0s vagas publicadas. Todas as informa\u00e7\u00f5es s\u00e3o de responsabilidade dos anunciantes.\n\n\u26a0\ufe0f Aten\u00e7\u00e3o! Nunca pague por promessas de emprego nem compre cursos que garantam contrata\u00e7\u00e3o. Desconfie de qualquer cobran\u00e7a para participar de sele\u00e7\u00f5es.\n\n\n\n<\/div>\n<!-- CONTENT END 1 -->\n","protected":false},"excerpt":{"rendered":"<p>[ad_1] Uma trag\u00e9dia ceifou a vida de quatro pessoas em mais um evento registrado pelas rodovias federais brasileiras durante a madrugada deste domingo, dia 03 de dezembro. Dois autom\u00f3veis de passeio bateram de frente em um trecho da BR-050 nas proximidades do munic\u00edpio de Catal\u00e3o, situado na regi\u00e3o sudeste do estado de Goi\u00e1s. O Corpo&hellip;&nbsp;<\/p>\n","protected":false},"author":1,"featured_media":10091,"comment_status":"open","ping_status":"open","sticky":false,"template":"","format":"standard","meta":{"_uag_custom_page_level_css":"","neve_meta_sidebar":"","neve_meta_container":"","neve_meta_enable_content_width":"","neve_meta_content_width":0,"neve_meta_title_alignment":"","neve_meta_author_avatar":"","neve_post_elements_order":"","neve_meta_disable_header":"","neve_meta_disable_footer":"","neve_meta_disable_title":"","_jetpack_newsletter_access":"","_jetpack_dont_email_post_to_subs":false,"_jetpack_newsletter_tier_id":0,"_jetpack_memberships_contains_paywalled_content":false,"_jetpack_memberships_contains_paid_content":false,"footnotes":""},"categories":[1],"tags":[],"class_list":["post-10090","post","type-post","status-publish","format-standard","has-post-thumbnail","hentry","category-blog"],"uagb_featured_image_src":{"full":["https:\/\/i0.wp.com\/ismaelcolosi.com.br\/wp-content\/uploads\/2023\/12\/postimg-656ce7fabe86b6194.jpg?fit=1200%2C628&ssl=1",1200,628,false],"thumbnail":["https:\/\/i0.wp.com\/ismaelcolosi.com.br\/wp-content\/uploads\/2023\/12\/postimg-656ce7fabe86b6194.jpg?resize=150%2C150&ssl=1",150,150,true],"medium":["https:\/\/i0.wp.com\/ismaelcolosi.com.br\/wp-content\/uploads\/2023\/12\/postimg-656ce7fabe86b6194.jpg?fit=300%2C157&ssl=1",300,157,true],"medium_large":["https:\/\/i0.wp.com\/ismaelcolosi.com.br\/wp-content\/uploads\/2023\/12\/postimg-656ce7fabe86b6194.jpg?fit=768%2C402&ssl=1",768,402,true],"large":["https:\/\/i0.wp.com\/ismaelcolosi.com.br\/wp-content\/uploads\/2023\/12\/postimg-656ce7fabe86b6194.jpg?fit=1024%2C536&ssl=1",1024,536,true],"1536x1536":["https:\/\/i0.wp.com\/ismaelcolosi.com.br\/wp-content\/uploads\/2023\/12\/postimg-656ce7fabe86b6194.jpg?fit=1200%2C628&ssl=1",1200,628,true],"2048x2048":["https:\/\/i0.wp.com\/ismaelcolosi.com.br\/wp-content\/uploads\/2023\/12\/postimg-656ce7fabe86b6194.jpg?fit=1200%2C628&ssl=1",1200,628,true],"neve-blog":["https:\/\/i0.wp.com\/ismaelcolosi.com.br\/wp-content\/uploads\/2023\/12\/postimg-656ce7fabe86b6194.jpg?resize=930%2C620&ssl=1",930,620,true]},"uagb_author_info":{"display_name":"ismaelcolosi.com.br","author_link":"https:\/\/ismaelcolosi.com.br\/author\/vidareal-online\/"},"uagb_comment_info":0,"uagb_excerpt":"[ad_1] Uma trag\u00e9dia ceifou a vida de quatro pessoas em mais um evento registrado pelas rodovias federais brasileiras durante a madrugada deste domingo, dia 03 de dezembro. Dois autom\u00f3veis de passeio bateram de frente em um trecho da BR-050 nas proximidades do munic\u00edpio de Catal\u00e3o, situado na regi\u00e3o sudeste do estado de Goi\u00e1s. O Corpo&hellip;&nbsp;","jetpack-related-posts":[{"id":31303,"url":"https:\/\/ismaelcolosi.com.br\/index.php\/2024\/01\/21\/ferido-e-sem-forcas-para-levantar-motociclista-perde-a-vida-carbonizado-apos-explosao-provocada-por-batida-entre-motos\/","url_meta":{"origin":10090,"position":0},"title":"Ferido e sem for\u00e7as para levantar, motociclista perde a vida carbonizado ap\u00f3s explos\u00e3o provocada por batida entre motos","author":"ismaelcolosi.com.br","date":"21 de Janeiro de 2024","format":false,"excerpt":"[ad_1] Neste \u00faltimo domingo, dia 21 de janeiro, um grav\u00edssimo acidente de tr\u00e2nsito chocou a cidade de Bel\u00e9m, capital do estado do Par\u00e1. O incidente ocorreu durante a madrugada.Segundo as informa\u00e7\u00f5es sobre o caso, o acidente envolveu duas motos que colidiram frontalmente na rua Nova com a travessa Mauriti, no\u2026","rel":"","context":"In &quot;Blog&quot;","block_context":{"text":"Blog","link":"https:\/\/ismaelcolosi.com.br\/index.php\/category\/blog\/"},"img":{"alt_text":"","src":"https:\/\/i0.wp.com\/ismaelcolosi.com.br\/wp-content\/uploads\/2024\/01\/postimg-65ad9b77d8ce24542.jpg?fit=1200%2C628&ssl=1&resize=350%2C200","width":350,"height":200,"srcset":"https:\/\/i0.wp.com\/ismaelcolosi.com.br\/wp-content\/uploads\/2024\/01\/postimg-65ad9b77d8ce24542.jpg?fit=1200%2C628&ssl=1&resize=350%2C200 1x, https:\/\/i0.wp.com\/ismaelcolosi.com.br\/wp-content\/uploads\/2024\/01\/postimg-65ad9b77d8ce24542.jpg?fit=1200%2C628&ssl=1&resize=525%2C300 1.5x, https:\/\/i0.wp.com\/ismaelcolosi.com.br\/wp-content\/uploads\/2024\/01\/postimg-65ad9b77d8ce24542.jpg?fit=1200%2C628&ssl=1&resize=700%2C400 2x, https:\/\/i0.wp.com\/ismaelcolosi.com.br\/wp-content\/uploads\/2024\/01\/postimg-65ad9b77d8ce24542.jpg?fit=1200%2C628&ssl=1&resize=1050%2C600 3x"},"classes":[]},{"id":29648,"url":"https:\/\/ismaelcolosi.com.br\/index.php\/2024\/01\/18\/sc-acidente-grave-provoca-tragedia-deixa-pai-e-filho-sem-vida-e-varios-feridos-na-br-116\/","url_meta":{"origin":10090,"position":1},"title":"SC: Acidente grave provoca trag\u00e9dia, deixa pai e filho sem vida e v\u00e1rios feridos na BR-116","author":"ismaelcolosi.com.br","date":"18 de Janeiro de 2024","format":false,"excerpt":"[ad_1] No in\u00edcio da noite desta quinta-feira (18), um grave acidente provocou uma verdadeira trag\u00e9dia que teve como cen\u00e1rio a rodovia BR-116.De acordo com as autoridades respons\u00e1veis por atender a ocorr\u00eancia, a colis\u00e3o entre dois carros, aconteceu no trecho que corta a cidade de Correia Pinto, localizada no interior do\u2026","rel":"","context":"In &quot;Blog&quot;","block_context":{"text":"Blog","link":"https:\/\/ismaelcolosi.com.br\/index.php\/category\/blog\/"},"img":{"alt_text":"","src":"https:\/\/i0.wp.com\/ismaelcolosi.com.br\/wp-content\/uploads\/2024\/01\/postimg-65a9ca4600ae64584.jpg?fit=1200%2C628&ssl=1&resize=350%2C200","width":350,"height":200,"srcset":"https:\/\/i0.wp.com\/ismaelcolosi.com.br\/wp-content\/uploads\/2024\/01\/postimg-65a9ca4600ae64584.jpg?fit=1200%2C628&ssl=1&resize=350%2C200 1x, https:\/\/i0.wp.com\/ismaelcolosi.com.br\/wp-content\/uploads\/2024\/01\/postimg-65a9ca4600ae64584.jpg?fit=1200%2C628&ssl=1&resize=525%2C300 1.5x, https:\/\/i0.wp.com\/ismaelcolosi.com.br\/wp-content\/uploads\/2024\/01\/postimg-65a9ca4600ae64584.jpg?fit=1200%2C628&ssl=1&resize=700%2C400 2x, https:\/\/i0.wp.com\/ismaelcolosi.com.br\/wp-content\/uploads\/2024\/01\/postimg-65a9ca4600ae64584.jpg?fit=1200%2C628&ssl=1&resize=1050%2C600 3x"},"classes":[]},{"id":29182,"url":"https:\/\/ismaelcolosi.com.br\/index.php\/2024\/01\/17\/acidente-provoca-tragedia-na-br-280-deixa-vitimas-fatais-e-cenario-de-destruicao\/","url_meta":{"origin":10090,"position":2},"title":"Acidente provoca trag\u00e9dia na BR-280, deixa v\u00edtimas fatais e cen\u00e1rio de destrui\u00e7\u00e3o","author":"ismaelcolosi.com.br","date":"17 de Janeiro de 2024","format":false,"excerpt":"[ad_1] Um grave acidente envolvendo dois ve\u00edculos provocou uma verdadeira trag\u00e9dia que teve cen\u00e1rio a rodovia BR-280.De acordo com as primeiras informa\u00e7\u00f5es repassadas pelas autoridades locais respons\u00e1veis pelo atendimento da ocorr\u00eancia, a colis\u00e3o violenta aconteceu na altura da cidade de Canoinhas, localizada na regi\u00e3o do Planalto Norte do estado de\u2026","rel":"","context":"In &quot;Blog&quot;","block_context":{"text":"Blog","link":"https:\/\/ismaelcolosi.com.br\/index.php\/category\/blog\/"},"img":{"alt_text":"","src":"https:\/\/i0.wp.com\/ismaelcolosi.com.br\/wp-content\/uploads\/2024\/01\/postimg-65a8304ced6827072.jpg?fit=1200%2C675&ssl=1&resize=350%2C200","width":350,"height":200,"srcset":"https:\/\/i0.wp.com\/ismaelcolosi.com.br\/wp-content\/uploads\/2024\/01\/postimg-65a8304ced6827072.jpg?fit=1200%2C675&ssl=1&resize=350%2C200 1x, https:\/\/i0.wp.com\/ismaelcolosi.com.br\/wp-content\/uploads\/2024\/01\/postimg-65a8304ced6827072.jpg?fit=1200%2C675&ssl=1&resize=525%2C300 1.5x, https:\/\/i0.wp.com\/ismaelcolosi.com.br\/wp-content\/uploads\/2024\/01\/postimg-65a8304ced6827072.jpg?fit=1200%2C675&ssl=1&resize=700%2C400 2x, https:\/\/i0.wp.com\/ismaelcolosi.com.br\/wp-content\/uploads\/2024\/01\/postimg-65a8304ced6827072.jpg?fit=1200%2C675&ssl=1&resize=1050%2C600 3x"},"classes":[]},{"id":8271,"url":"https:\/\/ismaelcolosi.com.br\/index.php\/2023\/11\/29\/tragedia-na-br-265-acidente-entre-2-carros-e-um-caminhao-deixa-vitimas-fatais\/","url_meta":{"origin":10090,"position":3},"title":"Trag\u00e9dia na BR-265 &#8211; acidente entre 2 carros e um caminh\u00e3o deixa v\u00edtimas fatais","author":"ismaelcolosi.com.br","date":"29 de Novembro de 2023","format":false,"excerpt":"[ad_1] Um grave acidente resultou na morte de duas pessoas nesta quarta-feira (29), na BR-265, que fica situada em Lavras, no Centro-Oeste do estado de Minas Gerais. A trag\u00e9dia envolveu um caminh\u00e3o e outros dois ve\u00edculos.Pessoas que presenciaram o acidente informaram que o tr\u00e1gico epis\u00f3dio aconteceu durante uma mudan\u00e7a de\u2026","rel":"","context":"In &quot;Blog&quot;","block_context":{"text":"Blog","link":"https:\/\/ismaelcolosi.com.br\/index.php\/category\/blog\/"},"img":{"alt_text":"","src":"https:\/\/i0.wp.com\/ismaelcolosi.com.br\/wp-content\/uploads\/2023\/11\/postimg-6567bb49b7d246376.jpg?fit=1200%2C628&ssl=1&resize=350%2C200","width":350,"height":200,"srcset":"https:\/\/i0.wp.com\/ismaelcolosi.com.br\/wp-content\/uploads\/2023\/11\/postimg-6567bb49b7d246376.jpg?fit=1200%2C628&ssl=1&resize=350%2C200 1x, https:\/\/i0.wp.com\/ismaelcolosi.com.br\/wp-content\/uploads\/2023\/11\/postimg-6567bb49b7d246376.jpg?fit=1200%2C628&ssl=1&resize=525%2C300 1.5x, https:\/\/i0.wp.com\/ismaelcolosi.com.br\/wp-content\/uploads\/2023\/11\/postimg-6567bb49b7d246376.jpg?fit=1200%2C628&ssl=1&resize=700%2C400 2x, https:\/\/i0.wp.com\/ismaelcolosi.com.br\/wp-content\/uploads\/2023\/11\/postimg-6567bb49b7d246376.jpg?fit=1200%2C628&ssl=1&resize=1050%2C600 3x"},"classes":[]},{"id":18401,"url":"https:\/\/ismaelcolosi.com.br\/index.php\/2023\/12\/20\/mulher-perde-a-vida-ao-cair-de-roda-gigante-e-momento-da-queda-e-gravado\/","url_meta":{"origin":10090,"position":4},"title":"mulher perde a vida ao cair de roda gigante e momento da queda \u00e9 gravado","author":"ismaelcolosi.com.br","date":"20 de Dezembro de 2023","format":false,"excerpt":"[ad_1] Uma mulher de 49 anos acabou perdendo a vida no come\u00e7o desta semana ap\u00f3s brincar em uma roda gigante que fica situada em um restaurante na zona rural de Barbacena, no estado de Minas Gerais.O tr\u00e1gico epis\u00f3dio ocorreu no \u00faltimo domingo (17\/12) e agora est\u00e1 sendo investigado pela pol\u00edcia.\u2026","rel":"","context":"In &quot;Blog&quot;","block_context":{"text":"Blog","link":"https:\/\/ismaelcolosi.com.br\/index.php\/category\/blog\/"},"img":{"alt_text":"","src":"https:\/\/i0.wp.com\/ismaelcolosi.com.br\/wp-content\/uploads\/2023\/12\/postimg-6582eba5cf7827711.jpg?fit=1200%2C628&ssl=1&resize=350%2C200","width":350,"height":200,"srcset":"https:\/\/i0.wp.com\/ismaelcolosi.com.br\/wp-content\/uploads\/2023\/12\/postimg-6582eba5cf7827711.jpg?fit=1200%2C628&ssl=1&resize=350%2C200 1x, https:\/\/i0.wp.com\/ismaelcolosi.com.br\/wp-content\/uploads\/2023\/12\/postimg-6582eba5cf7827711.jpg?fit=1200%2C628&ssl=1&resize=525%2C300 1.5x, https:\/\/i0.wp.com\/ismaelcolosi.com.br\/wp-content\/uploads\/2023\/12\/postimg-6582eba5cf7827711.jpg?fit=1200%2C628&ssl=1&resize=700%2C400 2x, https:\/\/i0.wp.com\/ismaelcolosi.com.br\/wp-content\/uploads\/2023\/12\/postimg-6582eba5cf7827711.jpg?fit=1200%2C628&ssl=1&resize=1050%2C600 3x"},"classes":[]},{"id":25998,"url":"https:\/\/ismaelcolosi.com.br\/index.php\/2024\/01\/08\/tragedia-na-pr-317-caminhao-sem-freios-atinge-varios-carros-deixa-vitimas-fatais-entre-elas-uma-crianca-alem-de-varios-feridos\/","url_meta":{"origin":10090,"position":5},"title":"Trag\u00e9dia na PR-317: Caminh\u00e3o sem freios atinge v\u00e1rios carros deixa v\u00edtimas fatais entre elas uma crian\u00e7a, al\u00e9m de v\u00e1rios feridos","author":"ismaelcolosi.com.br","date":"8 de Janeiro de 2024","format":false,"excerpt":"[ad_1] Na tarde desta segunda-feira (8), um grave acidente envolvendo um caminh\u00e3o e tr\u00eas carros provocou uma verdadeira trag\u00e9dia que teve como cen\u00e1rio a rodovia BR-317.De acordo com as informa\u00e7\u00f5es repassadas pelos agentes da Pol\u00edcia Rodovi\u00e1ria Estadual (PRE), em virtude do acidente duas mulheres e uma crian\u00e7a perderam a vida\u2026","rel":"","context":"In &quot;Blog&quot;","block_context":{"text":"Blog","link":"https:\/\/ismaelcolosi.com.br\/index.php\/category\/blog\/"},"img":{"alt_text":"","src":"https:\/\/i0.wp.com\/ismaelcolosi.com.br\/wp-content\/uploads\/2024\/01\/postimg-659c95959f11b9036.jpg?fit=1200%2C628&ssl=1&resize=350%2C200","width":350,"height":200,"srcset":"https:\/\/i0.wp.com\/ismaelcolosi.com.br\/wp-content\/uploads\/2024\/01\/postimg-659c95959f11b9036.jpg?fit=1200%2C628&ssl=1&resize=350%2C200 1x, https:\/\/i0.wp.com\/ismaelcolosi.com.br\/wp-content\/uploads\/2024\/01\/postimg-659c95959f11b9036.jpg?fit=1200%2C628&ssl=1&resize=525%2C300 1.5x, https:\/\/i0.wp.com\/ismaelcolosi.com.br\/wp-content\/uploads\/2024\/01\/postimg-659c95959f11b9036.jpg?fit=1200%2C628&ssl=1&resize=700%2C400 2x, https:\/\/i0.wp.com\/ismaelcolosi.com.br\/wp-content\/uploads\/2024\/01\/postimg-659c95959f11b9036.jpg?fit=1200%2C628&ssl=1&resize=1050%2C600 3x"},"classes":[]}],"jetpack_sharing_enabled":true,"jetpack_shortlink":"https:\/\/wp.me\/pfMlyK-2CK","jetpack_featured_media_url":"https:\/\/i0.wp.com\/ismaelcolosi.com.br\/wp-content\/uploads\/2023\/12\/postimg-656ce7fabe86b6194.jpg?fit=1200%2C628&ssl=1","_links":{"self":[{"href":"https:\/\/ismaelcolosi.com.br\/index.php\/wp-json\/wp\/v2\/posts\/10090","targetHints":{"allow":["GET"]}}],"collection":[{"href":"https:\/\/ismaelcolosi.com.br\/index.php\/wp-json\/wp\/v2\/posts"}],"about":[{"href":"https:\/\/ismaelcolosi.com.br\/index.php\/wp-json\/wp\/v2\/types\/post"}],"author":[{"embeddable":true,"href":"https:\/\/ismaelcolosi.com.br\/index.php\/wp-json\/wp\/v2\/users\/1"}],"replies":[{"embeddable":true,"href":"https:\/\/ismaelcolosi.com.br\/index.php\/wp-json\/wp\/v2\/comments?post=10090"}],"version-history":[{"count":0,"href":"https:\/\/ismaelcolosi.com.br\/index.php\/wp-json\/wp\/v2\/posts\/10090\/revisions"}],"wp:featuredmedia":[{"embeddable":true,"href":"https:\/\/ismaelcolosi.com.br\/index.php\/wp-json\/wp\/v2\/media\/10091"}],"wp:attachment":[{"href":"https:\/\/ismaelcolosi.com.br\/index.php\/wp-json\/wp\/v2\/media?parent=10090"}],"wp:term":[{"taxonomy":"category","embeddable":true,"href":"https:\/\/ismaelcolosi.com.br\/index.php\/wp-json\/wp\/v2\/categories?post=10090"},{"taxonomy":"post_tag","embeddable":true,"href":"https:\/\/ismaelcolosi.com.br\/index.php\/wp-json\/wp\/v2\/tags?post=10090"}],"curies":[{"name":"wp","href":"https:\/\/api.w.org\/{rel}","templated":true}]}}