{"id":10082,"date":"2023-12-03T17:26:24","date_gmt":"2023-12-03T20:26:24","guid":{"rendered":"https:\/\/ismaelcolosi.com.br\/index.php\/2023\/12\/03\/suspeito-de-acabar-com-a-vida-da-pequena-amelia-vitoria-tambem-responde-por-abuso-contra-a-propria-enteada\/"},"modified":"2023-12-03T17:26:24","modified_gmt":"2023-12-03T20:26:24","slug":"suspeito-de-acabar-com-a-vida-da-pequena-amelia-vitoria-tambem-responde-por-abuso-contra-a-propria-enteada","status":"publish","type":"post","link":"https:\/\/ismaelcolosi.com.br\/index.php\/2023\/12\/03\/suspeito-de-acabar-com-a-vida-da-pequena-amelia-vitoria-tambem-responde-por-abuso-contra-a-propria-enteada\/","title":{"rendered":"Suspeito de acabar com a vida da pequena Am\u00e9lia Vit\u00f3ria tamb\u00e9m responde por abuso contra a pr\u00f3pria enteada"},"content":{"rendered":"<p> [ad_1]<br \/>\n<\/p>\n<div itemprop=\"text\">\n<p>A Pol\u00edcia Militar est\u00e1 investigando o tr\u00e1gico desaparecimento e assassinato de Am\u00e9lia Vit\u00f3ria, uma estudante de apenas 14 anos.<\/p>\n<p>O suspeito, cujo nome n\u00e3o foi divulgado, enfrenta acusa\u00e7\u00f5es criminais por crimes semelhantes aos quais \u00e9 acusado. Ele \u00e9 r\u00e9u em um processo na Justi\u00e7a relacionado \u00e0 viol\u00eancia contra a sua pr\u00f3pria enteada.<\/p>\n<p>Am\u00e9lia Vit\u00f3ria desapareceu na tarde de quinta-feira, 30 de dezembro, enquanto ia buscar sua irm\u00e3 na escola. A tia da v\u00edtima, Cristiane Moreira, relatou que a jovem saiu de casa sem levar seu telefone celular devido \u00e0 chuva e tamb\u00e9m porque sua bicicleta estava quebrada. Am\u00e9lia Vit\u00f3ria seguia o mesmo trajeto diariamente h\u00e1 cerca de 3 meses.<\/p>\n<p>De acordo com informa\u00e7\u00f5es do portal de not\u00edcias G1, o suspeito \u00e9 um pedreiro. A fam\u00edlia de Am\u00e9lia Vit\u00f3ria s\u00f3 percebeu seu desaparecimento quando a escola ligou informando que sua irm\u00e3 ainda estava na escola, sem que ningu\u00e9m a tivesse buscado.<\/p>\n<p>C\u00e2meras de seguran\u00e7a registraram os \u00faltimos passos de Am\u00e9lia Vit\u00f3ria antes de seu desaparecimento. A tia da v\u00edtima descreveu a adolescente como tranquila, amiga e carinhosa, destacando que ela tinha poucos amigos e era caseira.<\/p>\n<p>O corpo de Am\u00e9lia Vit\u00f3ria foi encontrado no s\u00e1bado, dia 2 de dezembro, enrolado em um len\u00e7ol em uma cal\u00e7ada. A identifica\u00e7\u00e3o foi realizada por meio de impress\u00f5es digitais por um papiloscopista.<\/p>\n<p>Nas redes sociais, a m\u00e3e da jovem lamentou a trag\u00e9dia. A investiga\u00e7\u00e3o est\u00e1 em andamento, e as autoridades buscam esclarecer os detalhes desse triste acontecimento.<\/p>\n<\/div>\n<p>[ad_2]<br \/>\n<br \/><a href=\"https:\/\/fnmais.com\/suspeito-acabar-com-vida-pequena-amelia-vitoria-tambem-responde-por-abuso-contra-propria-enteada\/\" target=\"_blank\" rel=\"noopener\">Source link <\/a><\/p>\n<div class='code-block code-block-4' style='margin: 8px auto 8px 0; text-align: left; display: block; clear: both;'>\n\ud83d\udce2 Aviso Legal\n\nO site ismaelcolosi.com.br atua apenas como um canal de divulga\u00e7\u00e3o de oportunidades de emprego e n\u00e3o se responsabiliza pelo processo seletivo, contrata\u00e7\u00e3o ou qualquer outra etapa relacionada \u00e0s vagas publicadas. Todas as informa\u00e7\u00f5es s\u00e3o de responsabilidade dos anunciantes.\n\n\u26a0\ufe0f Aten\u00e7\u00e3o! Nunca pague por promessas de emprego nem compre cursos que garantam contrata\u00e7\u00e3o. Desconfie de qualquer cobran\u00e7a para participar de sele\u00e7\u00f5es.\n\n\n\n<\/div>\n<!-- CONTENT END 1 -->\n","protected":false},"excerpt":{"rendered":"<p>[ad_1] A Pol\u00edcia Militar est\u00e1 investigando o tr\u00e1gico desaparecimento e assassinato de Am\u00e9lia Vit\u00f3ria, uma estudante de apenas 14 anos. O suspeito, cujo nome n\u00e3o foi divulgado, enfrenta acusa\u00e7\u00f5es criminais por crimes semelhantes aos quais \u00e9 acusado. Ele \u00e9 r\u00e9u em um processo na Justi\u00e7a relacionado \u00e0 viol\u00eancia contra a sua pr\u00f3pria enteada. Am\u00e9lia Vit\u00f3ria&hellip;&nbsp;<\/p>\n","protected":false},"author":1,"featured_media":10083,"comment_status":"open","ping_status":"open","sticky":false,"template":"","format":"standard","meta":{"_uag_custom_page_level_css":"","neve_meta_sidebar":"","neve_meta_container":"","neve_meta_enable_content_width":"","neve_meta_content_width":0,"neve_meta_title_alignment":"","neve_meta_author_avatar":"","neve_post_elements_order":"","neve_meta_disable_header":"","neve_meta_disable_footer":"","neve_meta_disable_title":"","_jetpack_newsletter_access":"","_jetpack_dont_email_post_to_subs":false,"_jetpack_newsletter_tier_id":0,"_jetpack_memberships_contains_paywalled_content":false,"_jetpack_memberships_contains_paid_content":false,"footnotes":""},"categories":[1],"tags":[],"class_list":["post-10082","post","type-post","status-publish","format-standard","has-post-thumbnail","hentry","category-blog"],"uagb_featured_image_src":{"full":["https:\/\/i0.wp.com\/ismaelcolosi.com.br\/wp-content\/uploads\/2023\/12\/postimg-656cdc3c19a634069.jpg?fit=1200%2C628&ssl=1",1200,628,false],"thumbnail":["https:\/\/i0.wp.com\/ismaelcolosi.com.br\/wp-content\/uploads\/2023\/12\/postimg-656cdc3c19a634069.jpg?resize=150%2C150&ssl=1",150,150,true],"medium":["https:\/\/i0.wp.com\/ismaelcolosi.com.br\/wp-content\/uploads\/2023\/12\/postimg-656cdc3c19a634069.jpg?fit=300%2C157&ssl=1",300,157,true],"medium_large":["https:\/\/i0.wp.com\/ismaelcolosi.com.br\/wp-content\/uploads\/2023\/12\/postimg-656cdc3c19a634069.jpg?fit=768%2C402&ssl=1",768,402,true],"large":["https:\/\/i0.wp.com\/ismaelcolosi.com.br\/wp-content\/uploads\/2023\/12\/postimg-656cdc3c19a634069.jpg?fit=1024%2C536&ssl=1",1024,536,true],"1536x1536":["https:\/\/i0.wp.com\/ismaelcolosi.com.br\/wp-content\/uploads\/2023\/12\/postimg-656cdc3c19a634069.jpg?fit=1200%2C628&ssl=1",1200,628,true],"2048x2048":["https:\/\/i0.wp.com\/ismaelcolosi.com.br\/wp-content\/uploads\/2023\/12\/postimg-656cdc3c19a634069.jpg?fit=1200%2C628&ssl=1",1200,628,true],"neve-blog":["https:\/\/i0.wp.com\/ismaelcolosi.com.br\/wp-content\/uploads\/2023\/12\/postimg-656cdc3c19a634069.jpg?resize=930%2C620&ssl=1",930,620,true]},"uagb_author_info":{"display_name":"ismaelcolosi.com.br","author_link":"https:\/\/ismaelcolosi.com.br\/author\/vidareal-online\/"},"uagb_comment_info":0,"uagb_excerpt":"[ad_1] A Pol\u00edcia Militar est\u00e1 investigando o tr\u00e1gico desaparecimento e assassinato de Am\u00e9lia Vit\u00f3ria, uma estudante de apenas 14 anos. O suspeito, cujo nome n\u00e3o foi divulgado, enfrenta acusa\u00e7\u00f5es criminais por crimes semelhantes aos quais \u00e9 acusado. Ele \u00e9 r\u00e9u em um processo na Justi\u00e7a relacionado \u00e0 viol\u00eancia contra a sua pr\u00f3pria enteada. Am\u00e9lia Vit\u00f3ria&hellip;&nbsp;","jetpack-related-posts":[{"id":28474,"url":"https:\/\/ismaelcolosi.com.br\/index.php\/2024\/01\/15\/foto-ajuda-policia-a-prender-suspeito-de-matar-engenheiro-em-ribeirao-preto\/","url_meta":{"origin":10082,"position":0},"title":"Foto ajuda pol\u00edcia a prender suspeito de matar engenheiro em Ribeir\u00e3o Preto","author":"ismaelcolosi.com.br","date":"15 de Janeiro de 2024","format":false,"excerpt":"[ad_1] Uma foto tirada pelo engenheiro Paulo Roberto Carvalho Braga Pena Filho, e enviada a um amigo, foi o que ajudou a Pol\u00edcia Civil a encontrar o suspeito de matar o homem, no final de 2023. A imagem foi divulgada nesta segunda-feira (15), ap\u00f3s a pris\u00e3o do acusado, Gabriel Souza\u2026","rel":"","context":"In &quot;Not\u00edcias de Ribeir\u00e3o Preto-SP e Regi\u00e3o&quot;","block_context":{"text":"Not\u00edcias de Ribeir\u00e3o Preto-SP e Regi\u00e3o","link":"https:\/\/ismaelcolosi.com.br\/index.php\/category\/noticias-de-ribeirao-preto-sp-e-regiao-ismael-colosi\/"},"img":{"alt_text":"","src":"https:\/\/i0.wp.com\/ismaelcolosi.com.br\/wp-content\/uploads\/2024\/01\/Copia-de-Copia-de-TAMANHO-EXATO-PARA-FOTOS-NO-SISTEMA-NOVO-12.png?fit=1200%2C675&ssl=1&resize=350%2C200","width":350,"height":200,"srcset":"https:\/\/i0.wp.com\/ismaelcolosi.com.br\/wp-content\/uploads\/2024\/01\/Copia-de-Copia-de-TAMANHO-EXATO-PARA-FOTOS-NO-SISTEMA-NOVO-12.png?fit=1200%2C675&ssl=1&resize=350%2C200 1x, https:\/\/i0.wp.com\/ismaelcolosi.com.br\/wp-content\/uploads\/2024\/01\/Copia-de-Copia-de-TAMANHO-EXATO-PARA-FOTOS-NO-SISTEMA-NOVO-12.png?fit=1200%2C675&ssl=1&resize=525%2C300 1.5x, https:\/\/i0.wp.com\/ismaelcolosi.com.br\/wp-content\/uploads\/2024\/01\/Copia-de-Copia-de-TAMANHO-EXATO-PARA-FOTOS-NO-SISTEMA-NOVO-12.png?fit=1200%2C675&ssl=1&resize=700%2C400 2x, https:\/\/i0.wp.com\/ismaelcolosi.com.br\/wp-content\/uploads\/2024\/01\/Copia-de-Copia-de-TAMANHO-EXATO-PARA-FOTOS-NO-SISTEMA-NOVO-12.png?fit=1200%2C675&ssl=1&resize=1050%2C600 3x"},"classes":[]},{"id":28300,"url":"https:\/\/ismaelcolosi.com.br\/index.php\/2024\/01\/15\/policia-prende-acusado-de-ter-matado-engenheiro-em-ribeirao-preto\/","url_meta":{"origin":10082,"position":1},"title":"Pol\u00edcia prende acusado de ter matado engenheiro em Ribeir\u00e3o Preto","author":"ismaelcolosi.com.br","date":"15 de Janeiro de 2024","format":false,"excerpt":"[ad_1] A Pol\u00edcia Civil prendeu o acusado de ter matado o engenheiro Paulo Roberto Carvalho Braga Pena Filho, no final de 2023. A v\u00edtima foi encontrada morta em um im\u00f3vel na Vila Am\u00e9lia, na zona Oeste de Ribeir\u00e3o Preto, no dia 30 de dezembro. De acordo com o delegado Targino\u2026","rel":"","context":"In &quot;Not\u00edcias de Ribeir\u00e3o Preto-SP e Regi\u00e3o&quot;","block_context":{"text":"Not\u00edcias de Ribeir\u00e3o Preto-SP e Regi\u00e3o","link":"https:\/\/ismaelcolosi.com.br\/index.php\/category\/noticias-de-ribeirao-preto-sp-e-regiao-ismael-colosi\/"},"img":{"alt_text":"","src":"https:\/\/i0.wp.com\/ismaelcolosi.com.br\/wp-content\/uploads\/2024\/01\/1705339234_PAULO-ROBERTO.jpg?fit=1200%2C747&ssl=1&resize=350%2C200","width":350,"height":200,"srcset":"https:\/\/i0.wp.com\/ismaelcolosi.com.br\/wp-content\/uploads\/2024\/01\/1705339234_PAULO-ROBERTO.jpg?fit=1200%2C747&ssl=1&resize=350%2C200 1x, https:\/\/i0.wp.com\/ismaelcolosi.com.br\/wp-content\/uploads\/2024\/01\/1705339234_PAULO-ROBERTO.jpg?fit=1200%2C747&ssl=1&resize=525%2C300 1.5x, https:\/\/i0.wp.com\/ismaelcolosi.com.br\/wp-content\/uploads\/2024\/01\/1705339234_PAULO-ROBERTO.jpg?fit=1200%2C747&ssl=1&resize=700%2C400 2x, https:\/\/i0.wp.com\/ismaelcolosi.com.br\/wp-content\/uploads\/2024\/01\/1705339234_PAULO-ROBERTO.jpg?fit=1200%2C747&ssl=1&resize=1050%2C600 3x"},"classes":[]},{"id":29868,"url":"https:\/\/ismaelcolosi.com.br\/index.php\/2024\/01\/19\/tres-irmaos-perderam-a-vida-vitimas-do-suposto-golpe-do-amor-detalhes-sao-expostos-pela-policia\/","url_meta":{"origin":10082,"position":2},"title":"Tr\u00eas irm\u00e3os perderam a vida v\u00edtimas do suposto \u2018golpe do amor\u2019, detalhes s\u00e3o expostos pela pol\u00edcia","author":"ismaelcolosi.com.br","date":"19 de Janeiro de 2024","format":false,"excerpt":"[ad_1] Este caso ganhou uma enorme repercuss\u00e3o ap\u00f3s se tornar destaque em diversos portais de not\u00edcias. Um caso relacionado ao conhecido \u201cgolpe do amor\u201d, fez com que tr\u00eas irm\u00e3os perdessem a vida, tal ocorr\u00eancia permanece envolta em mist\u00e9rios, contudo, as autoridades locais esclareceram algumas vertentes sobre o crime.Nesta quinta-feira (18),\u2026","rel":"","context":"In &quot;Blog&quot;","block_context":{"text":"Blog","link":"https:\/\/ismaelcolosi.com.br\/index.php\/category\/blog\/"},"img":{"alt_text":"","src":"https:\/\/i0.wp.com\/ismaelcolosi.com.br\/wp-content\/uploads\/2024\/01\/postimg-65aa836b948ea6102.jpg?fit=1200%2C628&ssl=1&resize=350%2C200","width":350,"height":200,"srcset":"https:\/\/i0.wp.com\/ismaelcolosi.com.br\/wp-content\/uploads\/2024\/01\/postimg-65aa836b948ea6102.jpg?fit=1200%2C628&ssl=1&resize=350%2C200 1x, https:\/\/i0.wp.com\/ismaelcolosi.com.br\/wp-content\/uploads\/2024\/01\/postimg-65aa836b948ea6102.jpg?fit=1200%2C628&ssl=1&resize=525%2C300 1.5x, https:\/\/i0.wp.com\/ismaelcolosi.com.br\/wp-content\/uploads\/2024\/01\/postimg-65aa836b948ea6102.jpg?fit=1200%2C628&ssl=1&resize=700%2C400 2x, https:\/\/i0.wp.com\/ismaelcolosi.com.br\/wp-content\/uploads\/2024\/01\/postimg-65aa836b948ea6102.jpg?fit=1200%2C628&ssl=1&resize=1050%2C600 3x"},"classes":[]},{"id":23378,"url":"https:\/\/ismaelcolosi.com.br\/index.php\/2024\/01\/02\/executivo-dos-eua-e-encontrado-morto-em-rp\/","url_meta":{"origin":10082,"position":3},"title":"Executivo dos EUA \u00e9 encontrado morto em RP","author":"ismaelcolosi.com.br","date":"2 de Janeiro de 2024","format":false,"excerpt":"[ad_1] Homem veio passar o final de ano com a fam\u00edlia e estava desaparecido desde a quinta-feira (28); caso \u00e9 investigado como latroc\u00ednio 2 de janeiro de 2024 | 7:211 de janeiro de 2024 | 20:22 1Por: Adalberto LuqueO corpo de um homem de 34 anos foi encontrado, na noite\u2026","rel":"","context":"In &quot;Not\u00edcias de Ribeir\u00e3o Preto-SP e Regi\u00e3o&quot;","block_context":{"text":"Not\u00edcias de Ribeir\u00e3o Preto-SP e Regi\u00e3o","link":"https:\/\/ismaelcolosi.com.br\/index.php\/category\/noticias-de-ribeirao-preto-sp-e-regiao-ismael-colosi\/"},"img":{"alt_text":"","src":"https:\/\/i0.wp.com\/ismaelcolosi.com.br\/wp-content\/uploads\/2024\/01\/00-02-jan-2024-executivo-morto-01-foto-redes-sociais.jpg?fit=598%2C598&ssl=1&resize=350%2C200","width":350,"height":200,"srcset":"https:\/\/i0.wp.com\/ismaelcolosi.com.br\/wp-content\/uploads\/2024\/01\/00-02-jan-2024-executivo-morto-01-foto-redes-sociais.jpg?fit=598%2C598&ssl=1&resize=350%2C200 1x, https:\/\/i0.wp.com\/ismaelcolosi.com.br\/wp-content\/uploads\/2024\/01\/00-02-jan-2024-executivo-morto-01-foto-redes-sociais.jpg?fit=598%2C598&ssl=1&resize=525%2C300 1.5x"},"classes":[]},{"id":23196,"url":"https:\/\/ismaelcolosi.com.br\/index.php\/2024\/01\/01\/o-que-se-sabe-sobre-homem-que-veio-dos-eua-visitar-a-familia-e-foi-encontrado-morto-no-interior-de-sp\/","url_meta":{"origin":10082,"position":4},"title":"O que se sabe sobre homem que veio dos EUA visitar a fam\u00edlia e foi encontrado morto no interior de SP","author":"ismaelcolosi.com.br","date":"1 de Janeiro de 2024","format":false,"excerpt":"[ad_1] A Pol\u00edcia Civil de Ribeir\u00e3o investiga a morte de Paulo Roberto Carvalho Braga Pena Filho, de 34 anos. O brasileiro que veio dos Estados Unidos passar as festas de final de ano com a fam\u00edlia em Ribeir\u00e3o Preto, interior de S\u00e3o Paulo, foi encontrado morto na noite do \u00faltimo\u2026","rel":"","context":"In &quot;Not\u00edcias de Ribeir\u00e3o Preto-SP e Regi\u00e3o&quot;","block_context":{"text":"Not\u00edcias de Ribeir\u00e3o Preto-SP e Regi\u00e3o","link":"https:\/\/ismaelcolosi.com.br\/index.php\/category\/noticias-de-ribeirao-preto-sp-e-regiao-ismael-colosi\/"},"img":{"alt_text":"","src":"https:\/\/i0.wp.com\/ismaelcolosi.com.br\/wp-content\/uploads\/2024\/01\/Copia-de-Copia-de-TAMANHO-EXATO-PARA-FOTOS-NO-SISTEMA-NOVO-28.png?fit=1200%2C675&ssl=1&resize=350%2C200","width":350,"height":200,"srcset":"https:\/\/i0.wp.com\/ismaelcolosi.com.br\/wp-content\/uploads\/2024\/01\/Copia-de-Copia-de-TAMANHO-EXATO-PARA-FOTOS-NO-SISTEMA-NOVO-28.png?fit=1200%2C675&ssl=1&resize=350%2C200 1x, https:\/\/i0.wp.com\/ismaelcolosi.com.br\/wp-content\/uploads\/2024\/01\/Copia-de-Copia-de-TAMANHO-EXATO-PARA-FOTOS-NO-SISTEMA-NOVO-28.png?fit=1200%2C675&ssl=1&resize=525%2C300 1.5x, https:\/\/i0.wp.com\/ismaelcolosi.com.br\/wp-content\/uploads\/2024\/01\/Copia-de-Copia-de-TAMANHO-EXATO-PARA-FOTOS-NO-SISTEMA-NOVO-28.png?fit=1200%2C675&ssl=1&resize=700%2C400 2x, https:\/\/i0.wp.com\/ismaelcolosi.com.br\/wp-content\/uploads\/2024\/01\/Copia-de-Copia-de-TAMANHO-EXATO-PARA-FOTOS-NO-SISTEMA-NOVO-28.png?fit=1200%2C675&ssl=1&resize=1050%2C600 3x"},"classes":[]},{"id":29974,"url":"https:\/\/ismaelcolosi.com.br\/index.php\/2024\/01\/19\/chuva-cancela-voo-que-trazia-suspeito-de-matar-engenheiro-para-ribeirao-preto\/","url_meta":{"origin":10082,"position":5},"title":"Chuva cancela voo que trazia suspeito de matar engenheiro para Ribeir\u00e3o Preto","author":"ismaelcolosi.com.br","date":"19 de Janeiro de 2024","format":false,"excerpt":"[ad_1] O voo que trazia para Ribeir\u00e3o Preto o suspeito de matar o engenheiro Paulo Roberto Carvalho Braga Pena Filho foi cancelado por conta das condi\u00e7\u00f5es clim\u00e1ticas ruins na tarde desta sexta-feira (19). A previs\u00e3o era de que o avi\u00e3o pousasse em Ribeir\u00e3o Preto nesta sexta, ap\u00f3s ter decolado do\u2026","rel":"","context":"In &quot;Not\u00edcias de Ribeir\u00e3o Preto-SP e Regi\u00e3o&quot;","block_context":{"text":"Not\u00edcias de Ribeir\u00e3o Preto-SP e Regi\u00e3o","link":"https:\/\/ismaelcolosi.com.br\/index.php\/category\/noticias-de-ribeirao-preto-sp-e-regiao-ismael-colosi\/"},"img":{"alt_text":"","src":"https:\/\/i0.wp.com\/ismaelcolosi.com.br\/wp-content\/uploads\/2024\/01\/Copia-de-Copia-de-TAMANHO-EXATO-PARA-FOTOS-NO-SISTEMA-NOVO-2.jpg?fit=1200%2C675&ssl=1&resize=350%2C200","width":350,"height":200,"srcset":"https:\/\/i0.wp.com\/ismaelcolosi.com.br\/wp-content\/uploads\/2024\/01\/Copia-de-Copia-de-TAMANHO-EXATO-PARA-FOTOS-NO-SISTEMA-NOVO-2.jpg?fit=1200%2C675&ssl=1&resize=350%2C200 1x, https:\/\/i0.wp.com\/ismaelcolosi.com.br\/wp-content\/uploads\/2024\/01\/Copia-de-Copia-de-TAMANHO-EXATO-PARA-FOTOS-NO-SISTEMA-NOVO-2.jpg?fit=1200%2C675&ssl=1&resize=525%2C300 1.5x, https:\/\/i0.wp.com\/ismaelcolosi.com.br\/wp-content\/uploads\/2024\/01\/Copia-de-Copia-de-TAMANHO-EXATO-PARA-FOTOS-NO-SISTEMA-NOVO-2.jpg?fit=1200%2C675&ssl=1&resize=700%2C400 2x, https:\/\/i0.wp.com\/ismaelcolosi.com.br\/wp-content\/uploads\/2024\/01\/Copia-de-Copia-de-TAMANHO-EXATO-PARA-FOTOS-NO-SISTEMA-NOVO-2.jpg?fit=1200%2C675&ssl=1&resize=1050%2C600 3x"},"classes":[]}],"jetpack_sharing_enabled":true,"jetpack_shortlink":"https:\/\/wp.me\/pfMlyK-2CC","jetpack_featured_media_url":"https:\/\/i0.wp.com\/ismaelcolosi.com.br\/wp-content\/uploads\/2023\/12\/postimg-656cdc3c19a634069.jpg?fit=1200%2C628&ssl=1","_links":{"self":[{"href":"https:\/\/ismaelcolosi.com.br\/index.php\/wp-json\/wp\/v2\/posts\/10082","targetHints":{"allow":["GET"]}}],"collection":[{"href":"https:\/\/ismaelcolosi.com.br\/index.php\/wp-json\/wp\/v2\/posts"}],"about":[{"href":"https:\/\/ismaelcolosi.com.br\/index.php\/wp-json\/wp\/v2\/types\/post"}],"author":[{"embeddable":true,"href":"https:\/\/ismaelcolosi.com.br\/index.php\/wp-json\/wp\/v2\/users\/1"}],"replies":[{"embeddable":true,"href":"https:\/\/ismaelcolosi.com.br\/index.php\/wp-json\/wp\/v2\/comments?post=10082"}],"version-history":[{"count":0,"href":"https:\/\/ismaelcolosi.com.br\/index.php\/wp-json\/wp\/v2\/posts\/10082\/revisions"}],"wp:featuredmedia":[{"embeddable":true,"href":"https:\/\/ismaelcolosi.com.br\/index.php\/wp-json\/wp\/v2\/media\/10083"}],"wp:attachment":[{"href":"https:\/\/ismaelcolosi.com.br\/index.php\/wp-json\/wp\/v2\/media?parent=10082"}],"wp:term":[{"taxonomy":"category","embeddable":true,"href":"https:\/\/ismaelcolosi.com.br\/index.php\/wp-json\/wp\/v2\/categories?post=10082"},{"taxonomy":"post_tag","embeddable":true,"href":"https:\/\/ismaelcolosi.com.br\/index.php\/wp-json\/wp\/v2\/tags?post=10082"}],"curies":[{"name":"wp","href":"https:\/\/api.w.org\/{rel}","templated":true}]}}