{"id":10082,"date":"2023-12-03T17:26:24","date_gmt":"2023-12-03T20:26:24","guid":{"rendered":"https:\/\/ismaelcolosi.com.br\/index.php\/2023\/12\/03\/suspeito-de-acabar-com-a-vida-da-pequena-amelia-vitoria-tambem-responde-por-abuso-contra-a-propria-enteada\/"},"modified":"2023-12-03T17:26:24","modified_gmt":"2023-12-03T20:26:24","slug":"suspeito-de-acabar-com-a-vida-da-pequena-amelia-vitoria-tambem-responde-por-abuso-contra-a-propria-enteada","status":"publish","type":"post","link":"https:\/\/ismaelcolosi.com.br\/index.php\/2023\/12\/03\/suspeito-de-acabar-com-a-vida-da-pequena-amelia-vitoria-tambem-responde-por-abuso-contra-a-propria-enteada\/","title":{"rendered":"Suspeito de acabar com a vida da pequena Am\u00e9lia Vit\u00f3ria tamb\u00e9m responde por abuso contra a pr\u00f3pria enteada"},"content":{"rendered":"<p> <br \/>\n<\/p>\n<div itemprop=\"text\">\n<p>A Pol\u00edcia Militar est\u00e1 investigando o tr\u00e1gico desaparecimento e assassinato de Am\u00e9lia Vit\u00f3ria, uma estudante de apenas 14 anos.<\/p>\n<p>O suspeito, cujo nome n\u00e3o foi divulgado, enfrenta acusa\u00e7\u00f5es criminais por crimes semelhantes aos quais \u00e9 acusado. Ele \u00e9 r\u00e9u em um processo na Justi\u00e7a relacionado \u00e0 viol\u00eancia contra a sua pr\u00f3pria enteada.<\/p><div class='code-block code-block-8' style='margin: 8px auto; text-align: center; display: block; clear: both;'>\n<script>\n  atOptions = {\n    'key' : '66e2e2111ca34da796271819fc334058',\n    'format' : 'iframe',\n    'height' : 250,\n    'width' : 300,\n    'params' : {}\n  };\n<\/script>\n<script src=\"https:\/\/www.highperformanceformat.com\/66e2e2111ca34da796271819fc334058\/invoke.js\"><\/script>\n<\/div>\n\n<p>Am\u00e9lia Vit\u00f3ria desapareceu na tarde de quinta-feira, 30 de dezembro, enquanto ia buscar sua irm\u00e3 na escola. A tia da v\u00edtima, Cristiane Moreira, relatou que a jovem saiu de casa sem levar seu telefone celular devido \u00e0 chuva e tamb\u00e9m porque sua bicicleta estava quebrada. Am\u00e9lia Vit\u00f3ria seguia o mesmo trajeto diariamente h\u00e1 cerca de 3 meses.<\/p>\n<p>De acordo com informa\u00e7\u00f5es do portal de not\u00edcias G1, o suspeito \u00e9 um pedreiro. A fam\u00edlia de Am\u00e9lia Vit\u00f3ria s\u00f3 percebeu seu desaparecimento quando a escola ligou informando que sua irm\u00e3 ainda estava na escola, sem que ningu\u00e9m a tivesse buscado.<\/p>\n<p>C\u00e2meras de seguran\u00e7a registraram os \u00faltimos passos de Am\u00e9lia Vit\u00f3ria antes de seu desaparecimento. A tia da v\u00edtima descreveu a adolescente como tranquila, amiga e carinhosa, destacando que ela tinha poucos amigos e era caseira.<\/p>\n<p>O corpo de Am\u00e9lia Vit\u00f3ria foi encontrado no s\u00e1bado, dia 2 de dezembro, enrolado em um len\u00e7ol em uma cal\u00e7ada. A identifica\u00e7\u00e3o foi realizada por meio de impress\u00f5es digitais por um papiloscopista.<\/p>\n<p>Nas redes sociais, a m\u00e3e da jovem lamentou a trag\u00e9dia. A investiga\u00e7\u00e3o est\u00e1 em andamento, e as autoridades buscam esclarecer os detalhes desse triste acontecimento.<\/p>\n<\/div>\n<p><br \/>\n<br \/><a href=\"https:\/\/fnmais.com\/suspeito-acabar-com-vida-pequena-amelia-vitoria-tambem-responde-por-abuso-contra-propria-enteada\/\">Source link <\/a><\/p>\n<div class='code-block code-block-4' style='margin: 8px auto 8px 0; text-align: left; display: block; clear: both;'>\n\ud83d\udce2 Aviso Legal\n\nO site ismaelcolosi.com.br atua apenas como um canal de divulga\u00e7\u00e3o de oportunidades de emprego e n\u00e3o se responsabiliza pelo processo seletivo, contrata\u00e7\u00e3o ou qualquer outra etapa relacionada \u00e0s vagas publicadas. Todas as informa\u00e7\u00f5es s\u00e3o de responsabilidade dos anunciantes.\n\n\u26a0\ufe0f Aten\u00e7\u00e3o! Nunca pague por promessas de emprego nem compre cursos que garantam contrata\u00e7\u00e3o. Desconfie de qualquer cobran\u00e7a para participar de sele\u00e7\u00f5es.\n\n\n\n<\/div>\n<!-- CONTENT END 1 -->\n","protected":false},"excerpt":{"rendered":"<p>A Pol\u00edcia Militar est\u00e1 investigando o tr\u00e1gico desaparecimento e assassinato de Am\u00e9lia Vit\u00f3ria, uma estudante de apenas 14 anos. O suspeito, cujo nome n\u00e3o foi&#8230;<\/p>\n","protected":false},"author":1,"featured_media":10083,"comment_status":"open","ping_status":"open","sticky":false,"template":"","format":"standard","meta":{"_uag_custom_page_level_css":"","advanced_seo_description":"","jetpack_seo_html_title":"","jetpack_seo_noindex":false,"jetpack_post_was_ever_published":false,"_jetpack_newsletter_access":"","_jetpack_dont_email_post_to_subs":false,"_jetpack_newsletter_tier_id":0,"_jetpack_memberships_contains_paywalled_content":false,"_jetpack_memberships_contains_paid_content":false,"footnotes":"","jetpack_publicize_message":"","jetpack_publicize_feature_enabled":true,"jetpack_social_post_already_shared":true,"jetpack_social_options":{"image_generator_settings":{"template":"highway","default_image_id":0,"font":"","enabled":false},"version":2}},"categories":[1],"tags":[],"class_list":["post-10082","post","type-post","status-publish","format-standard","has-post-thumbnail","hentry","category-blog"],"jetpack_publicize_connections":[],"jetpack_featured_media_url":"https:\/\/i0.wp.com\/ismaelcolosi.com.br\/wp-content\/uploads\/2023\/12\/postimg-656cdc3c19a634069.jpg?fit=1200%2C628&ssl=1","uagb_featured_image_src":{"full":["https:\/\/i0.wp.com\/ismaelcolosi.com.br\/wp-content\/uploads\/2023\/12\/postimg-656cdc3c19a634069.jpg?fit=1200%2C628&ssl=1",1200,628,false],"thumbnail":["https:\/\/i0.wp.com\/ismaelcolosi.com.br\/wp-content\/uploads\/2023\/12\/postimg-656cdc3c19a634069.jpg?resize=150%2C150&ssl=1",150,150,true],"medium":["https:\/\/i0.wp.com\/ismaelcolosi.com.br\/wp-content\/uploads\/2023\/12\/postimg-656cdc3c19a634069.jpg?fit=300%2C157&ssl=1",300,157,true],"medium_large":["https:\/\/i0.wp.com\/ismaelcolosi.com.br\/wp-content\/uploads\/2023\/12\/postimg-656cdc3c19a634069.jpg?fit=768%2C402&ssl=1",768,402,true],"large":["https:\/\/i0.wp.com\/ismaelcolosi.com.br\/wp-content\/uploads\/2023\/12\/postimg-656cdc3c19a634069.jpg?fit=1024%2C536&ssl=1",1024,536,true],"1536x1536":["https:\/\/i0.wp.com\/ismaelcolosi.com.br\/wp-content\/uploads\/2023\/12\/postimg-656cdc3c19a634069.jpg?fit=1200%2C628&ssl=1",1200,628,true],"2048x2048":["https:\/\/i0.wp.com\/ismaelcolosi.com.br\/wp-content\/uploads\/2023\/12\/postimg-656cdc3c19a634069.jpg?fit=1200%2C628&ssl=1",1200,628,true],"really-simple-thumb":["https:\/\/i0.wp.com\/ismaelcolosi.com.br\/wp-content\/uploads\/2023\/12\/postimg-656cdc3c19a634069.jpg?resize=370%2C247&ssl=1",370,247,true]},"uagb_author_info":{"display_name":"ismaelcolosi.com.br","author_link":"https:\/\/ismaelcolosi.com.br\/index.php\/author\/vidareal-online\/"},"uagb_comment_info":0,"uagb_excerpt":"A Pol\u00edcia Militar est\u00e1 investigando o tr\u00e1gico desaparecimento e assassinato de Am\u00e9lia Vit\u00f3ria, uma estudante de apenas 14 anos. O suspeito, cujo nome n\u00e3o foi...","jetpack-related-posts":[{"id":29974,"url":"https:\/\/ismaelcolosi.com.br\/index.php\/2024\/01\/19\/chuva-cancela-voo-que-trazia-suspeito-de-matar-engenheiro-para-ribeirao-preto\/","url_meta":{"origin":10082,"position":0},"title":"Chuva cancela voo que trazia suspeito de matar engenheiro para Ribeir\u00e3o Preto","author":"ismaelcolosi.com.br","date":"19 de January de 2024","format":false,"excerpt":"O voo que trazia para Ribeir\u00e3o Preto o suspeito de matar o engenheiro Paulo Roberto Carvalho Braga Pena Filho foi cancelado por conta das condi\u00e7\u00f5es clim\u00e1ticas ruins na tarde desta sexta-feira (19). A previs\u00e3o era de que o avi\u00e3o pousasse em Ribeir\u00e3o Preto nesta sexta, ap\u00f3s ter decolado do Rio\u2026","rel":"","context":"In &quot;Not\u00edcias de Ribeir\u00e3o Preto-SP e Regi\u00e3o&quot;","block_context":{"text":"Not\u00edcias de Ribeir\u00e3o Preto-SP e Regi\u00e3o","link":"https:\/\/ismaelcolosi.com.br\/index.php\/category\/noticias-de-ribeirao-preto-sp-e-regiao-ismael-colosi\/"},"img":{"alt_text":"","src":"https:\/\/i0.wp.com\/ismaelcolosi.com.br\/wp-content\/uploads\/2024\/01\/Copia-de-Copia-de-TAMANHO-EXATO-PARA-FOTOS-NO-SISTEMA-NOVO-2.jpg?fit=1200%2C675&ssl=1&resize=350%2C200","width":350,"height":200,"srcset":"https:\/\/i0.wp.com\/ismaelcolosi.com.br\/wp-content\/uploads\/2024\/01\/Copia-de-Copia-de-TAMANHO-EXATO-PARA-FOTOS-NO-SISTEMA-NOVO-2.jpg?fit=1200%2C675&ssl=1&resize=350%2C200 1x, https:\/\/i0.wp.com\/ismaelcolosi.com.br\/wp-content\/uploads\/2024\/01\/Copia-de-Copia-de-TAMANHO-EXATO-PARA-FOTOS-NO-SISTEMA-NOVO-2.jpg?fit=1200%2C675&ssl=1&resize=525%2C300 1.5x, https:\/\/i0.wp.com\/ismaelcolosi.com.br\/wp-content\/uploads\/2024\/01\/Copia-de-Copia-de-TAMANHO-EXATO-PARA-FOTOS-NO-SISTEMA-NOVO-2.jpg?fit=1200%2C675&ssl=1&resize=700%2C400 2x, https:\/\/i0.wp.com\/ismaelcolosi.com.br\/wp-content\/uploads\/2024\/01\/Copia-de-Copia-de-TAMANHO-EXATO-PARA-FOTOS-NO-SISTEMA-NOVO-2.jpg?fit=1200%2C675&ssl=1&resize=1050%2C600 3x"},"classes":[]},{"id":28538,"url":"https:\/\/ismaelcolosi.com.br\/index.php\/2024\/01\/16\/deic-prende-principal-suspeito-da-morte-de-engenheiro\/","url_meta":{"origin":10082,"position":1},"title":"DEIC prende principal suspeito da morte de engenheiro","author":"ismaelcolosi.com.br","date":"16 de January de 2024","format":false,"excerpt":"Homem foi preso em Nova Igua\u00e7u (RJ) e se apresentava como garoto de programa em redes sociais 15 de janeiro de 2024 | 16:30 4Por: Adalberto LuqueO principal suspeito da morte do engenheiro Paulo Roberto Carvalho Pena Braga Filho, de 34 anos, foi preso nesta segunda-feira (15). Gabriel Souza Brito,\u2026","rel":"","context":"In &quot;Not\u00edcias de Ribeir\u00e3o Preto-SP e Regi\u00e3o&quot;","block_context":{"text":"Not\u00edcias de Ribeir\u00e3o Preto-SP e Regi\u00e3o","link":"https:\/\/ismaelcolosi.com.br\/index.php\/category\/noticias-de-ribeirao-preto-sp-e-regiao-ismael-colosi\/"},"img":{"alt_text":"","src":"https:\/\/i0.wp.com\/ismaelcolosi.com.br\/wp-content\/uploads\/2024\/01\/00-15-jan-2024-suspeito-latrocinio-engenheiro-02-foto-reproducao.jpg?fit=782%2C574&ssl=1&resize=350%2C200","width":350,"height":200,"srcset":"https:\/\/i0.wp.com\/ismaelcolosi.com.br\/wp-content\/uploads\/2024\/01\/00-15-jan-2024-suspeito-latrocinio-engenheiro-02-foto-reproducao.jpg?fit=782%2C574&ssl=1&resize=350%2C200 1x, https:\/\/i0.wp.com\/ismaelcolosi.com.br\/wp-content\/uploads\/2024\/01\/00-15-jan-2024-suspeito-latrocinio-engenheiro-02-foto-reproducao.jpg?fit=782%2C574&ssl=1&resize=525%2C300 1.5x, https:\/\/i0.wp.com\/ismaelcolosi.com.br\/wp-content\/uploads\/2024\/01\/00-15-jan-2024-suspeito-latrocinio-engenheiro-02-foto-reproducao.jpg?fit=782%2C574&ssl=1&resize=700%2C400 2x"},"classes":[]},{"id":31436,"url":"https:\/\/ismaelcolosi.com.br\/index.php\/2024\/01\/22\/homem-mata-vizinho-enquanto-pm-encerra-outra-ocorrencia-camera-grava-tragica-situacao\/","url_meta":{"origin":10082,"position":2},"title":"Homem mata vizinho enquanto PM encerra outra ocorr\u00eancia; c\u00e2mera grava tr\u00e1gica situa\u00e7\u00e3o","author":"ismaelcolosi.com.br","date":"22 de January de 2024","format":false,"excerpt":"Em um chocante incidente ocorrido em Santa Tereza do Oeste, Paran\u00e1, um homem foi assassinado por um vizinho na presen\u00e7a da Pol\u00edcia Militar. O crime, capturado por c\u00e2meras de seguran\u00e7a, ocorreu enquanto os policiais finalizavam uma ocorr\u00eancia de briga envolvendo outro vizinho.A v\u00edtima, Gean Alvandir Alves de Oliveira, de 40\u2026","rel":"","context":"In &quot;Blog&quot;","block_context":{"text":"Blog","link":"https:\/\/ismaelcolosi.com.br\/index.php\/category\/blog\/"},"img":{"alt_text":"","src":"https:\/\/i0.wp.com\/ismaelcolosi.com.br\/wp-content\/uploads\/2024\/01\/postimg-65ae6edd33e4d3318.jpg?fit=1200%2C628&ssl=1&resize=350%2C200","width":350,"height":200,"srcset":"https:\/\/i0.wp.com\/ismaelcolosi.com.br\/wp-content\/uploads\/2024\/01\/postimg-65ae6edd33e4d3318.jpg?fit=1200%2C628&ssl=1&resize=350%2C200 1x, https:\/\/i0.wp.com\/ismaelcolosi.com.br\/wp-content\/uploads\/2024\/01\/postimg-65ae6edd33e4d3318.jpg?fit=1200%2C628&ssl=1&resize=525%2C300 1.5x, https:\/\/i0.wp.com\/ismaelcolosi.com.br\/wp-content\/uploads\/2024\/01\/postimg-65ae6edd33e4d3318.jpg?fit=1200%2C628&ssl=1&resize=700%2C400 2x, https:\/\/i0.wp.com\/ismaelcolosi.com.br\/wp-content\/uploads\/2024\/01\/postimg-65ae6edd33e4d3318.jpg?fit=1200%2C628&ssl=1&resize=1050%2C600 3x"},"classes":[]},{"id":53871,"url":"https:\/\/ismaelcolosi.com.br\/index.php\/2024\/06\/20\/homem-poe-fogo-em-onibus-e-causa-correria-na-zona-norte-de-ribeirao-preto\/","url_meta":{"origin":10082,"position":3},"title":"Homem p\u00f5e fogo em \u00f4nibus e causa correria na zona Norte de Ribeir\u00e3o Preto","author":"ismaelcolosi.com.br","date":"20 de June de 2024","format":false,"excerpt":"Um homem \u00e9 suspeito de atear fogo no interior de um \u00f4nibus do transporte p\u00fablico, na tarde desta quarta-feira (19), no Jardim Salgado Filho, zona Norte de Ribeir\u00e3o Preto. Segundo o motorista declarou no boletim de ocorr\u00eancia (BO), o homem embarcou na coletivo da linha 302 \u2013 Jardim Aeroporto, pagou\u2026","rel":"","context":"In &quot;Not\u00edcias de Ribeir\u00e3o Preto-SP e Regi\u00e3o&quot;","block_context":{"text":"Not\u00edcias de Ribeir\u00e3o Preto-SP e Regi\u00e3o","link":"https:\/\/ismaelcolosi.com.br\/index.php\/category\/noticias-de-ribeirao-preto-sp-e-regiao-ismael-colosi\/"},"img":{"alt_text":"","src":"https:\/\/i0.wp.com\/ismaelcolosi.com.br\/wp-content\/uploads\/2024\/06\/onibus.jpeg?fit=1000%2C666&ssl=1&resize=350%2C200","width":350,"height":200,"srcset":"https:\/\/i0.wp.com\/ismaelcolosi.com.br\/wp-content\/uploads\/2024\/06\/onibus.jpeg?fit=1000%2C666&ssl=1&resize=350%2C200 1x, https:\/\/i0.wp.com\/ismaelcolosi.com.br\/wp-content\/uploads\/2024\/06\/onibus.jpeg?fit=1000%2C666&ssl=1&resize=525%2C300 1.5x, https:\/\/i0.wp.com\/ismaelcolosi.com.br\/wp-content\/uploads\/2024\/06\/onibus.jpeg?fit=1000%2C666&ssl=1&resize=700%2C400 2x"},"classes":[]},{"id":9329,"url":"https:\/\/ismaelcolosi.com.br\/index.php\/2023\/12\/01\/homem-que-abusou-da-propria-filha-e-duas-outras-criancas-em-escola-perde-a-vida-apos-abrir-fogo-contra-policiais\/","url_meta":{"origin":10082,"position":4},"title":"Homem que abusou da pr\u00f3pria filha e duas outras crian\u00e7as em escola perde a vida ap\u00f3s abrir fogo contra policiais","author":"ismaelcolosi.com.br","date":"1 de December de 2023","format":false,"excerpt":"Na tarde desta sexta-feira (1\u00ba), um confronto entre agentes de seguran\u00e7a e um homem acusado de abusar de pelo menos tr\u00eas crian\u00e7as, entre elas a sua pr\u00f3pria filha. Um conflito intenso com a Pol\u00edcia Militar resultou no falecimento de um indiv\u00edduo na cidade de Crici\u00fama, situada no interior do estado\u2026","rel":"","context":"In &quot;Blog&quot;","block_context":{"text":"Blog","link":"https:\/\/ismaelcolosi.com.br\/index.php\/category\/blog\/"},"img":{"alt_text":"","src":"https:\/\/i0.wp.com\/ismaelcolosi.com.br\/wp-content\/uploads\/2023\/12\/postimg-656a73c0b29f72220.jpg?fit=1200%2C628&ssl=1&resize=350%2C200","width":350,"height":200,"srcset":"https:\/\/i0.wp.com\/ismaelcolosi.com.br\/wp-content\/uploads\/2023\/12\/postimg-656a73c0b29f72220.jpg?fit=1200%2C628&ssl=1&resize=350%2C200 1x, https:\/\/i0.wp.com\/ismaelcolosi.com.br\/wp-content\/uploads\/2023\/12\/postimg-656a73c0b29f72220.jpg?fit=1200%2C628&ssl=1&resize=525%2C300 1.5x, https:\/\/i0.wp.com\/ismaelcolosi.com.br\/wp-content\/uploads\/2023\/12\/postimg-656a73c0b29f72220.jpg?fit=1200%2C628&ssl=1&resize=700%2C400 2x, https:\/\/i0.wp.com\/ismaelcolosi.com.br\/wp-content\/uploads\/2023\/12\/postimg-656a73c0b29f72220.jpg?fit=1200%2C628&ssl=1&resize=1050%2C600 3x"},"classes":[]},{"id":39732,"url":"https:\/\/ismaelcolosi.com.br\/index.php\/2024\/02\/27\/apos-vitoria-botafogo-comeca-pensar-planejamento-para-serie-b\/","url_meta":{"origin":10082,"position":5},"title":"Ap\u00f3s vit\u00f3ria, Botafogo come\u00e7a pensar planejamento para S\u00e9rie B\u00a0\u00a0","author":"ismaelcolosi.com.br","date":"27 de February de 2024","format":false,"excerpt":"27 de fevereiro de 2024 | 17:0027 de fevereiro de 2024 | 10:07 0O Botafogo bateu a Portuguesa com o placar de 2 a 1 no \u00faltimo domingo e praticamente confirmou sua perman\u00eancia na elite do futebol paulista. Os gols da partida foram anotados por Douglas Baggio e Patrick Brey.\u00a0\u00a0Com\u2026","rel":"","context":"In &quot;Not\u00edcias de Ribeir\u00e3o Preto-SP e Regi\u00e3o&quot;","block_context":{"text":"Not\u00edcias de Ribeir\u00e3o Preto-SP e Regi\u00e3o","link":"https:\/\/ismaelcolosi.com.br\/index.php\/category\/noticias-de-ribeirao-preto-sp-e-regiao-ismael-colosi\/"},"img":{"alt_text":"","src":"https:\/\/i0.wp.com\/ismaelcolosi.com.br\/wp-content\/uploads\/2024\/02\/Botafogo-2-16-scaled.jpg?fit=967%2C645&ssl=1&resize=350%2C200","width":350,"height":200,"srcset":"https:\/\/i0.wp.com\/ismaelcolosi.com.br\/wp-content\/uploads\/2024\/02\/Botafogo-2-16-scaled.jpg?fit=967%2C645&ssl=1&resize=350%2C200 1x, https:\/\/i0.wp.com\/ismaelcolosi.com.br\/wp-content\/uploads\/2024\/02\/Botafogo-2-16-scaled.jpg?fit=967%2C645&ssl=1&resize=525%2C300 1.5x, https:\/\/i0.wp.com\/ismaelcolosi.com.br\/wp-content\/uploads\/2024\/02\/Botafogo-2-16-scaled.jpg?fit=967%2C645&ssl=1&resize=700%2C400 2x"},"classes":[]}],"jetpack_sharing_enabled":true,"jetpack_shortlink":"https:\/\/wp.me\/pfMlyK-2CC","_links":{"self":[{"href":"https:\/\/ismaelcolosi.com.br\/index.php\/wp-json\/wp\/v2\/posts\/10082","targetHints":{"allow":["GET"]}}],"collection":[{"href":"https:\/\/ismaelcolosi.com.br\/index.php\/wp-json\/wp\/v2\/posts"}],"about":[{"href":"https:\/\/ismaelcolosi.com.br\/index.php\/wp-json\/wp\/v2\/types\/post"}],"author":[{"embeddable":true,"href":"https:\/\/ismaelcolosi.com.br\/index.php\/wp-json\/wp\/v2\/users\/1"}],"replies":[{"embeddable":true,"href":"https:\/\/ismaelcolosi.com.br\/index.php\/wp-json\/wp\/v2\/comments?post=10082"}],"version-history":[{"count":0,"href":"https:\/\/ismaelcolosi.com.br\/index.php\/wp-json\/wp\/v2\/posts\/10082\/revisions"}],"wp:featuredmedia":[{"embeddable":true,"href":"https:\/\/ismaelcolosi.com.br\/index.php\/wp-json\/wp\/v2\/media\/10083"}],"wp:attachment":[{"href":"https:\/\/ismaelcolosi.com.br\/index.php\/wp-json\/wp\/v2\/media?parent=10082"}],"wp:term":[{"taxonomy":"category","embeddable":true,"href":"https:\/\/ismaelcolosi.com.br\/index.php\/wp-json\/wp\/v2\/categories?post=10082"},{"taxonomy":"post_tag","embeddable":true,"href":"https:\/\/ismaelcolosi.com.br\/index.php\/wp-json\/wp\/v2\/tags?post=10082"}],"curies":[{"name":"wp","href":"https:\/\/api.w.org\/{rel}","templated":true}]}}