{"id":10076,"date":"2023-12-03T17:03:06","date_gmt":"2023-12-03T20:03:06","guid":{"rendered":"https:\/\/ismaelcolosi.com.br\/index.php\/2023\/12\/03\/convidado-falece-sem-conseguir-respirar-ao-se-engasgar-com-pedaco-de-carne-do-buffet\/"},"modified":"2023-12-03T17:03:06","modified_gmt":"2023-12-03T20:03:06","slug":"convidado-falece-sem-conseguir-respirar-ao-se-engasgar-com-pedaco-de-carne-do-buffet","status":"publish","type":"post","link":"https:\/\/ismaelcolosi.com.br\/index.php\/2023\/12\/03\/convidado-falece-sem-conseguir-respirar-ao-se-engasgar-com-pedaco-de-carne-do-buffet\/","title":{"rendered":"convidado falece sem conseguir respirar ao se engasgar com peda\u00e7o de carne do buffet"},"content":{"rendered":"<p> [ad_1]<br \/>\n<\/p>\n<div itemprop=\"text\">\n<p>Na noite do \u00faltimo s\u00e1bado, dia 2 de dezembro, o pecuarista Ricardo Lago Zaher, de 30 anos de idade, faleceu em um tr\u00e1gico incidente durante uma festa de casamento na cidade de Campo Grande, capital do Mato Grosso do Sul, na regi\u00e3o Centro-oeste do Brasil.<\/p>\n<p>De acordo com as informa\u00e7\u00f5es, Ricardo se engasgou com um peda\u00e7o de carne enquanto participava da celebra\u00e7\u00e3o, mais precisamente um jantar concedido aos convidados.<\/p>\n<p>Conforme relatado no boletim de ocorr\u00eancia da Pol\u00edcia Militar, os convidados da festa acionaram o Corpo de Bombeiros ao perceberem que Ricardo estava passando mal. As liga\u00e7\u00f5es de emerg\u00eancia indicavam uma pessoa em grave estado de sa\u00fade no interior da festa.<\/p>\n<p>Os bombeiros chegaram rapidamente ao local e empreenderam esfor\u00e7os intensos para reanimar o pecuarista, utilizando manobras de reanima\u00e7\u00e3o por mais de uma hora. Apesar dos esfor\u00e7os persistentes, Ricardo n\u00e3o resistiu e veio a \u00f3bito.<\/p>\n<p>O corpo foi inicialmente levado \u00e0 unidade de pronto atendimento (UPA) da Coronel Antonino para os procedimentos iniciais. Posteriormente, foi encaminhado ao Instituto de Medicina e Odontologia Legal para an\u00e1lises periciais. A Pol\u00edcia Militar informou que n\u00e3o foram encontrados sinais de viol\u00eancia no corpo da v\u00edtima.<\/p>\n<p>A Pol\u00edcia Civil est\u00e1 agora \u00e0 frente das investiga\u00e7\u00f5es para esclarecer as circunst\u00e2ncias da morte. Atualmente, o caso \u00e9 tratado como \u201cmorte a esclarecer\u201d.<\/p>\n<p>A fatalidade causou um grande choque nos convidados. At\u00e9 o momento, n\u00e3o h\u00e1 informa\u00e7\u00f5es sobre o vel\u00f3rio e o consecutivo sepultamento do corpo do pecuarista.<\/p>\n<\/div>\n<p>[ad_2]<br \/>\n<br \/><a href=\"https:\/\/fnmais.com\/casamento-fatal-convidado-falece-sem-conseguir-respirar-ao-se-engasgar-com-pedaco-carne-buffet\/\" target=\"_blank\" rel=\"noopener\">Source link <\/a><\/p>\n<div class='code-block code-block-4' style='margin: 8px auto 8px 0; text-align: left; display: block; clear: both;'>\n\ud83d\udce2 Aviso Legal\n\nO site ismaelcolosi.com.br atua apenas como um canal de divulga\u00e7\u00e3o de oportunidades de emprego e n\u00e3o se responsabiliza pelo processo seletivo, contrata\u00e7\u00e3o ou qualquer outra etapa relacionada \u00e0s vagas publicadas. Todas as informa\u00e7\u00f5es s\u00e3o de responsabilidade dos anunciantes.\n\n\u26a0\ufe0f Aten\u00e7\u00e3o! Nunca pague por promessas de emprego nem compre cursos que garantam contrata\u00e7\u00e3o. Desconfie de qualquer cobran\u00e7a para participar de sele\u00e7\u00f5es.\n\n\n\n<\/div>\n<!-- CONTENT END 1 -->\n","protected":false},"excerpt":{"rendered":"<p>[ad_1] Na noite do \u00faltimo s\u00e1bado, dia 2 de dezembro, o pecuarista Ricardo Lago Zaher, de 30 anos de idade, faleceu em um tr\u00e1gico incidente durante uma festa de casamento na cidade de Campo Grande, capital do Mato Grosso do Sul, na regi\u00e3o Centro-oeste do Brasil. De acordo com as informa\u00e7\u00f5es, Ricardo se engasgou com&hellip;&nbsp;<\/p>\n","protected":false},"author":1,"featured_media":10077,"comment_status":"open","ping_status":"open","sticky":false,"template":"","format":"standard","meta":{"_uag_custom_page_level_css":"","neve_meta_sidebar":"","neve_meta_container":"","neve_meta_enable_content_width":"","neve_meta_content_width":0,"neve_meta_title_alignment":"","neve_meta_author_avatar":"","neve_post_elements_order":"","neve_meta_disable_header":"","neve_meta_disable_footer":"","neve_meta_disable_title":"","_jetpack_newsletter_access":"","_jetpack_dont_email_post_to_subs":false,"_jetpack_newsletter_tier_id":0,"_jetpack_memberships_contains_paywalled_content":false,"_jetpack_memberships_contains_paid_content":false,"footnotes":""},"categories":[1],"tags":[],"class_list":["post-10076","post","type-post","status-publish","format-standard","has-post-thumbnail","hentry","category-blog"],"uagb_featured_image_src":{"full":["https:\/\/i0.wp.com\/ismaelcolosi.com.br\/wp-content\/uploads\/2023\/12\/postimg-656cdc707c6103687.jpg?fit=1200%2C628&ssl=1",1200,628,false],"thumbnail":["https:\/\/i0.wp.com\/ismaelcolosi.com.br\/wp-content\/uploads\/2023\/12\/postimg-656cdc707c6103687.jpg?resize=150%2C150&ssl=1",150,150,true],"medium":["https:\/\/i0.wp.com\/ismaelcolosi.com.br\/wp-content\/uploads\/2023\/12\/postimg-656cdc707c6103687.jpg?fit=300%2C157&ssl=1",300,157,true],"medium_large":["https:\/\/i0.wp.com\/ismaelcolosi.com.br\/wp-content\/uploads\/2023\/12\/postimg-656cdc707c6103687.jpg?fit=768%2C402&ssl=1",768,402,true],"large":["https:\/\/i0.wp.com\/ismaelcolosi.com.br\/wp-content\/uploads\/2023\/12\/postimg-656cdc707c6103687.jpg?fit=1024%2C536&ssl=1",1024,536,true],"1536x1536":["https:\/\/i0.wp.com\/ismaelcolosi.com.br\/wp-content\/uploads\/2023\/12\/postimg-656cdc707c6103687.jpg?fit=1200%2C628&ssl=1",1200,628,true],"2048x2048":["https:\/\/i0.wp.com\/ismaelcolosi.com.br\/wp-content\/uploads\/2023\/12\/postimg-656cdc707c6103687.jpg?fit=1200%2C628&ssl=1",1200,628,true],"neve-blog":["https:\/\/i0.wp.com\/ismaelcolosi.com.br\/wp-content\/uploads\/2023\/12\/postimg-656cdc707c6103687.jpg?resize=930%2C620&ssl=1",930,620,true]},"uagb_author_info":{"display_name":"ismaelcolosi.com.br","author_link":"https:\/\/ismaelcolosi.com.br\/author\/vidareal-online\/"},"uagb_comment_info":0,"uagb_excerpt":"[ad_1] Na noite do \u00faltimo s\u00e1bado, dia 2 de dezembro, o pecuarista Ricardo Lago Zaher, de 30 anos de idade, faleceu em um tr\u00e1gico incidente durante uma festa de casamento na cidade de Campo Grande, capital do Mato Grosso do Sul, na regi\u00e3o Centro-oeste do Brasil. De acordo com as informa\u00e7\u00f5es, Ricardo se engasgou com&hellip;&nbsp;","jetpack-related-posts":[{"id":63429,"url":"https:\/\/ismaelcolosi.com.br\/index.php\/2024\/09\/02\/homem-morre-em-ribeirao-apos-se-engasgar-com-pedaco-de-carne\/","url_meta":{"origin":10076,"position":0},"title":"Homem morre em Ribeir\u00e3o ap\u00f3s se engasgar com peda\u00e7o de carne","author":"ismaelcolosi.com.br","date":"2 de Setembro de 2024","format":false,"excerpt":"[ad_1] Um homem de 45 anos morreu na \u00faltima sexta-feira (30), em Ribeir\u00e3o Preto, ap\u00f3s se engasgar com um peda\u00e7o de carne. Segundo o boletim de ocorr\u00eancia (BO), a v\u00edtima, indentificada como Jeferson Estevam Ferreira, sofreu o esgasgamento em casa durante o jantar, na noite da \u00faltima ter\u00e7a-feira (27). O\u2026","rel":"","context":"In &quot;Not\u00edcias de Ribeir\u00e3o Preto-SP e Regi\u00e3o&quot;","block_context":{"text":"Not\u00edcias de Ribeir\u00e3o Preto-SP e Regi\u00e3o","link":"https:\/\/ismaelcolosi.com.br\/index.php\/category\/noticias-de-ribeirao-preto-sp-e-regiao-ismael-colosi\/"},"img":{"alt_text":"","src":"https:\/\/i0.wp.com\/ismaelcolosi.com.br\/wp-content\/uploads\/2024\/09\/resgate_socorro_1024x576_02062020084132.jpg?fit=1024%2C575&ssl=1&resize=350%2C200","width":350,"height":200,"srcset":"https:\/\/i0.wp.com\/ismaelcolosi.com.br\/wp-content\/uploads\/2024\/09\/resgate_socorro_1024x576_02062020084132.jpg?fit=1024%2C575&ssl=1&resize=350%2C200 1x, https:\/\/i0.wp.com\/ismaelcolosi.com.br\/wp-content\/uploads\/2024\/09\/resgate_socorro_1024x576_02062020084132.jpg?fit=1024%2C575&ssl=1&resize=525%2C300 1.5x, https:\/\/i0.wp.com\/ismaelcolosi.com.br\/wp-content\/uploads\/2024\/09\/resgate_socorro_1024x576_02062020084132.jpg?fit=1024%2C575&ssl=1&resize=700%2C400 2x"},"classes":[]},{"id":63479,"url":"https:\/\/ismaelcolosi.com.br\/index.php\/2024\/09\/02\/bebe-de-3-meses-morre-com-suspeita-de-engasgo-em-ribeirao-preto\/","url_meta":{"origin":10076,"position":1},"title":"Beb\u00ea de 3 meses morre com suspeita de engasgo em Ribeir\u00e3o Preto","author":"ismaelcolosi.com.br","date":"2 de Setembro de 2024","format":false,"excerpt":"[ad_1] Uma beb\u00ea de 3 meses morreu na manh\u00e3 do \u00faltimo s\u00e1bado (31) com suspeita de engasgamento ap\u00f3s a amamenta\u00e7\u00e3o em casa, no Jardim Orestes Lopes de Camargo, zona Norte de Ribeir\u00e3o Preto. Segundo o boletim de ocorr\u00eancia (BO), a crian\u00e7a foi levada para a UPA Norte j\u00e1 sem a\u2026","rel":"","context":"In &quot;Not\u00edcias de Ribeir\u00e3o Preto-SP e Regi\u00e3o&quot;","block_context":{"text":"Not\u00edcias de Ribeir\u00e3o Preto-SP e Regi\u00e3o","link":"https:\/\/ismaelcolosi.com.br\/index.php\/category\/noticias-de-ribeirao-preto-sp-e-regiao-ismael-colosi\/"},"img":{"alt_text":"","src":"https:\/\/i0.wp.com\/ismaelcolosi.com.br\/wp-content\/uploads\/2024\/09\/UPA-NORTE.jpg?fit=1200%2C799&ssl=1&resize=350%2C200","width":350,"height":200,"srcset":"https:\/\/i0.wp.com\/ismaelcolosi.com.br\/wp-content\/uploads\/2024\/09\/UPA-NORTE.jpg?fit=1200%2C799&ssl=1&resize=350%2C200 1x, https:\/\/i0.wp.com\/ismaelcolosi.com.br\/wp-content\/uploads\/2024\/09\/UPA-NORTE.jpg?fit=1200%2C799&ssl=1&resize=525%2C300 1.5x, https:\/\/i0.wp.com\/ismaelcolosi.com.br\/wp-content\/uploads\/2024\/09\/UPA-NORTE.jpg?fit=1200%2C799&ssl=1&resize=700%2C400 2x, https:\/\/i0.wp.com\/ismaelcolosi.com.br\/wp-content\/uploads\/2024\/09\/UPA-NORTE.jpg?fit=1200%2C799&ssl=1&resize=1050%2C600 3x"},"classes":[]},{"id":40579,"url":"https:\/\/ismaelcolosi.com.br\/index.php\/2024\/03\/04\/crianca-morre-apos-ser-encontrada-desacordada-em-piscina-na-regiao-de-ribeirao\/","url_meta":{"origin":10076,"position":2},"title":"Crian\u00e7a morre ap\u00f3s ser encontrada desacordada em piscina na regi\u00e3o de Ribeir\u00e3o","author":"ismaelcolosi.com.br","date":"4 de Mar\u00e7o de 2024","format":false,"excerpt":"[ad_1] A Pol\u00edcia Civil de Franca, na regi\u00e3o de Ribeir\u00e3o Preto, vai investigar as causas da morte de uma crian\u00e7a de apenas 5 anos que morreu no \u00faltimo domingo (3) ap\u00f3s ter sido encontrada dentro de uma piscina desacordada. O caso aconteceu no bairro S\u00e3o Jos\u00e9 e a pol\u00edcia apura\u2026","rel":"","context":"In &quot;Not\u00edcias de Ribeir\u00e3o Preto-SP e Regi\u00e3o&quot;","block_context":{"text":"Not\u00edcias de Ribeir\u00e3o Preto-SP e Regi\u00e3o","link":"https:\/\/ismaelcolosi.com.br\/index.php\/category\/noticias-de-ribeirao-preto-sp-e-regiao-ismael-colosi\/"},"img":{"alt_text":"","src":"https:\/\/i0.wp.com\/ismaelcolosi.com.br\/wp-content\/uploads\/2024\/03\/WhatsApp-Image-2023-10-16-at-09.34.32-1.jpeg?fit=1080%2C1080&ssl=1&resize=350%2C200","width":350,"height":200,"srcset":"https:\/\/i0.wp.com\/ismaelcolosi.com.br\/wp-content\/uploads\/2024\/03\/WhatsApp-Image-2023-10-16-at-09.34.32-1.jpeg?fit=1080%2C1080&ssl=1&resize=350%2C200 1x, https:\/\/i0.wp.com\/ismaelcolosi.com.br\/wp-content\/uploads\/2024\/03\/WhatsApp-Image-2023-10-16-at-09.34.32-1.jpeg?fit=1080%2C1080&ssl=1&resize=525%2C300 1.5x, https:\/\/i0.wp.com\/ismaelcolosi.com.br\/wp-content\/uploads\/2024\/03\/WhatsApp-Image-2023-10-16-at-09.34.32-1.jpeg?fit=1080%2C1080&ssl=1&resize=700%2C400 2x, https:\/\/i0.wp.com\/ismaelcolosi.com.br\/wp-content\/uploads\/2024\/03\/WhatsApp-Image-2023-10-16-at-09.34.32-1.jpeg?fit=1080%2C1080&ssl=1&resize=1050%2C600 3x"},"classes":[]},{"id":3279,"url":"https:\/\/ismaelcolosi.com.br\/index.php\/2023\/11\/17\/utm_sourcerssutm_mediumrssutm_campaignbebe-morre-apos-se-engasgar-na-cidade-de-araraquara\/","url_meta":{"origin":10076,"position":3},"title":"Beb\u00ea morre ap\u00f3s se engasgar na cidade de Araraquara \u2013 X Tudo Ribeir\u00e3o","author":"ismaelcolosi.com.br","date":"17 de Novembro de 2023","format":false,"excerpt":"[ad_1] Uma beb\u00ea de 7 meses faleceu na tarde desta sexta-feira (17), na cidade de Araraquara, ap\u00f3s engasgar com o leite. A crian\u00e7a estava sendo amamentada quando vomitou, engasgou-se com o pr\u00f3prio v\u00f4mito e foi socorrida por familiares at\u00e9 a UPA central, onde chegou em parada cardiorrespirat\u00f3ria, a equipe realizou\u2026","rel":"","context":"In &quot;Not\u00edcias de Ribeir\u00e3o Preto-SP e Regi\u00e3o&quot;","block_context":{"text":"Not\u00edcias de Ribeir\u00e3o Preto-SP e Regi\u00e3o","link":"https:\/\/ismaelcolosi.com.br\/index.php\/category\/noticias-de-ribeirao-preto-sp-e-regiao-ismael-colosi\/"},"img":{"alt_text":"","src":"https:\/\/i0.wp.com\/ismaelcolosi.com.br\/wp-content\/uploads\/2023\/11\/bebe-Pixabay.jpg?fit=960%2C640&ssl=1&resize=350%2C200","width":350,"height":200,"srcset":"https:\/\/i0.wp.com\/ismaelcolosi.com.br\/wp-content\/uploads\/2023\/11\/bebe-Pixabay.jpg?fit=960%2C640&ssl=1&resize=350%2C200 1x, https:\/\/i0.wp.com\/ismaelcolosi.com.br\/wp-content\/uploads\/2023\/11\/bebe-Pixabay.jpg?fit=960%2C640&ssl=1&resize=525%2C300 1.5x, https:\/\/i0.wp.com\/ismaelcolosi.com.br\/wp-content\/uploads\/2023\/11\/bebe-Pixabay.jpg?fit=960%2C640&ssl=1&resize=700%2C400 2x"},"classes":[]},{"id":39207,"url":"https:\/\/ismaelcolosi.com.br\/index.php\/2024\/02\/23\/ex-piloto-de-formula-1-wilson-fittipaldi-jr-morreu-nesta-sexta-em-sp\/","url_meta":{"origin":10076,"position":4},"title":"Ex-piloto de F\u00f3rmula 1, Wilson Fittipaldi Jr morreu nesta sexta em SP","author":"ismaelcolosi.com.br","date":"23 de Fevereiro de 2024","format":false,"excerpt":"[ad_1] 23 de fevereiro de 2024 | 14:03 0O ex-piloto de F\u00f3rmula 1, Wilson Fittipaldi Jr morreu nesta sexta-feira (23\/2), em S\u00e3o Paulo, aos 80 anos. Ele estava internado desde dezembro, ap\u00f3s sofrer parada card\u00edaca.Wilsinho, como era conhecido, sofreu parada card\u00edaca em decorr\u00eancia de um engasgo com um peda\u00e7o de\u2026","rel":"","context":"In &quot;Not\u00edcias de Ribeir\u00e3o Preto-SP e Regi\u00e3o&quot;","block_context":{"text":"Not\u00edcias de Ribeir\u00e3o Preto-SP e Regi\u00e3o","link":"https:\/\/ismaelcolosi.com.br\/index.php\/category\/noticias-de-ribeirao-preto-sp-e-regiao-ismael-colosi\/"},"img":{"alt_text":"","src":"https:\/\/i0.wp.com\/ismaelcolosi.com.br\/wp-content\/uploads\/2024\/02\/20240104103736_gdabwwgwmaaipfv-1-2-.jpeg?fit=766%2C514&ssl=1&resize=350%2C200","width":350,"height":200,"srcset":"https:\/\/i0.wp.com\/ismaelcolosi.com.br\/wp-content\/uploads\/2024\/02\/20240104103736_gdabwwgwmaaipfv-1-2-.jpeg?fit=766%2C514&ssl=1&resize=350%2C200 1x, https:\/\/i0.wp.com\/ismaelcolosi.com.br\/wp-content\/uploads\/2024\/02\/20240104103736_gdabwwgwmaaipfv-1-2-.jpeg?fit=766%2C514&ssl=1&resize=525%2C300 1.5x, https:\/\/i0.wp.com\/ismaelcolosi.com.br\/wp-content\/uploads\/2024\/02\/20240104103736_gdabwwgwmaaipfv-1-2-.jpeg?fit=766%2C514&ssl=1&resize=700%2C400 2x"},"classes":[]},{"id":63424,"url":"https:\/\/ismaelcolosi.com.br\/index.php\/2024\/09\/02\/saerp-alerta-para-falta-dagua-em-ribeirao-veja-os-locais-afetados\/","url_meta":{"origin":10076,"position":5},"title":"Saerp alerta para falta d&#8217;\u00e1gua em Ribeir\u00e3o; veja os locais afetados","author":"ismaelcolosi.com.br","date":"2 de Setembro de 2024","format":false,"excerpt":"[ad_1] A Saerp (Secretaria de \u00c1gua e Esgoto de Ribeir\u00e3o Preto) informou que alguns bairros de Ribeir\u00e3o Preto podem ficar sem \u00e1gua nesta segunda-feira (02) por conta da substitui\u00e7\u00e3o da bomba do po\u00e7o Jardim Paulista, para aumentar a produ\u00e7\u00e3o de \u00e1gua para popula\u00e7\u00e3o. O abastecimento pode afetar os bairros Jardim\u2026","rel":"","context":"In &quot;Not\u00edcias de Ribeir\u00e3o Preto-SP e Regi\u00e3o&quot;","block_context":{"text":"Not\u00edcias de Ribeir\u00e3o Preto-SP e Regi\u00e3o","link":"https:\/\/ismaelcolosi.com.br\/index.php\/category\/noticias-de-ribeirao-preto-sp-e-regiao-ismael-colosi\/"},"img":{"alt_text":"","src":"https:\/\/i0.wp.com\/ismaelcolosi.com.br\/wp-content\/uploads\/2024\/09\/torneira_falta_1024x576_08122020103237.jpg?fit=1024%2C576&ssl=1&resize=350%2C200","width":350,"height":200,"srcset":"https:\/\/i0.wp.com\/ismaelcolosi.com.br\/wp-content\/uploads\/2024\/09\/torneira_falta_1024x576_08122020103237.jpg?fit=1024%2C576&ssl=1&resize=350%2C200 1x, https:\/\/i0.wp.com\/ismaelcolosi.com.br\/wp-content\/uploads\/2024\/09\/torneira_falta_1024x576_08122020103237.jpg?fit=1024%2C576&ssl=1&resize=525%2C300 1.5x, https:\/\/i0.wp.com\/ismaelcolosi.com.br\/wp-content\/uploads\/2024\/09\/torneira_falta_1024x576_08122020103237.jpg?fit=1024%2C576&ssl=1&resize=700%2C400 2x"},"classes":[]}],"jetpack_sharing_enabled":true,"jetpack_shortlink":"https:\/\/wp.me\/pfMlyK-2Cw","jetpack_featured_media_url":"https:\/\/i0.wp.com\/ismaelcolosi.com.br\/wp-content\/uploads\/2023\/12\/postimg-656cdc707c6103687.jpg?fit=1200%2C628&ssl=1","_links":{"self":[{"href":"https:\/\/ismaelcolosi.com.br\/index.php\/wp-json\/wp\/v2\/posts\/10076","targetHints":{"allow":["GET"]}}],"collection":[{"href":"https:\/\/ismaelcolosi.com.br\/index.php\/wp-json\/wp\/v2\/posts"}],"about":[{"href":"https:\/\/ismaelcolosi.com.br\/index.php\/wp-json\/wp\/v2\/types\/post"}],"author":[{"embeddable":true,"href":"https:\/\/ismaelcolosi.com.br\/index.php\/wp-json\/wp\/v2\/users\/1"}],"replies":[{"embeddable":true,"href":"https:\/\/ismaelcolosi.com.br\/index.php\/wp-json\/wp\/v2\/comments?post=10076"}],"version-history":[{"count":0,"href":"https:\/\/ismaelcolosi.com.br\/index.php\/wp-json\/wp\/v2\/posts\/10076\/revisions"}],"wp:featuredmedia":[{"embeddable":true,"href":"https:\/\/ismaelcolosi.com.br\/index.php\/wp-json\/wp\/v2\/media\/10077"}],"wp:attachment":[{"href":"https:\/\/ismaelcolosi.com.br\/index.php\/wp-json\/wp\/v2\/media?parent=10076"}],"wp:term":[{"taxonomy":"category","embeddable":true,"href":"https:\/\/ismaelcolosi.com.br\/index.php\/wp-json\/wp\/v2\/categories?post=10076"},{"taxonomy":"post_tag","embeddable":true,"href":"https:\/\/ismaelcolosi.com.br\/index.php\/wp-json\/wp\/v2\/tags?post=10076"}],"curies":[{"name":"wp","href":"https:\/\/api.w.org\/{rel}","templated":true}]}}